{"id":2441,"date":"2016-07-21T09:52:00","date_gmt":"2016-07-21T07:52:00","guid":{"rendered":"http:\/\/www.euroresidentes.com\/estilo-de-vida\/moda-estilo\/15-reglas-de-moda-para-romper-ahora_20"},"modified":"2018-09-13T13:59:31","modified_gmt":"2018-09-13T11:59:31","slug":"15-reglas-de-moda-para-romper-ahora_20","status":"publish","type":"post","link":"https:\/\/www.euroresidentes.com\/estilo-de-vida\/moda-estilo\/15-reglas-de-moda-para-romper-ahora_20\/","title":{"rendered":"15 reglas de moda para romper ahora mismo (II parte)"},"content":{"rendered":"<p>En el mundo de la moda hay muchas \u00abreglas\u00bb no escritas de las\u00a0cosas que s\u00ed y que NO debes ponerte jam\u00e1s. Pero los tiempos cambian, las modas pasan y las personas nos vamos adaptando y a la vez\u00a0arriesg\u00e1ndonos.<\/p>\n<p>Vamos a romper unos cuantos mitos sobre moda&#8230;<\/p>\n<h3><b>\u00abNo usar calcetines + sandalias\u00bb<\/b><\/h3>\n<p>En el recuerdo de todos est\u00e1 el t\u00edpico guiri, reci\u00e9n llegado a Benidorm con sus \u00abflip-flop\u00bb de pl\u00e1stico y sus calcetines blancos. Pens\u00e1ndolo bien, quiz\u00e1 esa imagen hoy ser\u00eda descrita como &#8216;cool&#8217;. En serio, combinar sandalias con unos calcetines nunca estuvo tan bien visto jam\u00e1s. <\/p>\n<div class=\"separator\" style=\"clear: both; text-align: center;\"><a style=\"margin-left: 1em; margin-right: 1em;\" href=\"https:\/\/www.euroresidentes.com\/estilo-de-vida\/moda-estilo\/wp-content\/uploads\/sites\/15\/2016\/07\/calcetines-sandalias.jpg\"><img decoding=\"async\" src=\"https:\/\/www.euroresidentes.com\/estilo-de-vida\/moda-estilo\/wp-content\/uploads\/sites\/15\/2016\/07\/calcetines-sandalias.jpg\" border=\"0\" \/><\/a><\/div>\n<h3><b>\u00abLos &#8216;cl\u00e1sicos&#8217; son caros\u00bb<\/b><\/h3>\n<p>A d\u00eda de hoy, esta es una de las m\u00e1s grandes mentiras en el mundo de la moda. Tiendas como Zara o H&amp;M trabajan continuamente por mejorar su calidad y dise\u00f1o, lo que hace que puedas comprar cosas muy buenas, por mucho menos de lo que te costar\u00eda en Celine o Chanel (y bastante parecido).<\/p>\n<h3><b>\u00abLa piel y el cuero sint\u00e9tico es rid\u00edculo\u00bb<\/b><\/h3>\n<p>Muchisimas personas metidas en el mundo de la moda, est\u00e1n absolutamente en contra del maltrato animal, por lo que lo sint\u00e9tico es una muy buena opci\u00f3n. Puedes encontrar materiales que parecen pieles reales y mucho m\u00e1s econ\u00f3mico.<\/p>\n<div class=\"separator\" style=\"clear: both; text-align: center;\"><a style=\"margin-left: 1em; margin-right: 1em;\" href=\"https:\/\/www.euroresidentes.com\/estilo-de-vida\/moda-estilo\/wp-content\/uploads\/sites\/15\/2016\/07\/piel-pelo.jpg\"><img decoding=\"async\" src=\"https:\/\/www.euroresidentes.com\/estilo-de-vida\/moda-estilo\/wp-content\/uploads\/sites\/15\/2016\/07\/piel-pelo.jpg\" border=\"0\" \/><\/a><\/div>\n<h3><b>\u00abLas sudaderas son una prenda informal\u00bb<\/b><\/h3>\n<p>Aunque anta\u00f1o se pensaba esto, marcas como Kenzo o Phillip Lim, la temporada pasada, cambiaron el significado de esta prenda. Combinada con una falda midi o unos pantalones skinny de cuero te dar\u00e1 un toque diferente y chic a tu look.<\/p>\n<div class=\"separator\" style=\"clear: both; text-align: center;\"><a style=\"margin-left: 1em; margin-right: 1em;\" href=\"https:\/\/www.euroresidentes.com\/estilo-de-vida\/moda-estilo\/wp-content\/uploads\/sites\/15\/2016\/07\/sudadera-vestir.jpg\"><img decoding=\"async\" src=\"https:\/\/www.euroresidentes.com\/estilo-de-vida\/moda-estilo\/wp-content\/uploads\/sites\/15\/2016\/07\/sudadera-vestir.jpg\" border=\"0\" \/><\/a><\/div>\n<h3><b>\u00abOlv\u00eddate de los abrigos viejos\u00bb<\/b><\/h3>\n<p>Lo \u00fanico que necesitas es una idea bien clara y una modista. Corta los bajos, cambia los bornes y m\u00e9tele otros tejidos&#8230; conseguir\u00e1s un abrigo renovado y \u00fanico.<\/p>\n<div class=\"separator\" style=\"clear: both; text-align: center;\"><a style=\"margin-left: 1em; margin-right: 1em;\" href=\"https:\/\/www.euroresidentes.com\/estilo-de-vida\/moda-estilo\/wp-content\/uploads\/sites\/15\/2016\/07\/ropa-vintage.jpg\"><img decoding=\"async\" src=\"https:\/\/www.euroresidentes.com\/estilo-de-vida\/moda-estilo\/wp-content\/uploads\/sites\/15\/2016\/07\/ropa-vintage.jpg\" border=\"0\" \/><\/a><\/div>\n<h3><b>\u00ablas piedras falsas est\u00e1n desfasadas\u00bb<\/b><\/h3>\n<p>Los apliques de pedrer\u00eda en tejidos la temporada pasada, s\u00f3lo fue un adelanto de lo que viene, sin dejar de lado los maxi-collares y pendientes, todos ellos de piedras grandes y de mentira. Y es que, \u00bfqu\u00e9 m\u00e1s da? si voy a la moda y no me arruino.<\/p>\n<h3><b>\u00abLas deportivas son s\u00f3lo para el gimnasio\u00bb\u00a0<\/b><\/h3>\n<p>Si algo nos han ense\u00f1ado las bloggers, &#8216;it&#8217; girls, etc, es que con las zapatillas de deporte se puede ir mucho m\u00e1s lejos. Combinadas con faldas elegantes, pantalones de cuero, abrigos largos&#8230;<\/p>\n<div class=\"separator\" style=\"clear: both; text-align: center;\"><a style=\"margin-left: 1em; margin-right: 1em;\" href=\"https:\/\/www.euroresidentes.com\/estilo-de-vida\/moda-estilo\/wp-content\/uploads\/sites\/15\/2016\/07\/deportivas-vestir.jpg\"><img decoding=\"async\" src=\"https:\/\/www.euroresidentes.com\/estilo-de-vida\/moda-estilo\/wp-content\/uploads\/sites\/15\/2016\/07\/deportivas-vestir.jpg\" border=\"0\" \/><\/a><\/div>\n<p>&nbsp;<\/p>\n<h3><b>\u00abEl marr\u00f3n y el negro no se mezcla\u00bb<\/b><\/h3>\n<p>Atr\u00e1s quedo esta idea, despu\u00e9s de ver lo bien que queda un total black look, con un toque marr\u00f3n en los pies o en tu bolso.<\/p>\n<div class=\"separator\" style=\"clear: both; text-align: center;\"><a style=\"margin-left: 1em; margin-right: 1em;\" href=\"https:\/\/www.euroresidentes.com\/estilo-de-vida\/moda-estilo\/wp-content\/uploads\/sites\/15\/2016\/07\/marron-negro.jpg\"><img decoding=\"async\" src=\"https:\/\/www.euroresidentes.com\/estilo-de-vida\/moda-estilo\/wp-content\/uploads\/sites\/15\/2016\/07\/marron-negro.jpg\" border=\"0\" \/><\/a><\/div>\n<h3><b>\u00abCompra siempre el mismo tama\u00f1o de ropa\u00bb<\/b><\/h3>\n<p>Como no existe un tallaje universal, lo \u00fanico que tienes que fijarte a la hora de comprarte algo es que te quede bien independientemente del n\u00famero de talla que sea.<\/p>\n<h3><b>\u00abNo utilizar &#8216;telas Glam&#8217; durante el d\u00eda\u00bb<\/b><\/h3>\n<p>Si quieres obtener un aspecto elegante y despreocupado, ponte una falda de lentejuelas, una camiseta b\u00e1sica blanca o gris y combinalo con unas zapatillas.<\/p>\n<div class=\"separator\" style=\"clear: both; text-align: center;\"><a style=\"margin-left: 1em; margin-right: 1em;\" href=\"https:\/\/www.euroresidentes.com\/estilo-de-vida\/moda-estilo\/wp-content\/uploads\/sites\/15\/2016\/07\/ropa-glam.jpg\"><img decoding=\"async\" src=\"https:\/\/www.euroresidentes.com\/estilo-de-vida\/moda-estilo\/wp-content\/uploads\/sites\/15\/2016\/07\/ropa-glam.jpg\" border=\"0\" \/><\/a><\/div>\n<h3><b>\u00abLas gafas de sol deben ser neutras\u00bb<\/b><\/h3>\n<p>Existen tanta variedad de estas, tantos estilos, tantos modelos&#8230; que quedarse con unas y que adem\u00e1s sean simples y aburridas, es de tontos.<\/p>\n<div class=\"separator\" style=\"clear: both; text-align: center;\"><a style=\"margin-left: 1em; margin-right: 1em;\" href=\"https:\/\/www.euroresidentes.com\/estilo-de-vida\/moda-estilo\/wp-content\/uploads\/sites\/15\/2016\/07\/gafas-de-sol.jpg\"><img decoding=\"async\" src=\"https:\/\/www.euroresidentes.com\/estilo-de-vida\/moda-estilo\/wp-content\/uploads\/sites\/15\/2016\/07\/gafas-de-sol.jpg\" border=\"0\" \/><\/a><\/div>\n<h3><b>\u00abLos &#8216;tonos pastel&#8217; son s\u00f3lo para primavera\u00bb<\/b><\/h3>\n<p>\u00a1Vaya mentira! Si no, \u00bfpor qu\u00e9 hemos ido todo el invierno vestidos con prendas rosa palo y azul beb\u00e9?<\/p>\n<div class=\"separator\" style=\"clear: both; text-align: center;\"><a style=\"margin-left: 1em; margin-right: 1em;\" href=\"https:\/\/www.euroresidentes.com\/estilo-de-vida\/moda-estilo\/wp-content\/uploads\/sites\/15\/2016\/07\/tonos-pastel.jpg\"><img decoding=\"async\" src=\"https:\/\/www.euroresidentes.com\/estilo-de-vida\/moda-estilo\/wp-content\/uploads\/sites\/15\/2016\/07\/tonos-pastel.jpg\" border=\"0\" \/><\/a><\/div>\n<h3><b>\u00abLa ropa que venden para hombres, es exclusiva para ellos\u00bb<\/b><\/h3>\n<p>Solamente os dejar\u00e9 este post para que le ech\u00e9is un vistazo: <a href=\"http:\/\/moda-joven.estudiantes.info\/2014\/05\/duda-existencial-soy-muy-masculina.html\" target=\"_blank\" rel=\"noopener\">Duda existencial: Soy masculina&#8230;<\/a><\/p>\n<h3><b>\u00abEl pintalabios rojo s\u00f3lo es para por la noche\u00bb<\/b><\/h3>\n<p>Si escoges un tono rojo brillante (anaranjado, rosa o ciruela), en definitiva, un tono que resalte tus rasgos y de luz a tu pelo y a tus ojos, actuar\u00e1 como accesorio de tu look, d\u00e1ndole incluso el toque de color a este. S\u00f3lo una cosa, si decides resaltar tus labios, minimiza el resto de maquillaje.<\/p>\n<div class=\"separator\" style=\"clear: both; text-align: center;\"><a style=\"margin-left: 1em; margin-right: 1em;\" href=\"https:\/\/www.euroresidentes.com\/estilo-de-vida\/moda-estilo\/wp-content\/uploads\/sites\/15\/2016\/07\/labios-rojos.jpg\"><img decoding=\"async\" src=\"https:\/\/www.euroresidentes.com\/estilo-de-vida\/moda-estilo\/wp-content\/uploads\/sites\/15\/2016\/07\/labios-rojos.jpg\" border=\"0\" \/><\/a><\/div>\n<h3><b>\u00abUtilizar un s\u00f3lo color fuerte en tu look\u00bb<\/b><\/h3>\n<p>No tengas miedo a mezclar una falda de color vivo con una blusa o unos zapatos atrevidos. Todo vale.<\/p>\n<div class=\"separator\" style=\"clear: both; text-align: center;\">\u00a0<\/div>\n<div class=\"separator\" style=\"clear: both; text-align: left;\">\u00a0<\/div>\n<div class=\"separator\" style=\"clear: both; text-align: left;\"><strong>Lecturas relacionadas:\u00a0<\/strong><\/div>\n<div class=\"separator\" style=\"clear: both; text-align: left;\"><a href=\"https:\/\/www.euroresidentes.com\/estilo-de-vida\/moda-estilo\/15-reglas-de-moda-para-romper-ahora\">15 reglas de moda para romper ahora mismo (I parte)<\/a><\/div>\n","protected":false},"excerpt":{"rendered":"<p>En el mundo de la moda hay muchas \u00abreglas\u00bb no escritas de las\u00a0cosas que s\u00ed y que NO debes ponerte jam\u00e1s. Pero los tiempos cambian, las modas pasan y las personas nos vamos adaptando y a la vez\u00a0arriesg\u00e1ndonos. Vamos a romper unos cuantos mitos sobre moda&#8230; \u00abNo usar calcetines + sandalias\u00bb En el recuerdo de todos est\u00e1 el t\u00edpico guiri, reci\u00e9n llegado a Benidorm con sus \u00abflip-flop\u00bb de pl\u00e1stico y sus calcetines blancos. Pens\u00e1ndolo bien, quiz\u00e1 esa imagen hoy ser\u00eda descrita como &#8216;cool&#8217;. En serio, combinar sandalias con unos calcetines nunca estuvo tan bien visto jam\u00e1s. \u00abLos &#8216;cl\u00e1sicos&#8217; son caros\u00bb <\/p>\n","protected":false},"author":16,"featured_media":2529,"comment_status":"open","ping_status":"open","sticky":false,"template":"","format":"standard","meta":{"footnotes":""},"categories":[1],"tags":[],"class_list":["post-2441","post","type-post","status-publish","format-standard","has-post-thumbnail","hentry","category-general","has_thumb"],"yoast_head":"<!-- This site is optimized with the Yoast SEO plugin v24.1 - https:\/\/yoast.com\/wordpress\/plugins\/seo\/ -->\n<title>15 reglas de moda para romper ahora mismo (II parte) - Moda y estilo<\/title>\n<meta name=\"robots\" content=\"index, follow, max-snippet:-1, max-image-preview:large, max-video-preview:-1\" \/>\n<link rel=\"canonical\" href=\"https:\/\/www.euroresidentes.com\/estilo-de-vida\/moda-estilo\/15-reglas-de-moda-para-romper-ahora_20\/\" \/>\n<meta property=\"og:locale\" content=\"es_ES\" \/>\n<meta property=\"og:type\" content=\"article\" \/>\n<meta property=\"og:title\" content=\"15 reglas de moda para romper ahora mismo (II parte) - Moda y estilo\" \/>\n<meta property=\"og:description\" content=\"En el mundo de la moda hay muchas \u00abreglas\u00bb no escritas de las\u00a0cosas que s\u00ed y que NO debes ponerte jam\u00e1s. Pero los tiempos cambian, las modas pasan y las personas nos vamos adaptando y a la vez\u00a0arriesg\u00e1ndonos. Vamos a romper unos cuantos mitos sobre moda&#8230; \u00abNo usar calcetines + sandalias\u00bb En el recuerdo de todos est\u00e1 el t\u00edpico guiri, reci\u00e9n llegado a Benidorm con sus \u00abflip-flop\u00bb de pl\u00e1stico y sus calcetines blancos. Pens\u00e1ndolo bien, quiz\u00e1 esa imagen hoy ser\u00eda descrita como &#8216;cool&#8217;. En serio, combinar sandalias con unos calcetines nunca estuvo tan bien visto jam\u00e1s. \u00abLos &#8216;cl\u00e1sicos&#8217; son caros\u00bb\" \/>\n<meta property=\"og:url\" content=\"https:\/\/www.euroresidentes.com\/estilo-de-vida\/moda-estilo\/15-reglas-de-moda-para-romper-ahora_20\/\" \/>\n<meta property=\"og:site_name\" content=\"Moda y estilo\" \/>\n<meta property=\"article:publisher\" content=\"https:\/\/www.facebook.com\/euroresidentes\/\" \/>\n<meta property=\"article:published_time\" content=\"2016-07-21T07:52:00+00:00\" \/>\n<meta property=\"article:modified_time\" content=\"2018-09-13T11:59:31+00:00\" \/>\n<meta property=\"og:image\" content=\"https:\/\/www.euroresidentes.com\/estilo-de-vida\/moda-estilo\/wp-content\/uploads\/sites\/15\/2016\/07\/calcetines-sandalias.jpg\" \/>\n\t<meta property=\"og:image:width\" content=\"700\" \/>\n\t<meta property=\"og:image:height\" content=\"525\" \/>\n\t<meta property=\"og:image:type\" content=\"image\/jpeg\" \/>\n<meta name=\"author\" content=\"Carolina L\u00f3pez\" \/>\n<meta name=\"twitter:card\" content=\"summary_large_image\" \/>\n<meta name=\"twitter:label1\" content=\"Written by\" \/>\n\t<meta name=\"twitter:data1\" content=\"Carolina L\u00f3pez\" \/>\n\t<meta name=\"twitter:label2\" content=\"Est. reading time\" \/>\n\t<meta name=\"twitter:data2\" content=\"4 minutos\" \/>\n<script type=\"application\/ld+json\" class=\"yoast-schema-graph\">{\"@context\":\"https:\/\/schema.org\",\"@graph\":[{\"@type\":\"WebPage\",\"@id\":\"https:\/\/www.euroresidentes.com\/estilo-de-vida\/moda-estilo\/15-reglas-de-moda-para-romper-ahora_20\/\",\"url\":\"https:\/\/www.euroresidentes.com\/estilo-de-vida\/moda-estilo\/15-reglas-de-moda-para-romper-ahora_20\/\",\"name\":\"15 reglas de moda para romper ahora mismo (II parte) - Moda y estilo\",\"isPartOf\":{\"@id\":\"https:\/\/www.euroresidentes.com\/estilo-de-vida\/moda-estilo\/#website\"},\"primaryImageOfPage\":{\"@id\":\"https:\/\/www.euroresidentes.com\/estilo-de-vida\/moda-estilo\/15-reglas-de-moda-para-romper-ahora_20\/#primaryimage\"},\"image\":{\"@id\":\"https:\/\/www.euroresidentes.com\/estilo-de-vida\/moda-estilo\/15-reglas-de-moda-para-romper-ahora_20\/#primaryimage\"},\"thumbnailUrl\":\"https:\/\/www.euroresidentes.com\/estilo-de-vida\/moda-estilo\/wp-content\/uploads\/sites\/15\/2016\/07\/calcetines-sandalias.jpg\",\"datePublished\":\"2016-07-21T07:52:00+00:00\",\"dateModified\":\"2018-09-13T11:59:31+00:00\",\"author\":{\"@id\":\"https:\/\/www.euroresidentes.com\/estilo-de-vida\/moda-estilo\/#\/schema\/person\/3ba1d505487bddff8a4458ad5dd3f887\"},\"breadcrumb\":{\"@id\":\"https:\/\/www.euroresidentes.com\/estilo-de-vida\/moda-estilo\/15-reglas-de-moda-para-romper-ahora_20\/#breadcrumb\"},\"inLanguage\":\"es\",\"potentialAction\":[{\"@type\":\"ReadAction\",\"target\":[\"https:\/\/www.euroresidentes.com\/estilo-de-vida\/moda-estilo\/15-reglas-de-moda-para-romper-ahora_20\/\"]}]},{\"@type\":\"ImageObject\",\"inLanguage\":\"es\",\"@id\":\"https:\/\/www.euroresidentes.com\/estilo-de-vida\/moda-estilo\/15-reglas-de-moda-para-romper-ahora_20\/#primaryimage\",\"url\":\"https:\/\/www.euroresidentes.com\/estilo-de-vida\/moda-estilo\/wp-content\/uploads\/sites\/15\/2016\/07\/calcetines-sandalias.jpg\",\"contentUrl\":\"https:\/\/www.euroresidentes.com\/estilo-de-vida\/moda-estilo\/wp-content\/uploads\/sites\/15\/2016\/07\/calcetines-sandalias.jpg\",\"width\":700,\"height\":525},{\"@type\":\"BreadcrumbList\",\"@id\":\"https:\/\/www.euroresidentes.com\/estilo-de-vida\/moda-estilo\/15-reglas-de-moda-para-romper-ahora_20\/#breadcrumb\",\"itemListElement\":[{\"@type\":\"ListItem\",\"position\":1,\"name\":\"Portada\",\"item\":\"https:\/\/www.euroresidentes.com\/estilo-de-vida\/moda-estilo\/\"},{\"@type\":\"ListItem\",\"position\":2,\"name\":\"15 reglas de moda para romper ahora mismo (II parte)\"}]},{\"@type\":\"WebSite\",\"@id\":\"https:\/\/www.euroresidentes.com\/estilo-de-vida\/moda-estilo\/#website\",\"url\":\"https:\/\/www.euroresidentes.com\/estilo-de-vida\/moda-estilo\/\",\"name\":\"Moda y estilo\",\"description\":\"Tendencias de moda y belleza\",\"potentialAction\":[{\"@type\":\"SearchAction\",\"target\":{\"@type\":\"EntryPoint\",\"urlTemplate\":\"https:\/\/www.euroresidentes.com\/estilo-de-vida\/moda-estilo\/?s={search_term_string}\"},\"query-input\":{\"@type\":\"PropertyValueSpecification\",\"valueRequired\":true,\"valueName\":\"search_term_string\"}}],\"inLanguage\":\"es\"},{\"@type\":\"Person\",\"@id\":\"https:\/\/www.euroresidentes.com\/estilo-de-vida\/moda-estilo\/#\/schema\/person\/3ba1d505487bddff8a4458ad5dd3f887\",\"name\":\"Carolina L\u00f3pez\",\"image\":{\"@type\":\"ImageObject\",\"inLanguage\":\"es\",\"@id\":\"https:\/\/www.euroresidentes.com\/estilo-de-vida\/moda-estilo\/#\/schema\/person\/image\/\",\"url\":\"https:\/\/www.euroresidentes.com\/estilo-de-vida\/moda-estilo\/wp-content\/uploads\/sites\/15\/2016\/04\/12079094_10153243158757076_5246940149716144098_n-150x150.jpg\",\"contentUrl\":\"https:\/\/www.euroresidentes.com\/estilo-de-vida\/moda-estilo\/wp-content\/uploads\/sites\/15\/2016\/04\/12079094_10153243158757076_5246940149716144098_n-150x150.jpg\",\"caption\":\"Carolina L\u00f3pez\"},\"description\":\"Carolina L\u00f3pezLicenciada en Publicidad y RRPP\",\"sameAs\":[\"https:\/\/www.euroresidentes.com\/estilo-de-vida\/carolina-lopez.html\"],\"url\":\"https:\/\/www.euroresidentes.com\/estilo-de-vida\/moda-estilo\/author\/carolinalopez\/\"}]}<\/script>\n<!-- \/ Yoast SEO plugin. -->","yoast_head_json":{"title":"15 reglas de moda para romper ahora mismo (II parte) - Moda y estilo","robots":{"index":"index","follow":"follow","max-snippet":"max-snippet:-1","max-image-preview":"max-image-preview:large","max-video-preview":"max-video-preview:-1"},"canonical":"https:\/\/www.euroresidentes.com\/estilo-de-vida\/moda-estilo\/15-reglas-de-moda-para-romper-ahora_20\/","og_locale":"es_ES","og_type":"article","og_title":"15 reglas de moda para romper ahora mismo (II parte) - Moda y estilo","og_description":"En el mundo de la moda hay muchas \u00abreglas\u00bb no escritas de las\u00a0cosas que s\u00ed y que NO debes ponerte jam\u00e1s. Pero los tiempos cambian, las modas pasan y las personas nos vamos adaptando y a la vez\u00a0arriesg\u00e1ndonos. Vamos a romper unos cuantos mitos sobre moda&#8230; \u00abNo usar calcetines + sandalias\u00bb En el recuerdo de todos est\u00e1 el t\u00edpico guiri, reci\u00e9n llegado a Benidorm con sus \u00abflip-flop\u00bb de pl\u00e1stico y sus calcetines blancos. Pens\u00e1ndolo bien, quiz\u00e1 esa imagen hoy ser\u00eda descrita como &#8216;cool&#8217;. En serio, combinar sandalias con unos calcetines nunca estuvo tan bien visto jam\u00e1s. \u00abLos &#8216;cl\u00e1sicos&#8217; son caros\u00bb","og_url":"https:\/\/www.euroresidentes.com\/estilo-de-vida\/moda-estilo\/15-reglas-de-moda-para-romper-ahora_20\/","og_site_name":"Moda y estilo","article_publisher":"https:\/\/www.facebook.com\/euroresidentes\/","article_published_time":"2016-07-21T07:52:00+00:00","article_modified_time":"2018-09-13T11:59:31+00:00","og_image":[{"width":700,"height":525,"url":"https:\/\/www.euroresidentes.com\/estilo-de-vida\/moda-estilo\/wp-content\/uploads\/sites\/15\/2016\/07\/calcetines-sandalias.jpg","type":"image\/jpeg"}],"author":"Carolina L\u00f3pez","twitter_card":"summary_large_image","twitter_misc":{"Written by":"Carolina L\u00f3pez","Est. reading time":"4 minutos"},"schema":{"@context":"https:\/\/schema.org","@graph":[{"@type":"WebPage","@id":"https:\/\/www.euroresidentes.com\/estilo-de-vida\/moda-estilo\/15-reglas-de-moda-para-romper-ahora_20\/","url":"https:\/\/www.euroresidentes.com\/estilo-de-vida\/moda-estilo\/15-reglas-de-moda-para-romper-ahora_20\/","name":"15 reglas de moda para romper ahora mismo (II parte) - Moda y estilo","isPartOf":{"@id":"https:\/\/www.euroresidentes.com\/estilo-de-vida\/moda-estilo\/#website"},"primaryImageOfPage":{"@id":"https:\/\/www.euroresidentes.com\/estilo-de-vida\/moda-estilo\/15-reglas-de-moda-para-romper-ahora_20\/#primaryimage"},"image":{"@id":"https:\/\/www.euroresidentes.com\/estilo-de-vida\/moda-estilo\/15-reglas-de-moda-para-romper-ahora_20\/#primaryimage"},"thumbnailUrl":"https:\/\/www.euroresidentes.com\/estilo-de-vida\/moda-estilo\/wp-content\/uploads\/sites\/15\/2016\/07\/calcetines-sandalias.jpg","datePublished":"2016-07-21T07:52:00+00:00","dateModified":"2018-09-13T11:59:31+00:00","author":{"@id":"https:\/\/www.euroresidentes.com\/estilo-de-vida\/moda-estilo\/#\/schema\/person\/3ba1d505487bddff8a4458ad5dd3f887"},"breadcrumb":{"@id":"https:\/\/www.euroresidentes.com\/estilo-de-vida\/moda-estilo\/15-reglas-de-moda-para-romper-ahora_20\/#breadcrumb"},"inLanguage":"es","potentialAction":[{"@type":"ReadAction","target":["https:\/\/www.euroresidentes.com\/estilo-de-vida\/moda-estilo\/15-reglas-de-moda-para-romper-ahora_20\/"]}]},{"@type":"ImageObject","inLanguage":"es","@id":"https:\/\/www.euroresidentes.com\/estilo-de-vida\/moda-estilo\/15-reglas-de-moda-para-romper-ahora_20\/#primaryimage","url":"https:\/\/www.euroresidentes.com\/estilo-de-vida\/moda-estilo\/wp-content\/uploads\/sites\/15\/2016\/07\/calcetines-sandalias.jpg","contentUrl":"https:\/\/www.euroresidentes.com\/estilo-de-vida\/moda-estilo\/wp-content\/uploads\/sites\/15\/2016\/07\/calcetines-sandalias.jpg","width":700,"height":525},{"@type":"BreadcrumbList","@id":"https:\/\/www.euroresidentes.com\/estilo-de-vida\/moda-estilo\/15-reglas-de-moda-para-romper-ahora_20\/#breadcrumb","itemListElement":[{"@type":"ListItem","position":1,"name":"Portada","item":"https:\/\/www.euroresidentes.com\/estilo-de-vida\/moda-estilo\/"},{"@type":"ListItem","position":2,"name":"15 reglas de moda para romper ahora mismo (II parte)"}]},{"@type":"WebSite","@id":"https:\/\/www.euroresidentes.com\/estilo-de-vida\/moda-estilo\/#website","url":"https:\/\/www.euroresidentes.com\/estilo-de-vida\/moda-estilo\/","name":"Moda y estilo","description":"Tendencias de moda y belleza","potentialAction":[{"@type":"SearchAction","target":{"@type":"EntryPoint","urlTemplate":"https:\/\/www.euroresidentes.com\/estilo-de-vida\/moda-estilo\/?s={search_term_string}"},"query-input":{"@type":"PropertyValueSpecification","valueRequired":true,"valueName":"search_term_string"}}],"inLanguage":"es"},{"@type":"Person","@id":"https:\/\/www.euroresidentes.com\/estilo-de-vida\/moda-estilo\/#\/schema\/person\/3ba1d505487bddff8a4458ad5dd3f887","name":"Carolina L\u00f3pez","image":{"@type":"ImageObject","inLanguage":"es","@id":"https:\/\/www.euroresidentes.com\/estilo-de-vida\/moda-estilo\/#\/schema\/person\/image\/","url":"https:\/\/www.euroresidentes.com\/estilo-de-vida\/moda-estilo\/wp-content\/uploads\/sites\/15\/2016\/04\/12079094_10153243158757076_5246940149716144098_n-150x150.jpg","contentUrl":"https:\/\/www.euroresidentes.com\/estilo-de-vida\/moda-estilo\/wp-content\/uploads\/sites\/15\/2016\/04\/12079094_10153243158757076_5246940149716144098_n-150x150.jpg","caption":"Carolina L\u00f3pez"},"description":"Carolina L\u00f3pezLicenciada en Publicidad y RRPP","sameAs":["https:\/\/www.euroresidentes.com\/estilo-de-vida\/carolina-lopez.html"],"url":"https:\/\/www.euroresidentes.com\/estilo-de-vida\/moda-estilo\/author\/carolinalopez\/"}]}},"_links":{"self":[{"href":"https:\/\/www.euroresidentes.com\/estilo-de-vida\/moda-estilo\/wp-json\/wp\/v2\/posts\/2441","targetHints":{"allow":["GET"]}}],"collection":[{"href":"https:\/\/www.euroresidentes.com\/estilo-de-vida\/moda-estilo\/wp-json\/wp\/v2\/posts"}],"about":[{"href":"https:\/\/www.euroresidentes.com\/estilo-de-vida\/moda-estilo\/wp-json\/wp\/v2\/types\/post"}],"author":[{"embeddable":true,"href":"https:\/\/www.euroresidentes.com\/estilo-de-vida\/moda-estilo\/wp-json\/wp\/v2\/users\/16"}],"replies":[{"embeddable":true,"href":"https:\/\/www.euroresidentes.com\/estilo-de-vida\/moda-estilo\/wp-json\/wp\/v2\/comments?post=2441"}],"version-history":[{"count":3,"href":"https:\/\/www.euroresidentes.com\/estilo-de-vida\/moda-estilo\/wp-json\/wp\/v2\/posts\/2441\/revisions"}],"predecessor-version":[{"id":4042,"href":"https:\/\/www.euroresidentes.com\/estilo-de-vida\/moda-estilo\/wp-json\/wp\/v2\/posts\/2441\/revisions\/4042"}],"wp:featuredmedia":[{"embeddable":true,"href":"https:\/\/www.euroresidentes.com\/estilo-de-vida\/moda-estilo\/wp-json\/wp\/v2\/media\/2529"}],"wp:attachment":[{"href":"https:\/\/www.euroresidentes.com\/estilo-de-vida\/moda-estilo\/wp-json\/wp\/v2\/media?parent=2441"}],"wp:term":[{"taxonomy":"category","embeddable":true,"href":"https:\/\/www.euroresidentes.com\/estilo-de-vida\/moda-estilo\/wp-json\/wp\/v2\/categories?post=2441"},{"taxonomy":"post_tag","embeddable":true,"href":"https:\/\/www.euroresidentes.com\/estilo-de-vida\/moda-estilo\/wp-json\/wp\/v2\/tags?post=2441"}],"curies":[{"name":"wp","href":"https:\/\/api.w.org\/{rel}","templated":true}]}}