{"id":1823,"date":"2014-03-21T12:22:00","date_gmt":"2014-03-21T11:22:00","guid":{"rendered":"http:\/\/www.euroresidentes.com\/estilo-de-vida\/moda-estilo\/como-me-corto-el-pelo-chicos"},"modified":"2016-12-22T10:15:42","modified_gmt":"2016-12-22T09:15:42","slug":"como-me-corto-el-pelo-chicos","status":"publish","type":"post","link":"https:\/\/www.euroresidentes.com\/estilo-de-vida\/moda-estilo\/como-me-corto-el-pelo-chicos\/","title":{"rendered":"C\u00f3mo me corto el pelo (chicos)"},"content":{"rendered":"<div class=\"separator\" style=\"clear: both; text-align: center;\">\n<\/div>\n<div style=\"margin-left: 1em; margin-right: 1em;\">\n<\/div>\n<div style=\"margin-left: 1em; margin-right: 1em; text-align: left;\">\n<div class=\"separator\" style=\"clear: both; text-align: center;\">\n<\/div>\n<div class=\"separator\" style=\"clear: both; text-align: left;\">\n<\/div>\n<\/div>\n<p>Cuando dicen que las chicas nos copiamos unas de otras a la hora de vestir, es porque no os hab\u00e9is fijado en los peinados que llevan los chicos, \u00bfverdad?<\/p>\n<p>En la peluquer\u00eda de mi madre es una constante escuchar a los chicos pidiendo el mismo corte de pelo que futbolistas, cantantes, modelos&#8230; Desde ni\u00f1os de 5 a\u00f1os, hasta se\u00f1ores de 60.<\/p>\n<p>Y es que, a veces, cuando la imaginaci\u00f3n no te ayuda, lo mejor es copiar.<\/p>\n<p>A continuaci\u00f3n har\u00e9 una lista de los famosos peinados-cortes m\u00e1s imitados.<\/p>\n<p>Existen tres tipos de hombre-peinado:<\/p>\n<ul>\n<li><b>los modernos<\/b><\/li>\n<li><b>los cl\u00e1sicos<\/b><\/li>\n<li><b>los no-puedo-hacer-otra-cosa<\/b><\/li>\n<\/ul>\n<ul>\n<li><b>Modernos<\/b><\/li>\n<\/ul>\n<p><b>Sergio Ramos.&nbsp;<\/b><\/p>\n<div>\nPero no con el corte de pelo actual, sino el que llevaba al empezar la temporada.<\/p>\n<div>\nRaya al lado y mucha cantidad de pelo en la parte central, mientras los laterales van rapados.&nbsp;<\/div>\n<div>\nNo suele utilizar gomina.<\/div>\n<div class=\"separator\" style=\"clear: both; text-align: center;\">\n<\/div>\n<div class=\"separator\" style=\"clear: both; text-align: center;\">\n<\/div>\n<p><\/p>\n<table align=\"center\" cellpadding=\"0\" cellspacing=\"0\" class=\"tr-caption-container\" style=\"margin-left: auto; margin-right: auto; text-align: center;\">\n<tbody>\n<tr>\n<td style=\"text-align: center;\"><a href=\"https:\/\/www.euroresidentes.com\/estilo-de-vida\/moda-estilo\/wp-content\/uploads\/sites\/15\/2014\/03\/Sergio_Ramos_Facebook.jpg\" imageanchor=\"1\" style=\"margin-left: auto; margin-right: auto;\"><img decoding=\"async\" border=\"0\" src=\"https:\/\/www.euroresidentes.com\/estilo-de-vida\/moda-estilo\/wp-content\/uploads\/sites\/15\/2014\/03\/Sergio_Ramos_Facebook.jpg\" \/><\/a><\/td>\n<\/tr>\n<tr>\n<td class=\"tr-caption\" style=\"text-align: center;\">SergioRamos Facebook<\/td>\n<\/tr>\n<\/tbody>\n<\/table>\n<div>\n<\/div>\n<p><b>Cristiano&nbsp;Ronaldo,<\/b><br \/>\nY sus rapadas laterales, con el acabado de gomina, que hace moldear como quiere la &nbsp;parte central de su cabeza.<br \/>\nEl aspecto &#8216;macarra&#8217; sigue muy de moda entre los chicos de este pa\u00eds, y parece que todo lo que haga Cristiano va a misa.<\/p>\n<p><\/p>\n<table align=\"center\" cellpadding=\"0\" cellspacing=\"0\" class=\"tr-caption-container\" style=\"margin-left: auto; margin-right: auto; text-align: center;\">\n<tbody>\n<tr>\n<td style=\"text-align: center;\"><a href=\"https:\/\/www.euroresidentes.com\/estilo-de-vida\/moda-estilo\/wp-content\/uploads\/sites\/15\/2014\/03\/CritianoWeb.jpg\" imageanchor=\"1\" style=\"margin-left: auto; margin-right: auto;\"><img decoding=\"async\" border=\"0\" src=\"https:\/\/www.euroresidentes.com\/estilo-de-vida\/moda-estilo\/wp-content\/uploads\/sites\/15\/2014\/03\/CritianoWeb.jpg\" \/><\/a><\/td>\n<\/tr>\n<tr>\n<td class=\"tr-caption\" style=\"text-align: center;\">CristianoRonaldo.com<\/td>\n<\/tr>\n<\/tbody>\n<\/table>\n<p><\/p>\n<div class=\"separator\" style=\"clear: both; text-align: center;\">\n<\/div>\n<div class=\"separator\" style=\"clear: both; text-align: center;\">\n<\/div>\n<div class=\"separator\" style=\"clear: both;\">\n<b>Ricky Martin.<\/b><\/div>\n<div class=\"separator\" style=\"clear: both;\">\nCon su nuevo peinado, que no deja de ser una mezcla entre el pelo de Sergio Ramos y Cristiano Ronaldo juntos.<\/div>\n<div class=\"separator\" style=\"clear: both;\">\n<\/div>\n<div class=\"separator\" style=\"clear: both;\">\n<\/div>\n<div class=\"separator\" style=\"clear: both; text-align: center;\">\n<\/div>\n<table align=\"center\" cellpadding=\"0\" cellspacing=\"0\" class=\"tr-caption-container\" style=\"margin-left: auto; margin-right: auto; text-align: center;\">\n<tbody>\n<tr>\n<td style=\"text-align: center;\"><a href=\"https:\/\/www.euroresidentes.com\/estilo-de-vida\/moda-estilo\/wp-content\/uploads\/sites\/15\/2014\/03\/cuarenta_principales.jpg\" imageanchor=\"1\" style=\"margin-left: auto; margin-right: auto;\"><img decoding=\"async\" border=\"0\" src=\"https:\/\/www.euroresidentes.com\/estilo-de-vida\/moda-estilo\/wp-content\/uploads\/sites\/15\/2014\/03\/cuarenta_principales.jpg\" \/><\/a><\/td>\n<\/tr>\n<tr>\n<td class=\"tr-caption\" style=\"text-align: center;\">los40.com<\/td>\n<\/tr>\n<\/tbody>\n<\/table>\n<div class=\"separator\" style=\"clear: both;\">\n<\/div>\n<div class=\"separator\" style=\"clear: both; text-align: center;\">\n<\/div>\n<p><\/p>\n<div class=\"separator\" style=\"clear: both; text-align: center;\">\n<\/div>\n<p><b>David Beckham.&nbsp;<\/b><br \/>\nEl hombre que nunca pasa de moda, y que es incapaz de dejar a nadie indiferente.<br \/>\nSu peinado actual, extra largo en la parte central y m\u00e1s corto por los lados, no deja de ser una variedad m\u00e1s de los anteriores.<\/p>\n<div class=\"separator\" style=\"clear: both; text-align: center;\">\n<\/div>\n<table align=\"center\" cellpadding=\"0\" cellspacing=\"0\" class=\"tr-caption-container\" style=\"margin-left: auto; margin-right: auto; text-align: center;\">\n<tbody>\n<tr>\n<td style=\"text-align: center;\"><a href=\"https:\/\/www.euroresidentes.com\/estilo-de-vida\/moda-estilo\/wp-content\/uploads\/sites\/15\/2014\/03\/David_Beckham.jpg\" imageanchor=\"1\" style=\"margin-left: auto; margin-right: auto;\"><img decoding=\"async\" border=\"0\" src=\"https:\/\/www.euroresidentes.com\/estilo-de-vida\/moda-estilo\/wp-content\/uploads\/sites\/15\/2014\/03\/David_Beckham.jpg\" \/><\/a><\/td>\n<\/tr>\n<tr>\n<td class=\"tr-caption\" style=\"text-align: center;\">DavidBeckham Facebook<\/td>\n<\/tr>\n<\/tbody>\n<\/table>\n<ul>\n<li><b>Cl\u00e1sicos<\/b><\/li>\n<\/ul>\n<p><\/p>\n<div>\n<b>Xabi Alonso<\/b>,&nbsp;<\/div>\n<div>\nque seguramente sin quererlo, se ha apuntado a la moda &#8216;Hipster&#8217;, en la que no sabes si la barba est\u00e1 ah\u00ed por dejadez o est\u00e9tica.&nbsp;<\/div>\n<div>\nEl corte de pelo es muy simple, raya al lado, y todo con la misma largura. Un se\u00f1or.<\/div>\n<div>\n<table align=\"center\" cellpadding=\"0\" cellspacing=\"0\" class=\"tr-caption-container\" style=\"margin-left: auto; margin-right: auto; text-align: center;\">\n<tbody>\n<tr>\n<td style=\"text-align: center;\"><a href=\"https:\/\/www.euroresidentes.com\/estilo-de-vida\/moda-estilo\/wp-content\/uploads\/sites\/15\/2014\/03\/realmadrid.jpg\" imageanchor=\"1\" style=\"margin-left: auto; margin-right: auto;\"><img decoding=\"async\" border=\"0\" src=\"https:\/\/www.euroresidentes.com\/estilo-de-vida\/moda-estilo\/wp-content\/uploads\/sites\/15\/2014\/03\/realmadrid.jpg\" \/><\/a><\/td>\n<\/tr>\n<tr>\n<td class=\"tr-caption\" style=\"text-align: center;\">realmadrid.com<\/td>\n<\/tr>\n<\/tbody>\n<\/table>\n<div class=\"separator\" style=\"clear: both; text-align: center;\">\n<\/div>\n<p>\n<b>Iker Casillas,&nbsp;<\/b><\/div>\n<div>\nEl futbolista es de los m\u00e1s cl\u00e1sicos en cuanto a peinado, muy del estilo de Xabi.<\/div>\n<div>\nEl corte lo lleva igualado por todas partes, y una barba de tres d\u00edas permanentemente.<\/div>\n<div>\n<p><\/div>\n<div class=\"separator\" style=\"clear: both; text-align: center;\">\n<\/div>\n<table cellpadding=\"0\" cellspacing=\"0\" class=\"tr-caption-container\" style=\"float: right; text-align: center;\">\n<tbody>\n<tr>\n<td style=\"text-align: center;\"><a href=\"https:\/\/www.euroresidentes.com\/estilo-de-vida\/moda-estilo\/wp-content\/uploads\/sites\/15\/2014\/03\/Iker-Casillas.jpg\" imageanchor=\"1\" style=\"margin-left: auto; margin-right: auto;\"><img decoding=\"async\" border=\"0\" src=\"https:\/\/www.euroresidentes.com\/estilo-de-vida\/moda-estilo\/wp-content\/uploads\/sites\/15\/2014\/03\/Iker-Casillas.jpg\" \/><\/a><\/td>\n<\/tr>\n<tr>\n<td class=\"tr-caption\" style=\"text-align: center;\">IkerCasilla Facebook<\/td>\n<\/tr>\n<\/tbody>\n<\/table>\n<div class=\"separator\" style=\"clear: both; text-align: center;\">\n<\/div>\n<div class=\"separator\" style=\"clear: both; text-align: center;\">\n<\/div>\n<div>\n<ul>\n<li><b>No-puedo-hacer-otra-cosa<\/b><\/li>\n<\/ul>\n<div class=\"separator\" style=\"clear: both; text-align: left;\">\nEn este grupo entran todos los hombres, que ante la evidencia de que el pelo empieza a desaparecer, deciden radicalmente raparse la cabeza.<\/div>\n<div class=\"separator\" style=\"clear: both; text-align: left;\">\n<\/div>\n<div class=\"separator\" style=\"clear: both; text-align: left;\">\nEjemplos de esto son,<\/div>\n<div class=\"separator\" style=\"clear: both; text-align: left;\">\n<\/div>\n<div class=\"\" style=\"clear: both; text-align: left;\">\n<b>Vin Diesel<\/b><\/div>\n<div class=\"\" style=\"clear: both; text-align: left;\">\n<b><br \/><\/b><\/div>\n<div class=\"\" style=\"clear: both; text-align: left;\">\n<b><br \/><\/b><\/div>\n<table align=\"center\" cellpadding=\"0\" cellspacing=\"0\" class=\"tr-caption-container\" style=\"margin-left: auto; margin-right: auto; text-align: center;\">\n<tbody>\n<tr>\n<td style=\"text-align: center;\"><a href=\"https:\/\/www.euroresidentes.com\/estilo-de-vida\/moda-estilo\/wp-content\/uploads\/sites\/15\/2014\/03\/vin-diesel.jpg\" imageanchor=\"1\" style=\"margin-left: auto; margin-right: auto;\"><img decoding=\"async\" border=\"0\" src=\"https:\/\/www.euroresidentes.com\/estilo-de-vida\/moda-estilo\/wp-content\/uploads\/sites\/15\/2014\/03\/vin-diesel.jpg\" \/><\/a><\/td>\n<\/tr>\n<tr>\n<td class=\"tr-caption\" style=\"text-align: center;\">VinDiesel Facebook<\/td>\n<\/tr>\n<\/tbody>\n<\/table>\n<div class=\"separator\" style=\"clear: both; text-align: center;\">\n<\/div>\n<div class=\"\" style=\"clear: both; text-align: left;\">\n<b><br \/><\/b><\/div>\n<div class=\"\" style=\"clear: both; text-align: left;\">\n<b><br \/><\/b><\/div>\n<div class=\"\" style=\"clear: both; text-align: left;\">\n<b><br \/><\/b><\/div>\n<div class=\"\" style=\"clear: both; text-align: left;\">\n<b>Zinedine Zidane<\/b><\/div>\n<div class=\"separator\" style=\"clear: both; text-align: left;\">\n<\/div>\n<div class=\"separator\" style=\"clear: both; text-align: center;\">\n<\/div>\n<div class=\"separator\" style=\"clear: both; text-align: left;\">\n<\/div>\n<table align=\"center\" cellpadding=\"0\" cellspacing=\"0\" class=\"tr-caption-container\" style=\"margin-left: auto; margin-right: auto; text-align: center;\">\n<tbody>\n<tr>\n<td style=\"text-align: center;\"><a href=\"https:\/\/www.euroresidentes.com\/estilo-de-vida\/moda-estilo\/wp-content\/uploads\/sites\/15\/2014\/03\/zinedine-wikipedia.jpg\" imageanchor=\"1\" style=\"margin-left: auto; margin-right: auto;\"><img decoding=\"async\" border=\"0\" src=\"https:\/\/www.euroresidentes.com\/estilo-de-vida\/moda-estilo\/wp-content\/uploads\/sites\/15\/2014\/03\/zinedine-wikipedia.jpg\" \/><\/a><\/td>\n<\/tr>\n<tr>\n<td class=\"tr-caption\" style=\"text-align: center;\">Wikipedia.com<\/td>\n<\/tr>\n<\/tbody>\n<\/table>\n<div class=\"separator\" style=\"clear: both; text-align: left;\">\n<\/div>\n<div class=\"separator\" style=\"clear: both; text-align: center;\">\n<\/div>\n<div class=\"separator\" style=\"clear: both; text-align: center;\">\n<\/div>\n<div class=\"separator\" style=\"clear: both; text-align: left;\">\n\u00bfY vosotros, chicos, a qu\u00e9 grupo pertenec\u00e9is?&nbsp;<\/div>\n<p>Post relacionados:<br \/>\n<a href=\"http:\/\/peluqueria-estetica.estudiantes.info\/2014\/08\/11-consejos-para-ser-un-poco-mas-guapo.html\" target=\"_blank\">11 consejos para ser un poco m\u00e1s guapo cada d\u00eda<\/a><br \/>\n<a href=\"http:\/\/peluqueria-estetica.estudiantes.info\/2014\/12\/especial-hombres-4-peinados-diferentes.html\" target=\"_blank\">Especial hombres: 4 peinados diferentes para Nochevieja<\/a><br \/>\n<a href=\"http:\/\/peluqueria-estetica.estudiantes.info\/2014\/12\/el-regalo-mas-vendido-de-esta-navidad.html\" target=\"_blank\">El regalo m\u00e1s vendido de esta Navidad: Bolas navide\u00f1as para tu barba<\/a><\/p>\n<div style=\"text-align: center;\">\n<b>S\u00edguenos en<\/b><\/div>\n<div style=\"text-align: center;\">\n<a href=\"https:\/\/twitter.com\/tuespacio_joven\">Twitter<\/a><\/div>\n<div style=\"text-align: center;\">\n<a href=\"https:\/\/www.facebook.com\/tuespaciojoven?ref=hl\">Facebook<\/a><\/div>\n<\/div>\n<\/div>\n","protected":false},"excerpt":{"rendered":"<p>Cuando dicen que las chicas nos copiamos unas de otras a la hora de vestir, es porque no os hab\u00e9is fijado en los peinados que llevan los chicos, \u00bfverdad? En la peluquer\u00eda de mi madre es una constante escuchar a los chicos pidiendo el mismo corte de pelo que futbolistas, cantantes, modelos&#8230; Desde ni\u00f1os de 5 a\u00f1os, hasta se\u00f1ores de 60. Y es que, a veces, cuando la imaginaci\u00f3n no te ayuda, lo mejor es copiar. A continuaci\u00f3n har\u00e9 una lista de los famosos peinados-cortes m\u00e1s imitados. Existen tres tipos de hombre-peinado: los modernos los cl\u00e1sicos los no-puedo-hacer-otra-cosa Modernos Sergio <\/p>\n","protected":false},"author":16,"featured_media":2400,"comment_status":"open","ping_status":"open","sticky":false,"template":"","format":"standard","meta":{"footnotes":""},"categories":[1],"tags":[4],"class_list":["post-1823","post","type-post","status-publish","format-standard","has-post-thumbnail","hentry","category-general","tag-peinados","has_thumb"],"yoast_head":"<!-- This site is optimized with the Yoast SEO plugin v24.1 - https:\/\/yoast.com\/wordpress\/plugins\/seo\/ -->\n<title>C\u00f3mo me corto el pelo (chicos) - Moda y estilo<\/title>\n<meta name=\"robots\" content=\"index, follow, max-snippet:-1, max-image-preview:large, max-video-preview:-1\" \/>\n<link rel=\"canonical\" href=\"https:\/\/www.euroresidentes.com\/estilo-de-vida\/moda-estilo\/como-me-corto-el-pelo-chicos\/\" \/>\n<meta property=\"og:locale\" content=\"es_ES\" \/>\n<meta property=\"og:type\" content=\"article\" \/>\n<meta property=\"og:title\" content=\"C\u00f3mo me corto el pelo (chicos) - Moda y estilo\" \/>\n<meta property=\"og:description\" content=\"Cuando dicen que las chicas nos copiamos unas de otras a la hora de vestir, es porque no os hab\u00e9is fijado en los peinados que llevan los chicos, \u00bfverdad? En la peluquer\u00eda de mi madre es una constante escuchar a los chicos pidiendo el mismo corte de pelo que futbolistas, cantantes, modelos&#8230; Desde ni\u00f1os de 5 a\u00f1os, hasta se\u00f1ores de 60. Y es que, a veces, cuando la imaginaci\u00f3n no te ayuda, lo mejor es copiar. A continuaci\u00f3n har\u00e9 una lista de los famosos peinados-cortes m\u00e1s imitados. Existen tres tipos de hombre-peinado: los modernos los cl\u00e1sicos los no-puedo-hacer-otra-cosa Modernos Sergio\" \/>\n<meta property=\"og:url\" content=\"https:\/\/www.euroresidentes.com\/estilo-de-vida\/moda-estilo\/como-me-corto-el-pelo-chicos\/\" \/>\n<meta property=\"og:site_name\" content=\"Moda y estilo\" \/>\n<meta property=\"article:publisher\" content=\"https:\/\/www.facebook.com\/euroresidentes\/\" \/>\n<meta property=\"article:published_time\" content=\"2014-03-21T11:22:00+00:00\" \/>\n<meta property=\"article:modified_time\" content=\"2016-12-22T09:15:42+00:00\" \/>\n<meta property=\"og:image\" content=\"https:\/\/www.euroresidentes.com\/estilo-de-vida\/moda-estilo\/wp-content\/uploads\/sites\/15\/2014\/03\/Sergio_Ramos_Facebook.jpg\" \/>\n\t<meta property=\"og:image:width\" content=\"600\" \/>\n\t<meta property=\"og:image:height\" content=\"600\" \/>\n\t<meta property=\"og:image:type\" content=\"image\/jpeg\" \/>\n<meta name=\"author\" content=\"Carolina L\u00f3pez\" \/>\n<meta name=\"twitter:card\" content=\"summary_large_image\" \/>\n<meta name=\"twitter:label1\" content=\"Written by\" \/>\n\t<meta name=\"twitter:data1\" content=\"Carolina L\u00f3pez\" \/>\n\t<meta name=\"twitter:label2\" content=\"Est. reading time\" \/>\n\t<meta name=\"twitter:data2\" content=\"2 minutos\" \/>\n<script type=\"application\/ld+json\" class=\"yoast-schema-graph\">{\"@context\":\"https:\/\/schema.org\",\"@graph\":[{\"@type\":\"WebPage\",\"@id\":\"https:\/\/www.euroresidentes.com\/estilo-de-vida\/moda-estilo\/como-me-corto-el-pelo-chicos\/\",\"url\":\"https:\/\/www.euroresidentes.com\/estilo-de-vida\/moda-estilo\/como-me-corto-el-pelo-chicos\/\",\"name\":\"C\u00f3mo me corto el pelo (chicos) - Moda y estilo\",\"isPartOf\":{\"@id\":\"https:\/\/www.euroresidentes.com\/estilo-de-vida\/moda-estilo\/#website\"},\"primaryImageOfPage\":{\"@id\":\"https:\/\/www.euroresidentes.com\/estilo-de-vida\/moda-estilo\/como-me-corto-el-pelo-chicos\/#primaryimage\"},\"image\":{\"@id\":\"https:\/\/www.euroresidentes.com\/estilo-de-vida\/moda-estilo\/como-me-corto-el-pelo-chicos\/#primaryimage\"},\"thumbnailUrl\":\"https:\/\/www.euroresidentes.com\/estilo-de-vida\/moda-estilo\/wp-content\/uploads\/sites\/15\/2014\/03\/Sergio_Ramos_Facebook.jpg\",\"datePublished\":\"2014-03-21T11:22:00+00:00\",\"dateModified\":\"2016-12-22T09:15:42+00:00\",\"author\":{\"@id\":\"https:\/\/www.euroresidentes.com\/estilo-de-vida\/moda-estilo\/#\/schema\/person\/3ba1d505487bddff8a4458ad5dd3f887\"},\"breadcrumb\":{\"@id\":\"https:\/\/www.euroresidentes.com\/estilo-de-vida\/moda-estilo\/como-me-corto-el-pelo-chicos\/#breadcrumb\"},\"inLanguage\":\"es\",\"potentialAction\":[{\"@type\":\"ReadAction\",\"target\":[\"https:\/\/www.euroresidentes.com\/estilo-de-vida\/moda-estilo\/como-me-corto-el-pelo-chicos\/\"]}]},{\"@type\":\"ImageObject\",\"inLanguage\":\"es\",\"@id\":\"https:\/\/www.euroresidentes.com\/estilo-de-vida\/moda-estilo\/como-me-corto-el-pelo-chicos\/#primaryimage\",\"url\":\"https:\/\/www.euroresidentes.com\/estilo-de-vida\/moda-estilo\/wp-content\/uploads\/sites\/15\/2014\/03\/Sergio_Ramos_Facebook.jpg\",\"contentUrl\":\"https:\/\/www.euroresidentes.com\/estilo-de-vida\/moda-estilo\/wp-content\/uploads\/sites\/15\/2014\/03\/Sergio_Ramos_Facebook.jpg\",\"width\":600,\"height\":600},{\"@type\":\"BreadcrumbList\",\"@id\":\"https:\/\/www.euroresidentes.com\/estilo-de-vida\/moda-estilo\/como-me-corto-el-pelo-chicos\/#breadcrumb\",\"itemListElement\":[{\"@type\":\"ListItem\",\"position\":1,\"name\":\"Portada\",\"item\":\"https:\/\/www.euroresidentes.com\/estilo-de-vida\/moda-estilo\/\"},{\"@type\":\"ListItem\",\"position\":2,\"name\":\"C\u00f3mo me corto el pelo (chicos)\"}]},{\"@type\":\"WebSite\",\"@id\":\"https:\/\/www.euroresidentes.com\/estilo-de-vida\/moda-estilo\/#website\",\"url\":\"https:\/\/www.euroresidentes.com\/estilo-de-vida\/moda-estilo\/\",\"name\":\"Moda y estilo\",\"description\":\"Tendencias de moda y belleza\",\"potentialAction\":[{\"@type\":\"SearchAction\",\"target\":{\"@type\":\"EntryPoint\",\"urlTemplate\":\"https:\/\/www.euroresidentes.com\/estilo-de-vida\/moda-estilo\/?s={search_term_string}\"},\"query-input\":{\"@type\":\"PropertyValueSpecification\",\"valueRequired\":true,\"valueName\":\"search_term_string\"}}],\"inLanguage\":\"es\"},{\"@type\":\"Person\",\"@id\":\"https:\/\/www.euroresidentes.com\/estilo-de-vida\/moda-estilo\/#\/schema\/person\/3ba1d505487bddff8a4458ad5dd3f887\",\"name\":\"Carolina L\u00f3pez\",\"image\":{\"@type\":\"ImageObject\",\"inLanguage\":\"es\",\"@id\":\"https:\/\/www.euroresidentes.com\/estilo-de-vida\/moda-estilo\/#\/schema\/person\/image\/\",\"url\":\"https:\/\/www.euroresidentes.com\/estilo-de-vida\/moda-estilo\/wp-content\/uploads\/sites\/15\/2016\/04\/12079094_10153243158757076_5246940149716144098_n-150x150.jpg\",\"contentUrl\":\"https:\/\/www.euroresidentes.com\/estilo-de-vida\/moda-estilo\/wp-content\/uploads\/sites\/15\/2016\/04\/12079094_10153243158757076_5246940149716144098_n-150x150.jpg\",\"caption\":\"Carolina L\u00f3pez\"},\"description\":\"Carolina L\u00f3pezLicenciada en Publicidad y RRPP\",\"sameAs\":[\"https:\/\/www.euroresidentes.com\/estilo-de-vida\/carolina-lopez.html\"],\"url\":\"https:\/\/www.euroresidentes.com\/estilo-de-vida\/moda-estilo\/author\/carolinalopez\/\"}]}<\/script>\n<!-- \/ Yoast SEO plugin. -->","yoast_head_json":{"title":"C\u00f3mo me corto el pelo (chicos) - Moda y estilo","robots":{"index":"index","follow":"follow","max-snippet":"max-snippet:-1","max-image-preview":"max-image-preview:large","max-video-preview":"max-video-preview:-1"},"canonical":"https:\/\/www.euroresidentes.com\/estilo-de-vida\/moda-estilo\/como-me-corto-el-pelo-chicos\/","og_locale":"es_ES","og_type":"article","og_title":"C\u00f3mo me corto el pelo (chicos) - Moda y estilo","og_description":"Cuando dicen que las chicas nos copiamos unas de otras a la hora de vestir, es porque no os hab\u00e9is fijado en los peinados que llevan los chicos, \u00bfverdad? En la peluquer\u00eda de mi madre es una constante escuchar a los chicos pidiendo el mismo corte de pelo que futbolistas, cantantes, modelos&#8230; Desde ni\u00f1os de 5 a\u00f1os, hasta se\u00f1ores de 60. Y es que, a veces, cuando la imaginaci\u00f3n no te ayuda, lo mejor es copiar. A continuaci\u00f3n har\u00e9 una lista de los famosos peinados-cortes m\u00e1s imitados. Existen tres tipos de hombre-peinado: los modernos los cl\u00e1sicos los no-puedo-hacer-otra-cosa Modernos Sergio","og_url":"https:\/\/www.euroresidentes.com\/estilo-de-vida\/moda-estilo\/como-me-corto-el-pelo-chicos\/","og_site_name":"Moda y estilo","article_publisher":"https:\/\/www.facebook.com\/euroresidentes\/","article_published_time":"2014-03-21T11:22:00+00:00","article_modified_time":"2016-12-22T09:15:42+00:00","og_image":[{"width":600,"height":600,"url":"https:\/\/www.euroresidentes.com\/estilo-de-vida\/moda-estilo\/wp-content\/uploads\/sites\/15\/2014\/03\/Sergio_Ramos_Facebook.jpg","type":"image\/jpeg"}],"author":"Carolina L\u00f3pez","twitter_card":"summary_large_image","twitter_misc":{"Written by":"Carolina L\u00f3pez","Est. reading time":"2 minutos"},"schema":{"@context":"https:\/\/schema.org","@graph":[{"@type":"WebPage","@id":"https:\/\/www.euroresidentes.com\/estilo-de-vida\/moda-estilo\/como-me-corto-el-pelo-chicos\/","url":"https:\/\/www.euroresidentes.com\/estilo-de-vida\/moda-estilo\/como-me-corto-el-pelo-chicos\/","name":"C\u00f3mo me corto el pelo (chicos) - Moda y estilo","isPartOf":{"@id":"https:\/\/www.euroresidentes.com\/estilo-de-vida\/moda-estilo\/#website"},"primaryImageOfPage":{"@id":"https:\/\/www.euroresidentes.com\/estilo-de-vida\/moda-estilo\/como-me-corto-el-pelo-chicos\/#primaryimage"},"image":{"@id":"https:\/\/www.euroresidentes.com\/estilo-de-vida\/moda-estilo\/como-me-corto-el-pelo-chicos\/#primaryimage"},"thumbnailUrl":"https:\/\/www.euroresidentes.com\/estilo-de-vida\/moda-estilo\/wp-content\/uploads\/sites\/15\/2014\/03\/Sergio_Ramos_Facebook.jpg","datePublished":"2014-03-21T11:22:00+00:00","dateModified":"2016-12-22T09:15:42+00:00","author":{"@id":"https:\/\/www.euroresidentes.com\/estilo-de-vida\/moda-estilo\/#\/schema\/person\/3ba1d505487bddff8a4458ad5dd3f887"},"breadcrumb":{"@id":"https:\/\/www.euroresidentes.com\/estilo-de-vida\/moda-estilo\/como-me-corto-el-pelo-chicos\/#breadcrumb"},"inLanguage":"es","potentialAction":[{"@type":"ReadAction","target":["https:\/\/www.euroresidentes.com\/estilo-de-vida\/moda-estilo\/como-me-corto-el-pelo-chicos\/"]}]},{"@type":"ImageObject","inLanguage":"es","@id":"https:\/\/www.euroresidentes.com\/estilo-de-vida\/moda-estilo\/como-me-corto-el-pelo-chicos\/#primaryimage","url":"https:\/\/www.euroresidentes.com\/estilo-de-vida\/moda-estilo\/wp-content\/uploads\/sites\/15\/2014\/03\/Sergio_Ramos_Facebook.jpg","contentUrl":"https:\/\/www.euroresidentes.com\/estilo-de-vida\/moda-estilo\/wp-content\/uploads\/sites\/15\/2014\/03\/Sergio_Ramos_Facebook.jpg","width":600,"height":600},{"@type":"BreadcrumbList","@id":"https:\/\/www.euroresidentes.com\/estilo-de-vida\/moda-estilo\/como-me-corto-el-pelo-chicos\/#breadcrumb","itemListElement":[{"@type":"ListItem","position":1,"name":"Portada","item":"https:\/\/www.euroresidentes.com\/estilo-de-vida\/moda-estilo\/"},{"@type":"ListItem","position":2,"name":"C\u00f3mo me corto el pelo (chicos)"}]},{"@type":"WebSite","@id":"https:\/\/www.euroresidentes.com\/estilo-de-vida\/moda-estilo\/#website","url":"https:\/\/www.euroresidentes.com\/estilo-de-vida\/moda-estilo\/","name":"Moda y estilo","description":"Tendencias de moda y belleza","potentialAction":[{"@type":"SearchAction","target":{"@type":"EntryPoint","urlTemplate":"https:\/\/www.euroresidentes.com\/estilo-de-vida\/moda-estilo\/?s={search_term_string}"},"query-input":{"@type":"PropertyValueSpecification","valueRequired":true,"valueName":"search_term_string"}}],"inLanguage":"es"},{"@type":"Person","@id":"https:\/\/www.euroresidentes.com\/estilo-de-vida\/moda-estilo\/#\/schema\/person\/3ba1d505487bddff8a4458ad5dd3f887","name":"Carolina L\u00f3pez","image":{"@type":"ImageObject","inLanguage":"es","@id":"https:\/\/www.euroresidentes.com\/estilo-de-vida\/moda-estilo\/#\/schema\/person\/image\/","url":"https:\/\/www.euroresidentes.com\/estilo-de-vida\/moda-estilo\/wp-content\/uploads\/sites\/15\/2016\/04\/12079094_10153243158757076_5246940149716144098_n-150x150.jpg","contentUrl":"https:\/\/www.euroresidentes.com\/estilo-de-vida\/moda-estilo\/wp-content\/uploads\/sites\/15\/2016\/04\/12079094_10153243158757076_5246940149716144098_n-150x150.jpg","caption":"Carolina L\u00f3pez"},"description":"Carolina L\u00f3pezLicenciada en Publicidad y RRPP","sameAs":["https:\/\/www.euroresidentes.com\/estilo-de-vida\/carolina-lopez.html"],"url":"https:\/\/www.euroresidentes.com\/estilo-de-vida\/moda-estilo\/author\/carolinalopez\/"}]}},"_links":{"self":[{"href":"https:\/\/www.euroresidentes.com\/estilo-de-vida\/moda-estilo\/wp-json\/wp\/v2\/posts\/1823","targetHints":{"allow":["GET"]}}],"collection":[{"href":"https:\/\/www.euroresidentes.com\/estilo-de-vida\/moda-estilo\/wp-json\/wp\/v2\/posts"}],"about":[{"href":"https:\/\/www.euroresidentes.com\/estilo-de-vida\/moda-estilo\/wp-json\/wp\/v2\/types\/post"}],"author":[{"embeddable":true,"href":"https:\/\/www.euroresidentes.com\/estilo-de-vida\/moda-estilo\/wp-json\/wp\/v2\/users\/16"}],"replies":[{"embeddable":true,"href":"https:\/\/www.euroresidentes.com\/estilo-de-vida\/moda-estilo\/wp-json\/wp\/v2\/comments?post=1823"}],"version-history":[{"count":1,"href":"https:\/\/www.euroresidentes.com\/estilo-de-vida\/moda-estilo\/wp-json\/wp\/v2\/posts\/1823\/revisions"}],"predecessor-version":[{"id":2408,"href":"https:\/\/www.euroresidentes.com\/estilo-de-vida\/moda-estilo\/wp-json\/wp\/v2\/posts\/1823\/revisions\/2408"}],"wp:featuredmedia":[{"embeddable":true,"href":"https:\/\/www.euroresidentes.com\/estilo-de-vida\/moda-estilo\/wp-json\/wp\/v2\/media\/2400"}],"wp:attachment":[{"href":"https:\/\/www.euroresidentes.com\/estilo-de-vida\/moda-estilo\/wp-json\/wp\/v2\/media?parent=1823"}],"wp:term":[{"taxonomy":"category","embeddable":true,"href":"https:\/\/www.euroresidentes.com\/estilo-de-vida\/moda-estilo\/wp-json\/wp\/v2\/categories?post=1823"},{"taxonomy":"post_tag","embeddable":true,"href":"https:\/\/www.euroresidentes.com\/estilo-de-vida\/moda-estilo\/wp-json\/wp\/v2\/tags?post=1823"}],"curies":[{"name":"wp","href":"https:\/\/api.w.org\/{rel}","templated":true}]}}