{"id":1810,"date":"2014-06-09T13:54:00","date_gmt":"2014-06-09T11:54:00","guid":{"rendered":"http:\/\/www.euroresidentes.com\/estilo-de-vida\/moda-estilo\/trucos-basicos-de-belleza-para-tu-dia"},"modified":"2016-12-19T13:14:40","modified_gmt":"2016-12-19T12:14:40","slug":"trucos-basicos-de-belleza-para-tu-dia","status":"publish","type":"post","link":"https:\/\/www.euroresidentes.com\/estilo-de-vida\/moda-estilo\/trucos-basicos-de-belleza-para-tu-dia\/","title":{"rendered":"Trucos b\u00e1sicos de belleza para tu d\u00eda a d\u00eda, del pelo a las u\u00f1as"},"content":{"rendered":"<p>Tanto para ir al instituto, como para la uni, como para ir al trabajo, siempre deber\u00edamos arreglarnos un poco, o al menos, no dar sensaci\u00f3n de dejadez.<\/p>\n<p>Una vez le\u00ed <i>\u00abV\u00edstete para el trabajo que deseas y no para el que realmente tienes\u00bb<\/i> pues bien, desde el pelo a las u\u00f1as, te contar\u00e9 peque\u00f1os trucos que te har\u00e1n ver bien y te har\u00e1n sentir mucho mejor.<\/p>\n<p><b>Pelo<\/b><br \/>\n1. Si te lo lavas, s\u00e9catelo. El pelo h\u00famedo, da la sensaci\u00f3n de que saliste de casa corriendo. Y no s\u00f3lo eso, cuando se seque, la humedad te dejar\u00e1 en un mal lugar.<br \/>\n2. Si no tienes tiempo de lav\u00e1rtelo, hazte un mo\u00f1o alto. Es un gesto muy simple y te dar\u00e1 muy buenos resultados.<br \/>\n3. Trenzas y coletas. Yo soy muy fan de esto y no es necesario tener el pelo sucio para hacer uso de ellas.<\/p>\n<div>\n<\/div>\n<div class=\"separator\" style=\"clear: both; text-align: center;\">\n<a href=\"https:\/\/www.euroresidentes.com\/estilo-de-vida\/moda-estilo\/wp-content\/uploads\/sites\/15\/2014\/06\/pelisimo.jpg\" imageanchor=\"1\" style=\"margin-left: 1em; margin-right: 1em;\"><img decoding=\"async\" border=\"0\" src=\"https:\/\/www.euroresidentes.com\/estilo-de-vida\/moda-estilo\/wp-content\/uploads\/sites\/15\/2014\/06\/pelisimo.jpg\" \/><\/a><\/div>\n<p><b><br \/><\/b><br \/>\n<b><br \/><\/b><br \/>\n<b>Ojos<\/b><br \/>\n1. Olv\u00eddate de los ojos ultrapintados. Las sombras brillantes y los ahumados est\u00e1n genial para un viernes noche, pero para un d\u00eda de trabajo o instituto, las sombras neutras o una sutil l\u00ednea de eyeliner, son la respuesta m\u00e1s adecuada.<\/p>\n<div class=\"separator\" style=\"clear: both; text-align: center;\">\n<\/div>\n<p><\/p>\n<div class=\"separator\" style=\"clear: both; text-align: center;\">\n<\/div>\n<div class=\"separator\" style=\"clear: both; text-align: center;\">\n<\/div>\n<div class=\"separator\" style=\"clear: both; text-align: center;\">\n<a href=\"https:\/\/www.euroresidentes.com\/estilo-de-vida\/moda-estilo\/wp-content\/uploads\/sites\/15\/2014\/06\/pesta\u00f1as1.jpg\" imageanchor=\"1\" style=\"margin-left: 1em; margin-right: 1em;\"><img decoding=\"async\" border=\"0\" src=\"https:\/\/www.euroresidentes.com\/estilo-de-vida\/moda-estilo\/wp-content\/uploads\/sites\/15\/2014\/06\/pesta\u00f1as1.jpg\" \/><\/a><\/div>\n<p><b>Labios<\/b><br \/>\n1. \u00bfQu\u00e9 color me sienta mejor? No hay reglas para los labios. Un d\u00eda puedo llevar un coral, al d\u00eda siguiente rosa chicle y al siguiente rojo vino. Al no llevar excesivo maquillaje de ojos, puedes abusar en los labios de los que quieras.<\/p>\n<div class=\"separator\" style=\"clear: both; text-align: center;\">\n<a href=\"https:\/\/www.euroresidentes.com\/estilo-de-vida\/moda-estilo\/wp-content\/uploads\/sites\/15\/2014\/06\/labios.jpg\" imageanchor=\"1\" style=\"margin-left: 1em; margin-right: 1em;\"><img decoding=\"async\" border=\"0\" src=\"https:\/\/www.euroresidentes.com\/estilo-de-vida\/moda-estilo\/wp-content\/uploads\/sites\/15\/2014\/06\/labios.jpg\" \/><\/a><\/div>\n<p><b>U\u00f1as<\/b><br \/>\n1. Cortate las u\u00f1as. Se que es genial, llevarlas largas y preciosas, pero debes ser consciente del trabajo que desempe\u00f1as, para que estas no sean una molestia.<br \/>\n2. No a los desconchones. Si llevas las u\u00f1as a trompicones, es mejor que utilices quitaesmalte. Al menos, parecer\u00e1n limpias.<\/p>\n<p><\/p>\n<div class=\"separator\" style=\"clear: both; text-align: center;\">\n<a href=\"https:\/\/www.euroresidentes.com\/estilo-de-vida\/moda-estilo\/wp-content\/uploads\/sites\/15\/2014\/06\/manoss.jpg\" imageanchor=\"1\" style=\"margin-left: 1em; margin-right: 1em;\"><img decoding=\"async\" border=\"0\" src=\"https:\/\/www.euroresidentes.com\/estilo-de-vida\/moda-estilo\/wp-content\/uploads\/sites\/15\/2014\/06\/manoss.jpg\" \/><\/a><\/div>\n","protected":false},"excerpt":{"rendered":"<p>Tanto para ir al instituto, como para la uni, como para ir al trabajo, siempre deber\u00edamos arreglarnos un poco, o al menos, no dar sensaci\u00f3n de dejadez. Una vez le\u00ed \u00abV\u00edstete para el trabajo que deseas y no para el que realmente tienes\u00bb pues bien, desde el pelo a las u\u00f1as, te contar\u00e9 peque\u00f1os trucos que te har\u00e1n ver bien y te har\u00e1n sentir mucho mejor. Pelo 1. Si te lo lavas, s\u00e9catelo. El pelo h\u00famedo, da la sensaci\u00f3n de que saliste de casa corriendo. Y no s\u00f3lo eso, cuando se seque, la humedad te dejar\u00e1 en un mal lugar. <\/p>\n","protected":false},"author":16,"featured_media":2332,"comment_status":"open","ping_status":"open","sticky":false,"template":"","format":"standard","meta":{"footnotes":""},"categories":[1],"tags":[],"class_list":["post-1810","post","type-post","status-publish","format-standard","has-post-thumbnail","hentry","category-general","has_thumb"],"yoast_head":"<!-- This site is optimized with the Yoast SEO plugin v24.1 - https:\/\/yoast.com\/wordpress\/plugins\/seo\/ -->\n<title>Trucos b\u00e1sicos de belleza para tu d\u00eda a d\u00eda, del pelo a las u\u00f1as - Moda y estilo<\/title>\n<meta name=\"robots\" content=\"index, follow, max-snippet:-1, max-image-preview:large, max-video-preview:-1\" \/>\n<link rel=\"canonical\" href=\"https:\/\/www.euroresidentes.com\/estilo-de-vida\/moda-estilo\/trucos-basicos-de-belleza-para-tu-dia\/\" \/>\n<meta property=\"og:locale\" content=\"es_ES\" \/>\n<meta property=\"og:type\" content=\"article\" \/>\n<meta property=\"og:title\" content=\"Trucos b\u00e1sicos de belleza para tu d\u00eda a d\u00eda, del pelo a las u\u00f1as - Moda y estilo\" \/>\n<meta property=\"og:description\" content=\"Tanto para ir al instituto, como para la uni, como para ir al trabajo, siempre deber\u00edamos arreglarnos un poco, o al menos, no dar sensaci\u00f3n de dejadez. Una vez le\u00ed \u00abV\u00edstete para el trabajo que deseas y no para el que realmente tienes\u00bb pues bien, desde el pelo a las u\u00f1as, te contar\u00e9 peque\u00f1os trucos que te har\u00e1n ver bien y te har\u00e1n sentir mucho mejor. Pelo 1. Si te lo lavas, s\u00e9catelo. El pelo h\u00famedo, da la sensaci\u00f3n de que saliste de casa corriendo. Y no s\u00f3lo eso, cuando se seque, la humedad te dejar\u00e1 en un mal lugar.\" \/>\n<meta property=\"og:url\" content=\"https:\/\/www.euroresidentes.com\/estilo-de-vida\/moda-estilo\/trucos-basicos-de-belleza-para-tu-dia\/\" \/>\n<meta property=\"og:site_name\" content=\"Moda y estilo\" \/>\n<meta property=\"article:publisher\" content=\"https:\/\/www.facebook.com\/euroresidentes\/\" \/>\n<meta property=\"article:published_time\" content=\"2014-06-09T11:54:00+00:00\" \/>\n<meta property=\"article:modified_time\" content=\"2016-12-19T12:14:40+00:00\" \/>\n<meta property=\"og:image\" content=\"https:\/\/www.euroresidentes.com\/estilo-de-vida\/moda-estilo\/wp-content\/uploads\/sites\/15\/2014\/06\/pelisimo.jpg\" \/>\n\t<meta property=\"og:image:width\" content=\"587\" \/>\n\t<meta property=\"og:image:height\" content=\"245\" \/>\n\t<meta property=\"og:image:type\" content=\"image\/jpeg\" \/>\n<meta name=\"author\" content=\"Carolina L\u00f3pez\" \/>\n<meta name=\"twitter:card\" content=\"summary_large_image\" \/>\n<meta name=\"twitter:label1\" content=\"Written by\" \/>\n\t<meta name=\"twitter:data1\" content=\"Carolina L\u00f3pez\" \/>\n\t<meta name=\"twitter:label2\" content=\"Est. reading time\" \/>\n\t<meta name=\"twitter:data2\" content=\"1 minuto\" \/>\n<script type=\"application\/ld+json\" class=\"yoast-schema-graph\">{\"@context\":\"https:\/\/schema.org\",\"@graph\":[{\"@type\":\"WebPage\",\"@id\":\"https:\/\/www.euroresidentes.com\/estilo-de-vida\/moda-estilo\/trucos-basicos-de-belleza-para-tu-dia\/\",\"url\":\"https:\/\/www.euroresidentes.com\/estilo-de-vida\/moda-estilo\/trucos-basicos-de-belleza-para-tu-dia\/\",\"name\":\"Trucos b\u00e1sicos de belleza para tu d\u00eda a d\u00eda, del pelo a las u\u00f1as - Moda y estilo\",\"isPartOf\":{\"@id\":\"https:\/\/www.euroresidentes.com\/estilo-de-vida\/moda-estilo\/#website\"},\"primaryImageOfPage\":{\"@id\":\"https:\/\/www.euroresidentes.com\/estilo-de-vida\/moda-estilo\/trucos-basicos-de-belleza-para-tu-dia\/#primaryimage\"},\"image\":{\"@id\":\"https:\/\/www.euroresidentes.com\/estilo-de-vida\/moda-estilo\/trucos-basicos-de-belleza-para-tu-dia\/#primaryimage\"},\"thumbnailUrl\":\"https:\/\/www.euroresidentes.com\/estilo-de-vida\/moda-estilo\/wp-content\/uploads\/sites\/15\/2014\/06\/pelisimo.jpg\",\"datePublished\":\"2014-06-09T11:54:00+00:00\",\"dateModified\":\"2016-12-19T12:14:40+00:00\",\"author\":{\"@id\":\"https:\/\/www.euroresidentes.com\/estilo-de-vida\/moda-estilo\/#\/schema\/person\/3ba1d505487bddff8a4458ad5dd3f887\"},\"breadcrumb\":{\"@id\":\"https:\/\/www.euroresidentes.com\/estilo-de-vida\/moda-estilo\/trucos-basicos-de-belleza-para-tu-dia\/#breadcrumb\"},\"inLanguage\":\"es\",\"potentialAction\":[{\"@type\":\"ReadAction\",\"target\":[\"https:\/\/www.euroresidentes.com\/estilo-de-vida\/moda-estilo\/trucos-basicos-de-belleza-para-tu-dia\/\"]}]},{\"@type\":\"ImageObject\",\"inLanguage\":\"es\",\"@id\":\"https:\/\/www.euroresidentes.com\/estilo-de-vida\/moda-estilo\/trucos-basicos-de-belleza-para-tu-dia\/#primaryimage\",\"url\":\"https:\/\/www.euroresidentes.com\/estilo-de-vida\/moda-estilo\/wp-content\/uploads\/sites\/15\/2014\/06\/pelisimo.jpg\",\"contentUrl\":\"https:\/\/www.euroresidentes.com\/estilo-de-vida\/moda-estilo\/wp-content\/uploads\/sites\/15\/2014\/06\/pelisimo.jpg\",\"width\":587,\"height\":245},{\"@type\":\"BreadcrumbList\",\"@id\":\"https:\/\/www.euroresidentes.com\/estilo-de-vida\/moda-estilo\/trucos-basicos-de-belleza-para-tu-dia\/#breadcrumb\",\"itemListElement\":[{\"@type\":\"ListItem\",\"position\":1,\"name\":\"Portada\",\"item\":\"https:\/\/www.euroresidentes.com\/estilo-de-vida\/moda-estilo\/\"},{\"@type\":\"ListItem\",\"position\":2,\"name\":\"Trucos b\u00e1sicos de belleza para tu d\u00eda a d\u00eda, del pelo a las u\u00f1as\"}]},{\"@type\":\"WebSite\",\"@id\":\"https:\/\/www.euroresidentes.com\/estilo-de-vida\/moda-estilo\/#website\",\"url\":\"https:\/\/www.euroresidentes.com\/estilo-de-vida\/moda-estilo\/\",\"name\":\"Moda y estilo\",\"description\":\"Tendencias de moda y belleza\",\"potentialAction\":[{\"@type\":\"SearchAction\",\"target\":{\"@type\":\"EntryPoint\",\"urlTemplate\":\"https:\/\/www.euroresidentes.com\/estilo-de-vida\/moda-estilo\/?s={search_term_string}\"},\"query-input\":{\"@type\":\"PropertyValueSpecification\",\"valueRequired\":true,\"valueName\":\"search_term_string\"}}],\"inLanguage\":\"es\"},{\"@type\":\"Person\",\"@id\":\"https:\/\/www.euroresidentes.com\/estilo-de-vida\/moda-estilo\/#\/schema\/person\/3ba1d505487bddff8a4458ad5dd3f887\",\"name\":\"Carolina L\u00f3pez\",\"image\":{\"@type\":\"ImageObject\",\"inLanguage\":\"es\",\"@id\":\"https:\/\/www.euroresidentes.com\/estilo-de-vida\/moda-estilo\/#\/schema\/person\/image\/\",\"url\":\"https:\/\/www.euroresidentes.com\/estilo-de-vida\/moda-estilo\/wp-content\/uploads\/sites\/15\/2016\/04\/12079094_10153243158757076_5246940149716144098_n-150x150.jpg\",\"contentUrl\":\"https:\/\/www.euroresidentes.com\/estilo-de-vida\/moda-estilo\/wp-content\/uploads\/sites\/15\/2016\/04\/12079094_10153243158757076_5246940149716144098_n-150x150.jpg\",\"caption\":\"Carolina L\u00f3pez\"},\"description\":\"Carolina L\u00f3pezLicenciada en Publicidad y RRPP\",\"sameAs\":[\"https:\/\/www.euroresidentes.com\/estilo-de-vida\/carolina-lopez.html\"],\"url\":\"https:\/\/www.euroresidentes.com\/estilo-de-vida\/moda-estilo\/author\/carolinalopez\/\"}]}<\/script>\n<!-- \/ Yoast SEO plugin. -->","yoast_head_json":{"title":"Trucos b\u00e1sicos de belleza para tu d\u00eda a d\u00eda, del pelo a las u\u00f1as - Moda y estilo","robots":{"index":"index","follow":"follow","max-snippet":"max-snippet:-1","max-image-preview":"max-image-preview:large","max-video-preview":"max-video-preview:-1"},"canonical":"https:\/\/www.euroresidentes.com\/estilo-de-vida\/moda-estilo\/trucos-basicos-de-belleza-para-tu-dia\/","og_locale":"es_ES","og_type":"article","og_title":"Trucos b\u00e1sicos de belleza para tu d\u00eda a d\u00eda, del pelo a las u\u00f1as - Moda y estilo","og_description":"Tanto para ir al instituto, como para la uni, como para ir al trabajo, siempre deber\u00edamos arreglarnos un poco, o al menos, no dar sensaci\u00f3n de dejadez. Una vez le\u00ed \u00abV\u00edstete para el trabajo que deseas y no para el que realmente tienes\u00bb pues bien, desde el pelo a las u\u00f1as, te contar\u00e9 peque\u00f1os trucos que te har\u00e1n ver bien y te har\u00e1n sentir mucho mejor. Pelo 1. Si te lo lavas, s\u00e9catelo. El pelo h\u00famedo, da la sensaci\u00f3n de que saliste de casa corriendo. Y no s\u00f3lo eso, cuando se seque, la humedad te dejar\u00e1 en un mal lugar.","og_url":"https:\/\/www.euroresidentes.com\/estilo-de-vida\/moda-estilo\/trucos-basicos-de-belleza-para-tu-dia\/","og_site_name":"Moda y estilo","article_publisher":"https:\/\/www.facebook.com\/euroresidentes\/","article_published_time":"2014-06-09T11:54:00+00:00","article_modified_time":"2016-12-19T12:14:40+00:00","og_image":[{"width":587,"height":245,"url":"https:\/\/www.euroresidentes.com\/estilo-de-vida\/moda-estilo\/wp-content\/uploads\/sites\/15\/2014\/06\/pelisimo.jpg","type":"image\/jpeg"}],"author":"Carolina L\u00f3pez","twitter_card":"summary_large_image","twitter_misc":{"Written by":"Carolina L\u00f3pez","Est. reading time":"1 minuto"},"schema":{"@context":"https:\/\/schema.org","@graph":[{"@type":"WebPage","@id":"https:\/\/www.euroresidentes.com\/estilo-de-vida\/moda-estilo\/trucos-basicos-de-belleza-para-tu-dia\/","url":"https:\/\/www.euroresidentes.com\/estilo-de-vida\/moda-estilo\/trucos-basicos-de-belleza-para-tu-dia\/","name":"Trucos b\u00e1sicos de belleza para tu d\u00eda a d\u00eda, del pelo a las u\u00f1as - Moda y estilo","isPartOf":{"@id":"https:\/\/www.euroresidentes.com\/estilo-de-vida\/moda-estilo\/#website"},"primaryImageOfPage":{"@id":"https:\/\/www.euroresidentes.com\/estilo-de-vida\/moda-estilo\/trucos-basicos-de-belleza-para-tu-dia\/#primaryimage"},"image":{"@id":"https:\/\/www.euroresidentes.com\/estilo-de-vida\/moda-estilo\/trucos-basicos-de-belleza-para-tu-dia\/#primaryimage"},"thumbnailUrl":"https:\/\/www.euroresidentes.com\/estilo-de-vida\/moda-estilo\/wp-content\/uploads\/sites\/15\/2014\/06\/pelisimo.jpg","datePublished":"2014-06-09T11:54:00+00:00","dateModified":"2016-12-19T12:14:40+00:00","author":{"@id":"https:\/\/www.euroresidentes.com\/estilo-de-vida\/moda-estilo\/#\/schema\/person\/3ba1d505487bddff8a4458ad5dd3f887"},"breadcrumb":{"@id":"https:\/\/www.euroresidentes.com\/estilo-de-vida\/moda-estilo\/trucos-basicos-de-belleza-para-tu-dia\/#breadcrumb"},"inLanguage":"es","potentialAction":[{"@type":"ReadAction","target":["https:\/\/www.euroresidentes.com\/estilo-de-vida\/moda-estilo\/trucos-basicos-de-belleza-para-tu-dia\/"]}]},{"@type":"ImageObject","inLanguage":"es","@id":"https:\/\/www.euroresidentes.com\/estilo-de-vida\/moda-estilo\/trucos-basicos-de-belleza-para-tu-dia\/#primaryimage","url":"https:\/\/www.euroresidentes.com\/estilo-de-vida\/moda-estilo\/wp-content\/uploads\/sites\/15\/2014\/06\/pelisimo.jpg","contentUrl":"https:\/\/www.euroresidentes.com\/estilo-de-vida\/moda-estilo\/wp-content\/uploads\/sites\/15\/2014\/06\/pelisimo.jpg","width":587,"height":245},{"@type":"BreadcrumbList","@id":"https:\/\/www.euroresidentes.com\/estilo-de-vida\/moda-estilo\/trucos-basicos-de-belleza-para-tu-dia\/#breadcrumb","itemListElement":[{"@type":"ListItem","position":1,"name":"Portada","item":"https:\/\/www.euroresidentes.com\/estilo-de-vida\/moda-estilo\/"},{"@type":"ListItem","position":2,"name":"Trucos b\u00e1sicos de belleza para tu d\u00eda a d\u00eda, del pelo a las u\u00f1as"}]},{"@type":"WebSite","@id":"https:\/\/www.euroresidentes.com\/estilo-de-vida\/moda-estilo\/#website","url":"https:\/\/www.euroresidentes.com\/estilo-de-vida\/moda-estilo\/","name":"Moda y estilo","description":"Tendencias de moda y belleza","potentialAction":[{"@type":"SearchAction","target":{"@type":"EntryPoint","urlTemplate":"https:\/\/www.euroresidentes.com\/estilo-de-vida\/moda-estilo\/?s={search_term_string}"},"query-input":{"@type":"PropertyValueSpecification","valueRequired":true,"valueName":"search_term_string"}}],"inLanguage":"es"},{"@type":"Person","@id":"https:\/\/www.euroresidentes.com\/estilo-de-vida\/moda-estilo\/#\/schema\/person\/3ba1d505487bddff8a4458ad5dd3f887","name":"Carolina L\u00f3pez","image":{"@type":"ImageObject","inLanguage":"es","@id":"https:\/\/www.euroresidentes.com\/estilo-de-vida\/moda-estilo\/#\/schema\/person\/image\/","url":"https:\/\/www.euroresidentes.com\/estilo-de-vida\/moda-estilo\/wp-content\/uploads\/sites\/15\/2016\/04\/12079094_10153243158757076_5246940149716144098_n-150x150.jpg","contentUrl":"https:\/\/www.euroresidentes.com\/estilo-de-vida\/moda-estilo\/wp-content\/uploads\/sites\/15\/2016\/04\/12079094_10153243158757076_5246940149716144098_n-150x150.jpg","caption":"Carolina L\u00f3pez"},"description":"Carolina L\u00f3pezLicenciada en Publicidad y RRPP","sameAs":["https:\/\/www.euroresidentes.com\/estilo-de-vida\/carolina-lopez.html"],"url":"https:\/\/www.euroresidentes.com\/estilo-de-vida\/moda-estilo\/author\/carolinalopez\/"}]}},"_links":{"self":[{"href":"https:\/\/www.euroresidentes.com\/estilo-de-vida\/moda-estilo\/wp-json\/wp\/v2\/posts\/1810","targetHints":{"allow":["GET"]}}],"collection":[{"href":"https:\/\/www.euroresidentes.com\/estilo-de-vida\/moda-estilo\/wp-json\/wp\/v2\/posts"}],"about":[{"href":"https:\/\/www.euroresidentes.com\/estilo-de-vida\/moda-estilo\/wp-json\/wp\/v2\/types\/post"}],"author":[{"embeddable":true,"href":"https:\/\/www.euroresidentes.com\/estilo-de-vida\/moda-estilo\/wp-json\/wp\/v2\/users\/16"}],"replies":[{"embeddable":true,"href":"https:\/\/www.euroresidentes.com\/estilo-de-vida\/moda-estilo\/wp-json\/wp\/v2\/comments?post=1810"}],"version-history":[{"count":1,"href":"https:\/\/www.euroresidentes.com\/estilo-de-vida\/moda-estilo\/wp-json\/wp\/v2\/posts\/1810\/revisions"}],"predecessor-version":[{"id":2336,"href":"https:\/\/www.euroresidentes.com\/estilo-de-vida\/moda-estilo\/wp-json\/wp\/v2\/posts\/1810\/revisions\/2336"}],"wp:featuredmedia":[{"embeddable":true,"href":"https:\/\/www.euroresidentes.com\/estilo-de-vida\/moda-estilo\/wp-json\/wp\/v2\/media\/2332"}],"wp:attachment":[{"href":"https:\/\/www.euroresidentes.com\/estilo-de-vida\/moda-estilo\/wp-json\/wp\/v2\/media?parent=1810"}],"wp:term":[{"taxonomy":"category","embeddable":true,"href":"https:\/\/www.euroresidentes.com\/estilo-de-vida\/moda-estilo\/wp-json\/wp\/v2\/categories?post=1810"},{"taxonomy":"post_tag","embeddable":true,"href":"https:\/\/www.euroresidentes.com\/estilo-de-vida\/moda-estilo\/wp-json\/wp\/v2\/tags?post=1810"}],"curies":[{"name":"wp","href":"https:\/\/api.w.org\/{rel}","templated":true}]}}