{"id":1806,"date":"2014-07-08T10:48:00","date_gmt":"2014-07-08T08:48:00","guid":{"rendered":"http:\/\/www.euroresidentes.com\/estilo-de-vida\/moda-estilo\/en-verano-cambia-tu-rutina-de-belleza"},"modified":"2020-07-30T13:27:54","modified_gmt":"2020-07-30T11:27:54","slug":"en-verano-cambia-tu-rutina-de-belleza","status":"publish","type":"post","link":"https:\/\/www.euroresidentes.com\/estilo-de-vida\/moda-estilo\/en-verano-cambia-tu-rutina-de-belleza\/","title":{"rendered":"En verano, cambia tu rutina de belleza"},"content":{"rendered":"<p>Como verano que es, tu rutina y ritmo de vida suelen cambiar, por lo que tu cuidado personal debe ser diferente.<\/p>\n<p>Tanto el cuidado de tu piel, como el de tu pelo, como el del maquillaje que vayas a utilizar, tiene que ser distinto.<\/p>\n<p>El color de tu piel es m\u00e1s oscuro, pasas m\u00e1s horas bajo el sol, la piel est\u00e1 m\u00e1s seca, el pelo m\u00e1s pobre y hace demasiado calor como para ponerse todos los d\u00edas base de maquillaje.<\/p>\n<p>En verano todo se reduce a una palabra: HIDRATACI\u00d3N<\/p>\n<h3>ROSTRO<\/h3>\n<div class=\"separator\" style=\"clear: both; text-align: center;\"><a style=\"margin-left: 1em; margin-right: 1em;\" href=\"https:\/\/www.euroresidentes.com\/estilo-de-vida\/moda-estilo\/wp-content\/uploads\/sites\/15\/2014\/07\/cambia-rutina-belleza-verano-rostro-euroresidentes.jpg\"><img decoding=\"async\" src=\"https:\/\/www.euroresidentes.com\/estilo-de-vida\/moda-estilo\/wp-content\/uploads\/sites\/15\/2014\/07\/cambia-rutina-belleza-verano-rostro-euroresidentes.jpg\" border=\"0\" \/><\/a><\/div>\n<p><b>Para limpiarte el rostro <\/b>haz los tres pasos y por este orden: el \u00f3leo, el acuoso y el jabonoso.<br \/>\nEl \u00f3leo es para eliminar restos de pintura de ojos y boca, que son m\u00e1s dif\u00edcil de eliminar.<br \/>\nEn segundo lugar utiliza un limpiador al agua, para restos de maquillaje y eliminar aceites anteriores.<br \/>\nY por \u00faltimo el jab\u00f3n. Notar\u00e1s tu piel fresca y bien limpia.<\/p>\n<p><b>Para hidratar<\/b>\u00a0utiliza productos diferentes para noche y d\u00eda y uno determinado para el contorno de ojos. Ten presente siempre que debes poner protecci\u00f3n en la cara, a partir de 30+<br \/>\nPor las ma\u00f1anas utiliza una crema hidratante normal, seg\u00fan tu tipo de piel y para los ojos utiliza una crema antiojeras fresca.<br \/>\nPor la noche puedes utilizar tanto crema de noche, como alg\u00fan serum recuperador de la piel. Nunca te olvides del contorno de los ojos.<\/p>\n<p><b>Una o dos veces a la semana hazte una mascarilla<\/b>, tanto para hidratar como para purificar despu\u00e9s de tanto sol<\/p>\n<p><b>Maquillaje:<\/b> En verano es un aut\u00e9ntico agobio utilizar base de maquillaje.<br \/>\nPero gracias a Dios y a la ciencia, <b>existen las BB cream, cremas protectoras con color.\u00a0<\/b><br \/>\nYo utilizo una, con factor de protecci\u00f3n 50+ que adem\u00e1s tiene color. Una forma f\u00e1cil de ir siempre guapa y protegida.<br \/>\nUn poco de colorete y pintalabios, en ocasiones especiales y ya tienes look para este verano.<\/p>\n<h3>CUERPO<\/h3>\n<div class=\"separator\" style=\"clear: both; text-align: center;\"><a style=\"margin-left: 1em; margin-right: 1em;\" href=\"https:\/\/www.euroresidentes.com\/estilo-de-vida\/moda-estilo\/wp-content\/uploads\/sites\/15\/2014\/07\/cambia-rutina-bellezaverano-cuerpo-euroresidentes.jpg\"><img decoding=\"async\" src=\"https:\/\/www.euroresidentes.com\/estilo-de-vida\/moda-estilo\/wp-content\/uploads\/sites\/15\/2014\/07\/cambia-rutina-bellezaverano-cuerpo-euroresidentes.jpg\" border=\"0\" \/><\/a><\/div>\n<p><b>Como gel<\/b> de ducha utiliza cualquiera que puedas encontrar tanto en un supermercado normal, como en tiendas especializadas. Siempre son con un ph adecuado para la piel.<\/p>\n<p><b>Para exfoliar<\/b> puedes tanto hacerte un peeling casero (de posos del caf\u00e9, de pepitas de uva con az\u00facar&#8230;), como alguno de tienda que ya venga hecho. Es necesario que exfolies tu piel una o dos veces a la semana. Conseguir\u00e1s un color uniforme y precioso.<\/p>\n<p><b>Para hidratar<\/b>\u00a0mi cuerpo lo hago en dos pasos: uno \u00f3leo y otro en crema.<br \/>\nEl aceite corporal lo recomiendo, despu\u00e9s de la ducha, cuando a\u00fan est\u00e9s mojado. Despu\u00e9s de secarme te aconsejo que te embadurnes en crema. Utiliza una s\u00faper hidratante, sobre todo en verano.<\/p>\n<div class=\"separator\" style=\"clear: both; text-align: center;\"><\/div>\n<h3>PELO<\/h3>\n<div class=\"separator\" style=\"clear: both; text-align: center;\"><a style=\"margin-left: 1em; margin-right: 1em;\" href=\"https:\/\/www.euroresidentes.com\/estilo-de-vida\/moda-estilo\/wp-content\/uploads\/sites\/15\/2014\/07\/cambia-rutina-belleza-verano-pelo-euroresidentes.jpg\"><img decoding=\"async\" src=\"https:\/\/www.euroresidentes.com\/estilo-de-vida\/moda-estilo\/wp-content\/uploads\/sites\/15\/2014\/07\/cambia-rutina-belleza-verano-pelo-euroresidentes.jpg\" border=\"0\" \/><\/a><\/div>\n<p><b>Para lavar tu pelo<\/b>, utiliza el mismo champ\u00fa que utilices a lo largo del a\u00f1o. Aunque es bueno ir cambiando para que tu pelo no se acostumbre a un s\u00f3lo producto, si tienes uno fichado en particular, no ser\u00e9 yo quien te haga cambiar. Siempre de peluquer\u00eda, a poder ser.<\/p>\n<p><b>Ponerte mascarilla debe ser tu nuevo mantra. <\/b>Siempre y cada una de las veces que te laves el pelo, debes utilizar mascarilla, sobre todo en verano.<\/p>\n<p><b>Utiliza protector del sol para el cabello.<\/b> Porque el sol, el agua, la sal, el cloro&#8230; todo esto modifica la textura y color de tu pelo, as\u00ed que te aconsejo que utilices tanto protectores del cabello, como mascarillas, cada vez que vayas a exponerte al sol. \u00a0En grandes cantidades, a poder ser.<\/p>\n<p><em>\u00bfCual es tu rutina de verano? Cu\u00e9ntanosla<\/em><\/p>\n","protected":false},"excerpt":{"rendered":"<p>Como verano que es, tu rutina y ritmo de vida suelen cambiar, por lo que tu cuidado personal debe ser diferente. Tanto el cuidado de tu piel, como el de tu pelo, como el del maquillaje que vayas a utilizar, tiene que ser distinto. El color de tu piel es m\u00e1s oscuro, pasas m\u00e1s horas bajo el sol, la piel est\u00e1 m\u00e1s seca, el pelo m\u00e1s pobre y hace demasiado calor como para ponerse todos los d\u00edas base de maquillaje. En verano todo se reduce a una palabra: HIDRATACI\u00d3N ROSTRO Para limpiarte el rostro haz los tres pasos y por <\/p>\n","protected":false},"author":16,"featured_media":2320,"comment_status":"open","ping_status":"open","sticky":false,"template":"","format":"standard","meta":{"footnotes":""},"categories":[1],"tags":[],"class_list":["post-1806","post","type-post","status-publish","format-standard","has-post-thumbnail","hentry","category-general","has_thumb"],"yoast_head":"<!-- This site is optimized with the Yoast SEO plugin v24.1 - https:\/\/yoast.com\/wordpress\/plugins\/seo\/ -->\n<title>En verano, cambia tu rutina de belleza - Moda y estilo<\/title>\n<meta name=\"robots\" content=\"index, follow, max-snippet:-1, max-image-preview:large, max-video-preview:-1\" \/>\n<link rel=\"canonical\" href=\"https:\/\/www.euroresidentes.com\/estilo-de-vida\/moda-estilo\/en-verano-cambia-tu-rutina-de-belleza\/\" \/>\n<meta property=\"og:locale\" content=\"es_ES\" \/>\n<meta property=\"og:type\" content=\"article\" \/>\n<meta property=\"og:title\" content=\"En verano, cambia tu rutina de belleza - Moda y estilo\" \/>\n<meta property=\"og:description\" content=\"Como verano que es, tu rutina y ritmo de vida suelen cambiar, por lo que tu cuidado personal debe ser diferente. Tanto el cuidado de tu piel, como el de tu pelo, como el del maquillaje que vayas a utilizar, tiene que ser distinto. El color de tu piel es m\u00e1s oscuro, pasas m\u00e1s horas bajo el sol, la piel est\u00e1 m\u00e1s seca, el pelo m\u00e1s pobre y hace demasiado calor como para ponerse todos los d\u00edas base de maquillaje. En verano todo se reduce a una palabra: HIDRATACI\u00d3N ROSTRO Para limpiarte el rostro haz los tres pasos y por\" \/>\n<meta property=\"og:url\" content=\"https:\/\/www.euroresidentes.com\/estilo-de-vida\/moda-estilo\/en-verano-cambia-tu-rutina-de-belleza\/\" \/>\n<meta property=\"og:site_name\" content=\"Moda y estilo\" \/>\n<meta property=\"article:publisher\" content=\"https:\/\/www.facebook.com\/euroresidentes\/\" \/>\n<meta property=\"article:published_time\" content=\"2014-07-08T08:48:00+00:00\" \/>\n<meta property=\"article:modified_time\" content=\"2020-07-30T11:27:54+00:00\" \/>\n<meta property=\"og:image\" content=\"https:\/\/www.euroresidentes.com\/estilo-de-vida\/moda-estilo\/wp-content\/uploads\/sites\/15\/2014\/07\/cambiar-rutina-belleza-verano.jpg\" \/>\n\t<meta property=\"og:image:width\" content=\"700\" \/>\n\t<meta property=\"og:image:height\" content=\"525\" \/>\n\t<meta property=\"og:image:type\" content=\"image\/jpeg\" \/>\n<meta name=\"author\" content=\"Carolina L\u00f3pez\" \/>\n<meta name=\"twitter:card\" content=\"summary_large_image\" \/>\n<meta name=\"twitter:label1\" content=\"Written by\" \/>\n\t<meta name=\"twitter:data1\" content=\"Carolina L\u00f3pez\" \/>\n\t<meta name=\"twitter:label2\" content=\"Est. reading time\" \/>\n\t<meta name=\"twitter:data2\" content=\"3 minutos\" \/>\n<script type=\"application\/ld+json\" class=\"yoast-schema-graph\">{\"@context\":\"https:\/\/schema.org\",\"@graph\":[{\"@type\":\"WebPage\",\"@id\":\"https:\/\/www.euroresidentes.com\/estilo-de-vida\/moda-estilo\/en-verano-cambia-tu-rutina-de-belleza\/\",\"url\":\"https:\/\/www.euroresidentes.com\/estilo-de-vida\/moda-estilo\/en-verano-cambia-tu-rutina-de-belleza\/\",\"name\":\"En verano, cambia tu rutina de belleza - Moda y estilo\",\"isPartOf\":{\"@id\":\"https:\/\/www.euroresidentes.com\/estilo-de-vida\/moda-estilo\/#website\"},\"primaryImageOfPage\":{\"@id\":\"https:\/\/www.euroresidentes.com\/estilo-de-vida\/moda-estilo\/en-verano-cambia-tu-rutina-de-belleza\/#primaryimage\"},\"image\":{\"@id\":\"https:\/\/www.euroresidentes.com\/estilo-de-vida\/moda-estilo\/en-verano-cambia-tu-rutina-de-belleza\/#primaryimage\"},\"thumbnailUrl\":\"https:\/\/www.euroresidentes.com\/estilo-de-vida\/moda-estilo\/wp-content\/uploads\/sites\/15\/2014\/07\/cambiar-rutina-belleza-verano.jpg\",\"datePublished\":\"2014-07-08T08:48:00+00:00\",\"dateModified\":\"2020-07-30T11:27:54+00:00\",\"author\":{\"@id\":\"https:\/\/www.euroresidentes.com\/estilo-de-vida\/moda-estilo\/#\/schema\/person\/3ba1d505487bddff8a4458ad5dd3f887\"},\"breadcrumb\":{\"@id\":\"https:\/\/www.euroresidentes.com\/estilo-de-vida\/moda-estilo\/en-verano-cambia-tu-rutina-de-belleza\/#breadcrumb\"},\"inLanguage\":\"es\",\"potentialAction\":[{\"@type\":\"ReadAction\",\"target\":[\"https:\/\/www.euroresidentes.com\/estilo-de-vida\/moda-estilo\/en-verano-cambia-tu-rutina-de-belleza\/\"]}]},{\"@type\":\"ImageObject\",\"inLanguage\":\"es\",\"@id\":\"https:\/\/www.euroresidentes.com\/estilo-de-vida\/moda-estilo\/en-verano-cambia-tu-rutina-de-belleza\/#primaryimage\",\"url\":\"https:\/\/www.euroresidentes.com\/estilo-de-vida\/moda-estilo\/wp-content\/uploads\/sites\/15\/2014\/07\/cambiar-rutina-belleza-verano.jpg\",\"contentUrl\":\"https:\/\/www.euroresidentes.com\/estilo-de-vida\/moda-estilo\/wp-content\/uploads\/sites\/15\/2014\/07\/cambiar-rutina-belleza-verano.jpg\",\"width\":700,\"height\":525},{\"@type\":\"BreadcrumbList\",\"@id\":\"https:\/\/www.euroresidentes.com\/estilo-de-vida\/moda-estilo\/en-verano-cambia-tu-rutina-de-belleza\/#breadcrumb\",\"itemListElement\":[{\"@type\":\"ListItem\",\"position\":1,\"name\":\"Portada\",\"item\":\"https:\/\/www.euroresidentes.com\/estilo-de-vida\/moda-estilo\/\"},{\"@type\":\"ListItem\",\"position\":2,\"name\":\"En verano, cambia tu rutina de belleza\"}]},{\"@type\":\"WebSite\",\"@id\":\"https:\/\/www.euroresidentes.com\/estilo-de-vida\/moda-estilo\/#website\",\"url\":\"https:\/\/www.euroresidentes.com\/estilo-de-vida\/moda-estilo\/\",\"name\":\"Moda y estilo\",\"description\":\"Tendencias de moda y belleza\",\"potentialAction\":[{\"@type\":\"SearchAction\",\"target\":{\"@type\":\"EntryPoint\",\"urlTemplate\":\"https:\/\/www.euroresidentes.com\/estilo-de-vida\/moda-estilo\/?s={search_term_string}\"},\"query-input\":{\"@type\":\"PropertyValueSpecification\",\"valueRequired\":true,\"valueName\":\"search_term_string\"}}],\"inLanguage\":\"es\"},{\"@type\":\"Person\",\"@id\":\"https:\/\/www.euroresidentes.com\/estilo-de-vida\/moda-estilo\/#\/schema\/person\/3ba1d505487bddff8a4458ad5dd3f887\",\"name\":\"Carolina L\u00f3pez\",\"image\":{\"@type\":\"ImageObject\",\"inLanguage\":\"es\",\"@id\":\"https:\/\/www.euroresidentes.com\/estilo-de-vida\/moda-estilo\/#\/schema\/person\/image\/\",\"url\":\"https:\/\/www.euroresidentes.com\/estilo-de-vida\/moda-estilo\/wp-content\/uploads\/sites\/15\/2016\/04\/12079094_10153243158757076_5246940149716144098_n-150x150.jpg\",\"contentUrl\":\"https:\/\/www.euroresidentes.com\/estilo-de-vida\/moda-estilo\/wp-content\/uploads\/sites\/15\/2016\/04\/12079094_10153243158757076_5246940149716144098_n-150x150.jpg\",\"caption\":\"Carolina L\u00f3pez\"},\"description\":\"Carolina L\u00f3pezLicenciada en Publicidad y RRPP\",\"sameAs\":[\"https:\/\/www.euroresidentes.com\/estilo-de-vida\/carolina-lopez.html\"],\"url\":\"https:\/\/www.euroresidentes.com\/estilo-de-vida\/moda-estilo\/author\/carolinalopez\/\"}]}<\/script>\n<!-- \/ Yoast SEO plugin. -->","yoast_head_json":{"title":"En verano, cambia tu rutina de belleza - Moda y estilo","robots":{"index":"index","follow":"follow","max-snippet":"max-snippet:-1","max-image-preview":"max-image-preview:large","max-video-preview":"max-video-preview:-1"},"canonical":"https:\/\/www.euroresidentes.com\/estilo-de-vida\/moda-estilo\/en-verano-cambia-tu-rutina-de-belleza\/","og_locale":"es_ES","og_type":"article","og_title":"En verano, cambia tu rutina de belleza - Moda y estilo","og_description":"Como verano que es, tu rutina y ritmo de vida suelen cambiar, por lo que tu cuidado personal debe ser diferente. Tanto el cuidado de tu piel, como el de tu pelo, como el del maquillaje que vayas a utilizar, tiene que ser distinto. El color de tu piel es m\u00e1s oscuro, pasas m\u00e1s horas bajo el sol, la piel est\u00e1 m\u00e1s seca, el pelo m\u00e1s pobre y hace demasiado calor como para ponerse todos los d\u00edas base de maquillaje. En verano todo se reduce a una palabra: HIDRATACI\u00d3N ROSTRO Para limpiarte el rostro haz los tres pasos y por","og_url":"https:\/\/www.euroresidentes.com\/estilo-de-vida\/moda-estilo\/en-verano-cambia-tu-rutina-de-belleza\/","og_site_name":"Moda y estilo","article_publisher":"https:\/\/www.facebook.com\/euroresidentes\/","article_published_time":"2014-07-08T08:48:00+00:00","article_modified_time":"2020-07-30T11:27:54+00:00","og_image":[{"width":700,"height":525,"url":"https:\/\/www.euroresidentes.com\/estilo-de-vida\/moda-estilo\/wp-content\/uploads\/sites\/15\/2014\/07\/cambiar-rutina-belleza-verano.jpg","type":"image\/jpeg"}],"author":"Carolina L\u00f3pez","twitter_card":"summary_large_image","twitter_misc":{"Written by":"Carolina L\u00f3pez","Est. reading time":"3 minutos"},"schema":{"@context":"https:\/\/schema.org","@graph":[{"@type":"WebPage","@id":"https:\/\/www.euroresidentes.com\/estilo-de-vida\/moda-estilo\/en-verano-cambia-tu-rutina-de-belleza\/","url":"https:\/\/www.euroresidentes.com\/estilo-de-vida\/moda-estilo\/en-verano-cambia-tu-rutina-de-belleza\/","name":"En verano, cambia tu rutina de belleza - Moda y estilo","isPartOf":{"@id":"https:\/\/www.euroresidentes.com\/estilo-de-vida\/moda-estilo\/#website"},"primaryImageOfPage":{"@id":"https:\/\/www.euroresidentes.com\/estilo-de-vida\/moda-estilo\/en-verano-cambia-tu-rutina-de-belleza\/#primaryimage"},"image":{"@id":"https:\/\/www.euroresidentes.com\/estilo-de-vida\/moda-estilo\/en-verano-cambia-tu-rutina-de-belleza\/#primaryimage"},"thumbnailUrl":"https:\/\/www.euroresidentes.com\/estilo-de-vida\/moda-estilo\/wp-content\/uploads\/sites\/15\/2014\/07\/cambiar-rutina-belleza-verano.jpg","datePublished":"2014-07-08T08:48:00+00:00","dateModified":"2020-07-30T11:27:54+00:00","author":{"@id":"https:\/\/www.euroresidentes.com\/estilo-de-vida\/moda-estilo\/#\/schema\/person\/3ba1d505487bddff8a4458ad5dd3f887"},"breadcrumb":{"@id":"https:\/\/www.euroresidentes.com\/estilo-de-vida\/moda-estilo\/en-verano-cambia-tu-rutina-de-belleza\/#breadcrumb"},"inLanguage":"es","potentialAction":[{"@type":"ReadAction","target":["https:\/\/www.euroresidentes.com\/estilo-de-vida\/moda-estilo\/en-verano-cambia-tu-rutina-de-belleza\/"]}]},{"@type":"ImageObject","inLanguage":"es","@id":"https:\/\/www.euroresidentes.com\/estilo-de-vida\/moda-estilo\/en-verano-cambia-tu-rutina-de-belleza\/#primaryimage","url":"https:\/\/www.euroresidentes.com\/estilo-de-vida\/moda-estilo\/wp-content\/uploads\/sites\/15\/2014\/07\/cambiar-rutina-belleza-verano.jpg","contentUrl":"https:\/\/www.euroresidentes.com\/estilo-de-vida\/moda-estilo\/wp-content\/uploads\/sites\/15\/2014\/07\/cambiar-rutina-belleza-verano.jpg","width":700,"height":525},{"@type":"BreadcrumbList","@id":"https:\/\/www.euroresidentes.com\/estilo-de-vida\/moda-estilo\/en-verano-cambia-tu-rutina-de-belleza\/#breadcrumb","itemListElement":[{"@type":"ListItem","position":1,"name":"Portada","item":"https:\/\/www.euroresidentes.com\/estilo-de-vida\/moda-estilo\/"},{"@type":"ListItem","position":2,"name":"En verano, cambia tu rutina de belleza"}]},{"@type":"WebSite","@id":"https:\/\/www.euroresidentes.com\/estilo-de-vida\/moda-estilo\/#website","url":"https:\/\/www.euroresidentes.com\/estilo-de-vida\/moda-estilo\/","name":"Moda y estilo","description":"Tendencias de moda y belleza","potentialAction":[{"@type":"SearchAction","target":{"@type":"EntryPoint","urlTemplate":"https:\/\/www.euroresidentes.com\/estilo-de-vida\/moda-estilo\/?s={search_term_string}"},"query-input":{"@type":"PropertyValueSpecification","valueRequired":true,"valueName":"search_term_string"}}],"inLanguage":"es"},{"@type":"Person","@id":"https:\/\/www.euroresidentes.com\/estilo-de-vida\/moda-estilo\/#\/schema\/person\/3ba1d505487bddff8a4458ad5dd3f887","name":"Carolina L\u00f3pez","image":{"@type":"ImageObject","inLanguage":"es","@id":"https:\/\/www.euroresidentes.com\/estilo-de-vida\/moda-estilo\/#\/schema\/person\/image\/","url":"https:\/\/www.euroresidentes.com\/estilo-de-vida\/moda-estilo\/wp-content\/uploads\/sites\/15\/2016\/04\/12079094_10153243158757076_5246940149716144098_n-150x150.jpg","contentUrl":"https:\/\/www.euroresidentes.com\/estilo-de-vida\/moda-estilo\/wp-content\/uploads\/sites\/15\/2016\/04\/12079094_10153243158757076_5246940149716144098_n-150x150.jpg","caption":"Carolina L\u00f3pez"},"description":"Carolina L\u00f3pezLicenciada en Publicidad y RRPP","sameAs":["https:\/\/www.euroresidentes.com\/estilo-de-vida\/carolina-lopez.html"],"url":"https:\/\/www.euroresidentes.com\/estilo-de-vida\/moda-estilo\/author\/carolinalopez\/"}]}},"_links":{"self":[{"href":"https:\/\/www.euroresidentes.com\/estilo-de-vida\/moda-estilo\/wp-json\/wp\/v2\/posts\/1806","targetHints":{"allow":["GET"]}}],"collection":[{"href":"https:\/\/www.euroresidentes.com\/estilo-de-vida\/moda-estilo\/wp-json\/wp\/v2\/posts"}],"about":[{"href":"https:\/\/www.euroresidentes.com\/estilo-de-vida\/moda-estilo\/wp-json\/wp\/v2\/types\/post"}],"author":[{"embeddable":true,"href":"https:\/\/www.euroresidentes.com\/estilo-de-vida\/moda-estilo\/wp-json\/wp\/v2\/users\/16"}],"replies":[{"embeddable":true,"href":"https:\/\/www.euroresidentes.com\/estilo-de-vida\/moda-estilo\/wp-json\/wp\/v2\/comments?post=1806"}],"version-history":[{"count":3,"href":"https:\/\/www.euroresidentes.com\/estilo-de-vida\/moda-estilo\/wp-json\/wp\/v2\/posts\/1806\/revisions"}],"predecessor-version":[{"id":4124,"href":"https:\/\/www.euroresidentes.com\/estilo-de-vida\/moda-estilo\/wp-json\/wp\/v2\/posts\/1806\/revisions\/4124"}],"wp:featuredmedia":[{"embeddable":true,"href":"https:\/\/www.euroresidentes.com\/estilo-de-vida\/moda-estilo\/wp-json\/wp\/v2\/media\/2320"}],"wp:attachment":[{"href":"https:\/\/www.euroresidentes.com\/estilo-de-vida\/moda-estilo\/wp-json\/wp\/v2\/media?parent=1806"}],"wp:term":[{"taxonomy":"category","embeddable":true,"href":"https:\/\/www.euroresidentes.com\/estilo-de-vida\/moda-estilo\/wp-json\/wp\/v2\/categories?post=1806"},{"taxonomy":"post_tag","embeddable":true,"href":"https:\/\/www.euroresidentes.com\/estilo-de-vida\/moda-estilo\/wp-json\/wp\/v2\/tags?post=1806"}],"curies":[{"name":"wp","href":"https:\/\/api.w.org\/{rel}","templated":true}]}}