{"id":1798,"date":"2014-08-13T10:46:00","date_gmt":"2014-08-13T08:46:00","guid":{"rendered":"http:\/\/www.euroresidentes.com\/estilo-de-vida\/moda-estilo\/7-cosas-que-seguro-no-sabias-sobre-las"},"modified":"2016-12-19T13:14:39","modified_gmt":"2016-12-19T12:14:39","slug":"7-cosas-que-seguro-no-sabias-sobre-las","status":"publish","type":"post","link":"https:\/\/www.euroresidentes.com\/estilo-de-vida\/moda-estilo\/7-cosas-que-seguro-no-sabias-sobre-las\/","title":{"rendered":"7 Cosas que seguro no sab\u00edas sobre las u\u00f1as"},"content":{"rendered":"<div class=\"separator\" style=\"clear: both; text-align: center;\">\n<\/div>\n<div class=\"separator\" style=\"clear: both; text-align: center;\">\n<\/div>\n<div class=\"separator\" style=\"clear: both; text-align: center;\">\n<\/div>\n<div class=\"separator\" style=\"clear: both; text-align: center;\">\n<\/div>\n<p><b>\u00bfConoces bien tus u\u00f1as? &nbsp;Y no&nbsp;me refiero a qu\u00e9 color te queda mejor o si es bueno o malo&nbsp;com\u00e9rtelas.&nbsp;<\/b><br \/>\n<b><br \/><\/b><br \/>\n<b>Hablo de cosas m\u00e1s serias&#8230;<\/b><br \/>\n<b><br \/><\/b><br \/>\n<b><br \/><\/b><\/p>\n<div class=\"separator\" style=\"clear: both; text-align: center;\">\n<a href=\"https:\/\/www.euroresidentes.com\/estilo-de-vida\/moda-estilo\/wp-content\/uploads\/sites\/15\/2014\/08\/giphy.gif\" imageanchor=\"1\" style=\"margin-left: 1em; margin-right: 1em;\"><img decoding=\"async\" border=\"0\" src=\"https:\/\/www.euroresidentes.com\/estilo-de-vida\/moda-estilo\/wp-content\/uploads\/sites\/15\/2014\/08\/giphy.gif\" \/><\/a><\/div>\n<p><b><br \/><\/b><br \/>\n<b><br \/><\/b><br \/>\n<b><br \/><\/b><br \/>\n<b>Las u\u00f1as est\u00e1n compuestas de Queratina, como tu pelo<\/b><br \/>\nLas u\u00f1as est\u00e1n formadas por multitud de capas de Queratina dura, parecido al pelo. Nuestra piel, tambi\u00e9n est\u00e1 cubierta por una fina capa de queratina, siendo m\u00e1s gruesa en la planta de los pies y en las palmas de las manos. La diferencia entre la piel, el cabello y las u\u00f1as, es que estos dos \u00faltimos contienen m\u00e1s ciste\u00edna que la queratina blanda de la piel. Adem\u00e1s de esto, las u\u00f1as, tienen menor contenido de grasa y agua que la piel del cuerpo.<\/p>\n<p><\/p>\n<div class=\"separator\" style=\"clear: both; text-align: center;\">\n<a href=\"https:\/\/www.euroresidentes.com\/estilo-de-vida\/moda-estilo\/wp-content\/uploads\/sites\/15\/2014\/08\/giphy-1.gif\" imageanchor=\"1\" style=\"margin-left: 1em; margin-right: 1em;\"><img decoding=\"async\" border=\"0\" src=\"https:\/\/www.euroresidentes.com\/estilo-de-vida\/moda-estilo\/wp-content\/uploads\/sites\/15\/2014\/08\/giphy-1.gif\" \/><\/a><\/div>\n<div class=\"separator\" style=\"clear: both; text-align: center;\">\n<\/div>\n<p><b>Las u\u00f1as crecen m\u00e1s r\u00e1pido en climas c\u00e1lidos<\/b><br \/>\nEsto sucede porque el sol ayuda al cuerpo a crear vitamina D, lo que hace que tus u\u00f1as crezcan m\u00e1s r\u00e1pido.<\/p>\n<div class=\"separator\" style=\"clear: both; text-align: center;\">\n<a href=\"https:\/\/www.euroresidentes.com\/estilo-de-vida\/moda-estilo\/wp-content\/uploads\/sites\/15\/2014\/08\/giphy-2.gif\" imageanchor=\"1\" style=\"margin-left: 1em; margin-right: 1em;\"><img decoding=\"async\" border=\"0\" src=\"https:\/\/www.euroresidentes.com\/estilo-de-vida\/moda-estilo\/wp-content\/uploads\/sites\/15\/2014\/08\/giphy-2.gif\" \/><\/a><\/div>\n<p><b>Tambi\u00e9n crecen m\u00e1s r\u00e1pido en tu mano dominante<\/b><br \/>\nPor eso, te habr\u00e1s dado cuenta, que si eres diestro, tienes que cortar con mayor frecuencia las u\u00f1as de tu mano derecha. La teor\u00eda es que las u\u00f1as que se utilizan m\u00e1s y est\u00e1n m\u00e1s expuestas crecen m\u00e1s.<\/p>\n<div class=\"separator\" style=\"clear: both; text-align: center;\">\n<a href=\"https:\/\/www.euroresidentes.com\/estilo-de-vida\/moda-estilo\/wp-content\/uploads\/sites\/15\/2014\/08\/giphy-3.gif\" imageanchor=\"1\" style=\"margin-left: 1em; margin-right: 1em;\"><img decoding=\"async\" border=\"0\" src=\"https:\/\/www.euroresidentes.com\/estilo-de-vida\/moda-estilo\/wp-content\/uploads\/sites\/15\/2014\/08\/giphy-3.gif\" \/><\/a><\/div>\n<p>\n<b>Las cut\u00edculas existen por algo<\/b><br \/>\nQuitar excesivamente las cut\u00edculas de las u\u00f1as, hace que est\u00e9s m\u00e1s expuesto a la h\u00famedad y las bacterias, lo que puede causarte infecciones, dolor e hinchaz\u00f3n, llegando incluso a da\u00f1ar la forma de tus u\u00f1as a medida que estas crecen.<\/p>\n<p><\/p>\n<div class=\"separator\" style=\"clear: both; text-align: center;\">\n<a href=\"https:\/\/www.euroresidentes.com\/estilo-de-vida\/moda-estilo\/wp-content\/uploads\/sites\/15\/2014\/08\/giphy-6.gif\" imageanchor=\"1\" style=\"margin-left: 1em; margin-right: 1em;\"><img decoding=\"async\" border=\"0\" src=\"https:\/\/www.euroresidentes.com\/estilo-de-vida\/moda-estilo\/wp-content\/uploads\/sites\/15\/2014\/08\/giphy-6.gif\" \/><\/a><\/div>\n<p><\/p>\n<div class=\"separator\" style=\"clear: both; text-align: center;\">\n<\/div>\n<p>\n<b>Cuidado con la \u00abmani-pedi\u00bb<\/b><br \/>\nAunque nos encanta asistir al sal\u00f3n de belleza y que nos mimen las manos y los pies, hacerlo semanalmente sin duda est\u00e1 haci\u00e9ndole da\u00f1o a tus u\u00f1as. Sobre todo, si utilizas u\u00f1as de gel o acr\u00edlicas, ya que le est\u00e1s quitando capas y las deja mucho m\u00e1s blandas y quebradizas. Tus u\u00f1as tardan 6 meses en cambiar enteras, as\u00ed que date un respiro de vez en cuando.<\/p>\n<div class=\"separator\" style=\"clear: both; text-align: center;\">\n<a href=\"https:\/\/www.euroresidentes.com\/estilo-de-vida\/moda-estilo\/wp-content\/uploads\/sites\/15\/2014\/08\/giphy-4.gif\" imageanchor=\"1\" style=\"margin-left: 1em; margin-right: 1em;\"><img decoding=\"async\" border=\"0\" src=\"https:\/\/www.euroresidentes.com\/estilo-de-vida\/moda-estilo\/wp-content\/uploads\/sites\/15\/2014\/08\/giphy-4.gif\" \/><\/a><\/div>\n<p><b>Atento a los cambios en las u\u00f1as<\/b><br \/>\nObservando tus u\u00f1as, puedes saber como est\u00e1s de salud, s\u00f3lo debes estar alerta. Los cambios de forma, grosor y color pueden ser signos de problemas.<\/p>\n<div class=\"separator\" style=\"clear: both; text-align: center;\">\n<a href=\"https:\/\/www.euroresidentes.com\/estilo-de-vida\/moda-estilo\/wp-content\/uploads\/sites\/15\/2014\/08\/giphy-7.gif\" imageanchor=\"1\" style=\"margin-left: 1em; margin-right: 1em;\"><img decoding=\"async\" border=\"0\" src=\"https:\/\/www.euroresidentes.com\/estilo-de-vida\/moda-estilo\/wp-content\/uploads\/sites\/15\/2014\/08\/giphy-7.gif\" \/><\/a><\/div>\n<p><b>Tus u\u00f1as son lo que comes<\/b><br \/>\nEl promedio de crecimiento es de 2-3 mil\u00edmetros al mes, y en 6 meses de vida \u00absana\u00bb cambia entera. Para aumentar la producci\u00f3n de queratina para las u\u00f1as se recomienda comer prote\u00edna magra, productos l\u00e1cteos bajos en grasa y alimentos ricos en vitamina C.<\/p>\n<p><\/p>\n<div class=\"separator\" style=\"clear: both; text-align: center;\">\n<a href=\"https:\/\/www.euroresidentes.com\/estilo-de-vida\/moda-estilo\/wp-content\/uploads\/sites\/15\/2014\/08\/giphy-5.gif\" imageanchor=\"1\" style=\"margin-left: 1em; margin-right: 1em;\"><img decoding=\"async\" border=\"0\" src=\"https:\/\/www.euroresidentes.com\/estilo-de-vida\/moda-estilo\/wp-content\/uploads\/sites\/15\/2014\/08\/giphy-5.gif\" \/><\/a><\/div>\n<p><\/p>\n<div class=\"separator\" style=\"clear: both; text-align: center;\">\n<\/div>\n<h3>\n\u00bfSabes algo m\u00e1s que se nos haya pasado? \u00a1\u00a1Queremos saberlo todo!!<\/h3>\n","protected":false},"excerpt":{"rendered":"<p>\u00bfConoces bien tus u\u00f1as? &nbsp;Y no&nbsp;me refiero a qu\u00e9 color te queda mejor o si es bueno o malo&nbsp;com\u00e9rtelas.&nbsp; Hablo de cosas m\u00e1s serias&#8230; Las u\u00f1as est\u00e1n compuestas de Queratina, como tu pelo Las u\u00f1as est\u00e1n formadas por multitud de capas de Queratina dura, parecido al pelo. Nuestra piel, tambi\u00e9n est\u00e1 cubierta por una fina capa de queratina, siendo m\u00e1s gruesa en la planta de los pies y en las palmas de las manos. La diferencia entre la piel, el cabello y las u\u00f1as, es que estos dos \u00faltimos contienen m\u00e1s ciste\u00edna que la queratina blanda de la piel. Adem\u00e1s <\/p>\n","protected":false},"author":16,"featured_media":2258,"comment_status":"open","ping_status":"open","sticky":false,"template":"","format":"standard","meta":{"footnotes":""},"categories":[1],"tags":[],"class_list":["post-1798","post","type-post","status-publish","format-standard","has-post-thumbnail","hentry","category-general","has_thumb"],"yoast_head":"<!-- This site is optimized with the Yoast SEO plugin v24.1 - https:\/\/yoast.com\/wordpress\/plugins\/seo\/ -->\n<title>7 Cosas que seguro no sab\u00edas sobre las u\u00f1as - Moda y estilo<\/title>\n<meta name=\"robots\" content=\"index, follow, max-snippet:-1, max-image-preview:large, max-video-preview:-1\" \/>\n<link rel=\"canonical\" href=\"https:\/\/www.euroresidentes.com\/estilo-de-vida\/moda-estilo\/7-cosas-que-seguro-no-sabias-sobre-las\/\" \/>\n<meta property=\"og:locale\" content=\"es_ES\" \/>\n<meta property=\"og:type\" content=\"article\" \/>\n<meta property=\"og:title\" content=\"7 Cosas que seguro no sab\u00edas sobre las u\u00f1as - Moda y estilo\" \/>\n<meta property=\"og:description\" content=\"\u00bfConoces bien tus u\u00f1as? &nbsp;Y no&nbsp;me refiero a qu\u00e9 color te queda mejor o si es bueno o malo&nbsp;com\u00e9rtelas.&nbsp; Hablo de cosas m\u00e1s serias&#8230; Las u\u00f1as est\u00e1n compuestas de Queratina, como tu pelo Las u\u00f1as est\u00e1n formadas por multitud de capas de Queratina dura, parecido al pelo. Nuestra piel, tambi\u00e9n est\u00e1 cubierta por una fina capa de queratina, siendo m\u00e1s gruesa en la planta de los pies y en las palmas de las manos. La diferencia entre la piel, el cabello y las u\u00f1as, es que estos dos \u00faltimos contienen m\u00e1s ciste\u00edna que la queratina blanda de la piel. Adem\u00e1s\" \/>\n<meta property=\"og:url\" content=\"https:\/\/www.euroresidentes.com\/estilo-de-vida\/moda-estilo\/7-cosas-que-seguro-no-sabias-sobre-las\/\" \/>\n<meta property=\"og:site_name\" content=\"Moda y estilo\" \/>\n<meta property=\"article:publisher\" content=\"https:\/\/www.facebook.com\/euroresidentes\/\" \/>\n<meta property=\"article:published_time\" content=\"2014-08-13T08:46:00+00:00\" \/>\n<meta property=\"article:modified_time\" content=\"2016-12-19T12:14:39+00:00\" \/>\n<meta property=\"og:image\" content=\"https:\/\/www.euroresidentes.com\/estilo-de-vida\/moda-estilo\/wp-content\/uploads\/sites\/15\/2014\/08\/giphy.gif\" \/>\n\t<meta property=\"og:image:width\" content=\"500\" \/>\n\t<meta property=\"og:image:height\" content=\"296\" \/>\n\t<meta property=\"og:image:type\" content=\"image\/gif\" \/>\n<meta name=\"author\" content=\"Carolina L\u00f3pez\" \/>\n<meta name=\"twitter:card\" content=\"summary_large_image\" \/>\n<meta name=\"twitter:label1\" content=\"Written by\" \/>\n\t<meta name=\"twitter:data1\" content=\"Carolina L\u00f3pez\" \/>\n\t<meta name=\"twitter:label2\" content=\"Est. reading time\" \/>\n\t<meta name=\"twitter:data2\" content=\"2 minutos\" \/>\n<script type=\"application\/ld+json\" class=\"yoast-schema-graph\">{\"@context\":\"https:\/\/schema.org\",\"@graph\":[{\"@type\":\"WebPage\",\"@id\":\"https:\/\/www.euroresidentes.com\/estilo-de-vida\/moda-estilo\/7-cosas-que-seguro-no-sabias-sobre-las\/\",\"url\":\"https:\/\/www.euroresidentes.com\/estilo-de-vida\/moda-estilo\/7-cosas-que-seguro-no-sabias-sobre-las\/\",\"name\":\"7 Cosas que seguro no sab\u00edas sobre las u\u00f1as - Moda y estilo\",\"isPartOf\":{\"@id\":\"https:\/\/www.euroresidentes.com\/estilo-de-vida\/moda-estilo\/#website\"},\"primaryImageOfPage\":{\"@id\":\"https:\/\/www.euroresidentes.com\/estilo-de-vida\/moda-estilo\/7-cosas-que-seguro-no-sabias-sobre-las\/#primaryimage\"},\"image\":{\"@id\":\"https:\/\/www.euroresidentes.com\/estilo-de-vida\/moda-estilo\/7-cosas-que-seguro-no-sabias-sobre-las\/#primaryimage\"},\"thumbnailUrl\":\"https:\/\/www.euroresidentes.com\/estilo-de-vida\/moda-estilo\/wp-content\/uploads\/sites\/15\/2014\/08\/giphy.gif\",\"datePublished\":\"2014-08-13T08:46:00+00:00\",\"dateModified\":\"2016-12-19T12:14:39+00:00\",\"author\":{\"@id\":\"https:\/\/www.euroresidentes.com\/estilo-de-vida\/moda-estilo\/#\/schema\/person\/3ba1d505487bddff8a4458ad5dd3f887\"},\"breadcrumb\":{\"@id\":\"https:\/\/www.euroresidentes.com\/estilo-de-vida\/moda-estilo\/7-cosas-que-seguro-no-sabias-sobre-las\/#breadcrumb\"},\"inLanguage\":\"es\",\"potentialAction\":[{\"@type\":\"ReadAction\",\"target\":[\"https:\/\/www.euroresidentes.com\/estilo-de-vida\/moda-estilo\/7-cosas-que-seguro-no-sabias-sobre-las\/\"]}]},{\"@type\":\"ImageObject\",\"inLanguage\":\"es\",\"@id\":\"https:\/\/www.euroresidentes.com\/estilo-de-vida\/moda-estilo\/7-cosas-que-seguro-no-sabias-sobre-las\/#primaryimage\",\"url\":\"https:\/\/www.euroresidentes.com\/estilo-de-vida\/moda-estilo\/wp-content\/uploads\/sites\/15\/2014\/08\/giphy.gif\",\"contentUrl\":\"https:\/\/www.euroresidentes.com\/estilo-de-vida\/moda-estilo\/wp-content\/uploads\/sites\/15\/2014\/08\/giphy.gif\",\"width\":500,\"height\":296},{\"@type\":\"BreadcrumbList\",\"@id\":\"https:\/\/www.euroresidentes.com\/estilo-de-vida\/moda-estilo\/7-cosas-que-seguro-no-sabias-sobre-las\/#breadcrumb\",\"itemListElement\":[{\"@type\":\"ListItem\",\"position\":1,\"name\":\"Portada\",\"item\":\"https:\/\/www.euroresidentes.com\/estilo-de-vida\/moda-estilo\/\"},{\"@type\":\"ListItem\",\"position\":2,\"name\":\"7 Cosas que seguro no sab\u00edas sobre las u\u00f1as\"}]},{\"@type\":\"WebSite\",\"@id\":\"https:\/\/www.euroresidentes.com\/estilo-de-vida\/moda-estilo\/#website\",\"url\":\"https:\/\/www.euroresidentes.com\/estilo-de-vida\/moda-estilo\/\",\"name\":\"Moda y estilo\",\"description\":\"Tendencias de moda y belleza\",\"potentialAction\":[{\"@type\":\"SearchAction\",\"target\":{\"@type\":\"EntryPoint\",\"urlTemplate\":\"https:\/\/www.euroresidentes.com\/estilo-de-vida\/moda-estilo\/?s={search_term_string}\"},\"query-input\":{\"@type\":\"PropertyValueSpecification\",\"valueRequired\":true,\"valueName\":\"search_term_string\"}}],\"inLanguage\":\"es\"},{\"@type\":\"Person\",\"@id\":\"https:\/\/www.euroresidentes.com\/estilo-de-vida\/moda-estilo\/#\/schema\/person\/3ba1d505487bddff8a4458ad5dd3f887\",\"name\":\"Carolina L\u00f3pez\",\"image\":{\"@type\":\"ImageObject\",\"inLanguage\":\"es\",\"@id\":\"https:\/\/www.euroresidentes.com\/estilo-de-vida\/moda-estilo\/#\/schema\/person\/image\/\",\"url\":\"https:\/\/www.euroresidentes.com\/estilo-de-vida\/moda-estilo\/wp-content\/uploads\/sites\/15\/2016\/04\/12079094_10153243158757076_5246940149716144098_n-150x150.jpg\",\"contentUrl\":\"https:\/\/www.euroresidentes.com\/estilo-de-vida\/moda-estilo\/wp-content\/uploads\/sites\/15\/2016\/04\/12079094_10153243158757076_5246940149716144098_n-150x150.jpg\",\"caption\":\"Carolina L\u00f3pez\"},\"description\":\"Carolina L\u00f3pezLicenciada en Publicidad y RRPP\",\"sameAs\":[\"https:\/\/www.euroresidentes.com\/estilo-de-vida\/carolina-lopez.html\"],\"url\":\"https:\/\/www.euroresidentes.com\/estilo-de-vida\/moda-estilo\/author\/carolinalopez\/\"}]}<\/script>\n<!-- \/ Yoast SEO plugin. -->","yoast_head_json":{"title":"7 Cosas que seguro no sab\u00edas sobre las u\u00f1as - Moda y estilo","robots":{"index":"index","follow":"follow","max-snippet":"max-snippet:-1","max-image-preview":"max-image-preview:large","max-video-preview":"max-video-preview:-1"},"canonical":"https:\/\/www.euroresidentes.com\/estilo-de-vida\/moda-estilo\/7-cosas-que-seguro-no-sabias-sobre-las\/","og_locale":"es_ES","og_type":"article","og_title":"7 Cosas que seguro no sab\u00edas sobre las u\u00f1as - Moda y estilo","og_description":"\u00bfConoces bien tus u\u00f1as? &nbsp;Y no&nbsp;me refiero a qu\u00e9 color te queda mejor o si es bueno o malo&nbsp;com\u00e9rtelas.&nbsp; Hablo de cosas m\u00e1s serias&#8230; Las u\u00f1as est\u00e1n compuestas de Queratina, como tu pelo Las u\u00f1as est\u00e1n formadas por multitud de capas de Queratina dura, parecido al pelo. Nuestra piel, tambi\u00e9n est\u00e1 cubierta por una fina capa de queratina, siendo m\u00e1s gruesa en la planta de los pies y en las palmas de las manos. La diferencia entre la piel, el cabello y las u\u00f1as, es que estos dos \u00faltimos contienen m\u00e1s ciste\u00edna que la queratina blanda de la piel. Adem\u00e1s","og_url":"https:\/\/www.euroresidentes.com\/estilo-de-vida\/moda-estilo\/7-cosas-que-seguro-no-sabias-sobre-las\/","og_site_name":"Moda y estilo","article_publisher":"https:\/\/www.facebook.com\/euroresidentes\/","article_published_time":"2014-08-13T08:46:00+00:00","article_modified_time":"2016-12-19T12:14:39+00:00","og_image":[{"width":500,"height":296,"url":"https:\/\/www.euroresidentes.com\/estilo-de-vida\/moda-estilo\/wp-content\/uploads\/sites\/15\/2014\/08\/giphy.gif","type":"image\/gif"}],"author":"Carolina L\u00f3pez","twitter_card":"summary_large_image","twitter_misc":{"Written by":"Carolina L\u00f3pez","Est. reading time":"2 minutos"},"schema":{"@context":"https:\/\/schema.org","@graph":[{"@type":"WebPage","@id":"https:\/\/www.euroresidentes.com\/estilo-de-vida\/moda-estilo\/7-cosas-que-seguro-no-sabias-sobre-las\/","url":"https:\/\/www.euroresidentes.com\/estilo-de-vida\/moda-estilo\/7-cosas-que-seguro-no-sabias-sobre-las\/","name":"7 Cosas que seguro no sab\u00edas sobre las u\u00f1as - Moda y estilo","isPartOf":{"@id":"https:\/\/www.euroresidentes.com\/estilo-de-vida\/moda-estilo\/#website"},"primaryImageOfPage":{"@id":"https:\/\/www.euroresidentes.com\/estilo-de-vida\/moda-estilo\/7-cosas-que-seguro-no-sabias-sobre-las\/#primaryimage"},"image":{"@id":"https:\/\/www.euroresidentes.com\/estilo-de-vida\/moda-estilo\/7-cosas-que-seguro-no-sabias-sobre-las\/#primaryimage"},"thumbnailUrl":"https:\/\/www.euroresidentes.com\/estilo-de-vida\/moda-estilo\/wp-content\/uploads\/sites\/15\/2014\/08\/giphy.gif","datePublished":"2014-08-13T08:46:00+00:00","dateModified":"2016-12-19T12:14:39+00:00","author":{"@id":"https:\/\/www.euroresidentes.com\/estilo-de-vida\/moda-estilo\/#\/schema\/person\/3ba1d505487bddff8a4458ad5dd3f887"},"breadcrumb":{"@id":"https:\/\/www.euroresidentes.com\/estilo-de-vida\/moda-estilo\/7-cosas-que-seguro-no-sabias-sobre-las\/#breadcrumb"},"inLanguage":"es","potentialAction":[{"@type":"ReadAction","target":["https:\/\/www.euroresidentes.com\/estilo-de-vida\/moda-estilo\/7-cosas-que-seguro-no-sabias-sobre-las\/"]}]},{"@type":"ImageObject","inLanguage":"es","@id":"https:\/\/www.euroresidentes.com\/estilo-de-vida\/moda-estilo\/7-cosas-que-seguro-no-sabias-sobre-las\/#primaryimage","url":"https:\/\/www.euroresidentes.com\/estilo-de-vida\/moda-estilo\/wp-content\/uploads\/sites\/15\/2014\/08\/giphy.gif","contentUrl":"https:\/\/www.euroresidentes.com\/estilo-de-vida\/moda-estilo\/wp-content\/uploads\/sites\/15\/2014\/08\/giphy.gif","width":500,"height":296},{"@type":"BreadcrumbList","@id":"https:\/\/www.euroresidentes.com\/estilo-de-vida\/moda-estilo\/7-cosas-que-seguro-no-sabias-sobre-las\/#breadcrumb","itemListElement":[{"@type":"ListItem","position":1,"name":"Portada","item":"https:\/\/www.euroresidentes.com\/estilo-de-vida\/moda-estilo\/"},{"@type":"ListItem","position":2,"name":"7 Cosas que seguro no sab\u00edas sobre las u\u00f1as"}]},{"@type":"WebSite","@id":"https:\/\/www.euroresidentes.com\/estilo-de-vida\/moda-estilo\/#website","url":"https:\/\/www.euroresidentes.com\/estilo-de-vida\/moda-estilo\/","name":"Moda y estilo","description":"Tendencias de moda y belleza","potentialAction":[{"@type":"SearchAction","target":{"@type":"EntryPoint","urlTemplate":"https:\/\/www.euroresidentes.com\/estilo-de-vida\/moda-estilo\/?s={search_term_string}"},"query-input":{"@type":"PropertyValueSpecification","valueRequired":true,"valueName":"search_term_string"}}],"inLanguage":"es"},{"@type":"Person","@id":"https:\/\/www.euroresidentes.com\/estilo-de-vida\/moda-estilo\/#\/schema\/person\/3ba1d505487bddff8a4458ad5dd3f887","name":"Carolina L\u00f3pez","image":{"@type":"ImageObject","inLanguage":"es","@id":"https:\/\/www.euroresidentes.com\/estilo-de-vida\/moda-estilo\/#\/schema\/person\/image\/","url":"https:\/\/www.euroresidentes.com\/estilo-de-vida\/moda-estilo\/wp-content\/uploads\/sites\/15\/2016\/04\/12079094_10153243158757076_5246940149716144098_n-150x150.jpg","contentUrl":"https:\/\/www.euroresidentes.com\/estilo-de-vida\/moda-estilo\/wp-content\/uploads\/sites\/15\/2016\/04\/12079094_10153243158757076_5246940149716144098_n-150x150.jpg","caption":"Carolina L\u00f3pez"},"description":"Carolina L\u00f3pezLicenciada en Publicidad y RRPP","sameAs":["https:\/\/www.euroresidentes.com\/estilo-de-vida\/carolina-lopez.html"],"url":"https:\/\/www.euroresidentes.com\/estilo-de-vida\/moda-estilo\/author\/carolinalopez\/"}]}},"_links":{"self":[{"href":"https:\/\/www.euroresidentes.com\/estilo-de-vida\/moda-estilo\/wp-json\/wp\/v2\/posts\/1798","targetHints":{"allow":["GET"]}}],"collection":[{"href":"https:\/\/www.euroresidentes.com\/estilo-de-vida\/moda-estilo\/wp-json\/wp\/v2\/posts"}],"about":[{"href":"https:\/\/www.euroresidentes.com\/estilo-de-vida\/moda-estilo\/wp-json\/wp\/v2\/types\/post"}],"author":[{"embeddable":true,"href":"https:\/\/www.euroresidentes.com\/estilo-de-vida\/moda-estilo\/wp-json\/wp\/v2\/users\/16"}],"replies":[{"embeddable":true,"href":"https:\/\/www.euroresidentes.com\/estilo-de-vida\/moda-estilo\/wp-json\/wp\/v2\/comments?post=1798"}],"version-history":[{"count":1,"href":"https:\/\/www.euroresidentes.com\/estilo-de-vida\/moda-estilo\/wp-json\/wp\/v2\/posts\/1798\/revisions"}],"predecessor-version":[{"id":2266,"href":"https:\/\/www.euroresidentes.com\/estilo-de-vida\/moda-estilo\/wp-json\/wp\/v2\/posts\/1798\/revisions\/2266"}],"wp:featuredmedia":[{"embeddable":true,"href":"https:\/\/www.euroresidentes.com\/estilo-de-vida\/moda-estilo\/wp-json\/wp\/v2\/media\/2258"}],"wp:attachment":[{"href":"https:\/\/www.euroresidentes.com\/estilo-de-vida\/moda-estilo\/wp-json\/wp\/v2\/media?parent=1798"}],"wp:term":[{"taxonomy":"category","embeddable":true,"href":"https:\/\/www.euroresidentes.com\/estilo-de-vida\/moda-estilo\/wp-json\/wp\/v2\/categories?post=1798"},{"taxonomy":"post_tag","embeddable":true,"href":"https:\/\/www.euroresidentes.com\/estilo-de-vida\/moda-estilo\/wp-json\/wp\/v2\/tags?post=1798"}],"curies":[{"name":"wp","href":"https:\/\/api.w.org\/{rel}","templated":true}]}}