{"id":1781,"date":"2014-11-06T10:53:00","date_gmt":"2014-11-06T09:53:00","guid":{"rendered":"http:\/\/www.euroresidentes.com\/estilo-de-vida\/moda-estilo\/el-mejor-maquillaje-y-fotografia-de"},"modified":"2017-01-09T12:13:53","modified_gmt":"2017-01-09T11:13:53","slug":"el-mejor-maquillaje-y-fotografia-de","status":"publish","type":"post","link":"https:\/\/www.euroresidentes.com\/estilo-de-vida\/moda-estilo\/el-mejor-maquillaje-y-fotografia-de\/","title":{"rendered":"El mejor maquillaje y fotograf\u00eda de halloween"},"content":{"rendered":"<div dir=\"ltr\" style=\"text-align: left;\" trbidi=\"on\">\nPor fin llego <b>EL D\u00cdA<\/b> y ya tenemos una <b>fotograf\u00eda ganadora<\/b>&#8230;<\/p>\n<p>La fotograf\u00eda que <b>m\u00e1s \u00abMe Gusta\u00bb<\/b> ha tenido de los usuarios de facebook desde el jueves pasado hasta ayer noche ha sido&#8230; <b>Abigail Fern\u00e1ndez<\/b>,<\/p>\n<p><\/p>\n<div style=\"text-align: center;\">\n<b>&nbsp;\u00a1Enhorabuena!<\/b><\/div>\n<div class=\"separator\" style=\"clear: both; text-align: center;\">\n<a href=\"https:\/\/www.euroresidentes.com\/estilo-de-vida\/moda-estilo\/wp-content\/uploads\/sites\/15\/2014\/11\/abigailfernandez.jpg\" imageanchor=\"1\" style=\"margin-left: 1em; margin-right: 1em;\"><img decoding=\"async\" border=\"0\" src=\"https:\/\/www.euroresidentes.com\/estilo-de-vida\/moda-estilo\/wp-content\/uploads\/sites\/15\/2014\/11\/abigailfernandez.jpg\" \/><\/a><\/div>\n<div class=\"separator\" style=\"clear: both; text-align: center;\">\n<\/div>\n<div class=\"separator\" style=\"clear: both; text-align: center;\">\n<\/div>\n<div class=\"separator\" style=\"clear: both; text-align: center;\">\n<\/div>\n<div class=\"separator\" style=\"clear: both; text-align: center;\">\nMuy cerca con el <b>segundo puesto<\/b> tenemos a: <b>Elena Estrada<\/b><\/div>\n<div class=\"separator\" style=\"clear: both; text-align: center;\">\n<\/div>\n<div class=\"separator\" style=\"clear: both; text-align: center;\">\n<a href=\"https:\/\/www.euroresidentes.com\/estilo-de-vida\/moda-estilo\/wp-content\/uploads\/sites\/15\/2014\/11\/2-2044-elena-estrada.jpg\" imageanchor=\"1\" style=\"margin-left: 1em; margin-right: 1em;\"><img loading=\"lazy\" decoding=\"async\" border=\"0\" src=\"https:\/\/www.euroresidentes.com\/estilo-de-vida\/moda-estilo\/wp-content\/uploads\/sites\/15\/2014\/11\/2-2044-elena-estrada.jpg\" height=\"300\" width=\"400\" \/><\/a><\/div>\n<div class=\"separator\" style=\"clear: both; text-align: center;\">\n<\/div>\n<div class=\"separator\" style=\"clear: both; text-align: center;\">\n<\/div>\n<div class=\"separator\" style=\"clear: both; text-align: center;\">\n<\/div>\n<div class=\"separator\" style=\"clear: both; text-align: center;\">\nEn<b> tercera posici\u00f3n<\/b>, con m\u00e1s de 1700 &#8216;Me gustas&#8217;&#8230; <b>Arit Ibarra<\/b><\/div>\n<div class=\"separator\" style=\"clear: both; text-align: center;\">\n<b><br \/><\/b><\/div>\n<div class=\"separator\" style=\"clear: both; text-align: center;\">\n<a href=\"https:\/\/www.euroresidentes.com\/estilo-de-vida\/moda-estilo\/wp-content\/uploads\/sites\/15\/2014\/11\/3-1796-arit-ibarra.jpg\" imageanchor=\"1\" style=\"margin-left: 1em; margin-right: 1em;\"><img loading=\"lazy\" decoding=\"async\" border=\"0\" src=\"https:\/\/www.euroresidentes.com\/estilo-de-vida\/moda-estilo\/wp-content\/uploads\/sites\/15\/2014\/11\/3-1796-arit-ibarra.jpg\" height=\"640\" width=\"480\" \/><\/a><\/div>\n<div class=\"separator\" style=\"clear: both; text-align: center;\">\n<\/div>\n<div class=\"separator\" style=\"clear: both; text-align: center;\">\n<\/div>\n<div class=\"separator\" style=\"clear: both; text-align: center;\">\n<\/div>\n<div class=\"separator\" style=\"clear: both; text-align: center;\">\nEn <b>cuarta <\/b>a <b>Saara Oliveraa<\/b><\/div>\n<div class=\"separator\" style=\"clear: both; text-align: center;\">\n<\/div>\n<div class=\"separator\" style=\"clear: both; text-align: center;\">\n<a href=\"https:\/\/www.euroresidentes.com\/estilo-de-vida\/moda-estilo\/wp-content\/uploads\/sites\/15\/2014\/11\/4-1269-saara-oliveraa.jpg\" imageanchor=\"1\" style=\"margin-left: 1em; margin-right: 1em;\"><img loading=\"lazy\" decoding=\"async\" border=\"0\" src=\"https:\/\/www.euroresidentes.com\/estilo-de-vida\/moda-estilo\/wp-content\/uploads\/sites\/15\/2014\/11\/4-1269-saara-oliveraa.jpg\" height=\"400\" width=\"400\" \/><\/a><\/div>\n<div class=\"separator\" style=\"clear: both; text-align: center;\">\n<\/div>\n<div class=\"separator\" style=\"clear: both; text-align: center;\">\n<\/div>\n<div class=\"separator\" style=\"clear: both; text-align: center;\">\n<\/div>\n<div class=\"separator\" style=\"clear: both; text-align: center;\">\n<\/div>\n<div class=\"separator\" style=\"clear: both; text-align: center;\">\nY en <b>quinta posici\u00f3n<\/b> a <b>Camila Francisca<\/b><\/div>\n<div class=\"separator\" style=\"clear: both; text-align: center;\">\n<\/div>\n<div class=\"separator\" style=\"clear: both; text-align: center;\">\n<a href=\"https:\/\/www.euroresidentes.com\/estilo-de-vida\/moda-estilo\/wp-content\/uploads\/sites\/15\/2014\/11\/5-1212-Camila-francisca.jpg\" imageanchor=\"1\" style=\"margin-left: 1em; margin-right: 1em;\"><img loading=\"lazy\" decoding=\"async\" border=\"0\" src=\"https:\/\/www.euroresidentes.com\/estilo-de-vida\/moda-estilo\/wp-content\/uploads\/sites\/15\/2014\/11\/5-1212-Camila-francisca.jpg\" height=\"400\" width=\"300\" \/><\/a><\/div>\n<div class=\"separator\" style=\"clear: both; text-align: center;\">\n<\/div>\n<div class=\"separator\" style=\"clear: both; text-align: center;\">\n<\/div>\n<div class=\"separator\" style=\"clear: both; text-align: center;\">\n<\/div>\n<div class=\"separator\" style=\"clear: both; text-align: left;\">\nNos han <b>impresionado<\/b> todos los maquillajes, y a nivel de trabajo, sois todas unas aut\u00e9nticas <b>profesionales del maquillaje<\/b>. Esperamos que pod\u00e1is participar con nosotros en el <b>pr\u00f3ximo concurso<\/b>. <b>\u00a1Enhorabuena y gracias!&nbsp;<\/b><\/div>\n<p><\/div>\n","protected":false},"excerpt":{"rendered":"<p>Por fin llego EL D\u00cdA y ya tenemos una fotograf\u00eda ganadora&#8230; La fotograf\u00eda que m\u00e1s \u00abMe Gusta\u00bb ha tenido de los usuarios de facebook desde el jueves pasado hasta ayer noche ha sido&#8230; Abigail Fern\u00e1ndez, &nbsp;\u00a1Enhorabuena! Muy cerca con el segundo puesto tenemos a: Elena Estrada En tercera posici\u00f3n, con m\u00e1s de 1700 &#8216;Me gustas&#8217;&#8230; Arit Ibarra En cuarta a Saara Oliveraa Y en quinta posici\u00f3n a Camila Francisca Nos han impresionado todos los maquillajes, y a nivel de trabajo, sois todas unas aut\u00e9nticas profesionales del maquillaje. Esperamos que pod\u00e1is participar con nosotros en el pr\u00f3ximo concurso. \u00a1Enhorabuena y gracias!&nbsp;<\/p>\n","protected":false},"author":1,"featured_media":2103,"comment_status":"open","ping_status":"open","sticky":false,"template":"","format":"standard","meta":{"footnotes":""},"categories":[1],"tags":[],"class_list":["post-1781","post","type-post","status-publish","format-standard","has-post-thumbnail","hentry","category-general","has_thumb"],"yoast_head":"<!-- This site is optimized with the Yoast SEO plugin v24.1 - https:\/\/yoast.com\/wordpress\/plugins\/seo\/ -->\n<title>El mejor maquillaje y fotograf\u00eda de halloween - Moda y estilo<\/title>\n<meta name=\"robots\" content=\"index, follow, max-snippet:-1, max-image-preview:large, max-video-preview:-1\" \/>\n<link rel=\"canonical\" href=\"https:\/\/www.euroresidentes.com\/estilo-de-vida\/moda-estilo\/el-mejor-maquillaje-y-fotografia-de\/\" \/>\n<meta property=\"og:locale\" content=\"es_ES\" \/>\n<meta property=\"og:type\" content=\"article\" \/>\n<meta property=\"og:title\" content=\"El mejor maquillaje y fotograf\u00eda de halloween - Moda y estilo\" \/>\n<meta property=\"og:description\" content=\"Por fin llego EL D\u00cdA y ya tenemos una fotograf\u00eda ganadora&#8230; La fotograf\u00eda que m\u00e1s \u00abMe Gusta\u00bb ha tenido de los usuarios de facebook desde el jueves pasado hasta ayer noche ha sido&#8230; Abigail Fern\u00e1ndez, &nbsp;\u00a1Enhorabuena! Muy cerca con el segundo puesto tenemos a: Elena Estrada En tercera posici\u00f3n, con m\u00e1s de 1700 &#8216;Me gustas&#8217;&#8230; Arit Ibarra En cuarta a Saara Oliveraa Y en quinta posici\u00f3n a Camila Francisca Nos han impresionado todos los maquillajes, y a nivel de trabajo, sois todas unas aut\u00e9nticas profesionales del maquillaje. Esperamos que pod\u00e1is participar con nosotros en el pr\u00f3ximo concurso. \u00a1Enhorabuena y gracias!&nbsp;\" \/>\n<meta property=\"og:url\" content=\"https:\/\/www.euroresidentes.com\/estilo-de-vida\/moda-estilo\/el-mejor-maquillaje-y-fotografia-de\/\" \/>\n<meta property=\"og:site_name\" content=\"Moda y estilo\" \/>\n<meta property=\"article:publisher\" content=\"https:\/\/www.facebook.com\/euroresidentes\/\" \/>\n<meta property=\"article:published_time\" content=\"2014-11-06T09:53:00+00:00\" \/>\n<meta property=\"article:modified_time\" content=\"2017-01-09T11:13:53+00:00\" \/>\n<meta property=\"og:image\" content=\"https:\/\/www.euroresidentes.com\/estilo-de-vida\/moda-estilo\/wp-content\/uploads\/sites\/15\/2014\/11\/abigailfernandez.jpg\" \/>\n\t<meta property=\"og:image:width\" content=\"640\" \/>\n\t<meta property=\"og:image:height\" content=\"640\" \/>\n\t<meta property=\"og:image:type\" content=\"image\/jpeg\" \/>\n<meta name=\"author\" content=\"euroresidentes\" \/>\n<meta name=\"twitter:card\" content=\"summary_large_image\" \/>\n<meta name=\"twitter:label1\" content=\"Written by\" \/>\n\t<meta name=\"twitter:data1\" content=\"euroresidentes\" \/>\n\t<meta name=\"twitter:label2\" content=\"Est. reading time\" \/>\n\t<meta name=\"twitter:data2\" content=\"1 minuto\" \/>\n<script type=\"application\/ld+json\" class=\"yoast-schema-graph\">{\"@context\":\"https:\/\/schema.org\",\"@graph\":[{\"@type\":\"WebPage\",\"@id\":\"https:\/\/www.euroresidentes.com\/estilo-de-vida\/moda-estilo\/el-mejor-maquillaje-y-fotografia-de\/\",\"url\":\"https:\/\/www.euroresidentes.com\/estilo-de-vida\/moda-estilo\/el-mejor-maquillaje-y-fotografia-de\/\",\"name\":\"El mejor maquillaje y fotograf\u00eda de halloween - Moda y estilo\",\"isPartOf\":{\"@id\":\"https:\/\/www.euroresidentes.com\/estilo-de-vida\/moda-estilo\/#website\"},\"primaryImageOfPage\":{\"@id\":\"https:\/\/www.euroresidentes.com\/estilo-de-vida\/moda-estilo\/el-mejor-maquillaje-y-fotografia-de\/#primaryimage\"},\"image\":{\"@id\":\"https:\/\/www.euroresidentes.com\/estilo-de-vida\/moda-estilo\/el-mejor-maquillaje-y-fotografia-de\/#primaryimage\"},\"thumbnailUrl\":\"https:\/\/www.euroresidentes.com\/estilo-de-vida\/moda-estilo\/wp-content\/uploads\/sites\/15\/2014\/11\/abigailfernandez.jpg\",\"datePublished\":\"2014-11-06T09:53:00+00:00\",\"dateModified\":\"2017-01-09T11:13:53+00:00\",\"author\":{\"@id\":\"https:\/\/www.euroresidentes.com\/estilo-de-vida\/moda-estilo\/#\/schema\/person\/fe82cb6ed74ddbae5c55fc01bd42f368\"},\"breadcrumb\":{\"@id\":\"https:\/\/www.euroresidentes.com\/estilo-de-vida\/moda-estilo\/el-mejor-maquillaje-y-fotografia-de\/#breadcrumb\"},\"inLanguage\":\"es\",\"potentialAction\":[{\"@type\":\"ReadAction\",\"target\":[\"https:\/\/www.euroresidentes.com\/estilo-de-vida\/moda-estilo\/el-mejor-maquillaje-y-fotografia-de\/\"]}]},{\"@type\":\"ImageObject\",\"inLanguage\":\"es\",\"@id\":\"https:\/\/www.euroresidentes.com\/estilo-de-vida\/moda-estilo\/el-mejor-maquillaje-y-fotografia-de\/#primaryimage\",\"url\":\"https:\/\/www.euroresidentes.com\/estilo-de-vida\/moda-estilo\/wp-content\/uploads\/sites\/15\/2014\/11\/abigailfernandez.jpg\",\"contentUrl\":\"https:\/\/www.euroresidentes.com\/estilo-de-vida\/moda-estilo\/wp-content\/uploads\/sites\/15\/2014\/11\/abigailfernandez.jpg\",\"width\":640,\"height\":640},{\"@type\":\"BreadcrumbList\",\"@id\":\"https:\/\/www.euroresidentes.com\/estilo-de-vida\/moda-estilo\/el-mejor-maquillaje-y-fotografia-de\/#breadcrumb\",\"itemListElement\":[{\"@type\":\"ListItem\",\"position\":1,\"name\":\"Portada\",\"item\":\"https:\/\/www.euroresidentes.com\/estilo-de-vida\/moda-estilo\/\"},{\"@type\":\"ListItem\",\"position\":2,\"name\":\"El mejor maquillaje y fotograf\u00eda de halloween\"}]},{\"@type\":\"WebSite\",\"@id\":\"https:\/\/www.euroresidentes.com\/estilo-de-vida\/moda-estilo\/#website\",\"url\":\"https:\/\/www.euroresidentes.com\/estilo-de-vida\/moda-estilo\/\",\"name\":\"Moda y estilo\",\"description\":\"Tendencias de moda y belleza\",\"potentialAction\":[{\"@type\":\"SearchAction\",\"target\":{\"@type\":\"EntryPoint\",\"urlTemplate\":\"https:\/\/www.euroresidentes.com\/estilo-de-vida\/moda-estilo\/?s={search_term_string}\"},\"query-input\":{\"@type\":\"PropertyValueSpecification\",\"valueRequired\":true,\"valueName\":\"search_term_string\"}}],\"inLanguage\":\"es\"},{\"@type\":\"Person\",\"@id\":\"https:\/\/www.euroresidentes.com\/estilo-de-vida\/moda-estilo\/#\/schema\/person\/fe82cb6ed74ddbae5c55fc01bd42f368\",\"name\":\"euroresidentes\",\"image\":{\"@type\":\"ImageObject\",\"inLanguage\":\"es\",\"@id\":\"https:\/\/www.euroresidentes.com\/estilo-de-vida\/moda-estilo\/#\/schema\/person\/image\/\",\"url\":\"https:\/\/www.euroresidentes.com\/estilo-de-vida\/moda-estilo\/wp-content\/uploads\/sites\/15\/2016\/06\/logo-euroresidentes-150x150.png\",\"contentUrl\":\"https:\/\/www.euroresidentes.com\/estilo-de-vida\/moda-estilo\/wp-content\/uploads\/sites\/15\/2016\/06\/logo-euroresidentes-150x150.png\",\"caption\":\"euroresidentes\"},\"description\":\"EuroresidentesContenidos muy diversos sobre estilo de vida. Queremos emocionar y sorprender a nuestros usuarios, transmitir pasi\u00f3n por la vida y ayudar a las personas a resolver las necesidades grandes y peque\u00f1as de su vida cotidiana.\",\"sameAs\":[\"https:\/\/www.euroresidentes.com\/info.htm\"],\"url\":\"https:\/\/www.euroresidentes.com\/estilo-de-vida\/moda-estilo\/author\/euroresidentes\/\"}]}<\/script>\n<!-- \/ Yoast SEO plugin. -->","yoast_head_json":{"title":"El mejor maquillaje y fotograf\u00eda de halloween - Moda y estilo","robots":{"index":"index","follow":"follow","max-snippet":"max-snippet:-1","max-image-preview":"max-image-preview:large","max-video-preview":"max-video-preview:-1"},"canonical":"https:\/\/www.euroresidentes.com\/estilo-de-vida\/moda-estilo\/el-mejor-maquillaje-y-fotografia-de\/","og_locale":"es_ES","og_type":"article","og_title":"El mejor maquillaje y fotograf\u00eda de halloween - Moda y estilo","og_description":"Por fin llego EL D\u00cdA y ya tenemos una fotograf\u00eda ganadora&#8230; La fotograf\u00eda que m\u00e1s \u00abMe Gusta\u00bb ha tenido de los usuarios de facebook desde el jueves pasado hasta ayer noche ha sido&#8230; Abigail Fern\u00e1ndez, &nbsp;\u00a1Enhorabuena! Muy cerca con el segundo puesto tenemos a: Elena Estrada En tercera posici\u00f3n, con m\u00e1s de 1700 &#8216;Me gustas&#8217;&#8230; Arit Ibarra En cuarta a Saara Oliveraa Y en quinta posici\u00f3n a Camila Francisca Nos han impresionado todos los maquillajes, y a nivel de trabajo, sois todas unas aut\u00e9nticas profesionales del maquillaje. Esperamos que pod\u00e1is participar con nosotros en el pr\u00f3ximo concurso. \u00a1Enhorabuena y gracias!&nbsp;","og_url":"https:\/\/www.euroresidentes.com\/estilo-de-vida\/moda-estilo\/el-mejor-maquillaje-y-fotografia-de\/","og_site_name":"Moda y estilo","article_publisher":"https:\/\/www.facebook.com\/euroresidentes\/","article_published_time":"2014-11-06T09:53:00+00:00","article_modified_time":"2017-01-09T11:13:53+00:00","og_image":[{"width":640,"height":640,"url":"https:\/\/www.euroresidentes.com\/estilo-de-vida\/moda-estilo\/wp-content\/uploads\/sites\/15\/2014\/11\/abigailfernandez.jpg","type":"image\/jpeg"}],"author":"euroresidentes","twitter_card":"summary_large_image","twitter_misc":{"Written by":"euroresidentes","Est. reading time":"1 minuto"},"schema":{"@context":"https:\/\/schema.org","@graph":[{"@type":"WebPage","@id":"https:\/\/www.euroresidentes.com\/estilo-de-vida\/moda-estilo\/el-mejor-maquillaje-y-fotografia-de\/","url":"https:\/\/www.euroresidentes.com\/estilo-de-vida\/moda-estilo\/el-mejor-maquillaje-y-fotografia-de\/","name":"El mejor maquillaje y fotograf\u00eda de halloween - Moda y estilo","isPartOf":{"@id":"https:\/\/www.euroresidentes.com\/estilo-de-vida\/moda-estilo\/#website"},"primaryImageOfPage":{"@id":"https:\/\/www.euroresidentes.com\/estilo-de-vida\/moda-estilo\/el-mejor-maquillaje-y-fotografia-de\/#primaryimage"},"image":{"@id":"https:\/\/www.euroresidentes.com\/estilo-de-vida\/moda-estilo\/el-mejor-maquillaje-y-fotografia-de\/#primaryimage"},"thumbnailUrl":"https:\/\/www.euroresidentes.com\/estilo-de-vida\/moda-estilo\/wp-content\/uploads\/sites\/15\/2014\/11\/abigailfernandez.jpg","datePublished":"2014-11-06T09:53:00+00:00","dateModified":"2017-01-09T11:13:53+00:00","author":{"@id":"https:\/\/www.euroresidentes.com\/estilo-de-vida\/moda-estilo\/#\/schema\/person\/fe82cb6ed74ddbae5c55fc01bd42f368"},"breadcrumb":{"@id":"https:\/\/www.euroresidentes.com\/estilo-de-vida\/moda-estilo\/el-mejor-maquillaje-y-fotografia-de\/#breadcrumb"},"inLanguage":"es","potentialAction":[{"@type":"ReadAction","target":["https:\/\/www.euroresidentes.com\/estilo-de-vida\/moda-estilo\/el-mejor-maquillaje-y-fotografia-de\/"]}]},{"@type":"ImageObject","inLanguage":"es","@id":"https:\/\/www.euroresidentes.com\/estilo-de-vida\/moda-estilo\/el-mejor-maquillaje-y-fotografia-de\/#primaryimage","url":"https:\/\/www.euroresidentes.com\/estilo-de-vida\/moda-estilo\/wp-content\/uploads\/sites\/15\/2014\/11\/abigailfernandez.jpg","contentUrl":"https:\/\/www.euroresidentes.com\/estilo-de-vida\/moda-estilo\/wp-content\/uploads\/sites\/15\/2014\/11\/abigailfernandez.jpg","width":640,"height":640},{"@type":"BreadcrumbList","@id":"https:\/\/www.euroresidentes.com\/estilo-de-vida\/moda-estilo\/el-mejor-maquillaje-y-fotografia-de\/#breadcrumb","itemListElement":[{"@type":"ListItem","position":1,"name":"Portada","item":"https:\/\/www.euroresidentes.com\/estilo-de-vida\/moda-estilo\/"},{"@type":"ListItem","position":2,"name":"El mejor maquillaje y fotograf\u00eda de halloween"}]},{"@type":"WebSite","@id":"https:\/\/www.euroresidentes.com\/estilo-de-vida\/moda-estilo\/#website","url":"https:\/\/www.euroresidentes.com\/estilo-de-vida\/moda-estilo\/","name":"Moda y estilo","description":"Tendencias de moda y belleza","potentialAction":[{"@type":"SearchAction","target":{"@type":"EntryPoint","urlTemplate":"https:\/\/www.euroresidentes.com\/estilo-de-vida\/moda-estilo\/?s={search_term_string}"},"query-input":{"@type":"PropertyValueSpecification","valueRequired":true,"valueName":"search_term_string"}}],"inLanguage":"es"},{"@type":"Person","@id":"https:\/\/www.euroresidentes.com\/estilo-de-vida\/moda-estilo\/#\/schema\/person\/fe82cb6ed74ddbae5c55fc01bd42f368","name":"euroresidentes","image":{"@type":"ImageObject","inLanguage":"es","@id":"https:\/\/www.euroresidentes.com\/estilo-de-vida\/moda-estilo\/#\/schema\/person\/image\/","url":"https:\/\/www.euroresidentes.com\/estilo-de-vida\/moda-estilo\/wp-content\/uploads\/sites\/15\/2016\/06\/logo-euroresidentes-150x150.png","contentUrl":"https:\/\/www.euroresidentes.com\/estilo-de-vida\/moda-estilo\/wp-content\/uploads\/sites\/15\/2016\/06\/logo-euroresidentes-150x150.png","caption":"euroresidentes"},"description":"EuroresidentesContenidos muy diversos sobre estilo de vida. Queremos emocionar y sorprender a nuestros usuarios, transmitir pasi\u00f3n por la vida y ayudar a las personas a resolver las necesidades grandes y peque\u00f1as de su vida cotidiana.","sameAs":["https:\/\/www.euroresidentes.com\/info.htm"],"url":"https:\/\/www.euroresidentes.com\/estilo-de-vida\/moda-estilo\/author\/euroresidentes\/"}]}},"_links":{"self":[{"href":"https:\/\/www.euroresidentes.com\/estilo-de-vida\/moda-estilo\/wp-json\/wp\/v2\/posts\/1781","targetHints":{"allow":["GET"]}}],"collection":[{"href":"https:\/\/www.euroresidentes.com\/estilo-de-vida\/moda-estilo\/wp-json\/wp\/v2\/posts"}],"about":[{"href":"https:\/\/www.euroresidentes.com\/estilo-de-vida\/moda-estilo\/wp-json\/wp\/v2\/types\/post"}],"author":[{"embeddable":true,"href":"https:\/\/www.euroresidentes.com\/estilo-de-vida\/moda-estilo\/wp-json\/wp\/v2\/users\/1"}],"replies":[{"embeddable":true,"href":"https:\/\/www.euroresidentes.com\/estilo-de-vida\/moda-estilo\/wp-json\/wp\/v2\/comments?post=1781"}],"version-history":[{"count":1,"href":"https:\/\/www.euroresidentes.com\/estilo-de-vida\/moda-estilo\/wp-json\/wp\/v2\/posts\/1781\/revisions"}],"predecessor-version":[{"id":2108,"href":"https:\/\/www.euroresidentes.com\/estilo-de-vida\/moda-estilo\/wp-json\/wp\/v2\/posts\/1781\/revisions\/2108"}],"wp:featuredmedia":[{"embeddable":true,"href":"https:\/\/www.euroresidentes.com\/estilo-de-vida\/moda-estilo\/wp-json\/wp\/v2\/media\/2103"}],"wp:attachment":[{"href":"https:\/\/www.euroresidentes.com\/estilo-de-vida\/moda-estilo\/wp-json\/wp\/v2\/media?parent=1781"}],"wp:term":[{"taxonomy":"category","embeddable":true,"href":"https:\/\/www.euroresidentes.com\/estilo-de-vida\/moda-estilo\/wp-json\/wp\/v2\/categories?post=1781"},{"taxonomy":"post_tag","embeddable":true,"href":"https:\/\/www.euroresidentes.com\/estilo-de-vida\/moda-estilo\/wp-json\/wp\/v2\/tags?post=1781"}],"curies":[{"name":"wp","href":"https:\/\/api.w.org\/{rel}","templated":true}]}}