{"id":1765,"date":"2015-02-11T09:30:00","date_gmt":"2015-02-11T08:30:00","guid":{"rendered":"http:\/\/www.euroresidentes.com\/estilo-de-vida\/moda-estilo\/deslumbra-el-dia-de-san-valentin-parte_11"},"modified":"2016-12-19T13:14:36","modified_gmt":"2016-12-19T12:14:36","slug":"deslumbra-el-dia-de-san-valentin-parte_11","status":"publish","type":"post","link":"https:\/\/www.euroresidentes.com\/estilo-de-vida\/moda-estilo\/deslumbra-el-dia-de-san-valentin-parte_11\/","title":{"rendered":"Deslumbra el d\u00eda de San Valentin. Parte 2: Maqu\u00edllate"},"content":{"rendered":"<p>Una vez tengas tu cara preparada, desde el d\u00eda de antes, como bien os he contado en el post:<br \/>\n<a href=\"http:\/\/peluqueria-estetica.estudiantes.info\/2015\/02\/deslumbra-el-dia-de-san-valentin-parte.html\" target=\"_blank\">Deslumbra el d\u00eda de San Valentin. Parte 1: Prepara tu piel<\/a><\/p>\n<p>S\u00f3lo queda ponernos manos a la obra&#8230;<\/p>\n<div class=\"separator\" style=\"clear: both; text-align: center;\">\n<a href=\"https:\/\/www.euroresidentes.com\/estilo-de-vida\/moda-estilo\/wp-content\/uploads\/sites\/15\/2015\/02\/brochas.png\" imageanchor=\"1\" style=\"margin-left: 1em; margin-right: 1em;\"><img decoding=\"async\" border=\"0\" src=\"https:\/\/www.euroresidentes.com\/estilo-de-vida\/moda-estilo\/wp-content\/uploads\/sites\/15\/2015\/02\/brochas.png\" \/><\/a><\/div>\n<p><b>Maqu\u00edllate&nbsp;<\/b><\/p>\n<p>&#8211; Pre-Base de Maquillaje<br \/>\nAplicar antes de la base una pre-base. Este producto, se trata de una \u00abcrema transparente\u00bb o polvo blanco, que matifica la piel, evita brillos, cierra poros y ayuda a que tu maquillaje dure m\u00e1s tiempo.<\/p>\n<table align=\"center\" cellpadding=\"0\" cellspacing=\"0\" class=\"tr-caption-container\" style=\"margin-left: auto; margin-right: auto; text-align: center;\">\n<tbody>\n<tr>\n<td style=\"text-align: center;\"><a href=\"https:\/\/www.euroresidentes.com\/estilo-de-vida\/moda-estilo\/wp-content\/uploads\/sites\/15\/2015\/02\/prime.jpg\" imageanchor=\"1\" style=\"margin-left: auto; margin-right: auto;\"><img decoding=\"async\" border=\"0\" src=\"https:\/\/www.euroresidentes.com\/estilo-de-vida\/moda-estilo\/wp-content\/uploads\/sites\/15\/2015\/02\/prime.jpg\" \/><\/a><\/td>\n<\/tr>\n<tr>\n<td class=\"tr-caption\" style=\"text-align: center;\">1. Prebase iluminadora, BareMinerals; 2. Corrector One Step, Stila; 3. Corrector de plineas y poros, Nars; 4. Prep+Prime, de Mac<\/td>\n<\/tr>\n<\/tbody>\n<\/table>\n<p>\n&#8211; Base de maquillaje<br \/>\nCalienta la base de maquillaje en las palmas de la mano para facilitar su aplicaci\u00f3n. Puedes aplic\u00e1rtelo con una esponja h\u00fameda, o brocha de pelo de pato, para que no quede demasiado espesa la base en tu piel<br \/>\nComienza por la zona media del rostro, (ment\u00f3n, mejillas, frente) y esp\u00e1rcelo delicadamente del interior al exterior del rostro, de arriba abajo. Difumina en la zona de las orejas, cejas, y cuello.<\/p>\n<table align=\"center\" cellpadding=\"0\" cellspacing=\"0\" class=\"tr-caption-container\" style=\"margin-left: auto; margin-right: auto; text-align: center;\">\n<tbody>\n<tr>\n<td style=\"text-align: center;\"><a href=\"https:\/\/www.euroresidentes.com\/estilo-de-vida\/moda-estilo\/wp-content\/uploads\/sites\/15\/2015\/02\/maquillaje.jpg\" imageanchor=\"1\" style=\"margin-left: auto; margin-right: auto;\"><img decoding=\"async\" border=\"0\" src=\"https:\/\/www.euroresidentes.com\/estilo-de-vida\/moda-estilo\/wp-content\/uploads\/sites\/15\/2015\/02\/maquillaje.jpg\" \/><\/a><\/td>\n<\/tr>\n<tr>\n<td class=\"tr-caption\" style=\"text-align: center;\">1. Mousse de maquillaje, Maybelline; 2. Maquillaje l\u00edquido con aplicador, Clinique; 3. Maquillaje al agua, Chanel; 4. Maquillaje en barra, Bobbi Brown; 5. Maquillaje compacto, Nars<\/td>\n<\/tr>\n<\/tbody>\n<\/table>\n<p>&#8211; Corrector<br \/>\nLee atentamente el post dedicado a c\u00f3mo aplicar el corrector de forma eficaz.<br \/>\n<a href=\"http:\/\/peluqueria-estetica.estudiantes.info\/2015\/02\/10-trucos-para-aprender-utilizar-bien.html\" target=\"_blank\">10 trucos para aprender a utilizar bien el corrector<\/a><\/p>\n<p>\n-Polvos<br \/>\nPara terminar de pulir tu rostro debes utilizar unos polvos mate, que controlen brillos y el sudor. Se aplica con la esponja que suele venir con ellos, a golpecitos por toda la cara, de un color neutro.<br \/>\nEl colorete, es otra historia. Un buen truco para aplicarlo, es poner \u00abcara de pez\u00bb, y en la zona que queda metida, justo debajo de los p\u00f3mulos, se aplica con una brocha, de abajo a arriba.<\/p>\n<table align=\"center\" cellpadding=\"0\" cellspacing=\"0\" class=\"tr-caption-container\" style=\"margin-left: auto; margin-right: auto; text-align: center;\">\n<tbody>\n<tr>\n<td style=\"text-align: center;\"><a href=\"https:\/\/www.euroresidentes.com\/estilo-de-vida\/moda-estilo\/wp-content\/uploads\/sites\/15\/2015\/02\/polvos.jpg\" imageanchor=\"1\" style=\"margin-left: auto; margin-right: auto;\"><img decoding=\"async\" border=\"0\" src=\"https:\/\/www.euroresidentes.com\/estilo-de-vida\/moda-estilo\/wp-content\/uploads\/sites\/15\/2015\/02\/polvos.jpg\" \/><\/a><\/td>\n<\/tr>\n<tr>\n<td class=\"tr-caption\" style=\"text-align: center;\">1. Colorete de larga duraci\u00f3n, Mac; 2. Polvos compactos, Lancome; 3. Polvo iluminador, Bobbi Brown; 4. Colorete radiante, YSL; 5. Polvo bronceador, Benoit<\/td>\n<\/tr>\n<\/tbody>\n<\/table>\n<p>\n&#8211; Ojos<br \/>\nSoy una persona que se maquilla muy poco los ojos. Pero debo admitir, que soy una artista del eye-liner, y con poco que me haga, el dibujo del ojo queda siempre perfecto.<br \/>\nPara las que prefieran maquillarse con sombras, existen las de \u00ab3 pasos\u00bb que adem\u00e1s te dicen en que zona debes aplicar, qu\u00e9 determinado color.<br \/>\nNUNCA debes olvidarte del rimel.<\/p>\n<table align=\"center\" cellpadding=\"0\" cellspacing=\"0\" class=\"tr-caption-container\" style=\"margin-left: auto; margin-right: auto; text-align: center;\">\n<tbody>\n<tr>\n<td style=\"text-align: center;\"><a href=\"https:\/\/www.euroresidentes.com\/estilo-de-vida\/moda-estilo\/wp-content\/uploads\/sites\/15\/2015\/02\/ojos.jpg\" imageanchor=\"1\" style=\"margin-left: auto; margin-right: auto;\"><img decoding=\"async\" border=\"0\" src=\"https:\/\/www.euroresidentes.com\/estilo-de-vida\/moda-estilo\/wp-content\/uploads\/sites\/15\/2015\/02\/ojos.jpg\" \/><\/a><\/td>\n<\/tr>\n<tr>\n<td class=\"tr-caption\" style=\"text-align: center;\">1. Eye-liner, Chanel; 2. Liner en crema, Bobbi Brown; 3. Rimel, Benefit; 4. Paleta de marrones, Lancome<\/td>\n<\/tr>\n<\/tbody>\n<\/table>\n<p>\n&#8211; Labios<br \/>\nPersonalmente, me gustan los tonos oscuros, que tiran hacia color vino o viol\u00e1ceos. Pero debes utilizar el que te haga sentir m\u00e1s c\u00f3moda y guapa<\/p>\n<table align=\"center\" cellpadding=\"0\" cellspacing=\"0\" class=\"tr-caption-container\" style=\"margin-left: auto; margin-right: auto; text-align: center;\">\n<tbody>\n<tr>\n<td style=\"text-align: center;\"><a href=\"https:\/\/www.euroresidentes.com\/estilo-de-vida\/moda-estilo\/wp-content\/uploads\/sites\/15\/2015\/02\/labios.jpg\" imageanchor=\"1\" style=\"margin-left: auto; margin-right: auto;\"><img decoding=\"async\" border=\"0\" src=\"https:\/\/www.euroresidentes.com\/estilo-de-vida\/moda-estilo\/wp-content\/uploads\/sites\/15\/2015\/02\/labios.jpg\" \/><\/a><\/td>\n<\/tr>\n<tr>\n<td class=\"tr-caption\" style=\"text-align: center;\">1. Perfilador, MAC; 2. Barra de labios, Nars; 3. Reparador de labios, KIKO; 4. Brillo con color, YSL<\/td>\n<\/tr>\n<\/tbody>\n<\/table>\n","protected":false},"excerpt":{"rendered":"<p>Una vez tengas tu cara preparada, desde el d\u00eda de antes, como bien os he contado en el post: Deslumbra el d\u00eda de San Valentin. Parte 1: Prepara tu piel S\u00f3lo queda ponernos manos a la obra&#8230; Maqu\u00edllate&nbsp; &#8211; Pre-Base de Maquillaje Aplicar antes de la base una pre-base. Este producto, se trata de una \u00abcrema transparente\u00bb o polvo blanco, que matifica la piel, evita brillos, cierra poros y ayuda a que tu maquillaje dure m\u00e1s tiempo. 1. Prebase iluminadora, BareMinerals; 2. Corrector One Step, Stila; 3. Corrector de plineas y poros, Nars; 4. Prep+Prime, de Mac &#8211; Base de <\/p>\n","protected":false},"author":16,"featured_media":2003,"comment_status":"open","ping_status":"open","sticky":false,"template":"","format":"standard","meta":{"footnotes":""},"categories":[1],"tags":[],"class_list":["post-1765","post","type-post","status-publish","format-standard","has-post-thumbnail","hentry","category-general","has_thumb"],"yoast_head":"<!-- This site is optimized with the Yoast SEO plugin v24.1 - https:\/\/yoast.com\/wordpress\/plugins\/seo\/ -->\n<title>Deslumbra el d\u00eda de San Valentin. Parte 2: Maqu\u00edllate - Moda y estilo<\/title>\n<meta name=\"robots\" content=\"index, follow, max-snippet:-1, max-image-preview:large, max-video-preview:-1\" \/>\n<link rel=\"canonical\" href=\"https:\/\/www.euroresidentes.com\/estilo-de-vida\/moda-estilo\/deslumbra-el-dia-de-san-valentin-parte_11\/\" \/>\n<meta property=\"og:locale\" content=\"es_ES\" \/>\n<meta property=\"og:type\" content=\"article\" \/>\n<meta property=\"og:title\" content=\"Deslumbra el d\u00eda de San Valentin. Parte 2: Maqu\u00edllate - Moda y estilo\" \/>\n<meta property=\"og:description\" content=\"Una vez tengas tu cara preparada, desde el d\u00eda de antes, como bien os he contado en el post: Deslumbra el d\u00eda de San Valentin. Parte 1: Prepara tu piel S\u00f3lo queda ponernos manos a la obra&#8230; Maqu\u00edllate&nbsp; &#8211; Pre-Base de Maquillaje Aplicar antes de la base una pre-base. Este producto, se trata de una \u00abcrema transparente\u00bb o polvo blanco, que matifica la piel, evita brillos, cierra poros y ayuda a que tu maquillaje dure m\u00e1s tiempo. 1. Prebase iluminadora, BareMinerals; 2. Corrector One Step, Stila; 3. Corrector de plineas y poros, Nars; 4. Prep+Prime, de Mac &#8211; Base de\" \/>\n<meta property=\"og:url\" content=\"https:\/\/www.euroresidentes.com\/estilo-de-vida\/moda-estilo\/deslumbra-el-dia-de-san-valentin-parte_11\/\" \/>\n<meta property=\"og:site_name\" content=\"Moda y estilo\" \/>\n<meta property=\"article:publisher\" content=\"https:\/\/www.facebook.com\/euroresidentes\/\" \/>\n<meta property=\"article:published_time\" content=\"2015-02-11T08:30:00+00:00\" \/>\n<meta property=\"article:modified_time\" content=\"2016-12-19T12:14:36+00:00\" \/>\n<meta property=\"og:image\" content=\"https:\/\/www.euroresidentes.com\/estilo-de-vida\/moda-estilo\/wp-content\/uploads\/sites\/15\/2015\/02\/brochas.png\" \/>\n\t<meta property=\"og:image:width\" content=\"600\" \/>\n\t<meta property=\"og:image:height\" content=\"450\" \/>\n\t<meta property=\"og:image:type\" content=\"image\/png\" \/>\n<meta name=\"author\" content=\"Carolina L\u00f3pez\" \/>\n<meta name=\"twitter:card\" content=\"summary_large_image\" \/>\n<meta name=\"twitter:label1\" content=\"Written by\" \/>\n\t<meta name=\"twitter:data1\" content=\"Carolina L\u00f3pez\" \/>\n\t<meta name=\"twitter:label2\" content=\"Est. reading time\" \/>\n\t<meta name=\"twitter:data2\" content=\"2 minutos\" \/>\n<script type=\"application\/ld+json\" class=\"yoast-schema-graph\">{\"@context\":\"https:\/\/schema.org\",\"@graph\":[{\"@type\":\"WebPage\",\"@id\":\"https:\/\/www.euroresidentes.com\/estilo-de-vida\/moda-estilo\/deslumbra-el-dia-de-san-valentin-parte_11\/\",\"url\":\"https:\/\/www.euroresidentes.com\/estilo-de-vida\/moda-estilo\/deslumbra-el-dia-de-san-valentin-parte_11\/\",\"name\":\"Deslumbra el d\u00eda de San Valentin. Parte 2: Maqu\u00edllate - Moda y estilo\",\"isPartOf\":{\"@id\":\"https:\/\/www.euroresidentes.com\/estilo-de-vida\/moda-estilo\/#website\"},\"primaryImageOfPage\":{\"@id\":\"https:\/\/www.euroresidentes.com\/estilo-de-vida\/moda-estilo\/deslumbra-el-dia-de-san-valentin-parte_11\/#primaryimage\"},\"image\":{\"@id\":\"https:\/\/www.euroresidentes.com\/estilo-de-vida\/moda-estilo\/deslumbra-el-dia-de-san-valentin-parte_11\/#primaryimage\"},\"thumbnailUrl\":\"https:\/\/www.euroresidentes.com\/estilo-de-vida\/moda-estilo\/wp-content\/uploads\/sites\/15\/2015\/02\/brochas.png\",\"datePublished\":\"2015-02-11T08:30:00+00:00\",\"dateModified\":\"2016-12-19T12:14:36+00:00\",\"author\":{\"@id\":\"https:\/\/www.euroresidentes.com\/estilo-de-vida\/moda-estilo\/#\/schema\/person\/3ba1d505487bddff8a4458ad5dd3f887\"},\"breadcrumb\":{\"@id\":\"https:\/\/www.euroresidentes.com\/estilo-de-vida\/moda-estilo\/deslumbra-el-dia-de-san-valentin-parte_11\/#breadcrumb\"},\"inLanguage\":\"es\",\"potentialAction\":[{\"@type\":\"ReadAction\",\"target\":[\"https:\/\/www.euroresidentes.com\/estilo-de-vida\/moda-estilo\/deslumbra-el-dia-de-san-valentin-parte_11\/\"]}]},{\"@type\":\"ImageObject\",\"inLanguage\":\"es\",\"@id\":\"https:\/\/www.euroresidentes.com\/estilo-de-vida\/moda-estilo\/deslumbra-el-dia-de-san-valentin-parte_11\/#primaryimage\",\"url\":\"https:\/\/www.euroresidentes.com\/estilo-de-vida\/moda-estilo\/wp-content\/uploads\/sites\/15\/2015\/02\/brochas.png\",\"contentUrl\":\"https:\/\/www.euroresidentes.com\/estilo-de-vida\/moda-estilo\/wp-content\/uploads\/sites\/15\/2015\/02\/brochas.png\",\"width\":600,\"height\":450},{\"@type\":\"BreadcrumbList\",\"@id\":\"https:\/\/www.euroresidentes.com\/estilo-de-vida\/moda-estilo\/deslumbra-el-dia-de-san-valentin-parte_11\/#breadcrumb\",\"itemListElement\":[{\"@type\":\"ListItem\",\"position\":1,\"name\":\"Portada\",\"item\":\"https:\/\/www.euroresidentes.com\/estilo-de-vida\/moda-estilo\/\"},{\"@type\":\"ListItem\",\"position\":2,\"name\":\"Deslumbra el d\u00eda de San Valentin. Parte 2: Maqu\u00edllate\"}]},{\"@type\":\"WebSite\",\"@id\":\"https:\/\/www.euroresidentes.com\/estilo-de-vida\/moda-estilo\/#website\",\"url\":\"https:\/\/www.euroresidentes.com\/estilo-de-vida\/moda-estilo\/\",\"name\":\"Moda y estilo\",\"description\":\"Tendencias de moda y belleza\",\"potentialAction\":[{\"@type\":\"SearchAction\",\"target\":{\"@type\":\"EntryPoint\",\"urlTemplate\":\"https:\/\/www.euroresidentes.com\/estilo-de-vida\/moda-estilo\/?s={search_term_string}\"},\"query-input\":{\"@type\":\"PropertyValueSpecification\",\"valueRequired\":true,\"valueName\":\"search_term_string\"}}],\"inLanguage\":\"es\"},{\"@type\":\"Person\",\"@id\":\"https:\/\/www.euroresidentes.com\/estilo-de-vida\/moda-estilo\/#\/schema\/person\/3ba1d505487bddff8a4458ad5dd3f887\",\"name\":\"Carolina L\u00f3pez\",\"image\":{\"@type\":\"ImageObject\",\"inLanguage\":\"es\",\"@id\":\"https:\/\/www.euroresidentes.com\/estilo-de-vida\/moda-estilo\/#\/schema\/person\/image\/\",\"url\":\"https:\/\/www.euroresidentes.com\/estilo-de-vida\/moda-estilo\/wp-content\/uploads\/sites\/15\/2016\/04\/12079094_10153243158757076_5246940149716144098_n-150x150.jpg\",\"contentUrl\":\"https:\/\/www.euroresidentes.com\/estilo-de-vida\/moda-estilo\/wp-content\/uploads\/sites\/15\/2016\/04\/12079094_10153243158757076_5246940149716144098_n-150x150.jpg\",\"caption\":\"Carolina L\u00f3pez\"},\"description\":\"Carolina L\u00f3pezLicenciada en Publicidad y RRPP\",\"sameAs\":[\"https:\/\/www.euroresidentes.com\/estilo-de-vida\/carolina-lopez.html\"],\"url\":\"https:\/\/www.euroresidentes.com\/estilo-de-vida\/moda-estilo\/author\/carolinalopez\/\"}]}<\/script>\n<!-- \/ Yoast SEO plugin. -->","yoast_head_json":{"title":"Deslumbra el d\u00eda de San Valentin. Parte 2: Maqu\u00edllate - Moda y estilo","robots":{"index":"index","follow":"follow","max-snippet":"max-snippet:-1","max-image-preview":"max-image-preview:large","max-video-preview":"max-video-preview:-1"},"canonical":"https:\/\/www.euroresidentes.com\/estilo-de-vida\/moda-estilo\/deslumbra-el-dia-de-san-valentin-parte_11\/","og_locale":"es_ES","og_type":"article","og_title":"Deslumbra el d\u00eda de San Valentin. Parte 2: Maqu\u00edllate - Moda y estilo","og_description":"Una vez tengas tu cara preparada, desde el d\u00eda de antes, como bien os he contado en el post: Deslumbra el d\u00eda de San Valentin. Parte 1: Prepara tu piel S\u00f3lo queda ponernos manos a la obra&#8230; Maqu\u00edllate&nbsp; &#8211; Pre-Base de Maquillaje Aplicar antes de la base una pre-base. Este producto, se trata de una \u00abcrema transparente\u00bb o polvo blanco, que matifica la piel, evita brillos, cierra poros y ayuda a que tu maquillaje dure m\u00e1s tiempo. 1. Prebase iluminadora, BareMinerals; 2. Corrector One Step, Stila; 3. Corrector de plineas y poros, Nars; 4. Prep+Prime, de Mac &#8211; Base de","og_url":"https:\/\/www.euroresidentes.com\/estilo-de-vida\/moda-estilo\/deslumbra-el-dia-de-san-valentin-parte_11\/","og_site_name":"Moda y estilo","article_publisher":"https:\/\/www.facebook.com\/euroresidentes\/","article_published_time":"2015-02-11T08:30:00+00:00","article_modified_time":"2016-12-19T12:14:36+00:00","og_image":[{"width":600,"height":450,"url":"https:\/\/www.euroresidentes.com\/estilo-de-vida\/moda-estilo\/wp-content\/uploads\/sites\/15\/2015\/02\/brochas.png","type":"image\/png"}],"author":"Carolina L\u00f3pez","twitter_card":"summary_large_image","twitter_misc":{"Written by":"Carolina L\u00f3pez","Est. reading time":"2 minutos"},"schema":{"@context":"https:\/\/schema.org","@graph":[{"@type":"WebPage","@id":"https:\/\/www.euroresidentes.com\/estilo-de-vida\/moda-estilo\/deslumbra-el-dia-de-san-valentin-parte_11\/","url":"https:\/\/www.euroresidentes.com\/estilo-de-vida\/moda-estilo\/deslumbra-el-dia-de-san-valentin-parte_11\/","name":"Deslumbra el d\u00eda de San Valentin. Parte 2: Maqu\u00edllate - Moda y estilo","isPartOf":{"@id":"https:\/\/www.euroresidentes.com\/estilo-de-vida\/moda-estilo\/#website"},"primaryImageOfPage":{"@id":"https:\/\/www.euroresidentes.com\/estilo-de-vida\/moda-estilo\/deslumbra-el-dia-de-san-valentin-parte_11\/#primaryimage"},"image":{"@id":"https:\/\/www.euroresidentes.com\/estilo-de-vida\/moda-estilo\/deslumbra-el-dia-de-san-valentin-parte_11\/#primaryimage"},"thumbnailUrl":"https:\/\/www.euroresidentes.com\/estilo-de-vida\/moda-estilo\/wp-content\/uploads\/sites\/15\/2015\/02\/brochas.png","datePublished":"2015-02-11T08:30:00+00:00","dateModified":"2016-12-19T12:14:36+00:00","author":{"@id":"https:\/\/www.euroresidentes.com\/estilo-de-vida\/moda-estilo\/#\/schema\/person\/3ba1d505487bddff8a4458ad5dd3f887"},"breadcrumb":{"@id":"https:\/\/www.euroresidentes.com\/estilo-de-vida\/moda-estilo\/deslumbra-el-dia-de-san-valentin-parte_11\/#breadcrumb"},"inLanguage":"es","potentialAction":[{"@type":"ReadAction","target":["https:\/\/www.euroresidentes.com\/estilo-de-vida\/moda-estilo\/deslumbra-el-dia-de-san-valentin-parte_11\/"]}]},{"@type":"ImageObject","inLanguage":"es","@id":"https:\/\/www.euroresidentes.com\/estilo-de-vida\/moda-estilo\/deslumbra-el-dia-de-san-valentin-parte_11\/#primaryimage","url":"https:\/\/www.euroresidentes.com\/estilo-de-vida\/moda-estilo\/wp-content\/uploads\/sites\/15\/2015\/02\/brochas.png","contentUrl":"https:\/\/www.euroresidentes.com\/estilo-de-vida\/moda-estilo\/wp-content\/uploads\/sites\/15\/2015\/02\/brochas.png","width":600,"height":450},{"@type":"BreadcrumbList","@id":"https:\/\/www.euroresidentes.com\/estilo-de-vida\/moda-estilo\/deslumbra-el-dia-de-san-valentin-parte_11\/#breadcrumb","itemListElement":[{"@type":"ListItem","position":1,"name":"Portada","item":"https:\/\/www.euroresidentes.com\/estilo-de-vida\/moda-estilo\/"},{"@type":"ListItem","position":2,"name":"Deslumbra el d\u00eda de San Valentin. Parte 2: Maqu\u00edllate"}]},{"@type":"WebSite","@id":"https:\/\/www.euroresidentes.com\/estilo-de-vida\/moda-estilo\/#website","url":"https:\/\/www.euroresidentes.com\/estilo-de-vida\/moda-estilo\/","name":"Moda y estilo","description":"Tendencias de moda y belleza","potentialAction":[{"@type":"SearchAction","target":{"@type":"EntryPoint","urlTemplate":"https:\/\/www.euroresidentes.com\/estilo-de-vida\/moda-estilo\/?s={search_term_string}"},"query-input":{"@type":"PropertyValueSpecification","valueRequired":true,"valueName":"search_term_string"}}],"inLanguage":"es"},{"@type":"Person","@id":"https:\/\/www.euroresidentes.com\/estilo-de-vida\/moda-estilo\/#\/schema\/person\/3ba1d505487bddff8a4458ad5dd3f887","name":"Carolina L\u00f3pez","image":{"@type":"ImageObject","inLanguage":"es","@id":"https:\/\/www.euroresidentes.com\/estilo-de-vida\/moda-estilo\/#\/schema\/person\/image\/","url":"https:\/\/www.euroresidentes.com\/estilo-de-vida\/moda-estilo\/wp-content\/uploads\/sites\/15\/2016\/04\/12079094_10153243158757076_5246940149716144098_n-150x150.jpg","contentUrl":"https:\/\/www.euroresidentes.com\/estilo-de-vida\/moda-estilo\/wp-content\/uploads\/sites\/15\/2016\/04\/12079094_10153243158757076_5246940149716144098_n-150x150.jpg","caption":"Carolina L\u00f3pez"},"description":"Carolina L\u00f3pezLicenciada en Publicidad y RRPP","sameAs":["https:\/\/www.euroresidentes.com\/estilo-de-vida\/carolina-lopez.html"],"url":"https:\/\/www.euroresidentes.com\/estilo-de-vida\/moda-estilo\/author\/carolinalopez\/"}]}},"_links":{"self":[{"href":"https:\/\/www.euroresidentes.com\/estilo-de-vida\/moda-estilo\/wp-json\/wp\/v2\/posts\/1765","targetHints":{"allow":["GET"]}}],"collection":[{"href":"https:\/\/www.euroresidentes.com\/estilo-de-vida\/moda-estilo\/wp-json\/wp\/v2\/posts"}],"about":[{"href":"https:\/\/www.euroresidentes.com\/estilo-de-vida\/moda-estilo\/wp-json\/wp\/v2\/types\/post"}],"author":[{"embeddable":true,"href":"https:\/\/www.euroresidentes.com\/estilo-de-vida\/moda-estilo\/wp-json\/wp\/v2\/users\/16"}],"replies":[{"embeddable":true,"href":"https:\/\/www.euroresidentes.com\/estilo-de-vida\/moda-estilo\/wp-json\/wp\/v2\/comments?post=1765"}],"version-history":[{"count":1,"href":"https:\/\/www.euroresidentes.com\/estilo-de-vida\/moda-estilo\/wp-json\/wp\/v2\/posts\/1765\/revisions"}],"predecessor-version":[{"id":2009,"href":"https:\/\/www.euroresidentes.com\/estilo-de-vida\/moda-estilo\/wp-json\/wp\/v2\/posts\/1765\/revisions\/2009"}],"wp:featuredmedia":[{"embeddable":true,"href":"https:\/\/www.euroresidentes.com\/estilo-de-vida\/moda-estilo\/wp-json\/wp\/v2\/media\/2003"}],"wp:attachment":[{"href":"https:\/\/www.euroresidentes.com\/estilo-de-vida\/moda-estilo\/wp-json\/wp\/v2\/media?parent=1765"}],"wp:term":[{"taxonomy":"category","embeddable":true,"href":"https:\/\/www.euroresidentes.com\/estilo-de-vida\/moda-estilo\/wp-json\/wp\/v2\/categories?post=1765"},{"taxonomy":"post_tag","embeddable":true,"href":"https:\/\/www.euroresidentes.com\/estilo-de-vida\/moda-estilo\/wp-json\/wp\/v2\/tags?post=1765"}],"curies":[{"name":"wp","href":"https:\/\/api.w.org\/{rel}","templated":true}]}}