{"id":1762,"date":"2015-05-04T13:10:00","date_gmt":"2015-05-04T11:10:00","guid":{"rendered":"http:\/\/www.euroresidentes.com\/estilo-de-vida\/moda-estilo\/prepara-tu-piel-para-el-sol-6-cosas-que"},"modified":"2018-05-24T12:31:14","modified_gmt":"2018-05-24T10:31:14","slug":"prepara-tu-piel-para-el-sol-6-cosas-que","status":"publish","type":"post","link":"https:\/\/www.euroresidentes.com\/estilo-de-vida\/moda-estilo\/prepara-tu-piel-para-el-sol-6-cosas-que\/","title":{"rendered":"Prepara tu piel para el sol: 6 cosas que hacer para lucir un moreno perfecto"},"content":{"rendered":"<p>Comienza el buen tiempo y las ganas de tumbarse en la playa para recibir todo el color que nuestra piel admita. Si bien es cierto que con los consejos que te doy a continuaci\u00f3n no te pondr\u00e1n moreno al instante, s\u00ed preparar\u00e1n tu piel para no sufrir quemaduras, adem\u00e1s de ayudarte a que el color sea uniforme y de un tono dorado, so\u00f1ado por todas.<\/p>\n<p><!-- inserta publi --><\/p>\n<h2>Estas son las 6 cosas que debes hacer para lucir un moreno perfecto<\/h2>\n<h3><b>1. Exfoliar tu cuerpo<\/b><\/h3>\n<p>La piel se exfolia por una cuesti\u00f3n est\u00e9tica y es necesario hacerlo una o dos veces a la semanas durante todo el a\u00f1o. De este modo se eliminan las c\u00e9lulas muerta de la piel y esta se ver\u00e1 m\u00e1s lisa.<\/p>\n<div class=\"separator\" style=\"clear: both; text-align: center;\"><a style=\"margin-left: 1em; margin-right: 1em;\" href=\"https:\/\/www.euroresidentes.com\/estilo-de-vida\/moda-estilo\/wp-content\/uploads\/sites\/15\/2015\/05\/preparar-piel-sol-exfoliar-euroresidentes.jpg\"><img decoding=\"async\" src=\"https:\/\/www.euroresidentes.com\/estilo-de-vida\/moda-estilo\/wp-content\/uploads\/sites\/15\/2015\/05\/preparar-piel-sol-exfoliar-euroresidentes.jpg\" alt=\"\" border=\"0\" \/><\/a><\/div>\n<p> Pero si semanas antes de exponernos al sol nos realizamos un tratamiento intensivo de exfoliaci\u00f3n, aunque no te ayudar\u00e1 a coger m\u00e1s color, s\u00ed que \u00e9ste se ver\u00e1 m\u00e1s uniforme y de un tono m\u00e1s bonito.<br \/> Existen exfoliantes que venden en tiendas de est\u00e9tica y droguer\u00edas, aunque tambi\u00e9n os propongo la opci\u00f3n casera: <a href=\"http:\/\/peluqueria-estetica.estudiantes.info\/2014\/10\/5-tratamientos-de-belleza-totalmente.html\" target=\"_blank\">5 tratamientos de belleza totalmente caseros<\/a><\/p>\n<h3><b>2. Hidrata tu piel con una buena crema<\/b><\/h3>\n<p>Para que el sol penetre bien en tu piel y conseguir ese tono dorado ideal, debes tener una piel muy bien hidratada.<\/p>\n<div class=\"separator\" style=\"clear: both; text-align: center;\"><a style=\"margin-left: 1em; margin-right: 1em;\" href=\"https:\/\/www.euroresidentes.com\/estilo-de-vida\/moda-estilo\/wp-content\/uploads\/sites\/15\/2015\/05\/preparar-piel-sol-hidratate-euroresidentes.jpg\"><img decoding=\"async\" src=\"https:\/\/www.euroresidentes.com\/estilo-de-vida\/moda-estilo\/wp-content\/uploads\/sites\/15\/2015\/05\/preparar-piel-sol-hidratate-euroresidentes.jpg\" alt=\"\" border=\"0\" \/><\/a><\/div>\n<p> Utiliza durante todo el a\u00f1o, despu\u00e9s de salir de la ducha, aceites y cremas corporales que mantengan la hidrataci\u00f3n de tu cuerpo. Adem\u00e1s de estar preparada para la sequedad del sol, tendr\u00e1s una piel mucho m\u00e1s suave y flexible.<\/p>\n<h3><b>3. Beber mucha agua<\/b><\/h3>\n<p>Este punto va directamente relacionado con el anterior.<\/p>\n<div class=\"separator\" style=\"clear: both; text-align: center;\"><a style=\"margin-left: 1em; margin-right: 1em;\" href=\"https:\/\/www.euroresidentes.com\/estilo-de-vida\/moda-estilo\/wp-content\/uploads\/sites\/15\/2015\/05\/preparar-piel-sol-hidratacion-euroresidentes.jpg\"><img decoding=\"async\" src=\"https:\/\/www.euroresidentes.com\/estilo-de-vida\/moda-estilo\/wp-content\/uploads\/sites\/15\/2015\/05\/preparar-piel-sol-hidratacion-euroresidentes.jpg\" alt=\"\" border=\"0\" \/><\/a><\/div>\n<p> La hidrataci\u00f3n de la piel no s\u00f3lo es externa, tambi\u00e9n necesitas estar bien hidratada por dentro. Tomar 1&#8217;5 &#8211; 2 litros al d\u00eda de agua, ser\u00eda lo ideal, pero tambi\u00e9n puedes combinarlo con t\u00e9s e infusiones para que no te aburras de tomar tanta agua.<\/p>\n<h3><b>4. Usar autobronceadores<\/b><\/h3>\n<p>Aunque no soy muy fan de estos, s\u00ed que es cierto que aplic\u00e1ndote autobronceador d\u00edas antes de tomar el sol por primera vez en el a\u00f1o, ayudar\u00e1s a unificar el tono de tu piel y que el sol te de por todas las zonas por igual. Este truco es perfecto si tu color de piel es excesivamente blanco y te da verg\u00fcenza comenzar el verano de un blanco espectral.<br \/> ADVERTENCIA: Los autobronceadores no llevan protecci\u00f3n, as\u00ed que si decides aplicarte \u00e9ste, no te olvides de poner un plus de protecci\u00f3n.<\/p>\n<h3><b>5. Utilizar un protector solar espec\u00edfico para cada zona y tipo de piel<\/b><\/h3>\n<p>Para la cara, por ejemplo, deber\u00edas utilizar una protecci\u00f3n superior a la del cuerpo.<\/p>\n<div class=\"separator\" style=\"clear: both; text-align: center;\"><a style=\"margin-left: 1em; margin-right: 1em;\" href=\"https:\/\/www.euroresidentes.com\/estilo-de-vida\/moda-estilo\/wp-content\/uploads\/sites\/15\/2015\/05\/preparar-piel-sol-crema-especifica-euroresidentes.jpg\"><img decoding=\"async\" src=\"https:\/\/www.euroresidentes.com\/estilo-de-vida\/moda-estilo\/wp-content\/uploads\/sites\/15\/2015\/05\/preparar-piel-sol-crema-especifica-euroresidentes.jpg\" alt=\"\" border=\"0\" \/><\/a><\/div>\n<p> Yo utilizo factor\u00a0+50 con maquillaje, aunque parezca una protecci\u00f3n muy alta, \u00a1no lo es! Cojo color en la cara, pero evito las horribles manchas de la piel. Esto lo hago durante todo el a\u00f1o, ya que la piel de la cara es m\u00e1s d\u00e9bil y est\u00e1 m\u00e1s expuesta.<br \/> Para el cuerpo, combino el aceite con baja protecci\u00f3n con cremas de factor superior a 10.<\/p>\n<h3><b>6. Aporte vitam\u00ednico<\/b><\/h3>\n<p>Una dieta equilibrada y sana, que contenga alimentos ricos en beta-caroteno, vitaminas A, C y E, y antioxidantes, aportar\u00e1n a tu piel hidrataci\u00f3n y ese tono dorado de ensue\u00f1o.<\/p>\n<div class=\"separator\" style=\"clear: both; text-align: center;\"><a style=\"margin-left: 1em; margin-right: 1em;\" href=\"https:\/\/www.euroresidentes.com\/estilo-de-vida\/moda-estilo\/wp-content\/uploads\/sites\/15\/2015\/05\/preparar-piel-sol-vitaminas-euroresidentes.jpg\"><img decoding=\"async\" src=\"https:\/\/www.euroresidentes.com\/estilo-de-vida\/moda-estilo\/wp-content\/uploads\/sites\/15\/2015\/05\/preparar-piel-sol-vitaminas-euroresidentes.jpg\" alt=\"\" border=\"0\" \/><\/a><\/div>\n<p> Algo tan simple como tomarte una zanahoria, tres albaricoques o un t\u00e9 verde al d\u00eda, te ayudar\u00e1n a potenciar tu bronceado. Puedes encontrar las citadas vitaminas en comprimidos, en farmacias y parafarmacias.<\/p>\n<div class=\"separator\" style=\"clear: both; text-align: left;\"><b>Debes tener siempre presente estas dos palabras a la hora de tomar el sol: PREVENCI\u00d3N y PROTECCI\u00d3N.<\/b><\/p>\n<p> Evita quemarte, ya que al hacerlo te pelar\u00e1s y perder\u00e1s la primera capa de piel, que te aporta gran cantidad de melanina.<br \/> Consecuentemente, evita tomar el sol de 12h a 16h y si lo haces, debes ir tapado con una gorra o sombrero de ala ancha, adem\u00e1s de seguir todas las indicaciones anteriormente dadas.<\/p>\n<p> Sigue leyendo:<br \/> \u00a0&#8211;\u00a0<a href=\"http:\/\/peluqueria-estetica.estudiantes.info\/2014\/04\/3-secretos-para-ponerme-morena-de-forma.html\" target=\"_blank\">3 secretos para ponerme morena de forma natural<\/a><br \/> \u00a0&#8211;\u00a0<a href=\"http:\/\/peluqueria-estetica.estudiantes.info\/2014\/07\/en-verano-cambia-tu-rutina-de-belleza.html\" target=\"_blank\">En verano, cambia tu rutina de belleza<\/a><\/div>\n","protected":false},"excerpt":{"rendered":"<p>Comienza el buen tiempo y las ganas de tumbarse en la playa para recibir todo el color que nuestra piel admita. Si bien es cierto que con los consejos que te doy a continuaci\u00f3n no te pondr\u00e1n moreno al instante, s\u00ed preparar\u00e1n tu piel para no sufrir quemaduras, adem\u00e1s de ayudarte a que el color sea uniforme y de un tono dorado, so\u00f1ado por todas. Estas son las 6 cosas que debes hacer para lucir un moreno perfecto 1. Exfoliar tu cuerpo La piel se exfolia por una cuesti\u00f3n est\u00e9tica y es necesario hacerlo una o dos veces a la <\/p>\n","protected":false},"author":16,"featured_media":1978,"comment_status":"open","ping_status":"open","sticky":false,"template":"","format":"standard","meta":{"footnotes":""},"categories":[1],"tags":[15],"class_list":["post-1762","post","type-post","status-publish","format-standard","has-post-thumbnail","hentry","category-general","tag-consejos-de-belleza","has_thumb"],"yoast_head":"<!-- This site is optimized with the Yoast SEO plugin v24.1 - https:\/\/yoast.com\/wordpress\/plugins\/seo\/ -->\n<title>6 cosas que hacer para lucir un moreno perfecto<\/title>\n<meta name=\"description\" content=\"Comienza el buen tiempo y las ganas de tumbarse en la playa. Estas son las 6 cosas que debes hacer para lucir un moreno perfecto.\" \/>\n<meta name=\"robots\" content=\"index, follow, max-snippet:-1, max-image-preview:large, max-video-preview:-1\" \/>\n<link rel=\"canonical\" href=\"https:\/\/www.euroresidentes.com\/estilo-de-vida\/moda-estilo\/prepara-tu-piel-para-el-sol-6-cosas-que\/\" \/>\n<meta property=\"og:locale\" content=\"es_ES\" \/>\n<meta property=\"og:type\" content=\"article\" \/>\n<meta property=\"og:title\" content=\"6 cosas que hacer para lucir un moreno perfecto\" \/>\n<meta property=\"og:description\" content=\"Comienza el buen tiempo y las ganas de tumbarse en la playa. Estas son las 6 cosas que debes hacer para lucir un moreno perfecto.\" \/>\n<meta property=\"og:url\" content=\"https:\/\/www.euroresidentes.com\/estilo-de-vida\/moda-estilo\/prepara-tu-piel-para-el-sol-6-cosas-que\/\" \/>\n<meta property=\"og:site_name\" content=\"Moda y estilo\" \/>\n<meta property=\"article:publisher\" content=\"https:\/\/www.facebook.com\/euroresidentes\/\" \/>\n<meta property=\"article:published_time\" content=\"2015-05-04T11:10:00+00:00\" \/>\n<meta property=\"article:modified_time\" content=\"2018-05-24T10:31:14+00:00\" \/>\n<meta property=\"og:image\" content=\"https:\/\/www.euroresidentes.com\/estilo-de-vida\/moda-estilo\/wp-content\/uploads\/sites\/15\/2015\/05\/preparar-piel-sol-morena-euroresidentes.jpg\" \/>\n\t<meta property=\"og:image:width\" content=\"700\" \/>\n\t<meta property=\"og:image:height\" content=\"525\" \/>\n\t<meta property=\"og:image:type\" content=\"image\/jpeg\" \/>\n<meta name=\"author\" content=\"Carolina L\u00f3pez\" \/>\n<meta name=\"twitter:card\" content=\"summary_large_image\" \/>\n<meta name=\"twitter:label1\" content=\"Written by\" \/>\n\t<meta name=\"twitter:data1\" content=\"Carolina L\u00f3pez\" \/>\n\t<meta name=\"twitter:label2\" content=\"Est. reading time\" \/>\n\t<meta name=\"twitter:data2\" content=\"3 minutos\" \/>\n<script type=\"application\/ld+json\" class=\"yoast-schema-graph\">{\"@context\":\"https:\/\/schema.org\",\"@graph\":[{\"@type\":\"WebPage\",\"@id\":\"https:\/\/www.euroresidentes.com\/estilo-de-vida\/moda-estilo\/prepara-tu-piel-para-el-sol-6-cosas-que\/\",\"url\":\"https:\/\/www.euroresidentes.com\/estilo-de-vida\/moda-estilo\/prepara-tu-piel-para-el-sol-6-cosas-que\/\",\"name\":\"6 cosas que hacer para lucir un moreno perfecto\",\"isPartOf\":{\"@id\":\"https:\/\/www.euroresidentes.com\/estilo-de-vida\/moda-estilo\/#website\"},\"primaryImageOfPage\":{\"@id\":\"https:\/\/www.euroresidentes.com\/estilo-de-vida\/moda-estilo\/prepara-tu-piel-para-el-sol-6-cosas-que\/#primaryimage\"},\"image\":{\"@id\":\"https:\/\/www.euroresidentes.com\/estilo-de-vida\/moda-estilo\/prepara-tu-piel-para-el-sol-6-cosas-que\/#primaryimage\"},\"thumbnailUrl\":\"https:\/\/www.euroresidentes.com\/estilo-de-vida\/moda-estilo\/wp-content\/uploads\/sites\/15\/2015\/05\/preparar-piel-sol-morena-euroresidentes.jpg\",\"datePublished\":\"2015-05-04T11:10:00+00:00\",\"dateModified\":\"2018-05-24T10:31:14+00:00\",\"author\":{\"@id\":\"https:\/\/www.euroresidentes.com\/estilo-de-vida\/moda-estilo\/#\/schema\/person\/3ba1d505487bddff8a4458ad5dd3f887\"},\"description\":\"Comienza el buen tiempo y las ganas de tumbarse en la playa. Estas son las 6 cosas que debes hacer para lucir un moreno perfecto.\",\"breadcrumb\":{\"@id\":\"https:\/\/www.euroresidentes.com\/estilo-de-vida\/moda-estilo\/prepara-tu-piel-para-el-sol-6-cosas-que\/#breadcrumb\"},\"inLanguage\":\"es\",\"potentialAction\":[{\"@type\":\"ReadAction\",\"target\":[\"https:\/\/www.euroresidentes.com\/estilo-de-vida\/moda-estilo\/prepara-tu-piel-para-el-sol-6-cosas-que\/\"]}]},{\"@type\":\"ImageObject\",\"inLanguage\":\"es\",\"@id\":\"https:\/\/www.euroresidentes.com\/estilo-de-vida\/moda-estilo\/prepara-tu-piel-para-el-sol-6-cosas-que\/#primaryimage\",\"url\":\"https:\/\/www.euroresidentes.com\/estilo-de-vida\/moda-estilo\/wp-content\/uploads\/sites\/15\/2015\/05\/preparar-piel-sol-morena-euroresidentes.jpg\",\"contentUrl\":\"https:\/\/www.euroresidentes.com\/estilo-de-vida\/moda-estilo\/wp-content\/uploads\/sites\/15\/2015\/05\/preparar-piel-sol-morena-euroresidentes.jpg\",\"width\":700,\"height\":525},{\"@type\":\"BreadcrumbList\",\"@id\":\"https:\/\/www.euroresidentes.com\/estilo-de-vida\/moda-estilo\/prepara-tu-piel-para-el-sol-6-cosas-que\/#breadcrumb\",\"itemListElement\":[{\"@type\":\"ListItem\",\"position\":1,\"name\":\"Portada\",\"item\":\"https:\/\/www.euroresidentes.com\/estilo-de-vida\/moda-estilo\/\"},{\"@type\":\"ListItem\",\"position\":2,\"name\":\"Prepara tu piel para el sol: 6 cosas que hacer para lucir un moreno perfecto\"}]},{\"@type\":\"WebSite\",\"@id\":\"https:\/\/www.euroresidentes.com\/estilo-de-vida\/moda-estilo\/#website\",\"url\":\"https:\/\/www.euroresidentes.com\/estilo-de-vida\/moda-estilo\/\",\"name\":\"Moda y estilo\",\"description\":\"Tendencias de moda y belleza\",\"potentialAction\":[{\"@type\":\"SearchAction\",\"target\":{\"@type\":\"EntryPoint\",\"urlTemplate\":\"https:\/\/www.euroresidentes.com\/estilo-de-vida\/moda-estilo\/?s={search_term_string}\"},\"query-input\":{\"@type\":\"PropertyValueSpecification\",\"valueRequired\":true,\"valueName\":\"search_term_string\"}}],\"inLanguage\":\"es\"},{\"@type\":\"Person\",\"@id\":\"https:\/\/www.euroresidentes.com\/estilo-de-vida\/moda-estilo\/#\/schema\/person\/3ba1d505487bddff8a4458ad5dd3f887\",\"name\":\"Carolina L\u00f3pez\",\"image\":{\"@type\":\"ImageObject\",\"inLanguage\":\"es\",\"@id\":\"https:\/\/www.euroresidentes.com\/estilo-de-vida\/moda-estilo\/#\/schema\/person\/image\/\",\"url\":\"https:\/\/www.euroresidentes.com\/estilo-de-vida\/moda-estilo\/wp-content\/uploads\/sites\/15\/2016\/04\/12079094_10153243158757076_5246940149716144098_n-150x150.jpg\",\"contentUrl\":\"https:\/\/www.euroresidentes.com\/estilo-de-vida\/moda-estilo\/wp-content\/uploads\/sites\/15\/2016\/04\/12079094_10153243158757076_5246940149716144098_n-150x150.jpg\",\"caption\":\"Carolina L\u00f3pez\"},\"description\":\"Carolina L\u00f3pezLicenciada en Publicidad y RRPP\",\"sameAs\":[\"https:\/\/www.euroresidentes.com\/estilo-de-vida\/carolina-lopez.html\"],\"url\":\"https:\/\/www.euroresidentes.com\/estilo-de-vida\/moda-estilo\/author\/carolinalopez\/\"}]}<\/script>\n<!-- \/ Yoast SEO plugin. -->","yoast_head_json":{"title":"6 cosas que hacer para lucir un moreno perfecto","description":"Comienza el buen tiempo y las ganas de tumbarse en la playa. Estas son las 6 cosas que debes hacer para lucir un moreno perfecto.","robots":{"index":"index","follow":"follow","max-snippet":"max-snippet:-1","max-image-preview":"max-image-preview:large","max-video-preview":"max-video-preview:-1"},"canonical":"https:\/\/www.euroresidentes.com\/estilo-de-vida\/moda-estilo\/prepara-tu-piel-para-el-sol-6-cosas-que\/","og_locale":"es_ES","og_type":"article","og_title":"6 cosas que hacer para lucir un moreno perfecto","og_description":"Comienza el buen tiempo y las ganas de tumbarse en la playa. Estas son las 6 cosas que debes hacer para lucir un moreno perfecto.","og_url":"https:\/\/www.euroresidentes.com\/estilo-de-vida\/moda-estilo\/prepara-tu-piel-para-el-sol-6-cosas-que\/","og_site_name":"Moda y estilo","article_publisher":"https:\/\/www.facebook.com\/euroresidentes\/","article_published_time":"2015-05-04T11:10:00+00:00","article_modified_time":"2018-05-24T10:31:14+00:00","og_image":[{"width":700,"height":525,"url":"https:\/\/www.euroresidentes.com\/estilo-de-vida\/moda-estilo\/wp-content\/uploads\/sites\/15\/2015\/05\/preparar-piel-sol-morena-euroresidentes.jpg","type":"image\/jpeg"}],"author":"Carolina L\u00f3pez","twitter_card":"summary_large_image","twitter_misc":{"Written by":"Carolina L\u00f3pez","Est. reading time":"3 minutos"},"schema":{"@context":"https:\/\/schema.org","@graph":[{"@type":"WebPage","@id":"https:\/\/www.euroresidentes.com\/estilo-de-vida\/moda-estilo\/prepara-tu-piel-para-el-sol-6-cosas-que\/","url":"https:\/\/www.euroresidentes.com\/estilo-de-vida\/moda-estilo\/prepara-tu-piel-para-el-sol-6-cosas-que\/","name":"6 cosas que hacer para lucir un moreno perfecto","isPartOf":{"@id":"https:\/\/www.euroresidentes.com\/estilo-de-vida\/moda-estilo\/#website"},"primaryImageOfPage":{"@id":"https:\/\/www.euroresidentes.com\/estilo-de-vida\/moda-estilo\/prepara-tu-piel-para-el-sol-6-cosas-que\/#primaryimage"},"image":{"@id":"https:\/\/www.euroresidentes.com\/estilo-de-vida\/moda-estilo\/prepara-tu-piel-para-el-sol-6-cosas-que\/#primaryimage"},"thumbnailUrl":"https:\/\/www.euroresidentes.com\/estilo-de-vida\/moda-estilo\/wp-content\/uploads\/sites\/15\/2015\/05\/preparar-piel-sol-morena-euroresidentes.jpg","datePublished":"2015-05-04T11:10:00+00:00","dateModified":"2018-05-24T10:31:14+00:00","author":{"@id":"https:\/\/www.euroresidentes.com\/estilo-de-vida\/moda-estilo\/#\/schema\/person\/3ba1d505487bddff8a4458ad5dd3f887"},"description":"Comienza el buen tiempo y las ganas de tumbarse en la playa. Estas son las 6 cosas que debes hacer para lucir un moreno perfecto.","breadcrumb":{"@id":"https:\/\/www.euroresidentes.com\/estilo-de-vida\/moda-estilo\/prepara-tu-piel-para-el-sol-6-cosas-que\/#breadcrumb"},"inLanguage":"es","potentialAction":[{"@type":"ReadAction","target":["https:\/\/www.euroresidentes.com\/estilo-de-vida\/moda-estilo\/prepara-tu-piel-para-el-sol-6-cosas-que\/"]}]},{"@type":"ImageObject","inLanguage":"es","@id":"https:\/\/www.euroresidentes.com\/estilo-de-vida\/moda-estilo\/prepara-tu-piel-para-el-sol-6-cosas-que\/#primaryimage","url":"https:\/\/www.euroresidentes.com\/estilo-de-vida\/moda-estilo\/wp-content\/uploads\/sites\/15\/2015\/05\/preparar-piel-sol-morena-euroresidentes.jpg","contentUrl":"https:\/\/www.euroresidentes.com\/estilo-de-vida\/moda-estilo\/wp-content\/uploads\/sites\/15\/2015\/05\/preparar-piel-sol-morena-euroresidentes.jpg","width":700,"height":525},{"@type":"BreadcrumbList","@id":"https:\/\/www.euroresidentes.com\/estilo-de-vida\/moda-estilo\/prepara-tu-piel-para-el-sol-6-cosas-que\/#breadcrumb","itemListElement":[{"@type":"ListItem","position":1,"name":"Portada","item":"https:\/\/www.euroresidentes.com\/estilo-de-vida\/moda-estilo\/"},{"@type":"ListItem","position":2,"name":"Prepara tu piel para el sol: 6 cosas que hacer para lucir un moreno perfecto"}]},{"@type":"WebSite","@id":"https:\/\/www.euroresidentes.com\/estilo-de-vida\/moda-estilo\/#website","url":"https:\/\/www.euroresidentes.com\/estilo-de-vida\/moda-estilo\/","name":"Moda y estilo","description":"Tendencias de moda y belleza","potentialAction":[{"@type":"SearchAction","target":{"@type":"EntryPoint","urlTemplate":"https:\/\/www.euroresidentes.com\/estilo-de-vida\/moda-estilo\/?s={search_term_string}"},"query-input":{"@type":"PropertyValueSpecification","valueRequired":true,"valueName":"search_term_string"}}],"inLanguage":"es"},{"@type":"Person","@id":"https:\/\/www.euroresidentes.com\/estilo-de-vida\/moda-estilo\/#\/schema\/person\/3ba1d505487bddff8a4458ad5dd3f887","name":"Carolina L\u00f3pez","image":{"@type":"ImageObject","inLanguage":"es","@id":"https:\/\/www.euroresidentes.com\/estilo-de-vida\/moda-estilo\/#\/schema\/person\/image\/","url":"https:\/\/www.euroresidentes.com\/estilo-de-vida\/moda-estilo\/wp-content\/uploads\/sites\/15\/2016\/04\/12079094_10153243158757076_5246940149716144098_n-150x150.jpg","contentUrl":"https:\/\/www.euroresidentes.com\/estilo-de-vida\/moda-estilo\/wp-content\/uploads\/sites\/15\/2016\/04\/12079094_10153243158757076_5246940149716144098_n-150x150.jpg","caption":"Carolina L\u00f3pez"},"description":"Carolina L\u00f3pezLicenciada en Publicidad y RRPP","sameAs":["https:\/\/www.euroresidentes.com\/estilo-de-vida\/carolina-lopez.html"],"url":"https:\/\/www.euroresidentes.com\/estilo-de-vida\/moda-estilo\/author\/carolinalopez\/"}]}},"_links":{"self":[{"href":"https:\/\/www.euroresidentes.com\/estilo-de-vida\/moda-estilo\/wp-json\/wp\/v2\/posts\/1762","targetHints":{"allow":["GET"]}}],"collection":[{"href":"https:\/\/www.euroresidentes.com\/estilo-de-vida\/moda-estilo\/wp-json\/wp\/v2\/posts"}],"about":[{"href":"https:\/\/www.euroresidentes.com\/estilo-de-vida\/moda-estilo\/wp-json\/wp\/v2\/types\/post"}],"author":[{"embeddable":true,"href":"https:\/\/www.euroresidentes.com\/estilo-de-vida\/moda-estilo\/wp-json\/wp\/v2\/users\/16"}],"replies":[{"embeddable":true,"href":"https:\/\/www.euroresidentes.com\/estilo-de-vida\/moda-estilo\/wp-json\/wp\/v2\/comments?post=1762"}],"version-history":[{"count":7,"href":"https:\/\/www.euroresidentes.com\/estilo-de-vida\/moda-estilo\/wp-json\/wp\/v2\/posts\/1762\/revisions"}],"predecessor-version":[{"id":4026,"href":"https:\/\/www.euroresidentes.com\/estilo-de-vida\/moda-estilo\/wp-json\/wp\/v2\/posts\/1762\/revisions\/4026"}],"wp:featuredmedia":[{"embeddable":true,"href":"https:\/\/www.euroresidentes.com\/estilo-de-vida\/moda-estilo\/wp-json\/wp\/v2\/media\/1978"}],"wp:attachment":[{"href":"https:\/\/www.euroresidentes.com\/estilo-de-vida\/moda-estilo\/wp-json\/wp\/v2\/media?parent=1762"}],"wp:term":[{"taxonomy":"category","embeddable":true,"href":"https:\/\/www.euroresidentes.com\/estilo-de-vida\/moda-estilo\/wp-json\/wp\/v2\/categories?post=1762"},{"taxonomy":"post_tag","embeddable":true,"href":"https:\/\/www.euroresidentes.com\/estilo-de-vida\/moda-estilo\/wp-json\/wp\/v2\/tags?post=1762"}],"curies":[{"name":"wp","href":"https:\/\/api.w.org\/{rel}","templated":true}]}}