{"id":1749,"date":"2016-08-05T07:38:00","date_gmt":"2016-08-05T05:38:00","guid":{"rendered":"http:\/\/www.euroresidentes.com\/estilo-de-vida\/moda-estilo\/24-trucos-de-belleza-iii-especia"},"modified":"2020-04-06T09:37:05","modified_gmt":"2020-04-06T07:37:05","slug":"24-trucos-de-belleza-iii-especia","status":"publish","type":"post","link":"https:\/\/www.euroresidentes.com\/estilo-de-vida\/moda-estilo\/24-trucos-de-belleza-iii-especia\/","title":{"rendered":"Tu cabello, tu mayor tesoro. Cu\u00eddalo con estos 25 trucos"},"content":{"rendered":"<p>Cuando <b>Genghis Khan conquist\u00f3 China<\/b>, sab\u00eda que los chinos eran un pueblo inteligente y que no se dejar\u00edan subyugar. Por lo que <strong>orden\u00f3<\/strong><b>\u00a0que todos los hombres del\u00a0pa\u00eds se cortaran el cabello y las mujeres se hicieran flequillo.<\/b>\u00a0<\/p>\n<p>\u00c9l sab\u00eda que con esto\u00a0<strong>conseguir\u00eda hacer a mujeres y hombres, t\u00edmidos y f\u00e1cilmente controlables.<\/strong><\/p>\n<p><a href=\"https:\/\/www.euroresidentes.com\/estilo-de-vida\/moda-estilo\/wp-content\/uploads\/sites\/15\/2016\/08\/cuidar-cabello.jpg\"><img loading=\"lazy\" decoding=\"async\" class=\"aligncenter size-full wp-image-3207\" src=\"https:\/\/www.euroresidentes.com\/estilo-de-vida\/moda-estilo\/wp-content\/uploads\/sites\/15\/2016\/08\/cuidar-cabello.jpg\" alt=\"Cuidar el cabello\" width=\"700\" height=\"525\" srcset=\"https:\/\/www.euroresidentes.com\/estilo-de-vida\/moda-estilo\/wp-content\/uploads\/sites\/15\/2016\/08\/cuidar-cabello.jpg 700w, https:\/\/www.euroresidentes.com\/estilo-de-vida\/moda-estilo\/wp-content\/uploads\/sites\/15\/2016\/08\/cuidar-cabello-300x225.jpg 300w\" sizes=\"auto, (max-width: 700px) 100vw, 700px\" \/><\/a><\/p>\n<p>As\u00ed que <strong>no s\u00f3lo el color de nuestro pelo repercute en quienes somos<\/strong>, ni si tenemos el cabello lacio o rizado, arreglado o hecho un desastre. <strong>Tambi\u00e9n entran en juego otras cosas&#8230;<\/strong><\/p>\n<p>As\u00ed que para que todo vaya mucho mejor en vuestra vida (y en vuestro cabello), os dejamos\u00a0estos\u00a0<b>25 trucos:<\/b><\/p>\n<p>1. <b>Evita<\/b>, en la medida que puedas, <b>lavar el pelo todos los d\u00edas<\/b>. Aunque parezca contradictoria, cuanta m\u00e1s agua le des al pelo, m\u00e1s estar\u00e1s sec\u00e1ndolo.<\/p>\n<div class=\"separator\" style=\"clear: both; text-align: center;\"><a style=\"margin-left: 1em; margin-right: 1em;\" href=\"https:\/\/www.euroresidentes.com\/estilo-de-vida\/moda-estilo\/wp-content\/uploads\/sites\/15\/2016\/08\/giphy-4.gif\"><img decoding=\"async\" src=\"https:\/\/www.euroresidentes.com\/estilo-de-vida\/moda-estilo\/wp-content\/uploads\/sites\/15\/2016\/08\/giphy-4.gif\" alt=\"\" border=\"0\" \/><\/a><\/div>\n<p>2. <b>Lavar el pelo con un buen champ\u00fa<\/b> (comprar en peluquer\u00edas) y dar de entre 1-2 pasadas con este.<\/p>\n<p>3. Utilizar un <b>champ\u00fa libre de sulfatos<\/b>. Ya que las sales secan la cut\u00edcula del pelo y dejan un aspecto pobre y desali\u00f1ado.<\/p>\n<div>4. Cuando <b>llevas tinte en tu cabello<\/b>, debes usar un champ\u00fa especial para mantener el color.<\/p>\n<div class=\"separator\" style=\"clear: both; text-align: center;\"><a style=\"margin-left: 1em; margin-right: 1em;\" href=\"https:\/\/www.euroresidentes.com\/estilo-de-vida\/moda-estilo\/wp-content\/uploads\/sites\/15\/2016\/08\/giphy-8.gif\"><img loading=\"lazy\" decoding=\"async\" class=\"\" src=\"https:\/\/www.euroresidentes.com\/estilo-de-vida\/moda-estilo\/wp-content\/uploads\/sites\/15\/2016\/08\/giphy-8.gif\" alt=\"\" width=\"480\" height=\"276\" border=\"0\" \/><\/a><\/div>\n<div>5. La <b>frecuencia de lavado <\/b>correcta ser\u00eda entre 48 y 72 horas. Todo depende del sebo que cree tu cuero cabelludo.<\/p>\n<p>6.<b> Hidratar el pelo <\/b>con una buena y potente mascarilla, da igual verano o invierno, y dejar actuar en el pelo al menos 10 minutos.<\/p>\n<p>7. <b>Hacer tus propias mascarillas<\/b>, son eficaces y baratas (<a href=\"http:\/\/peluqueria-estetica.estudiantes.info\/2014\/07\/5-remedios-caseros-para-el-pelo-largo.html\" target=\"_blank\" rel=\"noopener\">5 Remedios caseros para el pelo largo<\/a>)<\/p>\n<div class=\"separator\" style=\"clear: both; text-align: center;\"><a style=\"margin-left: 1em; margin-right: 1em;\" href=\"https:\/\/www.euroresidentes.com\/estilo-de-vida\/moda-estilo\/wp-content\/uploads\/sites\/15\/2016\/08\/giphy-11.gif\"><img decoding=\"async\" src=\"https:\/\/www.euroresidentes.com\/estilo-de-vida\/moda-estilo\/wp-content\/uploads\/sites\/15\/2016\/08\/giphy-11.gif\" alt=\"\" border=\"0\" \/><\/a><\/div>\n<p>8. <b>La mascarilla<\/b> y el suavizante del pelo, <b>siempre es para las puntas.<\/b> Da igual que tu tipo de pelo sea seco, nunca debemos acercarnos a la ra\u00edz. De la altura de las orejas, a las puntas.<\/p>\n<p>9. Despu\u00e9s de utilizar mascarilla para el pelo, dar, en \u00faltima instancia, <b>un enjuague con agua fr\u00eda<\/b> para cerrar la cut\u00edcula del pelo.<\/p>\n<p>10. Para evitar que el color del cabello se pierda en verano, <b>aplicar un fuerte tratamiento de hidrataci\u00f3n<\/b> de 2 a 4 veces al mes.<\/p>\n<div class=\"separator\" style=\"clear: both; text-align: center;\"><a style=\"margin-left: 1em; margin-right: 1em;\" href=\"https:\/\/www.euroresidentes.com\/estilo-de-vida\/moda-estilo\/wp-content\/uploads\/sites\/15\/2016\/08\/giphy-9.gif\"><img decoding=\"async\" src=\"https:\/\/www.euroresidentes.com\/estilo-de-vida\/moda-estilo\/wp-content\/uploads\/sites\/15\/2016\/08\/giphy-9.gif\" alt=\"\" border=\"0\" \/><\/a><\/div>\n<p>11. En verano c\u00f3mprate un bote de mascarilla barata y <b>cada vez que vayas a mojar tu cabello en el mar o en la piscina, apl\u00edcate un poco de esta mascarilla<\/b>. Al igual que la piel, el pelo tambi\u00e9n necesita ser protegido.<br \/>12. Si alguna vez en tu vida te has hecho tinte, mechas o similares, da igual el tipo de cabello que tengas, <b>es aconsejable hacer un tratamiento de keratina 1 vez al a\u00f1o<\/b> (como m\u00ednimo). Con \u00e9sta, tu pelo adquiere elasticidad, brillo y suavidad.<\/p>\n<p>13. Hacerte <b>un exfoliante en el cuero cabelludo dos veces al a\u00f1o<\/b> si no tienes problemas, y m\u00e1s menudo si tienes dermatitis o caspa. El cuero cabelludo, va creando su propia capa, tanto por agentes externos (champ\u00fas, productos en general..), como propios (grasa, sudor&#8230;) y debemos eliminar esos restos para que nuestra cabeza pueda respirar y seguir su crecimiento natural.<\/p>\n<div class=\"separator\" style=\"clear: both; text-align: center;\"><a style=\"margin-left: 1em; margin-right: 1em;\" href=\"https:\/\/www.euroresidentes.com\/estilo-de-vida\/moda-estilo\/wp-content\/uploads\/sites\/15\/2016\/08\/giphy-10.gif\"><img decoding=\"async\" src=\"https:\/\/www.euroresidentes.com\/estilo-de-vida\/moda-estilo\/wp-content\/uploads\/sites\/15\/2016\/08\/giphy-10.gif\" alt=\"\" border=\"0\" \/><\/a><\/div>\n<p>14. Tomar un <b>complejo vitam\u00ednico rico en biotina<\/b>, a diario, para ayudar al crecimiento y fortaleza del cabello.<br \/>15. Antes de secarte el pelo, utilizar (SIEMPRE) <b>protectores del calor.\u00a0<\/b><\/p>\n<p>16. <b>\u00bfQuieres m\u00e1s volumen en tu pelo?<\/b>\u00a0Aplica sobre el cabello seco un poco de laca en la ra\u00edz y dale un poco de forma con el cepillo. Tu pelo mantendr\u00e1 el volumen a todo el d\u00eda.<\/p>\n<p>17. <b>Evita pasar las manos por el pelo<\/b>, esto ensucia el pelo y le quita todo el volumen (adem\u00e1s de ser una se\u00f1a de inseguridad).<\/p>\n<div class=\"separator\" style=\"clear: both; text-align: center;\"><a style=\"margin-left: 1em; margin-right: 1em;\" href=\"https:\/\/3.bp.blogspot.com\/-kNGTDt3bsws\/V6xnSBt8IvI\/AAAAAAAAJXE\/GYGTBxHIMP8jChTIYp7n5wki_tmehFNcgCLcB\/s1600\/giphy-3.gif\"><img loading=\"lazy\" decoding=\"async\" class=\"\" src=\"https:\/\/www.euroresidentes.com\/estilo-de-vida\/moda-estilo\/wp-content\/uploads\/sites\/15\/2016\/08\/giphy-3.gif\" alt=\"\" width=\"538\" height=\"594\" border=\"0\" \/><\/a><\/div>\n<p>18. <b>Utiliza la plancha para el pelo lo menos posible<\/b>. A 180\u00baC que est\u00e1 el artilugio&#8230; \u00a1te est\u00e1s quemando el pelo!<\/p>\n<p>19. Si necesitas utilizar la plancha, hazlo aplicando previamente productos que protejan tu pelo del calor.<\/p>\n<p>20. <b>C\u00f3mprate un buen secador<\/b>, ver\u00e1s lo f\u00e1cil que es secarse el pelo, y lo bien que se queda sin usar plancha.<\/p>\n<div class=\"separator\" style=\"clear: both; text-align: center;\"><a style=\"margin-left: 1em; margin-right: 1em;\" href=\"https:\/\/4.bp.blogspot.com\/-Y8fuxC3YVKU\/V6xkIWTW6MI\/AAAAAAAAJW4\/8aPR_0JRXzU73EISckaTp7NmLknzIqCUQCLcB\/s1600\/giphy-1.gif\"><img loading=\"lazy\" decoding=\"async\" class=\"\" src=\"https:\/\/www.euroresidentes.com\/estilo-de-vida\/moda-estilo\/wp-content\/uploads\/sites\/15\/2016\/08\/giphy-1.gif\" alt=\"\" width=\"563\" height=\"341\" border=\"0\" \/><\/a><\/div>\n<p>21. Utilizar <b>cepillos que no rompan el pelo<\/b>, de madera y\/o de cer\u00e1mica.<\/p>\n<p>22. <b>Si tu pelo es liso y quieres darle forma<\/b>, acu\u00e9state con el pelo medio h\u00famedo (pero no empapado) en un mo\u00f1o o trenza, a la ma\u00f1ana siguiente tendr\u00e1s un efecto onda muy natural.<\/p>\n<p>23. <b>C\u00f3rtate las puntas, al menos, 1 vez al a\u00f1o<\/b>. Es falso, que te vaya a crecer m\u00e1s haciendo esto, pero su aspecto, siempre ser\u00e1 m\u00e1s sano.<\/p>\n<div class=\"separator\" style=\"clear: both; text-align: center;\"><a style=\"margin-left: 1em; margin-right: 1em;\" href=\"https:\/\/www.euroresidentes.com\/estilo-de-vida\/moda-estilo\/wp-content\/uploads\/sites\/15\/2016\/08\/giphy-6.gif\"><img loading=\"lazy\" decoding=\"async\" class=\"\" src=\"https:\/\/www.euroresidentes.com\/estilo-de-vida\/moda-estilo\/wp-content\/uploads\/sites\/15\/2016\/08\/giphy-6.gif\" alt=\"\" width=\"539\" height=\"348\" border=\"0\" \/><\/a><\/div>\n<p>24. <b>Si quieres aclararte el pelo<\/b>, no utilices Camomila, es preferible hacerte unos rayitos con decoloraci\u00f3n que quemarte el pelo con esa planta.<\/p>\n<p>25. Utiliza coleteros y gomas del pelo que <strong>no te rompan el cabello<\/strong>.<\/p>\n<p><em>Cu\u00eddate el pelo, que si no, alg\u00fan d\u00eda, llorar\u00e1s&#8230;\u00a0<\/em><\/p>\n<div class=\"separator\" style=\"clear: both; text-align: center;\"><a style=\"margin-left: 1em; margin-right: 1em;\" href=\"https:\/\/www.euroresidentes.com\/estilo-de-vida\/moda-estilo\/wp-content\/uploads\/sites\/15\/2016\/08\/giphy-5.gif\"><img loading=\"lazy\" decoding=\"async\" class=\"\" src=\"https:\/\/www.euroresidentes.com\/estilo-de-vida\/moda-estilo\/wp-content\/uploads\/sites\/15\/2016\/08\/giphy-5.gif\" alt=\"\" width=\"542\" height=\"336\" border=\"0\" \/><\/a><\/div>\n<\/div>\n<\/div>\n<div class=\"separator\" style=\"clear: both;\">\u00a0<\/div>\n<div class=\"separator\" style=\"clear: both;\"><strong>Lecturas relacionadas:<\/strong><\/div>\n<ul>\n<li><a href=\"https:\/\/www.euroresidentes.com\/hogar\/consejos-trucos-remedios\/tenirse-pelo-casa\">C\u00f3mo te\u00f1irse el pelo en casa: algunos consejos para hacerlo bien<\/a><\/li>\n<li class=\"separator\" style=\"clear: both;\"><a href=\"https:\/\/www.euroresidentes.com\/estilo-de-vida\/moda-estilo\/3-consejos-para-cepillarte-el-pelo\">3 consejos para cepillarte el pelo correctamente<\/a><\/li>\n<li class=\"separator\" style=\"clear: both;\"><a href=\"https:\/\/www.euroresidentes.com\/hogar\/consejos-trucos-remedios\/6-remedios-caseros-para-el-cabello-seco\">6 remedios caseros para el pelo seco y da\u00f1ado<\/a><\/li>\n<li class=\"separator\" style=\"clear: both;\"><a href=\"https:\/\/www.euroresidentes.com\/estilo-de-vida\/moda-estilo\/9-errores-que-todas-cometemos-a\">9 errores que todo cometemos al secarnos el pelo<\/a><\/li>\n<li class=\"separator\" style=\"clear: both;\"><a href=\"https:\/\/www.euroresidentes.com\/salud\/salud-mujer\/por-que-se-me-cae-tanto-el-pelo\">\u00bfPor qu\u00e9 se me cae tanto el pelo?<\/a><\/li>\n<\/ul>\n","protected":false},"excerpt":{"rendered":"<p>Cuando Genghis Khan conquist\u00f3 China, sab\u00eda que los chinos eran un pueblo inteligente y que no se dejar\u00edan subyugar. Por lo que orden\u00f3\u00a0que todos los hombres del\u00a0pa\u00eds se cortaran el cabello y las mujeres se hicieran flequillo.\u00a0 \u00c9l sab\u00eda que con esto\u00a0conseguir\u00eda hacer a mujeres y hombres, t\u00edmidos y f\u00e1cilmente controlables. As\u00ed que no s\u00f3lo el color de nuestro pelo repercute en quienes somos, ni si tenemos el cabello lacio o rizado, arreglado o hecho un desastre. Tambi\u00e9n entran en juego otras cosas&#8230; As\u00ed que para que todo vaya mucho mejor en vuestra vida (y en vuestro cabello), os dejamos\u00a0estos\u00a025 <\/p>\n","protected":false},"author":16,"featured_media":3207,"comment_status":"open","ping_status":"open","sticky":false,"template":"","format":"standard","meta":{"footnotes":""},"categories":[11,1],"tags":[15,14],"class_list":["post-1749","post","type-post","status-publish","format-standard","has-post-thumbnail","hentry","category-cabello","category-general","tag-consejos-de-belleza","tag-tips","has_thumb"],"yoast_head":"<!-- This site is optimized with the Yoast SEO plugin v24.1 - https:\/\/yoast.com\/wordpress\/plugins\/seo\/ -->\n<title>Tu cabello, tu mayor tesoro. Cu\u00eddalo con estos 25 trucos - Moda y estilo<\/title>\n<meta name=\"robots\" content=\"index, follow, max-snippet:-1, max-image-preview:large, max-video-preview:-1\" \/>\n<link rel=\"canonical\" href=\"https:\/\/www.euroresidentes.com\/estilo-de-vida\/moda-estilo\/24-trucos-de-belleza-iii-especia\/\" \/>\n<meta property=\"og:locale\" content=\"es_ES\" \/>\n<meta property=\"og:type\" content=\"article\" \/>\n<meta property=\"og:title\" content=\"Tu cabello, tu mayor tesoro. Cu\u00eddalo con estos 25 trucos - Moda y estilo\" \/>\n<meta property=\"og:description\" content=\"Cuando Genghis Khan conquist\u00f3 China, sab\u00eda que los chinos eran un pueblo inteligente y que no se dejar\u00edan subyugar. Por lo que orden\u00f3\u00a0que todos los hombres del\u00a0pa\u00eds se cortaran el cabello y las mujeres se hicieran flequillo.\u00a0 \u00c9l sab\u00eda que con esto\u00a0conseguir\u00eda hacer a mujeres y hombres, t\u00edmidos y f\u00e1cilmente controlables. As\u00ed que no s\u00f3lo el color de nuestro pelo repercute en quienes somos, ni si tenemos el cabello lacio o rizado, arreglado o hecho un desastre. Tambi\u00e9n entran en juego otras cosas&#8230; As\u00ed que para que todo vaya mucho mejor en vuestra vida (y en vuestro cabello), os dejamos\u00a0estos\u00a025\" \/>\n<meta property=\"og:url\" content=\"https:\/\/www.euroresidentes.com\/estilo-de-vida\/moda-estilo\/24-trucos-de-belleza-iii-especia\/\" \/>\n<meta property=\"og:site_name\" content=\"Moda y estilo\" \/>\n<meta property=\"article:publisher\" content=\"https:\/\/www.facebook.com\/euroresidentes\/\" \/>\n<meta property=\"article:published_time\" content=\"2016-08-05T05:38:00+00:00\" \/>\n<meta property=\"article:modified_time\" content=\"2020-04-06T07:37:05+00:00\" \/>\n<meta property=\"og:image\" content=\"https:\/\/www.euroresidentes.com\/estilo-de-vida\/moda-estilo\/wp-content\/uploads\/sites\/15\/2016\/08\/cuidar-cabello.jpg\" \/>\n\t<meta property=\"og:image:width\" content=\"700\" \/>\n\t<meta property=\"og:image:height\" content=\"525\" \/>\n\t<meta property=\"og:image:type\" content=\"image\/jpeg\" \/>\n<meta name=\"author\" content=\"Carolina L\u00f3pez\" \/>\n<meta name=\"twitter:card\" content=\"summary_large_image\" \/>\n<meta name=\"twitter:label1\" content=\"Written by\" \/>\n\t<meta name=\"twitter:data1\" content=\"Carolina L\u00f3pez\" \/>\n\t<meta name=\"twitter:label2\" content=\"Est. reading time\" \/>\n\t<meta name=\"twitter:data2\" content=\"4 minutos\" \/>\n<script type=\"application\/ld+json\" class=\"yoast-schema-graph\">{\"@context\":\"https:\/\/schema.org\",\"@graph\":[{\"@type\":\"WebPage\",\"@id\":\"https:\/\/www.euroresidentes.com\/estilo-de-vida\/moda-estilo\/24-trucos-de-belleza-iii-especia\/\",\"url\":\"https:\/\/www.euroresidentes.com\/estilo-de-vida\/moda-estilo\/24-trucos-de-belleza-iii-especia\/\",\"name\":\"Tu cabello, tu mayor tesoro. Cu\u00eddalo con estos 25 trucos - Moda y estilo\",\"isPartOf\":{\"@id\":\"https:\/\/www.euroresidentes.com\/estilo-de-vida\/moda-estilo\/#website\"},\"primaryImageOfPage\":{\"@id\":\"https:\/\/www.euroresidentes.com\/estilo-de-vida\/moda-estilo\/24-trucos-de-belleza-iii-especia\/#primaryimage\"},\"image\":{\"@id\":\"https:\/\/www.euroresidentes.com\/estilo-de-vida\/moda-estilo\/24-trucos-de-belleza-iii-especia\/#primaryimage\"},\"thumbnailUrl\":\"https:\/\/www.euroresidentes.com\/estilo-de-vida\/moda-estilo\/wp-content\/uploads\/sites\/15\/2016\/08\/cuidar-cabello.jpg\",\"datePublished\":\"2016-08-05T05:38:00+00:00\",\"dateModified\":\"2020-04-06T07:37:05+00:00\",\"author\":{\"@id\":\"https:\/\/www.euroresidentes.com\/estilo-de-vida\/moda-estilo\/#\/schema\/person\/3ba1d505487bddff8a4458ad5dd3f887\"},\"breadcrumb\":{\"@id\":\"https:\/\/www.euroresidentes.com\/estilo-de-vida\/moda-estilo\/24-trucos-de-belleza-iii-especia\/#breadcrumb\"},\"inLanguage\":\"es\",\"potentialAction\":[{\"@type\":\"ReadAction\",\"target\":[\"https:\/\/www.euroresidentes.com\/estilo-de-vida\/moda-estilo\/24-trucos-de-belleza-iii-especia\/\"]}]},{\"@type\":\"ImageObject\",\"inLanguage\":\"es\",\"@id\":\"https:\/\/www.euroresidentes.com\/estilo-de-vida\/moda-estilo\/24-trucos-de-belleza-iii-especia\/#primaryimage\",\"url\":\"https:\/\/www.euroresidentes.com\/estilo-de-vida\/moda-estilo\/wp-content\/uploads\/sites\/15\/2016\/08\/cuidar-cabello.jpg\",\"contentUrl\":\"https:\/\/www.euroresidentes.com\/estilo-de-vida\/moda-estilo\/wp-content\/uploads\/sites\/15\/2016\/08\/cuidar-cabello.jpg\",\"width\":700,\"height\":525,\"caption\":\"Cuidar el cabello\"},{\"@type\":\"BreadcrumbList\",\"@id\":\"https:\/\/www.euroresidentes.com\/estilo-de-vida\/moda-estilo\/24-trucos-de-belleza-iii-especia\/#breadcrumb\",\"itemListElement\":[{\"@type\":\"ListItem\",\"position\":1,\"name\":\"Portada\",\"item\":\"https:\/\/www.euroresidentes.com\/estilo-de-vida\/moda-estilo\/\"},{\"@type\":\"ListItem\",\"position\":2,\"name\":\"Tu cabello, tu mayor tesoro. Cu\u00eddalo con estos 25 trucos\"}]},{\"@type\":\"WebSite\",\"@id\":\"https:\/\/www.euroresidentes.com\/estilo-de-vida\/moda-estilo\/#website\",\"url\":\"https:\/\/www.euroresidentes.com\/estilo-de-vida\/moda-estilo\/\",\"name\":\"Moda y estilo\",\"description\":\"Tendencias de moda y belleza\",\"potentialAction\":[{\"@type\":\"SearchAction\",\"target\":{\"@type\":\"EntryPoint\",\"urlTemplate\":\"https:\/\/www.euroresidentes.com\/estilo-de-vida\/moda-estilo\/?s={search_term_string}\"},\"query-input\":{\"@type\":\"PropertyValueSpecification\",\"valueRequired\":true,\"valueName\":\"search_term_string\"}}],\"inLanguage\":\"es\"},{\"@type\":\"Person\",\"@id\":\"https:\/\/www.euroresidentes.com\/estilo-de-vida\/moda-estilo\/#\/schema\/person\/3ba1d505487bddff8a4458ad5dd3f887\",\"name\":\"Carolina L\u00f3pez\",\"image\":{\"@type\":\"ImageObject\",\"inLanguage\":\"es\",\"@id\":\"https:\/\/www.euroresidentes.com\/estilo-de-vida\/moda-estilo\/#\/schema\/person\/image\/\",\"url\":\"https:\/\/www.euroresidentes.com\/estilo-de-vida\/moda-estilo\/wp-content\/uploads\/sites\/15\/2016\/04\/12079094_10153243158757076_5246940149716144098_n-150x150.jpg\",\"contentUrl\":\"https:\/\/www.euroresidentes.com\/estilo-de-vida\/moda-estilo\/wp-content\/uploads\/sites\/15\/2016\/04\/12079094_10153243158757076_5246940149716144098_n-150x150.jpg\",\"caption\":\"Carolina L\u00f3pez\"},\"description\":\"Carolina L\u00f3pezLicenciada en Publicidad y RRPP\",\"sameAs\":[\"https:\/\/www.euroresidentes.com\/estilo-de-vida\/carolina-lopez.html\"],\"url\":\"https:\/\/www.euroresidentes.com\/estilo-de-vida\/moda-estilo\/author\/carolinalopez\/\"}]}<\/script>\n<!-- \/ Yoast SEO plugin. -->","yoast_head_json":{"title":"Tu cabello, tu mayor tesoro. Cu\u00eddalo con estos 25 trucos - Moda y estilo","robots":{"index":"index","follow":"follow","max-snippet":"max-snippet:-1","max-image-preview":"max-image-preview:large","max-video-preview":"max-video-preview:-1"},"canonical":"https:\/\/www.euroresidentes.com\/estilo-de-vida\/moda-estilo\/24-trucos-de-belleza-iii-especia\/","og_locale":"es_ES","og_type":"article","og_title":"Tu cabello, tu mayor tesoro. Cu\u00eddalo con estos 25 trucos - Moda y estilo","og_description":"Cuando Genghis Khan conquist\u00f3 China, sab\u00eda que los chinos eran un pueblo inteligente y que no se dejar\u00edan subyugar. Por lo que orden\u00f3\u00a0que todos los hombres del\u00a0pa\u00eds se cortaran el cabello y las mujeres se hicieran flequillo.\u00a0 \u00c9l sab\u00eda que con esto\u00a0conseguir\u00eda hacer a mujeres y hombres, t\u00edmidos y f\u00e1cilmente controlables. As\u00ed que no s\u00f3lo el color de nuestro pelo repercute en quienes somos, ni si tenemos el cabello lacio o rizado, arreglado o hecho un desastre. Tambi\u00e9n entran en juego otras cosas&#8230; As\u00ed que para que todo vaya mucho mejor en vuestra vida (y en vuestro cabello), os dejamos\u00a0estos\u00a025","og_url":"https:\/\/www.euroresidentes.com\/estilo-de-vida\/moda-estilo\/24-trucos-de-belleza-iii-especia\/","og_site_name":"Moda y estilo","article_publisher":"https:\/\/www.facebook.com\/euroresidentes\/","article_published_time":"2016-08-05T05:38:00+00:00","article_modified_time":"2020-04-06T07:37:05+00:00","og_image":[{"width":700,"height":525,"url":"https:\/\/www.euroresidentes.com\/estilo-de-vida\/moda-estilo\/wp-content\/uploads\/sites\/15\/2016\/08\/cuidar-cabello.jpg","type":"image\/jpeg"}],"author":"Carolina L\u00f3pez","twitter_card":"summary_large_image","twitter_misc":{"Written by":"Carolina L\u00f3pez","Est. reading time":"4 minutos"},"schema":{"@context":"https:\/\/schema.org","@graph":[{"@type":"WebPage","@id":"https:\/\/www.euroresidentes.com\/estilo-de-vida\/moda-estilo\/24-trucos-de-belleza-iii-especia\/","url":"https:\/\/www.euroresidentes.com\/estilo-de-vida\/moda-estilo\/24-trucos-de-belleza-iii-especia\/","name":"Tu cabello, tu mayor tesoro. Cu\u00eddalo con estos 25 trucos - Moda y estilo","isPartOf":{"@id":"https:\/\/www.euroresidentes.com\/estilo-de-vida\/moda-estilo\/#website"},"primaryImageOfPage":{"@id":"https:\/\/www.euroresidentes.com\/estilo-de-vida\/moda-estilo\/24-trucos-de-belleza-iii-especia\/#primaryimage"},"image":{"@id":"https:\/\/www.euroresidentes.com\/estilo-de-vida\/moda-estilo\/24-trucos-de-belleza-iii-especia\/#primaryimage"},"thumbnailUrl":"https:\/\/www.euroresidentes.com\/estilo-de-vida\/moda-estilo\/wp-content\/uploads\/sites\/15\/2016\/08\/cuidar-cabello.jpg","datePublished":"2016-08-05T05:38:00+00:00","dateModified":"2020-04-06T07:37:05+00:00","author":{"@id":"https:\/\/www.euroresidentes.com\/estilo-de-vida\/moda-estilo\/#\/schema\/person\/3ba1d505487bddff8a4458ad5dd3f887"},"breadcrumb":{"@id":"https:\/\/www.euroresidentes.com\/estilo-de-vida\/moda-estilo\/24-trucos-de-belleza-iii-especia\/#breadcrumb"},"inLanguage":"es","potentialAction":[{"@type":"ReadAction","target":["https:\/\/www.euroresidentes.com\/estilo-de-vida\/moda-estilo\/24-trucos-de-belleza-iii-especia\/"]}]},{"@type":"ImageObject","inLanguage":"es","@id":"https:\/\/www.euroresidentes.com\/estilo-de-vida\/moda-estilo\/24-trucos-de-belleza-iii-especia\/#primaryimage","url":"https:\/\/www.euroresidentes.com\/estilo-de-vida\/moda-estilo\/wp-content\/uploads\/sites\/15\/2016\/08\/cuidar-cabello.jpg","contentUrl":"https:\/\/www.euroresidentes.com\/estilo-de-vida\/moda-estilo\/wp-content\/uploads\/sites\/15\/2016\/08\/cuidar-cabello.jpg","width":700,"height":525,"caption":"Cuidar el cabello"},{"@type":"BreadcrumbList","@id":"https:\/\/www.euroresidentes.com\/estilo-de-vida\/moda-estilo\/24-trucos-de-belleza-iii-especia\/#breadcrumb","itemListElement":[{"@type":"ListItem","position":1,"name":"Portada","item":"https:\/\/www.euroresidentes.com\/estilo-de-vida\/moda-estilo\/"},{"@type":"ListItem","position":2,"name":"Tu cabello, tu mayor tesoro. Cu\u00eddalo con estos 25 trucos"}]},{"@type":"WebSite","@id":"https:\/\/www.euroresidentes.com\/estilo-de-vida\/moda-estilo\/#website","url":"https:\/\/www.euroresidentes.com\/estilo-de-vida\/moda-estilo\/","name":"Moda y estilo","description":"Tendencias de moda y belleza","potentialAction":[{"@type":"SearchAction","target":{"@type":"EntryPoint","urlTemplate":"https:\/\/www.euroresidentes.com\/estilo-de-vida\/moda-estilo\/?s={search_term_string}"},"query-input":{"@type":"PropertyValueSpecification","valueRequired":true,"valueName":"search_term_string"}}],"inLanguage":"es"},{"@type":"Person","@id":"https:\/\/www.euroresidentes.com\/estilo-de-vida\/moda-estilo\/#\/schema\/person\/3ba1d505487bddff8a4458ad5dd3f887","name":"Carolina L\u00f3pez","image":{"@type":"ImageObject","inLanguage":"es","@id":"https:\/\/www.euroresidentes.com\/estilo-de-vida\/moda-estilo\/#\/schema\/person\/image\/","url":"https:\/\/www.euroresidentes.com\/estilo-de-vida\/moda-estilo\/wp-content\/uploads\/sites\/15\/2016\/04\/12079094_10153243158757076_5246940149716144098_n-150x150.jpg","contentUrl":"https:\/\/www.euroresidentes.com\/estilo-de-vida\/moda-estilo\/wp-content\/uploads\/sites\/15\/2016\/04\/12079094_10153243158757076_5246940149716144098_n-150x150.jpg","caption":"Carolina L\u00f3pez"},"description":"Carolina L\u00f3pezLicenciada en Publicidad y RRPP","sameAs":["https:\/\/www.euroresidentes.com\/estilo-de-vida\/carolina-lopez.html"],"url":"https:\/\/www.euroresidentes.com\/estilo-de-vida\/moda-estilo\/author\/carolinalopez\/"}]}},"_links":{"self":[{"href":"https:\/\/www.euroresidentes.com\/estilo-de-vida\/moda-estilo\/wp-json\/wp\/v2\/posts\/1749","targetHints":{"allow":["GET"]}}],"collection":[{"href":"https:\/\/www.euroresidentes.com\/estilo-de-vida\/moda-estilo\/wp-json\/wp\/v2\/posts"}],"about":[{"href":"https:\/\/www.euroresidentes.com\/estilo-de-vida\/moda-estilo\/wp-json\/wp\/v2\/types\/post"}],"author":[{"embeddable":true,"href":"https:\/\/www.euroresidentes.com\/estilo-de-vida\/moda-estilo\/wp-json\/wp\/v2\/users\/16"}],"replies":[{"embeddable":true,"href":"https:\/\/www.euroresidentes.com\/estilo-de-vida\/moda-estilo\/wp-json\/wp\/v2\/comments?post=1749"}],"version-history":[{"count":6,"href":"https:\/\/www.euroresidentes.com\/estilo-de-vida\/moda-estilo\/wp-json\/wp\/v2\/posts\/1749\/revisions"}],"predecessor-version":[{"id":4070,"href":"https:\/\/www.euroresidentes.com\/estilo-de-vida\/moda-estilo\/wp-json\/wp\/v2\/posts\/1749\/revisions\/4070"}],"wp:featuredmedia":[{"embeddable":true,"href":"https:\/\/www.euroresidentes.com\/estilo-de-vida\/moda-estilo\/wp-json\/wp\/v2\/media\/3207"}],"wp:attachment":[{"href":"https:\/\/www.euroresidentes.com\/estilo-de-vida\/moda-estilo\/wp-json\/wp\/v2\/media?parent=1749"}],"wp:term":[{"taxonomy":"category","embeddable":true,"href":"https:\/\/www.euroresidentes.com\/estilo-de-vida\/moda-estilo\/wp-json\/wp\/v2\/categories?post=1749"},{"taxonomy":"post_tag","embeddable":true,"href":"https:\/\/www.euroresidentes.com\/estilo-de-vida\/moda-estilo\/wp-json\/wp\/v2\/tags?post=1749"}],"curies":[{"name":"wp","href":"https:\/\/api.w.org\/{rel}","templated":true}]}}