{"id":1445,"date":"2016-10-26T12:43:23","date_gmt":"2016-10-26T10:43:23","guid":{"rendered":"http:\/\/www.euroresidentes.com\/estilo-de-vida\/moda-estilo\/?p=1445"},"modified":"2017-04-10T16:19:04","modified_gmt":"2017-04-10T14:19:04","slug":"combinar-vestir-camisa-de-rayas-tendencia","status":"publish","type":"post","link":"https:\/\/www.euroresidentes.com\/estilo-de-vida\/moda-estilo\/combinar-vestir-camisa-de-rayas-tendencia\/","title":{"rendered":"M\u00e1s de 30 ideas para vestir una camisa de rayas (e ir perfecta siempre)"},"content":{"rendered":"<h3>La camisa de rayas es la prenda clave de la temporada y os\u00a0voy a dar m\u00e1s de 30 ideas para\u00a0combinarla<\/h3>\n<p>Si decides esta tarde mismo ir a dar una vuelta por cualquier tienda de un centro comercial, te dar\u00e1s cuenta que hay una prenda que se repite tienda tras\u00a0tienda. <strong>La camisa de rayas blancas y azules<\/strong>.<\/p>\n<p>Da igual a la que acudas, cara o barata, de se\u00f1ora o de jovencitas, de hombre o de mujer&#8230; \u00a1Est\u00e1 en todas ellas!<\/p>\n<p>As\u00ed que desde aqu\u00ed, <strong>hemos sacado dos conclusiones:<\/strong><\/p>\n<ol>\n<li>La camisa de rayas est\u00e1 de moda<\/li>\n<li>\u00bfPor qu\u00e9 no hacemos una recopilaci\u00f3n de ideas de looks para aprender a llevarla?<\/li>\n<\/ol>\n<p><!-- inserta publi --><\/p>\n<p>Dicho y hecho. <strong>Aqu\u00ed te dejamos m\u00e1s de 30 ideas<\/strong>, para que una sola camisa, sea capaz de darte infinitas opciones:<\/p>\n<h4><strong>La t\u00edpica combinaci\u00f3n con vaqueros, pero estos con una buena dosis de tachuelas<\/strong><\/h4>\n<div id=\"attachment_1472\" style=\"width: 574px\" class=\"wp-caption aligncenter\"><a href=\"https:\/\/www.euroresidentes.com\/estilo-de-vida\/moda-estilo\/wp-content\/uploads\/sites\/15\/2016\/10\/combinar-camisa-rayas-euroresidentes.jpg\"><img loading=\"lazy\" decoding=\"async\" aria-describedby=\"caption-attachment-1472\" class=\"wp-image-1472 size-full\" title=\"combinar-camisa-rayas-euroresidentes \" src=\"https:\/\/www.euroresidentes.com\/estilo-de-vida\/moda-estilo\/wp-content\/uploads\/sites\/15\/2016\/10\/combinar-camisa-rayas-euroresidentes.jpg\" alt=\"30 ideas para vestir una camisa de rayas \" width=\"564\" height=\"846\" srcset=\"https:\/\/www.euroresidentes.com\/estilo-de-vida\/moda-estilo\/wp-content\/uploads\/sites\/15\/2016\/10\/combinar-camisa-rayas-euroresidentes.jpg 564w, https:\/\/www.euroresidentes.com\/estilo-de-vida\/moda-estilo\/wp-content\/uploads\/sites\/15\/2016\/10\/combinar-camisa-rayas-euroresidentes-200x300.jpg 200w\" sizes=\"auto, (max-width: 564px) 100vw, 564px\" \/><\/a><p id=\"caption-attachment-1472\" class=\"wp-caption-text\">collagevintage.com<\/p><\/div>\n<h4><strong>Puede ser un perfecto look de oficina, con una falda\u00a0l\u00e1piz hasta los tobillos y un taconazo\u00a0<\/strong><\/h4>\n<div id=\"attachment_1473\" style=\"width: 574px\" class=\"wp-caption aligncenter\"><a href=\"https:\/\/www.euroresidentes.com\/estilo-de-vida\/moda-estilo\/wp-content\/uploads\/sites\/15\/2016\/10\/combinar-camisa-rayas-euroresidentes-1.jpg\"><img loading=\"lazy\" decoding=\"async\" aria-describedby=\"caption-attachment-1473\" class=\"wp-image-1473 size-full\" title=\"combinar-camisa-rayas-euroresidentes-1 \" src=\"https:\/\/www.euroresidentes.com\/estilo-de-vida\/moda-estilo\/wp-content\/uploads\/sites\/15\/2016\/10\/combinar-camisa-rayas-euroresidentes-1.jpg\" alt=\"30 ideas para vestir una camisa de rayas \" width=\"564\" height=\"844\" srcset=\"https:\/\/www.euroresidentes.com\/estilo-de-vida\/moda-estilo\/wp-content\/uploads\/sites\/15\/2016\/10\/combinar-camisa-rayas-euroresidentes-1.jpg 564w, https:\/\/www.euroresidentes.com\/estilo-de-vida\/moda-estilo\/wp-content\/uploads\/sites\/15\/2016\/10\/combinar-camisa-rayas-euroresidentes-1-200x300.jpg 200w\" sizes=\"auto, (max-width: 564px) 100vw, 564px\" \/><\/a><p id=\"caption-attachment-1473\" class=\"wp-caption-text\">propaganda.tumblr.com<\/p><\/div>\n<h4><strong>O una versi\u00f3n mucho m\u00e1s informal, con falda corta y jersey a la cintura<\/strong><\/h4>\n<div id=\"attachment_1478\" style=\"width: 528px\" class=\"wp-caption aligncenter\"><a href=\"https:\/\/www.euroresidentes.com\/estilo-de-vida\/moda-estilo\/wp-content\/uploads\/sites\/15\/2016\/10\/combinar-camisa-rayas-euroresidentes-4.jpg\"><img loading=\"lazy\" decoding=\"async\" aria-describedby=\"caption-attachment-1478\" class=\"wp-image-1478 size-full\" title=\"combinar-camisa-rayas-euroresidentes-4 \" src=\"https:\/\/www.euroresidentes.com\/estilo-de-vida\/moda-estilo\/wp-content\/uploads\/sites\/15\/2016\/10\/combinar-camisa-rayas-euroresidentes-4.jpg\" alt=\"30 ideas para vestir una camisa de rayas \" width=\"518\" height=\"777\" srcset=\"https:\/\/www.euroresidentes.com\/estilo-de-vida\/moda-estilo\/wp-content\/uploads\/sites\/15\/2016\/10\/combinar-camisa-rayas-euroresidentes-4.jpg 518w, https:\/\/www.euroresidentes.com\/estilo-de-vida\/moda-estilo\/wp-content\/uploads\/sites\/15\/2016\/10\/combinar-camisa-rayas-euroresidentes-4-200x300.jpg 200w\" sizes=\"auto, (max-width: 518px) 100vw, 518px\" \/><\/a><p id=\"caption-attachment-1478\" class=\"wp-caption-text\">aeternit.tumblr.com<\/p><\/div>\n<h4><strong>Hazte un lazo a la cintura y desabr\u00f3chate un par de botones<\/strong><\/h4>\n<div id=\"attachment_1475\" style=\"width: 574px\" class=\"wp-caption aligncenter\"><a href=\"https:\/\/www.euroresidentes.com\/estilo-de-vida\/moda-estilo\/wp-content\/uploads\/sites\/15\/2016\/10\/combinar-camisa-rayas-euroresidentes-2.jpg\"><img loading=\"lazy\" decoding=\"async\" aria-describedby=\"caption-attachment-1475\" class=\"wp-image-1475 size-full\" title=\"combinar-camisa-rayas-euroresidentes-2 \" src=\"https:\/\/www.euroresidentes.com\/estilo-de-vida\/moda-estilo\/wp-content\/uploads\/sites\/15\/2016\/10\/combinar-camisa-rayas-euroresidentes-2.jpg\" alt=\"30 ideas para vestir una camisa de rayas \" width=\"564\" height=\"846\" srcset=\"https:\/\/www.euroresidentes.com\/estilo-de-vida\/moda-estilo\/wp-content\/uploads\/sites\/15\/2016\/10\/combinar-camisa-rayas-euroresidentes-2.jpg 564w, https:\/\/www.euroresidentes.com\/estilo-de-vida\/moda-estilo\/wp-content\/uploads\/sites\/15\/2016\/10\/combinar-camisa-rayas-euroresidentes-2-200x300.jpg 200w\" sizes=\"auto, (max-width: 564px) 100vw, 564px\" \/><\/a><p id=\"caption-attachment-1475\" class=\"wp-caption-text\">Vogue Spain<\/p><\/div>\n<h4><strong>Comb\u00ednala con un solo color de la cabeza a los pies, por ejemplo, el camel\u00a0<\/strong><\/h4>\n<div id=\"attachment_1477\" style=\"width: 574px\" class=\"wp-caption aligncenter\"><a href=\"https:\/\/www.euroresidentes.com\/estilo-de-vida\/moda-estilo\/wp-content\/uploads\/sites\/15\/2016\/10\/combinar-camisa-rayas-euroresidentes-3.jpg\"><img loading=\"lazy\" decoding=\"async\" aria-describedby=\"caption-attachment-1477\" class=\"wp-image-1477 size-full\" title=\"combinar-camisa-rayas-euroresidentes-3 \" src=\"https:\/\/www.euroresidentes.com\/estilo-de-vida\/moda-estilo\/wp-content\/uploads\/sites\/15\/2016\/10\/combinar-camisa-rayas-euroresidentes-3.jpg\" alt=\"30 ideas para vestir una camisa de rayas \" width=\"564\" height=\"846\" srcset=\"https:\/\/www.euroresidentes.com\/estilo-de-vida\/moda-estilo\/wp-content\/uploads\/sites\/15\/2016\/10\/combinar-camisa-rayas-euroresidentes-3.jpg 564w, https:\/\/www.euroresidentes.com\/estilo-de-vida\/moda-estilo\/wp-content\/uploads\/sites\/15\/2016\/10\/combinar-camisa-rayas-euroresidentes-3-200x300.jpg 200w\" sizes=\"auto, (max-width: 564px) 100vw, 564px\" \/><\/a><p id=\"caption-attachment-1477\" class=\"wp-caption-text\">Jess Ann Kirby pinterest<\/p><\/div>\n<h4><strong>M\u00e9tele unos s\u00faper tacones a tu look y \u00abla bolsa de la compra\u00bb de Balenciaga<\/strong>\u00a0<\/h4>\n<p><div id=\"attachment_1480\" style=\"width: 574px\" class=\"wp-caption aligncenter\"><a href=\"https:\/\/www.euroresidentes.com\/estilo-de-vida\/moda-estilo\/wp-content\/uploads\/sites\/15\/2016\/10\/combinar-camisa-rayas-euroresidentes-5.jpg\"><img loading=\"lazy\" decoding=\"async\" aria-describedby=\"caption-attachment-1480\" class=\"wp-image-1480 size-full\" title=\"combinar-camisa-rayas-euroresidentes-5 \" src=\"https:\/\/www.euroresidentes.com\/estilo-de-vida\/moda-estilo\/wp-content\/uploads\/sites\/15\/2016\/10\/combinar-camisa-rayas-euroresidentes-5.jpg\" alt=\"30 ideas para vestir una camisa de rayas \" width=\"564\" height=\"846\" srcset=\"https:\/\/www.euroresidentes.com\/estilo-de-vida\/moda-estilo\/wp-content\/uploads\/sites\/15\/2016\/10\/combinar-camisa-rayas-euroresidentes-5.jpg 564w, https:\/\/www.euroresidentes.com\/estilo-de-vida\/moda-estilo\/wp-content\/uploads\/sites\/15\/2016\/10\/combinar-camisa-rayas-euroresidentes-5-200x300.jpg 200w\" sizes=\"auto, (max-width: 564px) 100vw, 564px\" \/><\/a><p id=\"caption-attachment-1480\" class=\"wp-caption-text\">vogue.com<\/p><\/div><!-- inserta publi 2 --><\/p>\n<h4><strong>Combinala con alguna pieza militar \u00a1es perfecto!<\/strong><\/h4>\n<div id=\"attachment_1482\" style=\"width: 574px\" class=\"wp-caption aligncenter\"><a href=\"https:\/\/www.euroresidentes.com\/estilo-de-vida\/moda-estilo\/wp-content\/uploads\/sites\/15\/2016\/10\/combinar-camisa-rayas-euroresidentes-6.jpg\"><img loading=\"lazy\" decoding=\"async\" aria-describedby=\"caption-attachment-1482\" class=\"wp-image-1482 size-full\" title=\"combinar-camisa-rayas-euroresidentes-6  \" src=\"https:\/\/www.euroresidentes.com\/estilo-de-vida\/moda-estilo\/wp-content\/uploads\/sites\/15\/2016\/10\/combinar-camisa-rayas-euroresidentes-6.jpg\" alt=\"30 ideas para vestir una camisa de rayas \" width=\"564\" height=\"846\" srcset=\"https:\/\/www.euroresidentes.com\/estilo-de-vida\/moda-estilo\/wp-content\/uploads\/sites\/15\/2016\/10\/combinar-camisa-rayas-euroresidentes-6.jpg 564w, https:\/\/www.euroresidentes.com\/estilo-de-vida\/moda-estilo\/wp-content\/uploads\/sites\/15\/2016\/10\/combinar-camisa-rayas-euroresidentes-6-200x300.jpg 200w\" sizes=\"auto, (max-width: 564px) 100vw, 564px\" \/><\/a><p id=\"caption-attachment-1482\" class=\"wp-caption-text\">Vogue Spain<\/p><\/div>\n<h4><strong>\u00bfY si optas por un total look a rayas como Alessandra Ambrosio?<\/strong><\/h4>\n<div id=\"attachment_1483\" style=\"width: 574px\" class=\"wp-caption aligncenter\"><a href=\"https:\/\/www.euroresidentes.com\/estilo-de-vida\/moda-estilo\/wp-content\/uploads\/sites\/15\/2016\/10\/combinar-camisa-rayas-euroresidentes-7.jpg\"><img loading=\"lazy\" decoding=\"async\" aria-describedby=\"caption-attachment-1483\" class=\"wp-image-1483 size-full\" title=\"combinar-camisa-rayas-euroresidentes-7 \" src=\"https:\/\/www.euroresidentes.com\/estilo-de-vida\/moda-estilo\/wp-content\/uploads\/sites\/15\/2016\/10\/combinar-camisa-rayas-euroresidentes-7.jpg\" alt=\"30 ideas para vestir una camisa de rayas \" width=\"564\" height=\"755\" srcset=\"https:\/\/www.euroresidentes.com\/estilo-de-vida\/moda-estilo\/wp-content\/uploads\/sites\/15\/2016\/10\/combinar-camisa-rayas-euroresidentes-7.jpg 564w, https:\/\/www.euroresidentes.com\/estilo-de-vida\/moda-estilo\/wp-content\/uploads\/sites\/15\/2016\/10\/combinar-camisa-rayas-euroresidentes-7-224x300.jpg 224w\" sizes=\"auto, (max-width: 564px) 100vw, 564px\" \/><\/a><p id=\"caption-attachment-1483\" class=\"wp-caption-text\">glamour US<\/p><\/div>\n<h4><strong>La camisa a rayas tiene tantas posibilidades, que a\u00fan a\u00f1adi\u00e9ndole un culotte verde y unas sandalias con pompones rojos, estar\u00e1s estupenda<\/strong><\/h4>\n<div id=\"attachment_1495\" style=\"width: 574px\" class=\"wp-caption aligncenter\"><a href=\"https:\/\/www.euroresidentes.com\/estilo-de-vida\/moda-estilo\/wp-content\/uploads\/sites\/15\/2016\/10\/combinar-camisa-rayas-euroresidentes-17.jpg\"><img loading=\"lazy\" decoding=\"async\" aria-describedby=\"caption-attachment-1495\" class=\"wp-image-1495 size-full\" title=\"combinar-camisa-rayas-euroresidentes-17 \" src=\"https:\/\/www.euroresidentes.com\/estilo-de-vida\/moda-estilo\/wp-content\/uploads\/sites\/15\/2016\/10\/combinar-camisa-rayas-euroresidentes-17.jpg\" alt=\"30 ideas para vestir una camisa de rayas \" width=\"564\" height=\"846\" srcset=\"https:\/\/www.euroresidentes.com\/estilo-de-vida\/moda-estilo\/wp-content\/uploads\/sites\/15\/2016\/10\/combinar-camisa-rayas-euroresidentes-17.jpg 564w, https:\/\/www.euroresidentes.com\/estilo-de-vida\/moda-estilo\/wp-content\/uploads\/sites\/15\/2016\/10\/combinar-camisa-rayas-euroresidentes-17-200x300.jpg 200w\" sizes=\"auto, (max-width: 564px) 100vw, 564px\" \/><\/a><p id=\"caption-attachment-1495\" class=\"wp-caption-text\">Man Repeller<\/p><\/div>\n<h4><strong>O con una falda blanca con vuelo a la cintura y unas sandalias romanas (10)<\/strong><\/h4>\n<div id=\"attachment_1484\" style=\"width: 510px\" class=\"wp-caption aligncenter\"><a href=\"https:\/\/www.euroresidentes.com\/estilo-de-vida\/moda-estilo\/wp-content\/uploads\/sites\/15\/2016\/10\/combinar-camisa-rayas-euroresidentes-8.jpg\"><img loading=\"lazy\" decoding=\"async\" aria-describedby=\"caption-attachment-1484\" class=\"wp-image-1484 size-full\" title=\"combinar-camisa-rayas-euroresidentes-8 \" src=\"https:\/\/www.euroresidentes.com\/estilo-de-vida\/moda-estilo\/wp-content\/uploads\/sites\/15\/2016\/10\/combinar-camisa-rayas-euroresidentes-8.jpg\" alt=\"30 ideas para vestir una camisa de rayas \" width=\"500\" height=\"678\" srcset=\"https:\/\/www.euroresidentes.com\/estilo-de-vida\/moda-estilo\/wp-content\/uploads\/sites\/15\/2016\/10\/combinar-camisa-rayas-euroresidentes-8.jpg 500w, https:\/\/www.euroresidentes.com\/estilo-de-vida\/moda-estilo\/wp-content\/uploads\/sites\/15\/2016\/10\/combinar-camisa-rayas-euroresidentes-8-221x300.jpg 221w\" sizes=\"auto, (max-width: 500px) 100vw, 500px\" \/><\/a><p id=\"caption-attachment-1484\" class=\"wp-caption-text\">theyallehateus.com<\/p><\/div>\n<h4><strong>Si quieres un look m\u00e1s c\u00f3modo e informal opta por un pantal\u00f3n negro y unas vans, como hace Gigi Hadid<\/strong><\/h4>\n<div id=\"attachment_1485\" style=\"width: 574px\" class=\"wp-caption aligncenter\"><a href=\"https:\/\/www.euroresidentes.com\/estilo-de-vida\/moda-estilo\/wp-content\/uploads\/sites\/15\/2016\/10\/combinar-camisa-rayas-euroresidentes-9.jpg\"><img loading=\"lazy\" decoding=\"async\" aria-describedby=\"caption-attachment-1485\" class=\"wp-image-1485 size-full\" title=\"combinar-camisa-rayas-euroresidentes-9 \" src=\"https:\/\/www.euroresidentes.com\/estilo-de-vida\/moda-estilo\/wp-content\/uploads\/sites\/15\/2016\/10\/combinar-camisa-rayas-euroresidentes-9.jpg\" alt=\"30 ideas para vestir una camisa de rayas \" width=\"564\" height=\"859\" srcset=\"https:\/\/www.euroresidentes.com\/estilo-de-vida\/moda-estilo\/wp-content\/uploads\/sites\/15\/2016\/10\/combinar-camisa-rayas-euroresidentes-9.jpg 564w, https:\/\/www.euroresidentes.com\/estilo-de-vida\/moda-estilo\/wp-content\/uploads\/sites\/15\/2016\/10\/combinar-camisa-rayas-euroresidentes-9-197x300.jpg 197w\" sizes=\"auto, (max-width: 564px) 100vw, 564px\" \/><\/a><p id=\"caption-attachment-1485\" class=\"wp-caption-text\">Who what wear<\/p><\/div>\n<h4><strong>Atr\u00e9vete a meterle un estampado totalmente diferente, como esta falda<\/strong><\/h4>\n<div id=\"attachment_1486\" style=\"width: 574px\" class=\"wp-caption aligncenter\"><a href=\"https:\/\/www.euroresidentes.com\/estilo-de-vida\/moda-estilo\/wp-content\/uploads\/sites\/15\/2016\/10\/combinar-camisa-rayas-euroresidentes-10.jpg\"><img loading=\"lazy\" decoding=\"async\" aria-describedby=\"caption-attachment-1486\" class=\"wp-image-1486 size-full\" title=\" combinar-camisa-rayas-euroresidentes-10 \" src=\"https:\/\/www.euroresidentes.com\/estilo-de-vida\/moda-estilo\/wp-content\/uploads\/sites\/15\/2016\/10\/combinar-camisa-rayas-euroresidentes-10.jpg\" alt=\"30 ideas para vestir una camisa de rayas \" width=\"564\" height=\"846\" srcset=\"https:\/\/www.euroresidentes.com\/estilo-de-vida\/moda-estilo\/wp-content\/uploads\/sites\/15\/2016\/10\/combinar-camisa-rayas-euroresidentes-10.jpg 564w, https:\/\/www.euroresidentes.com\/estilo-de-vida\/moda-estilo\/wp-content\/uploads\/sites\/15\/2016\/10\/combinar-camisa-rayas-euroresidentes-10-200x300.jpg 200w\" sizes=\"auto, (max-width: 564px) 100vw, 564px\" \/><\/a><p id=\"caption-attachment-1486\" class=\"wp-caption-text\">collagevintage.com<\/p><\/div>\n<h4><strong>\u00bfY si le das la vuelta a tu camisa? Cr\u00e9eme que no te mirar\u00e1n raro&#8230;<\/strong><\/h4>\n<div id=\"attachment_1487\" style=\"width: 574px\" class=\"wp-caption aligncenter\"><a href=\"https:\/\/www.euroresidentes.com\/estilo-de-vida\/moda-estilo\/wp-content\/uploads\/sites\/15\/2016\/10\/combinar-camisa-rayas-euroresidentes-13.jpg\"><img loading=\"lazy\" decoding=\"async\" aria-describedby=\"caption-attachment-1487\" class=\"wp-image-1487 size-full\" title=\"combinar-camisa-rayas-euroresidentes-13 \" src=\"https:\/\/www.euroresidentes.com\/estilo-de-vida\/moda-estilo\/wp-content\/uploads\/sites\/15\/2016\/10\/combinar-camisa-rayas-euroresidentes-13.jpg\" alt=\"30 ideas para vestir una camisa de rayas \" width=\"564\" height=\"844\" srcset=\"https:\/\/www.euroresidentes.com\/estilo-de-vida\/moda-estilo\/wp-content\/uploads\/sites\/15\/2016\/10\/combinar-camisa-rayas-euroresidentes-13.jpg 564w, https:\/\/www.euroresidentes.com\/estilo-de-vida\/moda-estilo\/wp-content\/uploads\/sites\/15\/2016\/10\/combinar-camisa-rayas-euroresidentes-13-200x300.jpg 200w\" sizes=\"auto, (max-width: 564px) 100vw, 564px\" \/><\/a><p id=\"caption-attachment-1487\" class=\"wp-caption-text\">betrendymyfriend.com<\/p><\/div>\n<h4><strong>Tambi\u00e9n est\u00e1 la versi\u00f3n c\u00f3moda e informal, pero con vaqueros y converse. Perfecto para cualquier d\u00eda<\/strong><\/h4>\n<div id=\"attachment_1489\" style=\"width: 574px\" class=\"wp-caption aligncenter\"><a href=\"https:\/\/www.euroresidentes.com\/estilo-de-vida\/moda-estilo\/wp-content\/uploads\/sites\/15\/2016\/10\/combinar-camisa-rayas-euroresidentes-11.jpg\"><img loading=\"lazy\" decoding=\"async\" aria-describedby=\"caption-attachment-1489\" class=\"wp-image-1489 size-full\" title=\"combinar-camisa-rayas-euroresidentes-11\" src=\"https:\/\/www.euroresidentes.com\/estilo-de-vida\/moda-estilo\/wp-content\/uploads\/sites\/15\/2016\/10\/combinar-camisa-rayas-euroresidentes-11.jpg\" alt=\" 30 ideas para vestir una camisa de rayas \" width=\"564\" height=\"846\" srcset=\"https:\/\/www.euroresidentes.com\/estilo-de-vida\/moda-estilo\/wp-content\/uploads\/sites\/15\/2016\/10\/combinar-camisa-rayas-euroresidentes-11.jpg 564w, https:\/\/www.euroresidentes.com\/estilo-de-vida\/moda-estilo\/wp-content\/uploads\/sites\/15\/2016\/10\/combinar-camisa-rayas-euroresidentes-11-200x300.jpg 200w\" sizes=\"auto, (max-width: 564px) 100vw, 564px\" \/><\/a><p id=\"caption-attachment-1489\" class=\"wp-caption-text\">thatkindofwoman.tumblr.com<\/p><\/div>\n<h4><strong>\u00bfMezclar rayas con cuadros de distintos colores? \u00bfPor qu\u00e9 no?<\/strong><\/h4>\n<div id=\"attachment_1505\" style=\"width: 574px\" class=\"wp-caption aligncenter\"><a href=\"https:\/\/www.euroresidentes.com\/estilo-de-vida\/moda-estilo\/wp-content\/uploads\/sites\/15\/2016\/10\/combinar-camisa-rayas-euroresidentes-25.jpg\"><img loading=\"lazy\" decoding=\"async\" aria-describedby=\"caption-attachment-1505\" class=\"wp-image-1505 size-full\" title=\"combinar-camisa-rayas-euroresidentes-25  \" src=\"https:\/\/www.euroresidentes.com\/estilo-de-vida\/moda-estilo\/wp-content\/uploads\/sites\/15\/2016\/10\/combinar-camisa-rayas-euroresidentes-25.jpg\" alt=\"30 ideas para vestir una camisa de rayas \" width=\"564\" height=\"729\" srcset=\"https:\/\/www.euroresidentes.com\/estilo-de-vida\/moda-estilo\/wp-content\/uploads\/sites\/15\/2016\/10\/combinar-camisa-rayas-euroresidentes-25.jpg 564w, https:\/\/www.euroresidentes.com\/estilo-de-vida\/moda-estilo\/wp-content\/uploads\/sites\/15\/2016\/10\/combinar-camisa-rayas-euroresidentes-25-232x300.jpg 232w\" sizes=\"auto, (max-width: 564px) 100vw, 564px\" \/><\/a><p id=\"caption-attachment-1505\" class=\"wp-caption-text\">lovelypepa.com<\/p><\/div>\n<h4><strong>Opta por un pantal\u00f3n tambi\u00e9n a rayas, pero \u00e9stas diferentes a las de la camisa<\/strong><\/h4>\n<div id=\"attachment_1490\" style=\"width: 574px\" class=\"wp-caption aligncenter\"><a href=\"https:\/\/www.euroresidentes.com\/estilo-de-vida\/moda-estilo\/wp-content\/uploads\/sites\/15\/2016\/10\/combinar-camisa-rayas-euroresidentes-12.jpg\"><img loading=\"lazy\" decoding=\"async\" aria-describedby=\"caption-attachment-1490\" class=\"wp-image-1490 size-full\" title=\"combinar-camisa-rayas-euroresidentes-12 \" src=\"https:\/\/www.euroresidentes.com\/estilo-de-vida\/moda-estilo\/wp-content\/uploads\/sites\/15\/2016\/10\/combinar-camisa-rayas-euroresidentes-12.jpg\" alt=\"30 ideas para vestir una camisa de rayas \" width=\"564\" height=\"846\" srcset=\"https:\/\/www.euroresidentes.com\/estilo-de-vida\/moda-estilo\/wp-content\/uploads\/sites\/15\/2016\/10\/combinar-camisa-rayas-euroresidentes-12.jpg 564w, https:\/\/www.euroresidentes.com\/estilo-de-vida\/moda-estilo\/wp-content\/uploads\/sites\/15\/2016\/10\/combinar-camisa-rayas-euroresidentes-12-200x300.jpg 200w\" sizes=\"auto, (max-width: 564px) 100vw, 564px\" \/><\/a><p id=\"caption-attachment-1490\" class=\"wp-caption-text\">New York Magazine<\/p><\/div>\n<h4><strong>A\u00f1\u00e1dele a tu look una chaqueta vaquera con parches<\/strong><\/h4>\n<div id=\"attachment_1499\" style=\"width: 668px\" class=\"wp-caption aligncenter\"><a href=\"https:\/\/www.euroresidentes.com\/estilo-de-vida\/moda-estilo\/wp-content\/uploads\/sites\/15\/2016\/10\/combinar-camisa-rayas-euroresidentes-20.jpg\"><img loading=\"lazy\" decoding=\"async\" aria-describedby=\"caption-attachment-1499\" class=\"wp-image-1499\" title=\"combinar-camisa-rayas-euroresidentes-20 \" src=\"https:\/\/www.euroresidentes.com\/estilo-de-vida\/moda-estilo\/wp-content\/uploads\/sites\/15\/2016\/10\/combinar-camisa-rayas-euroresidentes-20.jpg\" alt=\"30 ideas para vestir una camisa de rayas \" width=\"658\" height=\"439\" srcset=\"https:\/\/www.euroresidentes.com\/estilo-de-vida\/moda-estilo\/wp-content\/uploads\/sites\/15\/2016\/10\/combinar-camisa-rayas-euroresidentes-20.jpg 1800w, https:\/\/www.euroresidentes.com\/estilo-de-vida\/moda-estilo\/wp-content\/uploads\/sites\/15\/2016\/10\/combinar-camisa-rayas-euroresidentes-20-300x200.jpg 300w, https:\/\/www.euroresidentes.com\/estilo-de-vida\/moda-estilo\/wp-content\/uploads\/sites\/15\/2016\/10\/combinar-camisa-rayas-euroresidentes-20-1024x683.jpg 1024w\" sizes=\"auto, (max-width: 658px) 100vw, 658px\" \/><\/a><p id=\"caption-attachment-1499\" class=\"wp-caption-text\">trendytaste.com<\/p><\/div>\n<h4><strong>Y \u00bfqu\u00e9 tal si te desabrochas un par de botones y la haces con escote de barco? Combinada con una mini vaquera es pura tendencia<\/strong><\/h4>\n<div id=\"attachment_1491\" style=\"width: 574px\" class=\"wp-caption aligncenter\"><a href=\"https:\/\/www.euroresidentes.com\/estilo-de-vida\/moda-estilo\/wp-content\/uploads\/sites\/15\/2016\/10\/combinar-camisa-rayas-euroresidentes-14.jpg\"><img loading=\"lazy\" decoding=\"async\" aria-describedby=\"caption-attachment-1491\" class=\"wp-image-1491 size-full\" title=\"combinar-camisa-rayas-euroresidentes-14 \" src=\"https:\/\/www.euroresidentes.com\/estilo-de-vida\/moda-estilo\/wp-content\/uploads\/sites\/15\/2016\/10\/combinar-camisa-rayas-euroresidentes-14.jpg\" alt=\"30 ideas para vestir una camisa de rayas \" width=\"564\" height=\"846\" srcset=\"https:\/\/www.euroresidentes.com\/estilo-de-vida\/moda-estilo\/wp-content\/uploads\/sites\/15\/2016\/10\/combinar-camisa-rayas-euroresidentes-14.jpg 564w, https:\/\/www.euroresidentes.com\/estilo-de-vida\/moda-estilo\/wp-content\/uploads\/sites\/15\/2016\/10\/combinar-camisa-rayas-euroresidentes-14-200x300.jpg 200w\" sizes=\"auto, (max-width: 564px) 100vw, 564px\" \/><\/a><p id=\"caption-attachment-1491\" class=\"wp-caption-text\">Vogue Spain<\/p><\/div>\n<h4><strong>Si te gustan los colores vibrantes, haz como en esta foto y m\u00e9tele unos pantalones amarillos y unos zapatos plateados<\/strong><\/h4>\n<div id=\"attachment_1493\" style=\"width: 574px\" class=\"wp-caption aligncenter\"><a href=\"https:\/\/www.euroresidentes.com\/estilo-de-vida\/moda-estilo\/wp-content\/uploads\/sites\/15\/2016\/10\/combinar-camisa-rayas-euroresidentes-15.jpg\"><img loading=\"lazy\" decoding=\"async\" aria-describedby=\"caption-attachment-1493\" class=\"wp-image-1493 size-full\" title=\"combinar-camisa-rayas-euroresidentes-15 \" src=\"https:\/\/www.euroresidentes.com\/estilo-de-vida\/moda-estilo\/wp-content\/uploads\/sites\/15\/2016\/10\/combinar-camisa-rayas-euroresidentes-15.jpg\" alt=\"30 ideas para vestir una camisa de rayas \" width=\"564\" height=\"846\" srcset=\"https:\/\/www.euroresidentes.com\/estilo-de-vida\/moda-estilo\/wp-content\/uploads\/sites\/15\/2016\/10\/combinar-camisa-rayas-euroresidentes-15.jpg 564w, https:\/\/www.euroresidentes.com\/estilo-de-vida\/moda-estilo\/wp-content\/uploads\/sites\/15\/2016\/10\/combinar-camisa-rayas-euroresidentes-15-200x300.jpg 200w\" sizes=\"auto, (max-width: 564px) 100vw, 564px\" \/><\/a><p id=\"caption-attachment-1493\" class=\"wp-caption-text\">style DuMonde<\/p><\/div>\n<h4><strong>Si por el contrario eres m\u00e1s cl\u00e1sica, escoge un pantal\u00f3n gris con una gabardina (20)<\/strong><\/h4>\n<div id=\"attachment_1506\" style=\"width: 511px\" class=\"wp-caption aligncenter\"><a href=\"https:\/\/www.euroresidentes.com\/estilo-de-vida\/moda-estilo\/wp-content\/uploads\/sites\/15\/2016\/10\/combinar-camisa-rayas-euroresidentes-26.jpg\"><img loading=\"lazy\" decoding=\"async\" aria-describedby=\"caption-attachment-1506\" class=\"wp-image-1506 size-full\" title=\"combinar-camisa-rayas-euroresidentes-26 \" src=\"https:\/\/www.euroresidentes.com\/estilo-de-vida\/moda-estilo\/wp-content\/uploads\/sites\/15\/2016\/10\/combinar-camisa-rayas-euroresidentes-26.jpg\" alt=\"30 ideas para vestir una camisa de rayas \" width=\"501\" height=\"981\" srcset=\"https:\/\/www.euroresidentes.com\/estilo-de-vida\/moda-estilo\/wp-content\/uploads\/sites\/15\/2016\/10\/combinar-camisa-rayas-euroresidentes-26.jpg 501w, https:\/\/www.euroresidentes.com\/estilo-de-vida\/moda-estilo\/wp-content\/uploads\/sites\/15\/2016\/10\/combinar-camisa-rayas-euroresidentes-26-153x300.jpg 153w\" sizes=\"auto, (max-width: 501px) 100vw, 501px\" \/><\/a><p id=\"caption-attachment-1506\" class=\"wp-caption-text\">shopStyle.com<\/p><\/div>\n<h4><strong>Dale un toque diferente superponi\u00e9ndole un jersey de pico sin mangas<\/strong><\/h4>\n<div id=\"attachment_1494\" style=\"width: 574px\" class=\"wp-caption aligncenter\"><a href=\"https:\/\/www.euroresidentes.com\/estilo-de-vida\/moda-estilo\/wp-content\/uploads\/sites\/15\/2016\/10\/combinar-camisa-rayas-euroresidentes-16.jpg\"><img loading=\"lazy\" decoding=\"async\" aria-describedby=\"caption-attachment-1494\" class=\"wp-image-1494 size-full\" title=\"combinar-camisa-rayas-euroresidentes-16 \" src=\"https:\/\/www.euroresidentes.com\/estilo-de-vida\/moda-estilo\/wp-content\/uploads\/sites\/15\/2016\/10\/combinar-camisa-rayas-euroresidentes-16.jpg\" alt=\"30 ideas para vestir una camisa de rayas \" width=\"564\" height=\"840\" srcset=\"https:\/\/www.euroresidentes.com\/estilo-de-vida\/moda-estilo\/wp-content\/uploads\/sites\/15\/2016\/10\/combinar-camisa-rayas-euroresidentes-16.jpg 564w, https:\/\/www.euroresidentes.com\/estilo-de-vida\/moda-estilo\/wp-content\/uploads\/sites\/15\/2016\/10\/combinar-camisa-rayas-euroresidentes-16-201x300.jpg 201w\" sizes=\"auto, (max-width: 564px) 100vw, 564px\" \/><\/a><p id=\"caption-attachment-1494\" class=\"wp-caption-text\">time-for-fashion-blogs-elle.es<\/p><\/div>\n<h4><strong>Atada a la cintura y con una chaqueta de cuero \u00a1Nos encanta!<\/strong><\/h4>\n<div id=\"attachment_1497\" style=\"width: 574px\" class=\"wp-caption aligncenter\"><a href=\"https:\/\/www.euroresidentes.com\/estilo-de-vida\/moda-estilo\/wp-content\/uploads\/sites\/15\/2016\/10\/combinar-camisa-rayas-euroresidentes-18.jpg\"><img loading=\"lazy\" decoding=\"async\" aria-describedby=\"caption-attachment-1497\" class=\"wp-image-1497 size-full\" title=\"combinar-camisa-rayas-euroresidentes-18 \" src=\"https:\/\/www.euroresidentes.com\/estilo-de-vida\/moda-estilo\/wp-content\/uploads\/sites\/15\/2016\/10\/combinar-camisa-rayas-euroresidentes-18.jpg\" alt=\"30 ideas para vestir una camisa de rayas \" width=\"564\" height=\"376\" srcset=\"https:\/\/www.euroresidentes.com\/estilo-de-vida\/moda-estilo\/wp-content\/uploads\/sites\/15\/2016\/10\/combinar-camisa-rayas-euroresidentes-18.jpg 564w, https:\/\/www.euroresidentes.com\/estilo-de-vida\/moda-estilo\/wp-content\/uploads\/sites\/15\/2016\/10\/combinar-camisa-rayas-euroresidentes-18-300x200.jpg 300w\" sizes=\"auto, (max-width: 564px) 100vw, 564px\" \/><\/a><p id=\"caption-attachment-1497\" class=\"wp-caption-text\">collagevintage.com<\/p><\/div>\n<h4><strong>\u00bfOs gusta el tul? Porque con una falda de tul + sneakers ir\u00e1s estupendamente bella<\/strong><\/h4>\n<div id=\"attachment_1498\" style=\"width: 574px\" class=\"wp-caption aligncenter\"><a href=\"https:\/\/www.euroresidentes.com\/estilo-de-vida\/moda-estilo\/wp-content\/uploads\/sites\/15\/2016\/10\/combinar-camisa-rayas-euroresidentes-19.jpg\"><img loading=\"lazy\" decoding=\"async\" aria-describedby=\"caption-attachment-1498\" class=\"wp-image-1498 size-full\" title=\"combinar-camisa-rayas-euroresidentes-19 \" src=\"https:\/\/www.euroresidentes.com\/estilo-de-vida\/moda-estilo\/wp-content\/uploads\/sites\/15\/2016\/10\/combinar-camisa-rayas-euroresidentes-19.jpg\" alt=\"30 ideas para vestir una camisa de rayas \" width=\"564\" height=\"772\" srcset=\"https:\/\/www.euroresidentes.com\/estilo-de-vida\/moda-estilo\/wp-content\/uploads\/sites\/15\/2016\/10\/combinar-camisa-rayas-euroresidentes-19.jpg 564w, https:\/\/www.euroresidentes.com\/estilo-de-vida\/moda-estilo\/wp-content\/uploads\/sites\/15\/2016\/10\/combinar-camisa-rayas-euroresidentes-19-219x300.jpg 219w\" sizes=\"auto, (max-width: 564px) 100vw, 564px\" \/><\/a><p id=\"caption-attachment-1498\" class=\"wp-caption-text\">elle.es<\/p><\/div>\n<h4><strong>Romper tu total denim look con la camisa a rayas, es acierto seguro<\/strong><\/h4>\n<div id=\"attachment_1500\" style=\"width: 574px\" class=\"wp-caption aligncenter\"><a href=\"https:\/\/www.euroresidentes.com\/estilo-de-vida\/moda-estilo\/wp-content\/uploads\/sites\/15\/2016\/10\/combinar-camisa-rayas-euroresidentes-21.jpg\"><img loading=\"lazy\" decoding=\"async\" aria-describedby=\"caption-attachment-1500\" class=\"wp-image-1500 size-full\" title=\"combinar-camisa-rayas-euroresidentes-21 \" src=\"https:\/\/www.euroresidentes.com\/estilo-de-vida\/moda-estilo\/wp-content\/uploads\/sites\/15\/2016\/10\/combinar-camisa-rayas-euroresidentes-21.jpg\" alt=\"30 ideas para vestir una camisa de rayas \" width=\"564\" height=\"564\" srcset=\"https:\/\/www.euroresidentes.com\/estilo-de-vida\/moda-estilo\/wp-content\/uploads\/sites\/15\/2016\/10\/combinar-camisa-rayas-euroresidentes-21.jpg 564w, https:\/\/www.euroresidentes.com\/estilo-de-vida\/moda-estilo\/wp-content\/uploads\/sites\/15\/2016\/10\/combinar-camisa-rayas-euroresidentes-21-150x150.jpg 150w, https:\/\/www.euroresidentes.com\/estilo-de-vida\/moda-estilo\/wp-content\/uploads\/sites\/15\/2016\/10\/combinar-camisa-rayas-euroresidentes-21-300x300.jpg 300w, https:\/\/www.euroresidentes.com\/estilo-de-vida\/moda-estilo\/wp-content\/uploads\/sites\/15\/2016\/10\/combinar-camisa-rayas-euroresidentes-21-75x75.jpg 75w\" sizes=\"auto, (max-width: 564px) 100vw, 564px\" \/><\/a><p id=\"caption-attachment-1500\" class=\"wp-caption-text\">instagram.com<\/p><\/div>\n<h4><strong>\u00bfTe atreves con unos pantalones blancos con tachuelas y agujeros?<\/strong><\/h4>\n<div id=\"attachment_1501\" style=\"width: 380px\" class=\"wp-caption aligncenter\"><a href=\"https:\/\/www.euroresidentes.com\/estilo-de-vida\/moda-estilo\/wp-content\/uploads\/sites\/15\/2016\/10\/combinar-camisa-rayas-euroresidentes-22.jpg\"><img loading=\"lazy\" decoding=\"async\" aria-describedby=\"caption-attachment-1501\" class=\"wp-image-1501 size-full\" title=\"combinar-camisa-rayas-euroresidentes-22 \" src=\"https:\/\/www.euroresidentes.com\/estilo-de-vida\/moda-estilo\/wp-content\/uploads\/sites\/15\/2016\/10\/combinar-camisa-rayas-euroresidentes-22.jpg\" alt=\"30 ideas para vestir una camisa de rayas \" width=\"370\" height=\"847\" srcset=\"https:\/\/www.euroresidentes.com\/estilo-de-vida\/moda-estilo\/wp-content\/uploads\/sites\/15\/2016\/10\/combinar-camisa-rayas-euroresidentes-22.jpg 370w, https:\/\/www.euroresidentes.com\/estilo-de-vida\/moda-estilo\/wp-content\/uploads\/sites\/15\/2016\/10\/combinar-camisa-rayas-euroresidentes-22-131x300.jpg 131w\" sizes=\"auto, (max-width: 370px) 100vw, 370px\" \/><\/a><p id=\"caption-attachment-1501\" class=\"wp-caption-text\">vogue.com<\/p><\/div>\n<h4><strong>Por si no te atreves, tambi\u00e9n puedes combinarla con unos pantalones blancos sin m\u00e1s historias<\/strong><\/h4>\n<div id=\"attachment_1504\" style=\"width: 510px\" class=\"wp-caption aligncenter\"><a href=\"https:\/\/www.euroresidentes.com\/estilo-de-vida\/moda-estilo\/wp-content\/uploads\/sites\/15\/2016\/10\/combinar-camisa-rayas-euroresidentes-24.jpg\"><img loading=\"lazy\" decoding=\"async\" aria-describedby=\"caption-attachment-1504\" class=\"wp-image-1504 size-full\" title=\"combinar-camisa-rayas-euroresidentes-24 \" src=\"https:\/\/www.euroresidentes.com\/estilo-de-vida\/moda-estilo\/wp-content\/uploads\/sites\/15\/2016\/10\/combinar-camisa-rayas-euroresidentes-24.jpg\" alt=\"30 ideas para vestir una camisa de rayas \" width=\"500\" height=\"750\" srcset=\"https:\/\/www.euroresidentes.com\/estilo-de-vida\/moda-estilo\/wp-content\/uploads\/sites\/15\/2016\/10\/combinar-camisa-rayas-euroresidentes-24.jpg 500w, https:\/\/www.euroresidentes.com\/estilo-de-vida\/moda-estilo\/wp-content\/uploads\/sites\/15\/2016\/10\/combinar-camisa-rayas-euroresidentes-24-200x300.jpg 200w\" sizes=\"auto, (max-width: 500px) 100vw, 500px\" \/><\/a><p id=\"caption-attachment-1504\" class=\"wp-caption-text\">theyallhateus.com<\/p><\/div>\n<h4><strong>Saca esa falda de tu armario de lino que nunca te pones y comb\u00ednala con la vers\u00e1til camisa<\/strong><\/h4>\n<div id=\"attachment_1502\" style=\"width: 574px\" class=\"wp-caption aligncenter\"><a href=\"https:\/\/www.euroresidentes.com\/estilo-de-vida\/moda-estilo\/wp-content\/uploads\/sites\/15\/2016\/10\/combinar-camisa-rayas-euroresidentes-23.jpg\"><img loading=\"lazy\" decoding=\"async\" aria-describedby=\"caption-attachment-1502\" class=\"wp-image-1502 size-full\" title=\"combinar-camisa-rayas-euroresidentes-23 \" src=\"https:\/\/www.euroresidentes.com\/estilo-de-vida\/moda-estilo\/wp-content\/uploads\/sites\/15\/2016\/10\/combinar-camisa-rayas-euroresidentes-23.jpg\" alt=\"30 ideas para vestir una camisa de rayas \" width=\"564\" height=\"846\" srcset=\"https:\/\/www.euroresidentes.com\/estilo-de-vida\/moda-estilo\/wp-content\/uploads\/sites\/15\/2016\/10\/combinar-camisa-rayas-euroresidentes-23.jpg 564w, https:\/\/www.euroresidentes.com\/estilo-de-vida\/moda-estilo\/wp-content\/uploads\/sites\/15\/2016\/10\/combinar-camisa-rayas-euroresidentes-23-200x300.jpg 200w\" sizes=\"auto, (max-width: 564px) 100vw, 564px\" \/><\/a><p id=\"caption-attachment-1502\" class=\"wp-caption-text\">collagevintage.com<\/p><\/div>\n<h4><strong>Si escoges combinarla con un peto vaquero, tambi\u00e9n ser\u00e1 buena idea<\/strong><\/h4>\n<div id=\"attachment_1507\" style=\"width: 574px\" class=\"wp-caption aligncenter\"><a href=\"https:\/\/www.euroresidentes.com\/estilo-de-vida\/moda-estilo\/wp-content\/uploads\/sites\/15\/2016\/10\/combinar-camisa-rayas-euroresidentes-27.jpg\"><img loading=\"lazy\" decoding=\"async\" aria-describedby=\"caption-attachment-1507\" class=\"wp-image-1507 size-full\" title=\"combinar-camisa-rayas-euroresidentes-27 \" src=\"https:\/\/www.euroresidentes.com\/estilo-de-vida\/moda-estilo\/wp-content\/uploads\/sites\/15\/2016\/10\/combinar-camisa-rayas-euroresidentes-27.jpg\" alt=\"30 ideas para vestir una camisa de rayas \" width=\"564\" height=\"807\" srcset=\"https:\/\/www.euroresidentes.com\/estilo-de-vida\/moda-estilo\/wp-content\/uploads\/sites\/15\/2016\/10\/combinar-camisa-rayas-euroresidentes-27.jpg 564w, https:\/\/www.euroresidentes.com\/estilo-de-vida\/moda-estilo\/wp-content\/uploads\/sites\/15\/2016\/10\/combinar-camisa-rayas-euroresidentes-27-210x300.jpg 210w\" sizes=\"auto, (max-width: 564px) 100vw, 564px\" \/><\/a><p id=\"caption-attachment-1507\" class=\"wp-caption-text\">madewell.com<\/p><\/div>\n<h4><strong>Desabr\u00f3chate unos botones, hazte un nudo a la cintura y ense\u00f1a el ombligo (y lo que quieras). Elige unos pantalones anchos hasta los pies verde militar<\/strong><\/h4>\n<div id=\"attachment_1509\" style=\"width: 574px\" class=\"wp-caption aligncenter\"><a href=\"https:\/\/www.euroresidentes.com\/estilo-de-vida\/moda-estilo\/wp-content\/uploads\/sites\/15\/2016\/10\/combinar-camisa-rayas-euroresidentes-28.jpg\"><img loading=\"lazy\" decoding=\"async\" aria-describedby=\"caption-attachment-1509\" class=\"wp-image-1509 size-full\" title=\"combinar-camisa-rayas-euroresidentes-28 \" src=\"https:\/\/www.euroresidentes.com\/estilo-de-vida\/moda-estilo\/wp-content\/uploads\/sites\/15\/2016\/10\/combinar-camisa-rayas-euroresidentes-28.jpg\" alt=\"30 ideas para vestir una camisa de rayas \" width=\"564\" height=\"845\" srcset=\"https:\/\/www.euroresidentes.com\/estilo-de-vida\/moda-estilo\/wp-content\/uploads\/sites\/15\/2016\/10\/combinar-camisa-rayas-euroresidentes-28.jpg 564w, https:\/\/www.euroresidentes.com\/estilo-de-vida\/moda-estilo\/wp-content\/uploads\/sites\/15\/2016\/10\/combinar-camisa-rayas-euroresidentes-28-200x300.jpg 200w\" sizes=\"auto, (max-width: 564px) 100vw, 564px\" \/><\/a><p id=\"caption-attachment-1509\" class=\"wp-caption-text\">Vogue M\u00e9xico<\/p><\/div>\n<h4><strong>Desabr\u00f3chatela y deja ver tu camiseta favorita<\/strong><\/h4>\n<div id=\"attachment_1510\" style=\"width: 574px\" class=\"wp-caption aligncenter\"><a href=\"https:\/\/www.euroresidentes.com\/estilo-de-vida\/moda-estilo\/wp-content\/uploads\/sites\/15\/2016\/10\/combinar-camisa-rayas-euroresidentes-29.jpg\"><img loading=\"lazy\" decoding=\"async\" aria-describedby=\"caption-attachment-1510\" class=\"wp-image-1510 size-full\" title=\"combinar-camisa-rayas-euroresidentes-29 \" src=\"https:\/\/www.euroresidentes.com\/estilo-de-vida\/moda-estilo\/wp-content\/uploads\/sites\/15\/2016\/10\/combinar-camisa-rayas-euroresidentes-29.jpg\" alt=\"30 ideas para vestir una camisa de rayas \" width=\"564\" height=\"846\" srcset=\"https:\/\/www.euroresidentes.com\/estilo-de-vida\/moda-estilo\/wp-content\/uploads\/sites\/15\/2016\/10\/combinar-camisa-rayas-euroresidentes-29.jpg 564w, https:\/\/www.euroresidentes.com\/estilo-de-vida\/moda-estilo\/wp-content\/uploads\/sites\/15\/2016\/10\/combinar-camisa-rayas-euroresidentes-29-200x300.jpg 200w\" sizes=\"auto, (max-width: 564px) 100vw, 564px\" \/><\/a><p id=\"caption-attachment-1510\" class=\"wp-caption-text\">elle.es<\/p><\/div>\n<h4><strong>Nunca el caos de una camisa mal abrochada, con unos pantalones negros campana y unos botines blancos fue tan trendy<\/strong><\/h4>\n<div id=\"attachment_1511\" style=\"width: 549px\" class=\"wp-caption aligncenter\"><a href=\"https:\/\/www.euroresidentes.com\/estilo-de-vida\/moda-estilo\/wp-content\/uploads\/sites\/15\/2016\/10\/combinar-camisa-rayas-euroresidentes-30.jpg\"><img loading=\"lazy\" decoding=\"async\" aria-describedby=\"caption-attachment-1511\" class=\"wp-image-1511 size-full\" title=\"combinar-camisa-rayas-euroresidentes-30 \" src=\"https:\/\/www.euroresidentes.com\/estilo-de-vida\/moda-estilo\/wp-content\/uploads\/sites\/15\/2016\/10\/combinar-camisa-rayas-euroresidentes-30.jpg\" alt=\"30 ideas para vestir una camisa de rayas \" width=\"539\" height=\"810\" srcset=\"https:\/\/www.euroresidentes.com\/estilo-de-vida\/moda-estilo\/wp-content\/uploads\/sites\/15\/2016\/10\/combinar-camisa-rayas-euroresidentes-30.jpg 539w, https:\/\/www.euroresidentes.com\/estilo-de-vida\/moda-estilo\/wp-content\/uploads\/sites\/15\/2016\/10\/combinar-camisa-rayas-euroresidentes-30-200x300.jpg 200w\" sizes=\"auto, (max-width: 539px) 100vw, 539px\" \/><\/a><p id=\"caption-attachment-1511\" class=\"wp-caption-text\">fashiion-gone-rouge.tumblr.com<\/p><\/div>\n<h4><em><strong>\u00bfTienes t\u00fa, tu propio look con una camisa a rayas? \u00bfQueremos verlo!<\/strong><\/em><\/h4>\n<p><strong>Post relacionados:\u00a0<\/strong><\/p>\n<ul>\n<li><a href=\"https:\/\/www.euroresidentes.com\/estilo-de-vida\/moda-estilo\/looks-con-jersey-rayas\">30 formas de llevar un jersey a rayas<\/a><\/li>\n<li><a href=\"https:\/\/www.euroresidentes.com\/estilo-de-vida\/moda-estilo\/combinar-traje-de-chaqueta\">C\u00f3mprate un traje de chaqueta, nosotros te decimos c\u00f3mo vestirlo<\/a><\/li>\n<li><a href=\"https:\/\/www.euroresidentes.com\/estilo-de-vida\/moda-estilo\/6-looks-monocolor-que-debes-probar-esta-temporada\">7 Looks monocolor que debes probar (y seguro que aciertas)<\/a><\/li>\n<\/ul>\n","protected":false},"excerpt":{"rendered":"<p>La camisa de rayas es la prenda clave de la temporada y os\u00a0voy a dar m\u00e1s de 30 ideas para\u00a0combinarla Si decides esta tarde mismo ir a dar una vuelta por cualquier tienda de un centro comercial, te dar\u00e1s cuenta que hay una prenda que se repite tienda tras\u00a0tienda. La camisa de rayas blancas y azules. Da igual a la que acudas, cara o barata, de se\u00f1ora o de jovencitas, de hombre o de mujer&#8230; \u00a1Est\u00e1 en todas ellas! As\u00ed que desde aqu\u00ed, hemos sacado dos conclusiones: La camisa de rayas est\u00e1 de moda \u00bfPor qu\u00e9 no hacemos una recopilaci\u00f3n <\/p>\n","protected":false},"author":16,"featured_media":1513,"comment_status":"open","ping_status":"open","sticky":false,"template":"","format":"standard","meta":{"footnotes":""},"categories":[17],"tags":[25],"class_list":["post-1445","post","type-post","status-publish","format-standard","has-post-thumbnail","hentry","category-moda","tag-ideas","has_thumb"],"yoast_head":"<!-- This site is optimized with the Yoast SEO plugin v24.1 - https:\/\/yoast.com\/wordpress\/plugins\/seo\/ -->\n<title>M\u00e1s de 30 ideas para combinar una camisa a rayas<\/title>\n<meta name=\"description\" content=\"Es la prenda clave de la temporada, as\u00ed que os voy a dar m\u00e1s de 30 ideas para que vay\u00e1is perfectas si decid\u00eds ir a por...\" \/>\n<meta name=\"robots\" content=\"index, follow, max-snippet:-1, max-image-preview:large, max-video-preview:-1\" \/>\n<link rel=\"canonical\" href=\"https:\/\/www.euroresidentes.com\/estilo-de-vida\/moda-estilo\/combinar-vestir-camisa-de-rayas-tendencia\/\" \/>\n<meta property=\"og:locale\" content=\"es_ES\" \/>\n<meta property=\"og:type\" content=\"article\" \/>\n<meta property=\"og:title\" content=\"M\u00e1s de 30 ideas para combinar una camisa a rayas\" \/>\n<meta property=\"og:description\" content=\"Es la prenda clave de la temporada, as\u00ed que os voy a dar m\u00e1s de 30 ideas para que vay\u00e1is perfectas si decid\u00eds ir a por...\" \/>\n<meta property=\"og:url\" content=\"https:\/\/www.euroresidentes.com\/estilo-de-vida\/moda-estilo\/combinar-vestir-camisa-de-rayas-tendencia\/\" \/>\n<meta property=\"og:site_name\" content=\"Moda y estilo\" \/>\n<meta property=\"article:publisher\" content=\"https:\/\/www.facebook.com\/euroresidentes\/\" \/>\n<meta property=\"article:published_time\" content=\"2016-10-26T10:43:23+00:00\" \/>\n<meta property=\"article:modified_time\" content=\"2017-04-10T14:19:04+00:00\" \/>\n<meta property=\"og:image\" content=\"https:\/\/www.euroresidentes.com\/estilo-de-vida\/moda-estilo\/wp-content\/uploads\/sites\/15\/2016\/10\/combinar-camisa-rayas-euroresidentes-0.jpg\" \/>\n\t<meta property=\"og:image:width\" content=\"700\" \/>\n\t<meta property=\"og:image:height\" content=\"525\" \/>\n\t<meta property=\"og:image:type\" content=\"image\/jpeg\" \/>\n<meta name=\"author\" content=\"Carolina L\u00f3pez\" \/>\n<meta name=\"twitter:card\" content=\"summary_large_image\" \/>\n<meta name=\"twitter:label1\" content=\"Written by\" \/>\n\t<meta name=\"twitter:data1\" content=\"Carolina L\u00f3pez\" \/>\n\t<meta name=\"twitter:label2\" content=\"Est. reading time\" \/>\n\t<meta name=\"twitter:data2\" content=\"5 minutos\" \/>\n<script type=\"application\/ld+json\" class=\"yoast-schema-graph\">{\"@context\":\"https:\/\/schema.org\",\"@graph\":[{\"@type\":\"WebPage\",\"@id\":\"https:\/\/www.euroresidentes.com\/estilo-de-vida\/moda-estilo\/combinar-vestir-camisa-de-rayas-tendencia\/\",\"url\":\"https:\/\/www.euroresidentes.com\/estilo-de-vida\/moda-estilo\/combinar-vestir-camisa-de-rayas-tendencia\/\",\"name\":\"M\u00e1s de 30 ideas para combinar una camisa a rayas\",\"isPartOf\":{\"@id\":\"https:\/\/www.euroresidentes.com\/estilo-de-vida\/moda-estilo\/#website\"},\"primaryImageOfPage\":{\"@id\":\"https:\/\/www.euroresidentes.com\/estilo-de-vida\/moda-estilo\/combinar-vestir-camisa-de-rayas-tendencia\/#primaryimage\"},\"image\":{\"@id\":\"https:\/\/www.euroresidentes.com\/estilo-de-vida\/moda-estilo\/combinar-vestir-camisa-de-rayas-tendencia\/#primaryimage\"},\"thumbnailUrl\":\"https:\/\/www.euroresidentes.com\/estilo-de-vida\/moda-estilo\/wp-content\/uploads\/sites\/15\/2016\/10\/combinar-camisa-rayas-euroresidentes-0.jpg\",\"datePublished\":\"2016-10-26T10:43:23+00:00\",\"dateModified\":\"2017-04-10T14:19:04+00:00\",\"author\":{\"@id\":\"https:\/\/www.euroresidentes.com\/estilo-de-vida\/moda-estilo\/#\/schema\/person\/3ba1d505487bddff8a4458ad5dd3f887\"},\"description\":\"Es la prenda clave de la temporada, as\u00ed que os voy a dar m\u00e1s de 30 ideas para que vay\u00e1is perfectas si decid\u00eds ir a por...\",\"breadcrumb\":{\"@id\":\"https:\/\/www.euroresidentes.com\/estilo-de-vida\/moda-estilo\/combinar-vestir-camisa-de-rayas-tendencia\/#breadcrumb\"},\"inLanguage\":\"es\",\"potentialAction\":[{\"@type\":\"ReadAction\",\"target\":[\"https:\/\/www.euroresidentes.com\/estilo-de-vida\/moda-estilo\/combinar-vestir-camisa-de-rayas-tendencia\/\"]}]},{\"@type\":\"ImageObject\",\"inLanguage\":\"es\",\"@id\":\"https:\/\/www.euroresidentes.com\/estilo-de-vida\/moda-estilo\/combinar-vestir-camisa-de-rayas-tendencia\/#primaryimage\",\"url\":\"https:\/\/www.euroresidentes.com\/estilo-de-vida\/moda-estilo\/wp-content\/uploads\/sites\/15\/2016\/10\/combinar-camisa-rayas-euroresidentes-0.jpg\",\"contentUrl\":\"https:\/\/www.euroresidentes.com\/estilo-de-vida\/moda-estilo\/wp-content\/uploads\/sites\/15\/2016\/10\/combinar-camisa-rayas-euroresidentes-0.jpg\",\"width\":700,\"height\":525},{\"@type\":\"BreadcrumbList\",\"@id\":\"https:\/\/www.euroresidentes.com\/estilo-de-vida\/moda-estilo\/combinar-vestir-camisa-de-rayas-tendencia\/#breadcrumb\",\"itemListElement\":[{\"@type\":\"ListItem\",\"position\":1,\"name\":\"Portada\",\"item\":\"https:\/\/www.euroresidentes.com\/estilo-de-vida\/moda-estilo\/\"},{\"@type\":\"ListItem\",\"position\":2,\"name\":\"M\u00e1s de 30 ideas para vestir una camisa de rayas (e ir perfecta siempre)\"}]},{\"@type\":\"WebSite\",\"@id\":\"https:\/\/www.euroresidentes.com\/estilo-de-vida\/moda-estilo\/#website\",\"url\":\"https:\/\/www.euroresidentes.com\/estilo-de-vida\/moda-estilo\/\",\"name\":\"Moda y estilo\",\"description\":\"Tendencias de moda y belleza\",\"potentialAction\":[{\"@type\":\"SearchAction\",\"target\":{\"@type\":\"EntryPoint\",\"urlTemplate\":\"https:\/\/www.euroresidentes.com\/estilo-de-vida\/moda-estilo\/?s={search_term_string}\"},\"query-input\":{\"@type\":\"PropertyValueSpecification\",\"valueRequired\":true,\"valueName\":\"search_term_string\"}}],\"inLanguage\":\"es\"},{\"@type\":\"Person\",\"@id\":\"https:\/\/www.euroresidentes.com\/estilo-de-vida\/moda-estilo\/#\/schema\/person\/3ba1d505487bddff8a4458ad5dd3f887\",\"name\":\"Carolina L\u00f3pez\",\"image\":{\"@type\":\"ImageObject\",\"inLanguage\":\"es\",\"@id\":\"https:\/\/www.euroresidentes.com\/estilo-de-vida\/moda-estilo\/#\/schema\/person\/image\/\",\"url\":\"https:\/\/www.euroresidentes.com\/estilo-de-vida\/moda-estilo\/wp-content\/uploads\/sites\/15\/2016\/04\/12079094_10153243158757076_5246940149716144098_n-150x150.jpg\",\"contentUrl\":\"https:\/\/www.euroresidentes.com\/estilo-de-vida\/moda-estilo\/wp-content\/uploads\/sites\/15\/2016\/04\/12079094_10153243158757076_5246940149716144098_n-150x150.jpg\",\"caption\":\"Carolina L\u00f3pez\"},\"description\":\"Carolina L\u00f3pezLicenciada en Publicidad y RRPP\",\"sameAs\":[\"https:\/\/www.euroresidentes.com\/estilo-de-vida\/carolina-lopez.html\"],\"url\":\"https:\/\/www.euroresidentes.com\/estilo-de-vida\/moda-estilo\/author\/carolinalopez\/\"}]}<\/script>\n<!-- \/ Yoast SEO plugin. -->","yoast_head_json":{"title":"M\u00e1s de 30 ideas para combinar una camisa a rayas","description":"Es la prenda clave de la temporada, as\u00ed que os voy a dar m\u00e1s de 30 ideas para que vay\u00e1is perfectas si decid\u00eds ir a por...","robots":{"index":"index","follow":"follow","max-snippet":"max-snippet:-1","max-image-preview":"max-image-preview:large","max-video-preview":"max-video-preview:-1"},"canonical":"https:\/\/www.euroresidentes.com\/estilo-de-vida\/moda-estilo\/combinar-vestir-camisa-de-rayas-tendencia\/","og_locale":"es_ES","og_type":"article","og_title":"M\u00e1s de 30 ideas para combinar una camisa a rayas","og_description":"Es la prenda clave de la temporada, as\u00ed que os voy a dar m\u00e1s de 30 ideas para que vay\u00e1is perfectas si decid\u00eds ir a por...","og_url":"https:\/\/www.euroresidentes.com\/estilo-de-vida\/moda-estilo\/combinar-vestir-camisa-de-rayas-tendencia\/","og_site_name":"Moda y estilo","article_publisher":"https:\/\/www.facebook.com\/euroresidentes\/","article_published_time":"2016-10-26T10:43:23+00:00","article_modified_time":"2017-04-10T14:19:04+00:00","og_image":[{"width":700,"height":525,"url":"https:\/\/www.euroresidentes.com\/estilo-de-vida\/moda-estilo\/wp-content\/uploads\/sites\/15\/2016\/10\/combinar-camisa-rayas-euroresidentes-0.jpg","type":"image\/jpeg"}],"author":"Carolina L\u00f3pez","twitter_card":"summary_large_image","twitter_misc":{"Written by":"Carolina L\u00f3pez","Est. reading time":"5 minutos"},"schema":{"@context":"https:\/\/schema.org","@graph":[{"@type":"WebPage","@id":"https:\/\/www.euroresidentes.com\/estilo-de-vida\/moda-estilo\/combinar-vestir-camisa-de-rayas-tendencia\/","url":"https:\/\/www.euroresidentes.com\/estilo-de-vida\/moda-estilo\/combinar-vestir-camisa-de-rayas-tendencia\/","name":"M\u00e1s de 30 ideas para combinar una camisa a rayas","isPartOf":{"@id":"https:\/\/www.euroresidentes.com\/estilo-de-vida\/moda-estilo\/#website"},"primaryImageOfPage":{"@id":"https:\/\/www.euroresidentes.com\/estilo-de-vida\/moda-estilo\/combinar-vestir-camisa-de-rayas-tendencia\/#primaryimage"},"image":{"@id":"https:\/\/www.euroresidentes.com\/estilo-de-vida\/moda-estilo\/combinar-vestir-camisa-de-rayas-tendencia\/#primaryimage"},"thumbnailUrl":"https:\/\/www.euroresidentes.com\/estilo-de-vida\/moda-estilo\/wp-content\/uploads\/sites\/15\/2016\/10\/combinar-camisa-rayas-euroresidentes-0.jpg","datePublished":"2016-10-26T10:43:23+00:00","dateModified":"2017-04-10T14:19:04+00:00","author":{"@id":"https:\/\/www.euroresidentes.com\/estilo-de-vida\/moda-estilo\/#\/schema\/person\/3ba1d505487bddff8a4458ad5dd3f887"},"description":"Es la prenda clave de la temporada, as\u00ed que os voy a dar m\u00e1s de 30 ideas para que vay\u00e1is perfectas si decid\u00eds ir a por...","breadcrumb":{"@id":"https:\/\/www.euroresidentes.com\/estilo-de-vida\/moda-estilo\/combinar-vestir-camisa-de-rayas-tendencia\/#breadcrumb"},"inLanguage":"es","potentialAction":[{"@type":"ReadAction","target":["https:\/\/www.euroresidentes.com\/estilo-de-vida\/moda-estilo\/combinar-vestir-camisa-de-rayas-tendencia\/"]}]},{"@type":"ImageObject","inLanguage":"es","@id":"https:\/\/www.euroresidentes.com\/estilo-de-vida\/moda-estilo\/combinar-vestir-camisa-de-rayas-tendencia\/#primaryimage","url":"https:\/\/www.euroresidentes.com\/estilo-de-vida\/moda-estilo\/wp-content\/uploads\/sites\/15\/2016\/10\/combinar-camisa-rayas-euroresidentes-0.jpg","contentUrl":"https:\/\/www.euroresidentes.com\/estilo-de-vida\/moda-estilo\/wp-content\/uploads\/sites\/15\/2016\/10\/combinar-camisa-rayas-euroresidentes-0.jpg","width":700,"height":525},{"@type":"BreadcrumbList","@id":"https:\/\/www.euroresidentes.com\/estilo-de-vida\/moda-estilo\/combinar-vestir-camisa-de-rayas-tendencia\/#breadcrumb","itemListElement":[{"@type":"ListItem","position":1,"name":"Portada","item":"https:\/\/www.euroresidentes.com\/estilo-de-vida\/moda-estilo\/"},{"@type":"ListItem","position":2,"name":"M\u00e1s de 30 ideas para vestir una camisa de rayas (e ir perfecta siempre)"}]},{"@type":"WebSite","@id":"https:\/\/www.euroresidentes.com\/estilo-de-vida\/moda-estilo\/#website","url":"https:\/\/www.euroresidentes.com\/estilo-de-vida\/moda-estilo\/","name":"Moda y estilo","description":"Tendencias de moda y belleza","potentialAction":[{"@type":"SearchAction","target":{"@type":"EntryPoint","urlTemplate":"https:\/\/www.euroresidentes.com\/estilo-de-vida\/moda-estilo\/?s={search_term_string}"},"query-input":{"@type":"PropertyValueSpecification","valueRequired":true,"valueName":"search_term_string"}}],"inLanguage":"es"},{"@type":"Person","@id":"https:\/\/www.euroresidentes.com\/estilo-de-vida\/moda-estilo\/#\/schema\/person\/3ba1d505487bddff8a4458ad5dd3f887","name":"Carolina L\u00f3pez","image":{"@type":"ImageObject","inLanguage":"es","@id":"https:\/\/www.euroresidentes.com\/estilo-de-vida\/moda-estilo\/#\/schema\/person\/image\/","url":"https:\/\/www.euroresidentes.com\/estilo-de-vida\/moda-estilo\/wp-content\/uploads\/sites\/15\/2016\/04\/12079094_10153243158757076_5246940149716144098_n-150x150.jpg","contentUrl":"https:\/\/www.euroresidentes.com\/estilo-de-vida\/moda-estilo\/wp-content\/uploads\/sites\/15\/2016\/04\/12079094_10153243158757076_5246940149716144098_n-150x150.jpg","caption":"Carolina L\u00f3pez"},"description":"Carolina L\u00f3pezLicenciada en Publicidad y RRPP","sameAs":["https:\/\/www.euroresidentes.com\/estilo-de-vida\/carolina-lopez.html"],"url":"https:\/\/www.euroresidentes.com\/estilo-de-vida\/moda-estilo\/author\/carolinalopez\/"}]}},"_links":{"self":[{"href":"https:\/\/www.euroresidentes.com\/estilo-de-vida\/moda-estilo\/wp-json\/wp\/v2\/posts\/1445","targetHints":{"allow":["GET"]}}],"collection":[{"href":"https:\/\/www.euroresidentes.com\/estilo-de-vida\/moda-estilo\/wp-json\/wp\/v2\/posts"}],"about":[{"href":"https:\/\/www.euroresidentes.com\/estilo-de-vida\/moda-estilo\/wp-json\/wp\/v2\/types\/post"}],"author":[{"embeddable":true,"href":"https:\/\/www.euroresidentes.com\/estilo-de-vida\/moda-estilo\/wp-json\/wp\/v2\/users\/16"}],"replies":[{"embeddable":true,"href":"https:\/\/www.euroresidentes.com\/estilo-de-vida\/moda-estilo\/wp-json\/wp\/v2\/comments?post=1445"}],"version-history":[{"count":11,"href":"https:\/\/www.euroresidentes.com\/estilo-de-vida\/moda-estilo\/wp-json\/wp\/v2\/posts\/1445\/revisions"}],"predecessor-version":[{"id":3472,"href":"https:\/\/www.euroresidentes.com\/estilo-de-vida\/moda-estilo\/wp-json\/wp\/v2\/posts\/1445\/revisions\/3472"}],"wp:featuredmedia":[{"embeddable":true,"href":"https:\/\/www.euroresidentes.com\/estilo-de-vida\/moda-estilo\/wp-json\/wp\/v2\/media\/1513"}],"wp:attachment":[{"href":"https:\/\/www.euroresidentes.com\/estilo-de-vida\/moda-estilo\/wp-json\/wp\/v2\/media?parent=1445"}],"wp:term":[{"taxonomy":"category","embeddable":true,"href":"https:\/\/www.euroresidentes.com\/estilo-de-vida\/moda-estilo\/wp-json\/wp\/v2\/categories?post=1445"},{"taxonomy":"post_tag","embeddable":true,"href":"https:\/\/www.euroresidentes.com\/estilo-de-vida\/moda-estilo\/wp-json\/wp\/v2\/tags?post=1445"}],"curies":[{"name":"wp","href":"https:\/\/api.w.org\/{rel}","templated":true}]}}