{"id":1099,"date":"2016-09-20T15:45:52","date_gmt":"2016-09-20T13:45:52","guid":{"rendered":"http:\/\/www.euroresidentes.com\/estilo-de-vida\/moda-estilo\/?p=1099"},"modified":"2017-04-12T16:17:10","modified_gmt":"2017-04-12T14:17:10","slug":"combinar-traje-de-chaqueta","status":"publish","type":"post","link":"https:\/\/www.euroresidentes.com\/estilo-de-vida\/moda-estilo\/combinar-traje-de-chaqueta\/","title":{"rendered":"C\u00f3mprate un traje de chaqueta, nosotros te decimos c\u00f3mo vestirlo"},"content":{"rendered":"<h3>5 Ideas para llevar un traje de chaqueta y estar perfecta en cualquier momento y lugar<\/h3>\n<p>Si una cosa nos est\u00e1\u00a0quedando clara despu\u00e9s de tanta semana de la moda alrededor del mundo, es que el traje de chaqueta va a ser tu nuevo b\u00e1sico.\u00a0<\/p>\n<p>Pero antes de nada, vamos a dejar una cosa clara: No vuelvas a relacionar\u00a0nunca m\u00e1s el traje de chaqueta como el atuendo exclusivo de un hombre de negocios\u00a0o el de una alta ejecutiva. NUNCA M\u00c1S.<\/p>\n<p>El traje de chaqueta debe ser para ti, al menos esta temporada, como la camisa de rayas azules,\u00a0el chocker o la bomber. Tu primera opci\u00f3n todo el tiempo. Hagas lo que hagas. Vayas donde vayas.<\/p>\n<p>Y para que siempre vayas perfecta con \u00e9l, te vamos a dar 5 ideas que te van a venir estupendamente:<\/p>\n<h3>Traje de chaqueta + zapatillas<\/h3>\n<p><a href=\"https:\/\/www.euroresidentes.com\/estilo-de-vida\/moda-estilo\/wp-content\/uploads\/sites\/15\/2016\/09\/traje-zapatillas.jpg\"><img loading=\"lazy\" decoding=\"async\" class=\"aligncenter wp-image-1101 size-full\" title=\"traje-zapatillas\" src=\"https:\/\/www.euroresidentes.com\/estilo-de-vida\/moda-estilo\/wp-content\/uploads\/sites\/15\/2016\/09\/traje-zapatillas.jpg\" alt=\"5 Ideas para llevar un traje de chaqueta y estar perfecta en cualquier momento y lugar\" width=\"700\" height=\"525\" srcset=\"https:\/\/www.euroresidentes.com\/estilo-de-vida\/moda-estilo\/wp-content\/uploads\/sites\/15\/2016\/09\/traje-zapatillas.jpg 700w, https:\/\/www.euroresidentes.com\/estilo-de-vida\/moda-estilo\/wp-content\/uploads\/sites\/15\/2016\/09\/traje-zapatillas-300x225.jpg 300w\" sizes=\"auto, (max-width: 700px) 100vw, 700px\" \/><\/a><\/p>\n<p>Dale un toque informal a tu look de\u00a0traje de chaqueta con unas zapatillas deporte cl\u00e1sicas.\u00a0<\/p>\n<p><!-- inserta publi --><\/p>\n<h3>Prueba con\u00a0otros tejidos<\/h3>\n<p><a href=\"https:\/\/www.euroresidentes.com\/estilo-de-vida\/moda-estilo\/wp-content\/uploads\/sites\/15\/2016\/09\/traje-chaqueta-tejido.jpg\"><img loading=\"lazy\" decoding=\"async\" class=\"aligncenter wp-image-1103 size-full\" title=\"traje-chaqueta-tejido\" src=\"https:\/\/www.euroresidentes.com\/estilo-de-vida\/moda-estilo\/wp-content\/uploads\/sites\/15\/2016\/09\/traje-chaqueta-tejido.jpg\" alt=\"5 Ideas para llevar un traje de chaqueta y estar perfecta en cualquier momento y lugar\" width=\"700\" height=\"525\" srcset=\"https:\/\/www.euroresidentes.com\/estilo-de-vida\/moda-estilo\/wp-content\/uploads\/sites\/15\/2016\/09\/traje-chaqueta-tejido.jpg 700w, https:\/\/www.euroresidentes.com\/estilo-de-vida\/moda-estilo\/wp-content\/uploads\/sites\/15\/2016\/09\/traje-chaqueta-tejido-300x225.jpg 300w\" sizes=\"auto, (max-width: 700px) 100vw, 700px\" \/><\/a><\/p>\n<p>&nbsp;<\/p>\n<p>Si esta tendencia te parece demasiado seria&#8230; es porque no has visto la variedad de tejidos con los que se puede\u00a0crear un traje de chaqueta. Los de seda son mi preferidos y \u00a1tan \u00fatiles para cualquier momento!<\/p>\n<h3>Utiliza s\u00f3lo la chaqueta del traje<\/h3>\n<p><a href=\"https:\/\/www.euroresidentes.com\/estilo-de-vida\/moda-estilo\/wp-content\/uploads\/sites\/15\/2016\/09\/traje-chaqueta.jpg\"><img loading=\"lazy\" decoding=\"async\" class=\"aligncenter wp-image-1104 size-full\" title=\"traje-chaqueta\" src=\"https:\/\/www.euroresidentes.com\/estilo-de-vida\/moda-estilo\/wp-content\/uploads\/sites\/15\/2016\/09\/traje-chaqueta.jpg\" alt=\"5 Ideas para llevar un traje de chaqueta y estar perfecta en cualquier momento y lugar\" width=\"700\" height=\"525\" srcset=\"https:\/\/www.euroresidentes.com\/estilo-de-vida\/moda-estilo\/wp-content\/uploads\/sites\/15\/2016\/09\/traje-chaqueta.jpg 700w, https:\/\/www.euroresidentes.com\/estilo-de-vida\/moda-estilo\/wp-content\/uploads\/sites\/15\/2016\/09\/traje-chaqueta-300x225.jpg 300w\" sizes=\"auto, (max-width: 700px) 100vw, 700px\" \/><\/a><\/p>\n<p>\u00a1Es tendencia! Es m\u00e1s, en muchas tiendas est\u00e1n haciendo versi\u00f3n chaqueta-vestido, as\u00ed que&#8230; \u00bfa qu\u00e9 esperas?\u00a0<\/p>\n<h3>Adapta tu traje a las tendencias\u00a0<\/h3>\n<p><a href=\"https:\/\/www.euroresidentes.com\/estilo-de-vida\/moda-estilo\/wp-content\/uploads\/sites\/15\/2016\/09\/traje-chaqueta-tendencias.jpg\"><img loading=\"lazy\" decoding=\"async\" class=\"aligncenter wp-image-1105 size-full\" title=\"traje-chaqueta-tendencias\" src=\"https:\/\/www.euroresidentes.com\/estilo-de-vida\/moda-estilo\/wp-content\/uploads\/sites\/15\/2016\/09\/traje-chaqueta-tendencias.jpg\" alt=\"5 Ideas para llevar un traje de chaqueta y estar perfecta en cualquier momento y lugar\" width=\"700\" height=\"525\" srcset=\"https:\/\/www.euroresidentes.com\/estilo-de-vida\/moda-estilo\/wp-content\/uploads\/sites\/15\/2016\/09\/traje-chaqueta-tendencias.jpg 700w, https:\/\/www.euroresidentes.com\/estilo-de-vida\/moda-estilo\/wp-content\/uploads\/sites\/15\/2016\/09\/traje-chaqueta-tendencias-300x225.jpg 300w\" sizes=\"auto, (max-width: 700px) 100vw, 700px\" \/><\/a><\/p>\n<p>Juega con las tendencias: el terciopelo, las capas superpuestas&#8230; en tu traje de chaqueta y dar\u00e1s en el clavo.\u00a0<\/p>\n<h3>Comb\u00ednalo con un \u00abbralette\u00bb o&#8230; \u00a1con nada!<\/h3>\n<p><a href=\"https:\/\/www.euroresidentes.com\/estilo-de-vida\/moda-estilo\/wp-content\/uploads\/sites\/15\/2016\/09\/bralette-nada-traje.jpg\"><img loading=\"lazy\" decoding=\"async\" class=\"aligncenter wp-image-1106 size-full\" title=\"bralette-nada-traje\" src=\"https:\/\/www.euroresidentes.com\/estilo-de-vida\/moda-estilo\/wp-content\/uploads\/sites\/15\/2016\/09\/bralette-nada-traje.jpg\" alt=\"5 Ideas para llevar un traje de chaqueta y estar perfecta en cualquier momento y lugar\" width=\"700\" height=\"525\" srcset=\"https:\/\/www.euroresidentes.com\/estilo-de-vida\/moda-estilo\/wp-content\/uploads\/sites\/15\/2016\/09\/bralette-nada-traje.jpg 700w, https:\/\/www.euroresidentes.com\/estilo-de-vida\/moda-estilo\/wp-content\/uploads\/sites\/15\/2016\/09\/bralette-nada-traje-300x225.jpg 300w\" sizes=\"auto, (max-width: 700px) 100vw, 700px\" \/><\/a><\/p>\n<p>Puedes utilizar debajo del traje un \u00abbralette\u00bb o sujetador un poco m\u00e1s de vestir, y as\u00ed podr\u00e1s llevar la chaqueta desabrochada y dar un toque tremendamente sexy a tu look. O puedes no llevar nada y llevar la chaqueta cerrada.<\/p>\n<p><!-- inserta publi 2 --><\/p>\n<p>Con camisa a rayas, lisa, camiseta, jersey ancho, de cuello vuelto, sandalias, tacones, blanco, de colores, con estampados diferentes&#8230;. En fin, os podr\u00eda dar millones de ideas, para que combin\u00e9is vuestro traje de chaqueta y estar absolutamente fabulosa, hagas lo que hagas y est\u00e9s donde est\u00e9s.<\/p>\n<p>Solo te tienes que atrever<\/p>\n","protected":false},"excerpt":{"rendered":"<p>5 Ideas para llevar un traje de chaqueta y estar perfecta en cualquier momento y lugar Si una cosa nos est\u00e1\u00a0quedando clara despu\u00e9s de tanta semana de la moda alrededor del mundo, es que el traje de chaqueta va a ser tu nuevo b\u00e1sico.\u00a0 Pero antes de nada, vamos a dejar una cosa clara: No vuelvas a relacionar\u00a0nunca m\u00e1s el traje de chaqueta como el atuendo exclusivo de un hombre de negocios\u00a0o el de una alta ejecutiva. NUNCA M\u00c1S. El traje de chaqueta debe ser para ti, al menos esta temporada, como la camisa de rayas azules,\u00a0el chocker o la <\/p>\n","protected":false},"author":16,"featured_media":1101,"comment_status":"open","ping_status":"open","sticky":false,"template":"","format":"standard","meta":{"footnotes":""},"categories":[17],"tags":[25],"class_list":["post-1099","post","type-post","status-publish","format-standard","has-post-thumbnail","hentry","category-moda","tag-ideas","has_thumb"],"yoast_head":"<!-- This site is optimized with the Yoast SEO plugin v24.1 - https:\/\/yoast.com\/wordpress\/plugins\/seo\/ -->\n<title>C\u00f3mprate un traje de chaqueta, nosotros te decimos c\u00f3mo vestirlo - Moda y estilo<\/title>\n<meta name=\"description\" content=\"El traje de chaqueta ser\u00e1 la prenda clave para esta temporada y nosotros te vamos a ayudar a combinarlo para que luzcas perfecta\" \/>\n<meta name=\"robots\" content=\"index, follow, max-snippet:-1, max-image-preview:large, max-video-preview:-1\" \/>\n<link rel=\"canonical\" href=\"https:\/\/www.euroresidentes.com\/estilo-de-vida\/moda-estilo\/combinar-traje-de-chaqueta\/\" \/>\n<meta property=\"og:locale\" content=\"es_ES\" \/>\n<meta property=\"og:type\" content=\"article\" \/>\n<meta property=\"og:title\" content=\"C\u00f3mprate un traje de chaqueta, nosotros te decimos c\u00f3mo vestirlo - Moda y estilo\" \/>\n<meta property=\"og:description\" content=\"El traje de chaqueta ser\u00e1 la prenda clave para esta temporada y nosotros te vamos a ayudar a combinarlo para que luzcas perfecta\" \/>\n<meta property=\"og:url\" content=\"https:\/\/www.euroresidentes.com\/estilo-de-vida\/moda-estilo\/combinar-traje-de-chaqueta\/\" \/>\n<meta property=\"og:site_name\" content=\"Moda y estilo\" \/>\n<meta property=\"article:publisher\" content=\"https:\/\/www.facebook.com\/euroresidentes\/\" \/>\n<meta property=\"article:published_time\" content=\"2016-09-20T13:45:52+00:00\" \/>\n<meta property=\"article:modified_time\" content=\"2017-04-12T14:17:10+00:00\" \/>\n<meta property=\"og:image\" content=\"https:\/\/www.euroresidentes.com\/estilo-de-vida\/moda-estilo\/wp-content\/uploads\/sites\/15\/2016\/09\/traje-zapatillas.jpg\" \/>\n\t<meta property=\"og:image:width\" content=\"700\" \/>\n\t<meta property=\"og:image:height\" content=\"525\" \/>\n\t<meta property=\"og:image:type\" content=\"image\/jpeg\" \/>\n<meta name=\"author\" content=\"Carolina L\u00f3pez\" \/>\n<meta name=\"twitter:card\" content=\"summary_large_image\" \/>\n<meta name=\"twitter:label1\" content=\"Written by\" \/>\n\t<meta name=\"twitter:data1\" content=\"Carolina L\u00f3pez\" \/>\n\t<meta name=\"twitter:label2\" content=\"Est. reading time\" \/>\n\t<meta name=\"twitter:data2\" content=\"2 minutos\" \/>\n<script type=\"application\/ld+json\" class=\"yoast-schema-graph\">{\"@context\":\"https:\/\/schema.org\",\"@graph\":[{\"@type\":\"WebPage\",\"@id\":\"https:\/\/www.euroresidentes.com\/estilo-de-vida\/moda-estilo\/combinar-traje-de-chaqueta\/\",\"url\":\"https:\/\/www.euroresidentes.com\/estilo-de-vida\/moda-estilo\/combinar-traje-de-chaqueta\/\",\"name\":\"C\u00f3mprate un traje de chaqueta, nosotros te decimos c\u00f3mo vestirlo - Moda y estilo\",\"isPartOf\":{\"@id\":\"https:\/\/www.euroresidentes.com\/estilo-de-vida\/moda-estilo\/#website\"},\"primaryImageOfPage\":{\"@id\":\"https:\/\/www.euroresidentes.com\/estilo-de-vida\/moda-estilo\/combinar-traje-de-chaqueta\/#primaryimage\"},\"image\":{\"@id\":\"https:\/\/www.euroresidentes.com\/estilo-de-vida\/moda-estilo\/combinar-traje-de-chaqueta\/#primaryimage\"},\"thumbnailUrl\":\"https:\/\/www.euroresidentes.com\/estilo-de-vida\/moda-estilo\/wp-content\/uploads\/sites\/15\/2016\/09\/traje-zapatillas.jpg\",\"datePublished\":\"2016-09-20T13:45:52+00:00\",\"dateModified\":\"2017-04-12T14:17:10+00:00\",\"author\":{\"@id\":\"https:\/\/www.euroresidentes.com\/estilo-de-vida\/moda-estilo\/#\/schema\/person\/3ba1d505487bddff8a4458ad5dd3f887\"},\"description\":\"El traje de chaqueta ser\u00e1 la prenda clave para esta temporada y nosotros te vamos a ayudar a combinarlo para que luzcas perfecta\",\"breadcrumb\":{\"@id\":\"https:\/\/www.euroresidentes.com\/estilo-de-vida\/moda-estilo\/combinar-traje-de-chaqueta\/#breadcrumb\"},\"inLanguage\":\"es\",\"potentialAction\":[{\"@type\":\"ReadAction\",\"target\":[\"https:\/\/www.euroresidentes.com\/estilo-de-vida\/moda-estilo\/combinar-traje-de-chaqueta\/\"]}]},{\"@type\":\"ImageObject\",\"inLanguage\":\"es\",\"@id\":\"https:\/\/www.euroresidentes.com\/estilo-de-vida\/moda-estilo\/combinar-traje-de-chaqueta\/#primaryimage\",\"url\":\"https:\/\/www.euroresidentes.com\/estilo-de-vida\/moda-estilo\/wp-content\/uploads\/sites\/15\/2016\/09\/traje-zapatillas.jpg\",\"contentUrl\":\"https:\/\/www.euroresidentes.com\/estilo-de-vida\/moda-estilo\/wp-content\/uploads\/sites\/15\/2016\/09\/traje-zapatillas.jpg\",\"width\":700,\"height\":525},{\"@type\":\"BreadcrumbList\",\"@id\":\"https:\/\/www.euroresidentes.com\/estilo-de-vida\/moda-estilo\/combinar-traje-de-chaqueta\/#breadcrumb\",\"itemListElement\":[{\"@type\":\"ListItem\",\"position\":1,\"name\":\"Portada\",\"item\":\"https:\/\/www.euroresidentes.com\/estilo-de-vida\/moda-estilo\/\"},{\"@type\":\"ListItem\",\"position\":2,\"name\":\"C\u00f3mprate un traje de chaqueta, nosotros te decimos c\u00f3mo vestirlo\"}]},{\"@type\":\"WebSite\",\"@id\":\"https:\/\/www.euroresidentes.com\/estilo-de-vida\/moda-estilo\/#website\",\"url\":\"https:\/\/www.euroresidentes.com\/estilo-de-vida\/moda-estilo\/\",\"name\":\"Moda y estilo\",\"description\":\"Tendencias de moda y belleza\",\"potentialAction\":[{\"@type\":\"SearchAction\",\"target\":{\"@type\":\"EntryPoint\",\"urlTemplate\":\"https:\/\/www.euroresidentes.com\/estilo-de-vida\/moda-estilo\/?s={search_term_string}\"},\"query-input\":{\"@type\":\"PropertyValueSpecification\",\"valueRequired\":true,\"valueName\":\"search_term_string\"}}],\"inLanguage\":\"es\"},{\"@type\":\"Person\",\"@id\":\"https:\/\/www.euroresidentes.com\/estilo-de-vida\/moda-estilo\/#\/schema\/person\/3ba1d505487bddff8a4458ad5dd3f887\",\"name\":\"Carolina L\u00f3pez\",\"image\":{\"@type\":\"ImageObject\",\"inLanguage\":\"es\",\"@id\":\"https:\/\/www.euroresidentes.com\/estilo-de-vida\/moda-estilo\/#\/schema\/person\/image\/\",\"url\":\"https:\/\/www.euroresidentes.com\/estilo-de-vida\/moda-estilo\/wp-content\/uploads\/sites\/15\/2016\/04\/12079094_10153243158757076_5246940149716144098_n-150x150.jpg\",\"contentUrl\":\"https:\/\/www.euroresidentes.com\/estilo-de-vida\/moda-estilo\/wp-content\/uploads\/sites\/15\/2016\/04\/12079094_10153243158757076_5246940149716144098_n-150x150.jpg\",\"caption\":\"Carolina L\u00f3pez\"},\"description\":\"Carolina L\u00f3pezLicenciada en Publicidad y RRPP\",\"sameAs\":[\"https:\/\/www.euroresidentes.com\/estilo-de-vida\/carolina-lopez.html\"],\"url\":\"https:\/\/www.euroresidentes.com\/estilo-de-vida\/moda-estilo\/author\/carolinalopez\/\"}]}<\/script>\n<!-- \/ Yoast SEO plugin. -->","yoast_head_json":{"title":"C\u00f3mprate un traje de chaqueta, nosotros te decimos c\u00f3mo vestirlo - Moda y estilo","description":"El traje de chaqueta ser\u00e1 la prenda clave para esta temporada y nosotros te vamos a ayudar a combinarlo para que luzcas perfecta","robots":{"index":"index","follow":"follow","max-snippet":"max-snippet:-1","max-image-preview":"max-image-preview:large","max-video-preview":"max-video-preview:-1"},"canonical":"https:\/\/www.euroresidentes.com\/estilo-de-vida\/moda-estilo\/combinar-traje-de-chaqueta\/","og_locale":"es_ES","og_type":"article","og_title":"C\u00f3mprate un traje de chaqueta, nosotros te decimos c\u00f3mo vestirlo - Moda y estilo","og_description":"El traje de chaqueta ser\u00e1 la prenda clave para esta temporada y nosotros te vamos a ayudar a combinarlo para que luzcas perfecta","og_url":"https:\/\/www.euroresidentes.com\/estilo-de-vida\/moda-estilo\/combinar-traje-de-chaqueta\/","og_site_name":"Moda y estilo","article_publisher":"https:\/\/www.facebook.com\/euroresidentes\/","article_published_time":"2016-09-20T13:45:52+00:00","article_modified_time":"2017-04-12T14:17:10+00:00","og_image":[{"width":700,"height":525,"url":"https:\/\/www.euroresidentes.com\/estilo-de-vida\/moda-estilo\/wp-content\/uploads\/sites\/15\/2016\/09\/traje-zapatillas.jpg","type":"image\/jpeg"}],"author":"Carolina L\u00f3pez","twitter_card":"summary_large_image","twitter_misc":{"Written by":"Carolina L\u00f3pez","Est. reading time":"2 minutos"},"schema":{"@context":"https:\/\/schema.org","@graph":[{"@type":"WebPage","@id":"https:\/\/www.euroresidentes.com\/estilo-de-vida\/moda-estilo\/combinar-traje-de-chaqueta\/","url":"https:\/\/www.euroresidentes.com\/estilo-de-vida\/moda-estilo\/combinar-traje-de-chaqueta\/","name":"C\u00f3mprate un traje de chaqueta, nosotros te decimos c\u00f3mo vestirlo - Moda y estilo","isPartOf":{"@id":"https:\/\/www.euroresidentes.com\/estilo-de-vida\/moda-estilo\/#website"},"primaryImageOfPage":{"@id":"https:\/\/www.euroresidentes.com\/estilo-de-vida\/moda-estilo\/combinar-traje-de-chaqueta\/#primaryimage"},"image":{"@id":"https:\/\/www.euroresidentes.com\/estilo-de-vida\/moda-estilo\/combinar-traje-de-chaqueta\/#primaryimage"},"thumbnailUrl":"https:\/\/www.euroresidentes.com\/estilo-de-vida\/moda-estilo\/wp-content\/uploads\/sites\/15\/2016\/09\/traje-zapatillas.jpg","datePublished":"2016-09-20T13:45:52+00:00","dateModified":"2017-04-12T14:17:10+00:00","author":{"@id":"https:\/\/www.euroresidentes.com\/estilo-de-vida\/moda-estilo\/#\/schema\/person\/3ba1d505487bddff8a4458ad5dd3f887"},"description":"El traje de chaqueta ser\u00e1 la prenda clave para esta temporada y nosotros te vamos a ayudar a combinarlo para que luzcas perfecta","breadcrumb":{"@id":"https:\/\/www.euroresidentes.com\/estilo-de-vida\/moda-estilo\/combinar-traje-de-chaqueta\/#breadcrumb"},"inLanguage":"es","potentialAction":[{"@type":"ReadAction","target":["https:\/\/www.euroresidentes.com\/estilo-de-vida\/moda-estilo\/combinar-traje-de-chaqueta\/"]}]},{"@type":"ImageObject","inLanguage":"es","@id":"https:\/\/www.euroresidentes.com\/estilo-de-vida\/moda-estilo\/combinar-traje-de-chaqueta\/#primaryimage","url":"https:\/\/www.euroresidentes.com\/estilo-de-vida\/moda-estilo\/wp-content\/uploads\/sites\/15\/2016\/09\/traje-zapatillas.jpg","contentUrl":"https:\/\/www.euroresidentes.com\/estilo-de-vida\/moda-estilo\/wp-content\/uploads\/sites\/15\/2016\/09\/traje-zapatillas.jpg","width":700,"height":525},{"@type":"BreadcrumbList","@id":"https:\/\/www.euroresidentes.com\/estilo-de-vida\/moda-estilo\/combinar-traje-de-chaqueta\/#breadcrumb","itemListElement":[{"@type":"ListItem","position":1,"name":"Portada","item":"https:\/\/www.euroresidentes.com\/estilo-de-vida\/moda-estilo\/"},{"@type":"ListItem","position":2,"name":"C\u00f3mprate un traje de chaqueta, nosotros te decimos c\u00f3mo vestirlo"}]},{"@type":"WebSite","@id":"https:\/\/www.euroresidentes.com\/estilo-de-vida\/moda-estilo\/#website","url":"https:\/\/www.euroresidentes.com\/estilo-de-vida\/moda-estilo\/","name":"Moda y estilo","description":"Tendencias de moda y belleza","potentialAction":[{"@type":"SearchAction","target":{"@type":"EntryPoint","urlTemplate":"https:\/\/www.euroresidentes.com\/estilo-de-vida\/moda-estilo\/?s={search_term_string}"},"query-input":{"@type":"PropertyValueSpecification","valueRequired":true,"valueName":"search_term_string"}}],"inLanguage":"es"},{"@type":"Person","@id":"https:\/\/www.euroresidentes.com\/estilo-de-vida\/moda-estilo\/#\/schema\/person\/3ba1d505487bddff8a4458ad5dd3f887","name":"Carolina L\u00f3pez","image":{"@type":"ImageObject","inLanguage":"es","@id":"https:\/\/www.euroresidentes.com\/estilo-de-vida\/moda-estilo\/#\/schema\/person\/image\/","url":"https:\/\/www.euroresidentes.com\/estilo-de-vida\/moda-estilo\/wp-content\/uploads\/sites\/15\/2016\/04\/12079094_10153243158757076_5246940149716144098_n-150x150.jpg","contentUrl":"https:\/\/www.euroresidentes.com\/estilo-de-vida\/moda-estilo\/wp-content\/uploads\/sites\/15\/2016\/04\/12079094_10153243158757076_5246940149716144098_n-150x150.jpg","caption":"Carolina L\u00f3pez"},"description":"Carolina L\u00f3pezLicenciada en Publicidad y RRPP","sameAs":["https:\/\/www.euroresidentes.com\/estilo-de-vida\/carolina-lopez.html"],"url":"https:\/\/www.euroresidentes.com\/estilo-de-vida\/moda-estilo\/author\/carolinalopez\/"}]}},"_links":{"self":[{"href":"https:\/\/www.euroresidentes.com\/estilo-de-vida\/moda-estilo\/wp-json\/wp\/v2\/posts\/1099","targetHints":{"allow":["GET"]}}],"collection":[{"href":"https:\/\/www.euroresidentes.com\/estilo-de-vida\/moda-estilo\/wp-json\/wp\/v2\/posts"}],"about":[{"href":"https:\/\/www.euroresidentes.com\/estilo-de-vida\/moda-estilo\/wp-json\/wp\/v2\/types\/post"}],"author":[{"embeddable":true,"href":"https:\/\/www.euroresidentes.com\/estilo-de-vida\/moda-estilo\/wp-json\/wp\/v2\/users\/16"}],"replies":[{"embeddable":true,"href":"https:\/\/www.euroresidentes.com\/estilo-de-vida\/moda-estilo\/wp-json\/wp\/v2\/comments?post=1099"}],"version-history":[{"count":3,"href":"https:\/\/www.euroresidentes.com\/estilo-de-vida\/moda-estilo\/wp-json\/wp\/v2\/posts\/1099\/revisions"}],"predecessor-version":[{"id":1108,"href":"https:\/\/www.euroresidentes.com\/estilo-de-vida\/moda-estilo\/wp-json\/wp\/v2\/posts\/1099\/revisions\/1108"}],"wp:featuredmedia":[{"embeddable":true,"href":"https:\/\/www.euroresidentes.com\/estilo-de-vida\/moda-estilo\/wp-json\/wp\/v2\/media\/1101"}],"wp:attachment":[{"href":"https:\/\/www.euroresidentes.com\/estilo-de-vida\/moda-estilo\/wp-json\/wp\/v2\/media?parent=1099"}],"wp:term":[{"taxonomy":"category","embeddable":true,"href":"https:\/\/www.euroresidentes.com\/estilo-de-vida\/moda-estilo\/wp-json\/wp\/v2\/categories?post=1099"},{"taxonomy":"post_tag","embeddable":true,"href":"https:\/\/www.euroresidentes.com\/estilo-de-vida\/moda-estilo\/wp-json\/wp\/v2\/tags?post=1099"}],"curies":[{"name":"wp","href":"https:\/\/api.w.org\/{rel}","templated":true}]}}