{"id":767,"date":"2005-10-25T15:56:00","date_gmt":"2005-10-25T15:56:00","guid":{"rendered":"http:\/\/www.euroresidentes.com\/estilo-de-vida\/envejecer\/depresin"},"modified":"2016-02-02T09:38:46","modified_gmt":"2016-02-02T09:38:46","slug":"depresin","status":"publish","type":"post","link":"https:\/\/www.euroresidentes.com\/estilo-de-vida\/envejecer\/depresin\/","title":{"rendered":"Depresi\u00f3n"},"content":{"rendered":"<p>Aunque el t\u00e9rmino <em>crisis nerviosa<\/em> no supone un t\u00e9rmino cl\u00ednico, se utiliza para describir la p\u00e9rdida de estabilidad mental. En la edad media se utilizaba el t\u00e9rmino \u00ab<em>melancol\u00eda<\/em>\u00bb y en las primeras d\u00e9cadas del siglo XX se conoc\u00eda como \u00ab<em>la neurastenia<\/em>\u00ab. A partir de los a\u00f1os 30 del mismo siglo, se empezaba a utilizar el t\u00e9rmino crisis nerviosa.<\/p>\n<p>Una crisis nerviosa es cuando una persona se derrumba de repente ante una situaci\u00f3n de mucha presi\u00f3n y sufre una crisis f\u00edsica o mental (o ambos) como consecuencia.<\/p>\n<p>Hoy en d\u00eda el termino m\u00e1s com\u00fan para esta situaci\u00f3n es \u00abdepresi\u00f3n\u00bb. Episodios depresivos pueden ser causados por factores gen\u00e9ticos y biol\u00f3gicos, pero muchas veces est\u00e1n provocados por circunstancias sociales o ambientales. En las personas mayores, un cambio repentino de hogar despu\u00e9s de haber vivido muchos a\u00f1os en la misma casa puede ser la causa. Por otra parte, una sensaci\u00f3n continua de ansiedad ante un miedo de no poder dar la talla o soportar lo que cuando era m\u00e1s joven formaba parte de las presiones normales de la vida cotidiana puede destrozar un estado de bienestar.<\/p>\n<p>La jubilaci\u00f3n para persona cuyo trabajo ha sido el eje de su vida supone la inmersi\u00f3n en un mundo extra\u00f1o y mal recibido. La muerte tambi\u00e9n puede causar una depresi\u00f3n. Cuando pierden un ser querido, algunas personas pierden el sentido de su propia ser.<\/p>\n<p>Sea lo que sea el motivo (y tal vez no sea f\u00e1cil determinarlo), la depresi\u00f3n gasta su energ\u00eda y motivaci\u00f3n y te puede hacer sentir sin ra\u00edces, culpable y sin esperanza.<\/p>\n<p>Yo tuve una experiencia parecida en los a\u00f1os 90. Tom\u00e9 prozac durante unos 5 meses (demasiado tiempo en mi opini\u00f3n, pero entonces no ten\u00eda la energ\u00eda para discutir con mi medico). Tambi\u00e9n recib\u00ed ayuda psicol\u00f3gica y home\u00f3pata y luch\u00e9 para volver a mi trabajo, lo que supuso una terapia en s\u00ed, recib\u00ed ayuda de una Red de apoyo para los que sufren del s\u00edndrome de colon irritable y recib\u00ed el apoyo de mi mujer y mi familia.<\/p>\n<p>Una crisis nerviosa o una depresi\u00f3n puede hacerte sentir como un desconocido a ti mismo, y por lo tanto resulta muy dif\u00edcil gestionar tu vida. Existir ya no es divertido: de hecho \u00a1lo peor de una depresi\u00f3n es sentirse deprimido! Es muy dif\u00edcil subir del pozo en el que sientes que has ca\u00eddo. Pero es posible. As\u00ed que \u00bfc\u00f3mo se hace?<\/p>\n<p><\/p>\n<ul>\n<li>A trav\u00e9s de los medicamentos, aunque hay los que piensan que los anti-depresivos se recetan de forma demasiado libre y extendida<\/li>\n<li>Acudir a apoyo psicol\u00f3gico<\/li>\n<li>Acudir a apoyo social &#8211; clubs, redes, asociaciones&#8230;.<\/li>\n<li>Buscar la ayuda y los consejos de alguien que ha pasado por una experiencia parecida. Te podr\u00e1 asegurar que los buenos tiempos volver\u00e1n y que saldr\u00e1s de esto<\/li>\n<li>Buscar consuelo en la convicci\u00f3n y la seguridad que te demuestran los que te quieren de que sigues siendo tu mismo y que recuperar\u00e1s, tarde o temprano, tu equanimidad.<\/li>\n<li>Sobre todo, tener paciencia.<\/li>\n<\/ul>\n<p>Bryan<\/p>\n","protected":false},"excerpt":{"rendered":"<p>Aunque el t\u00e9rmino crisis nerviosa no supone un t\u00e9rmino cl\u00ednico, se utiliza para describir la p\u00e9rdida de estabilidad mental. En la edad media se utilizaba el t\u00e9rmino \u00abmelancol\u00eda\u00bb y en las primeras d\u00e9cadas del siglo XX se conoc\u00eda como \u00abla neurastenia\u00ab. A partir de los a\u00f1os 30 del mismo siglo, se empezaba a utilizar el t\u00e9rmino crisis nerviosa. Una crisis nerviosa es cuando una persona se derrumba de repente ante una situaci\u00f3n de mucha presi\u00f3n y sufre una crisis f\u00edsica o mental (o ambos) como consecuencia. Hoy en d\u00eda el termino m\u00e1s com\u00fan para esta situaci\u00f3n es \u00abdepresi\u00f3n\u00bb. Episodios depresivos <\/p>\n","protected":false},"author":0,"featured_media":0,"comment_status":"open","ping_status":"open","sticky":false,"template":"","format":"standard","meta":{"footnotes":""},"categories":[1],"tags":[],"class_list":["post-767","post","type-post","status-publish","format-standard","hentry","category-envejecer"],"yoast_head":"<!-- This site is optimized with the Yoast SEO plugin v24.1 - https:\/\/yoast.com\/wordpress\/plugins\/seo\/ -->\n<title>Depresi\u00f3n - Envejecer<\/title>\n<meta name=\"robots\" content=\"index, follow, max-snippet:-1, max-image-preview:large, max-video-preview:-1\" \/>\n<link rel=\"canonical\" href=\"https:\/\/www.euroresidentes.com\/estilo-de-vida\/envejecer\/depresin\/\" \/>\n<meta property=\"og:locale\" content=\"es_ES\" \/>\n<meta property=\"og:type\" content=\"article\" \/>\n<meta property=\"og:title\" content=\"Depresi\u00f3n - Envejecer\" \/>\n<meta property=\"og:description\" content=\"Aunque el t\u00e9rmino crisis nerviosa no supone un t\u00e9rmino cl\u00ednico, se utiliza para describir la p\u00e9rdida de estabilidad mental. En la edad media se utilizaba el t\u00e9rmino \u00abmelancol\u00eda\u00bb y en las primeras d\u00e9cadas del siglo XX se conoc\u00eda como \u00abla neurastenia\u00ab. A partir de los a\u00f1os 30 del mismo siglo, se empezaba a utilizar el t\u00e9rmino crisis nerviosa. Una crisis nerviosa es cuando una persona se derrumba de repente ante una situaci\u00f3n de mucha presi\u00f3n y sufre una crisis f\u00edsica o mental (o ambos) como consecuencia. Hoy en d\u00eda el termino m\u00e1s com\u00fan para esta situaci\u00f3n es \u00abdepresi\u00f3n\u00bb. Episodios depresivos\" \/>\n<meta property=\"og:url\" content=\"https:\/\/www.euroresidentes.com\/estilo-de-vida\/envejecer\/depresin\/\" \/>\n<meta property=\"og:site_name\" content=\"Envejecer\" \/>\n<meta property=\"article:published_time\" content=\"2005-10-25T15:56:00+00:00\" \/>\n<meta property=\"article:modified_time\" content=\"2016-02-02T09:38:46+00:00\" \/>\n<meta name=\"twitter:card\" content=\"summary_large_image\" \/>\n<meta name=\"twitter:label1\" content=\"Est. reading time\" \/>\n\t<meta name=\"twitter:data1\" content=\"3 minutos\" \/>\n<script type=\"application\/ld+json\" class=\"yoast-schema-graph\">{\"@context\":\"https:\/\/schema.org\",\"@graph\":[{\"@type\":\"WebPage\",\"@id\":\"https:\/\/www.euroresidentes.com\/estilo-de-vida\/envejecer\/depresin\/\",\"url\":\"https:\/\/www.euroresidentes.com\/estilo-de-vida\/envejecer\/depresin\/\",\"name\":\"Depresi\u00f3n - Envejecer\",\"isPartOf\":{\"@id\":\"https:\/\/www.euroresidentes.com\/estilo-de-vida\/envejecer\/#website\"},\"datePublished\":\"2005-10-25T15:56:00+00:00\",\"dateModified\":\"2016-02-02T09:38:46+00:00\",\"author\":{\"@id\":\"\"},\"breadcrumb\":{\"@id\":\"https:\/\/www.euroresidentes.com\/estilo-de-vida\/envejecer\/depresin\/#breadcrumb\"},\"inLanguage\":\"es\",\"potentialAction\":[{\"@type\":\"ReadAction\",\"target\":[\"https:\/\/www.euroresidentes.com\/estilo-de-vida\/envejecer\/depresin\/\"]}]},{\"@type\":\"BreadcrumbList\",\"@id\":\"https:\/\/www.euroresidentes.com\/estilo-de-vida\/envejecer\/depresin\/#breadcrumb\",\"itemListElement\":[{\"@type\":\"ListItem\",\"position\":1,\"name\":\"Portada\",\"item\":\"https:\/\/www.euroresidentes.com\/estilo-de-vida\/envejecer\/\"},{\"@type\":\"ListItem\",\"position\":2,\"name\":\"Depresi\u00f3n\"}]},{\"@type\":\"WebSite\",\"@id\":\"https:\/\/www.euroresidentes.com\/estilo-de-vida\/envejecer\/#website\",\"url\":\"https:\/\/www.euroresidentes.com\/estilo-de-vida\/envejecer\/\",\"name\":\"Envejecer\",\"description\":\"Reflexiones sobre la vejez\",\"potentialAction\":[{\"@type\":\"SearchAction\",\"target\":{\"@type\":\"EntryPoint\",\"urlTemplate\":\"https:\/\/www.euroresidentes.com\/estilo-de-vida\/envejecer\/?s={search_term_string}\"},\"query-input\":{\"@type\":\"PropertyValueSpecification\",\"valueRequired\":true,\"valueName\":\"search_term_string\"}}],\"inLanguage\":\"es\"}]}<\/script>\n<!-- \/ Yoast SEO plugin. -->","yoast_head_json":{"title":"Depresi\u00f3n - Envejecer","robots":{"index":"index","follow":"follow","max-snippet":"max-snippet:-1","max-image-preview":"max-image-preview:large","max-video-preview":"max-video-preview:-1"},"canonical":"https:\/\/www.euroresidentes.com\/estilo-de-vida\/envejecer\/depresin\/","og_locale":"es_ES","og_type":"article","og_title":"Depresi\u00f3n - Envejecer","og_description":"Aunque el t\u00e9rmino crisis nerviosa no supone un t\u00e9rmino cl\u00ednico, se utiliza para describir la p\u00e9rdida de estabilidad mental. En la edad media se utilizaba el t\u00e9rmino \u00abmelancol\u00eda\u00bb y en las primeras d\u00e9cadas del siglo XX se conoc\u00eda como \u00abla neurastenia\u00ab. A partir de los a\u00f1os 30 del mismo siglo, se empezaba a utilizar el t\u00e9rmino crisis nerviosa. Una crisis nerviosa es cuando una persona se derrumba de repente ante una situaci\u00f3n de mucha presi\u00f3n y sufre una crisis f\u00edsica o mental (o ambos) como consecuencia. Hoy en d\u00eda el termino m\u00e1s com\u00fan para esta situaci\u00f3n es \u00abdepresi\u00f3n\u00bb. Episodios depresivos","og_url":"https:\/\/www.euroresidentes.com\/estilo-de-vida\/envejecer\/depresin\/","og_site_name":"Envejecer","article_published_time":"2005-10-25T15:56:00+00:00","article_modified_time":"2016-02-02T09:38:46+00:00","twitter_card":"summary_large_image","twitter_misc":{"Est. reading time":"3 minutos"},"schema":{"@context":"https:\/\/schema.org","@graph":[{"@type":"WebPage","@id":"https:\/\/www.euroresidentes.com\/estilo-de-vida\/envejecer\/depresin\/","url":"https:\/\/www.euroresidentes.com\/estilo-de-vida\/envejecer\/depresin\/","name":"Depresi\u00f3n - Envejecer","isPartOf":{"@id":"https:\/\/www.euroresidentes.com\/estilo-de-vida\/envejecer\/#website"},"datePublished":"2005-10-25T15:56:00+00:00","dateModified":"2016-02-02T09:38:46+00:00","author":{"@id":""},"breadcrumb":{"@id":"https:\/\/www.euroresidentes.com\/estilo-de-vida\/envejecer\/depresin\/#breadcrumb"},"inLanguage":"es","potentialAction":[{"@type":"ReadAction","target":["https:\/\/www.euroresidentes.com\/estilo-de-vida\/envejecer\/depresin\/"]}]},{"@type":"BreadcrumbList","@id":"https:\/\/www.euroresidentes.com\/estilo-de-vida\/envejecer\/depresin\/#breadcrumb","itemListElement":[{"@type":"ListItem","position":1,"name":"Portada","item":"https:\/\/www.euroresidentes.com\/estilo-de-vida\/envejecer\/"},{"@type":"ListItem","position":2,"name":"Depresi\u00f3n"}]},{"@type":"WebSite","@id":"https:\/\/www.euroresidentes.com\/estilo-de-vida\/envejecer\/#website","url":"https:\/\/www.euroresidentes.com\/estilo-de-vida\/envejecer\/","name":"Envejecer","description":"Reflexiones sobre la vejez","potentialAction":[{"@type":"SearchAction","target":{"@type":"EntryPoint","urlTemplate":"https:\/\/www.euroresidentes.com\/estilo-de-vida\/envejecer\/?s={search_term_string}"},"query-input":{"@type":"PropertyValueSpecification","valueRequired":true,"valueName":"search_term_string"}}],"inLanguage":"es"}]}},"_links":{"self":[{"href":"https:\/\/www.euroresidentes.com\/estilo-de-vida\/envejecer\/wp-json\/wp\/v2\/posts\/767","targetHints":{"allow":["GET"]}}],"collection":[{"href":"https:\/\/www.euroresidentes.com\/estilo-de-vida\/envejecer\/wp-json\/wp\/v2\/posts"}],"about":[{"href":"https:\/\/www.euroresidentes.com\/estilo-de-vida\/envejecer\/wp-json\/wp\/v2\/types\/post"}],"replies":[{"embeddable":true,"href":"https:\/\/www.euroresidentes.com\/estilo-de-vida\/envejecer\/wp-json\/wp\/v2\/comments?post=767"}],"version-history":[{"count":1,"href":"https:\/\/www.euroresidentes.com\/estilo-de-vida\/envejecer\/wp-json\/wp\/v2\/posts\/767\/revisions"}],"predecessor-version":[{"id":1017,"href":"https:\/\/www.euroresidentes.com\/estilo-de-vida\/envejecer\/wp-json\/wp\/v2\/posts\/767\/revisions\/1017"}],"wp:attachment":[{"href":"https:\/\/www.euroresidentes.com\/estilo-de-vida\/envejecer\/wp-json\/wp\/v2\/media?parent=767"}],"wp:term":[{"taxonomy":"category","embeddable":true,"href":"https:\/\/www.euroresidentes.com\/estilo-de-vida\/envejecer\/wp-json\/wp\/v2\/categories?post=767"},{"taxonomy":"post_tag","embeddable":true,"href":"https:\/\/www.euroresidentes.com\/estilo-de-vida\/envejecer\/wp-json\/wp\/v2\/tags?post=767"}],"curies":[{"name":"wp","href":"https:\/\/api.w.org\/{rel}","templated":true}]}}