{"id":752,"date":"2006-01-24T12:47:00","date_gmt":"2006-01-24T12:47:00","guid":{"rendered":"http:\/\/www.euroresidentes.com\/estilo-de-vida\/envejecer\/envejecer"},"modified":"2016-02-02T09:38:45","modified_gmt":"2016-02-02T09:38:45","slug":"envejecer","status":"publish","type":"post","link":"https:\/\/www.euroresidentes.com\/estilo-de-vida\/envejecer\/envejecer\/","title":{"rendered":"Envejecer"},"content":{"rendered":"<p>Estamos casi a la mitad de los art\u00edculos que tengo esbozados sobre el tema de envejecer, y he pensado que podr\u00eda ser un buen momento para reflexionar sobre lo escrito hasta ahora y a\u00f1adir cosas que se me hab\u00edan olvidado incluir. Como siempre, agradezco todos vuestros comentarios al respecto.<\/p>\n<p>Un amigo ley\u00f3 mi blog sobre envejecer el otro d\u00eda y despu\u00e9s de leer algunos de los t\u00edtulos, me mir\u00f3 y dijo \u00abParece muy serio\u00bb. Asumo la cr\u00edtica, y a veces yo mismo he pensado que algunos de los contenidos parec\u00edan un poco tristes.  Algunas personas parecen negar el hecho de que se est\u00e9n haciendo mayores, y prefieren actuar como si no se les estuviese ocurriendo a ellos. Otras, como yo, examinan con demasiado detalle un proceso que consideran irritante y misterioso. Con este blog sobre el envejecimiento, intento averiguar los temas irritantes y aclarar parte del misterio.<\/p>\n<p>Las personas mayores amenudo dicen que todav\u00eda se sienten j\u00f3venes, y eso est\u00e1 bien. Nuestra personalidad se forma durante los primeros a\u00f1os de nuestra vida, y permanece con nosotros el resto de nuestra vida. Una de las cosas de la edad que m\u00e1s duele es que, mientras vives en la misma din\u00e1mica que siempre, descubres que tus reacciones est\u00e1n mucho m\u00e1s lentas que antes. As\u00ed que las cosas se te caen de las manos m\u00e1s, est\u00e1s m\u00e1s torpe, y si intentas mover r\u00e1pido, muchas veces tienes que corregir el equilibrio. <\/p>\n<p>Supongo que deber\u00edamos atender al consejo \u00abir m\u00e1s despacio\u00bb, pero si lo hiciesemos m\u00e1s despacio a posta, entonces ser\u00eda como convertirnos en otra persona, lo que no resulta ni facil ni deseable. \u00a1Envejecer es natural pero a la vez va en contra de nuestra naturaleza! <\/p>\n<p>Los que estamos viviendo la tercera edad tendremos muchas diferencias, pero tambi\u00e9n tenemos mucho en com\u00fan. Por ejemplo, envejecer, aunque nos afrontemos al proceso de forma distinta. Deber\u00edamos reirnos m\u00e1s de algunas de las cosas que nos pasa o cuando luchamos por encontrar palabras que se niegan a obedecer a nuestra mente, o, sobre todo, cuando salen palabras equivocadas! <\/p>\n<p>A veces percibimos que otras personas se rien de nosotros, y o sonreimos y aguantamos o nos retiramos a alg\u00fan rincon mental para enfurru\u00f1arnos. Supongo que, cuando me lo propuso el equipo de Euroresidentes, acept\u00e9 el reto de escribir este blog porque pienso que el proceso de envejecer es algo muy serio. Un asunto importante, pero espero que no resulte demasiado pesado.<\/p>\n<p><a href=\"https:\/\/www.euroresidentes.com\/salud\/longevidad\/como-envejecer.htm\" target=\"_blank\"><strong>Bryan<\/strong><\/a><\/p>\n","protected":false},"excerpt":{"rendered":"<p>Estamos casi a la mitad de los art\u00edculos que tengo esbozados sobre el tema de envejecer, y he pensado que podr\u00eda ser un buen momento para reflexionar sobre lo escrito hasta ahora y a\u00f1adir cosas que se me hab\u00edan olvidado incluir. Como siempre, agradezco todos vuestros comentarios al respecto. Un amigo ley\u00f3 mi blog sobre envejecer el otro d\u00eda y despu\u00e9s de leer algunos de los t\u00edtulos, me mir\u00f3 y dijo \u00abParece muy serio\u00bb. Asumo la cr\u00edtica, y a veces yo mismo he pensado que algunos de los contenidos parec\u00edan un poco tristes. Algunas personas parecen negar el hecho de <\/p>\n","protected":false},"author":0,"featured_media":0,"comment_status":"open","ping_status":"open","sticky":false,"template":"","format":"standard","meta":{"footnotes":""},"categories":[1],"tags":[],"class_list":["post-752","post","type-post","status-publish","format-standard","hentry","category-envejecer"],"yoast_head":"<!-- This site is optimized with the Yoast SEO plugin v24.1 - https:\/\/yoast.com\/wordpress\/plugins\/seo\/ -->\n<title>Envejecer - Envejecer<\/title>\n<meta name=\"robots\" content=\"index, follow, max-snippet:-1, max-image-preview:large, max-video-preview:-1\" \/>\n<link rel=\"canonical\" href=\"https:\/\/www.euroresidentes.com\/estilo-de-vida\/envejecer\/envejecer\/\" \/>\n<meta property=\"og:locale\" content=\"es_ES\" \/>\n<meta property=\"og:type\" content=\"article\" \/>\n<meta property=\"og:title\" content=\"Envejecer - Envejecer\" \/>\n<meta property=\"og:description\" content=\"Estamos casi a la mitad de los art\u00edculos que tengo esbozados sobre el tema de envejecer, y he pensado que podr\u00eda ser un buen momento para reflexionar sobre lo escrito hasta ahora y a\u00f1adir cosas que se me hab\u00edan olvidado incluir. Como siempre, agradezco todos vuestros comentarios al respecto. Un amigo ley\u00f3 mi blog sobre envejecer el otro d\u00eda y despu\u00e9s de leer algunos de los t\u00edtulos, me mir\u00f3 y dijo \u00abParece muy serio\u00bb. Asumo la cr\u00edtica, y a veces yo mismo he pensado que algunos de los contenidos parec\u00edan un poco tristes. Algunas personas parecen negar el hecho de\" \/>\n<meta property=\"og:url\" content=\"https:\/\/www.euroresidentes.com\/estilo-de-vida\/envejecer\/envejecer\/\" \/>\n<meta property=\"og:site_name\" content=\"Envejecer\" \/>\n<meta property=\"article:published_time\" content=\"2006-01-24T12:47:00+00:00\" \/>\n<meta property=\"article:modified_time\" content=\"2016-02-02T09:38:45+00:00\" \/>\n<meta name=\"twitter:card\" content=\"summary_large_image\" \/>\n<meta name=\"twitter:label1\" content=\"Est. reading time\" \/>\n\t<meta name=\"twitter:data1\" content=\"2 minutos\" \/>\n<script type=\"application\/ld+json\" class=\"yoast-schema-graph\">{\"@context\":\"https:\/\/schema.org\",\"@graph\":[{\"@type\":\"WebPage\",\"@id\":\"https:\/\/www.euroresidentes.com\/estilo-de-vida\/envejecer\/envejecer\/\",\"url\":\"https:\/\/www.euroresidentes.com\/estilo-de-vida\/envejecer\/envejecer\/\",\"name\":\"Envejecer - Envejecer\",\"isPartOf\":{\"@id\":\"https:\/\/www.euroresidentes.com\/estilo-de-vida\/envejecer\/#website\"},\"datePublished\":\"2006-01-24T12:47:00+00:00\",\"dateModified\":\"2016-02-02T09:38:45+00:00\",\"author\":{\"@id\":\"\"},\"breadcrumb\":{\"@id\":\"https:\/\/www.euroresidentes.com\/estilo-de-vida\/envejecer\/envejecer\/#breadcrumb\"},\"inLanguage\":\"es\",\"potentialAction\":[{\"@type\":\"ReadAction\",\"target\":[\"https:\/\/www.euroresidentes.com\/estilo-de-vida\/envejecer\/envejecer\/\"]}]},{\"@type\":\"BreadcrumbList\",\"@id\":\"https:\/\/www.euroresidentes.com\/estilo-de-vida\/envejecer\/envejecer\/#breadcrumb\",\"itemListElement\":[{\"@type\":\"ListItem\",\"position\":1,\"name\":\"Portada\",\"item\":\"https:\/\/www.euroresidentes.com\/estilo-de-vida\/envejecer\/\"},{\"@type\":\"ListItem\",\"position\":2,\"name\":\"Envejecer\"}]},{\"@type\":\"WebSite\",\"@id\":\"https:\/\/www.euroresidentes.com\/estilo-de-vida\/envejecer\/#website\",\"url\":\"https:\/\/www.euroresidentes.com\/estilo-de-vida\/envejecer\/\",\"name\":\"Envejecer\",\"description\":\"Reflexiones sobre la vejez\",\"potentialAction\":[{\"@type\":\"SearchAction\",\"target\":{\"@type\":\"EntryPoint\",\"urlTemplate\":\"https:\/\/www.euroresidentes.com\/estilo-de-vida\/envejecer\/?s={search_term_string}\"},\"query-input\":{\"@type\":\"PropertyValueSpecification\",\"valueRequired\":true,\"valueName\":\"search_term_string\"}}],\"inLanguage\":\"es\"}]}<\/script>\n<!-- \/ Yoast SEO plugin. -->","yoast_head_json":{"title":"Envejecer - Envejecer","robots":{"index":"index","follow":"follow","max-snippet":"max-snippet:-1","max-image-preview":"max-image-preview:large","max-video-preview":"max-video-preview:-1"},"canonical":"https:\/\/www.euroresidentes.com\/estilo-de-vida\/envejecer\/envejecer\/","og_locale":"es_ES","og_type":"article","og_title":"Envejecer - Envejecer","og_description":"Estamos casi a la mitad de los art\u00edculos que tengo esbozados sobre el tema de envejecer, y he pensado que podr\u00eda ser un buen momento para reflexionar sobre lo escrito hasta ahora y a\u00f1adir cosas que se me hab\u00edan olvidado incluir. Como siempre, agradezco todos vuestros comentarios al respecto. Un amigo ley\u00f3 mi blog sobre envejecer el otro d\u00eda y despu\u00e9s de leer algunos de los t\u00edtulos, me mir\u00f3 y dijo \u00abParece muy serio\u00bb. Asumo la cr\u00edtica, y a veces yo mismo he pensado que algunos de los contenidos parec\u00edan un poco tristes. Algunas personas parecen negar el hecho de","og_url":"https:\/\/www.euroresidentes.com\/estilo-de-vida\/envejecer\/envejecer\/","og_site_name":"Envejecer","article_published_time":"2006-01-24T12:47:00+00:00","article_modified_time":"2016-02-02T09:38:45+00:00","twitter_card":"summary_large_image","twitter_misc":{"Est. reading time":"2 minutos"},"schema":{"@context":"https:\/\/schema.org","@graph":[{"@type":"WebPage","@id":"https:\/\/www.euroresidentes.com\/estilo-de-vida\/envejecer\/envejecer\/","url":"https:\/\/www.euroresidentes.com\/estilo-de-vida\/envejecer\/envejecer\/","name":"Envejecer - Envejecer","isPartOf":{"@id":"https:\/\/www.euroresidentes.com\/estilo-de-vida\/envejecer\/#website"},"datePublished":"2006-01-24T12:47:00+00:00","dateModified":"2016-02-02T09:38:45+00:00","author":{"@id":""},"breadcrumb":{"@id":"https:\/\/www.euroresidentes.com\/estilo-de-vida\/envejecer\/envejecer\/#breadcrumb"},"inLanguage":"es","potentialAction":[{"@type":"ReadAction","target":["https:\/\/www.euroresidentes.com\/estilo-de-vida\/envejecer\/envejecer\/"]}]},{"@type":"BreadcrumbList","@id":"https:\/\/www.euroresidentes.com\/estilo-de-vida\/envejecer\/envejecer\/#breadcrumb","itemListElement":[{"@type":"ListItem","position":1,"name":"Portada","item":"https:\/\/www.euroresidentes.com\/estilo-de-vida\/envejecer\/"},{"@type":"ListItem","position":2,"name":"Envejecer"}]},{"@type":"WebSite","@id":"https:\/\/www.euroresidentes.com\/estilo-de-vida\/envejecer\/#website","url":"https:\/\/www.euroresidentes.com\/estilo-de-vida\/envejecer\/","name":"Envejecer","description":"Reflexiones sobre la vejez","potentialAction":[{"@type":"SearchAction","target":{"@type":"EntryPoint","urlTemplate":"https:\/\/www.euroresidentes.com\/estilo-de-vida\/envejecer\/?s={search_term_string}"},"query-input":{"@type":"PropertyValueSpecification","valueRequired":true,"valueName":"search_term_string"}}],"inLanguage":"es"}]}},"_links":{"self":[{"href":"https:\/\/www.euroresidentes.com\/estilo-de-vida\/envejecer\/wp-json\/wp\/v2\/posts\/752","targetHints":{"allow":["GET"]}}],"collection":[{"href":"https:\/\/www.euroresidentes.com\/estilo-de-vida\/envejecer\/wp-json\/wp\/v2\/posts"}],"about":[{"href":"https:\/\/www.euroresidentes.com\/estilo-de-vida\/envejecer\/wp-json\/wp\/v2\/types\/post"}],"replies":[{"embeddable":true,"href":"https:\/\/www.euroresidentes.com\/estilo-de-vida\/envejecer\/wp-json\/wp\/v2\/comments?post=752"}],"version-history":[{"count":1,"href":"https:\/\/www.euroresidentes.com\/estilo-de-vida\/envejecer\/wp-json\/wp\/v2\/posts\/752\/revisions"}],"predecessor-version":[{"id":1002,"href":"https:\/\/www.euroresidentes.com\/estilo-de-vida\/envejecer\/wp-json\/wp\/v2\/posts\/752\/revisions\/1002"}],"wp:attachment":[{"href":"https:\/\/www.euroresidentes.com\/estilo-de-vida\/envejecer\/wp-json\/wp\/v2\/media?parent=752"}],"wp:term":[{"taxonomy":"category","embeddable":true,"href":"https:\/\/www.euroresidentes.com\/estilo-de-vida\/envejecer\/wp-json\/wp\/v2\/categories?post=752"},{"taxonomy":"post_tag","embeddable":true,"href":"https:\/\/www.euroresidentes.com\/estilo-de-vida\/envejecer\/wp-json\/wp\/v2\/tags?post=752"}],"curies":[{"name":"wp","href":"https:\/\/api.w.org\/{rel}","templated":true}]}}