{"id":721,"date":"2007-03-02T08:41:00","date_gmt":"2007-03-02T08:41:00","guid":{"rendered":"http:\/\/www.euroresidentes.com\/estilo-de-vida\/envejecer\/es-bueno-hablar"},"modified":"2016-02-02T09:38:45","modified_gmt":"2016-02-02T09:38:45","slug":"es-bueno-hablar","status":"publish","type":"post","link":"https:\/\/www.euroresidentes.com\/estilo-de-vida\/envejecer\/es-bueno-hablar\/","title":{"rendered":"Es Bueno hablar"},"content":{"rendered":"<p>El otro d\u00eda me entere de alguien de quien le hab\u00edan criticado por hablar demasiado sobre su edad. Tiene 73 a\u00f1os, y defendi\u00f3 su derecho de compartir sus experiencias, similares de las cuales he mencionado en estos blogs.  Dijo que eran importante y quer\u00eda hablar sobre ellas. Y deber\u00eda hacerlo. Estoy de acuerdo con ella, aunque reconozco los peligros. Si la confesi\u00f3n es bueno para el alma pues expresi\u00f3n ayuda a aclarar la mente. Hablar solo con el espejo no es nada divertido. Hay muchas nuevas experiencias en la tercera edad que no hablar de ello puede convertir algo que solo parece extra\u00f1o en algo que realmente preocupante. No podemos exigirlo, pero a veces nos hace falta compartir nuestras experiencias con alguien de vez en cuando.<\/p>\n<p>Supongo que tienes que esperar el momento adecuado y buscar la persona adecuada a la que contar sus experiencias. La gente joven no tiene paciencia con los mayores. Para ellos la gente mayor es los que atascan la cola para el autob\u00fas o los que no encuentran las monedadas correctas en la caja del supermercado y hablan en frases que no pueden terminar. Hoy en d\u00eda la velocidad es muy importante. \u00a1La gente mayor es bastante lenta!<\/p>\n<p>La gente entre 35 y 50 a\u00f1os trabaja tanto para parecer joven que no quiere que nadie les recuerda como es ser mayor. Cuando yo tenia esa edad sol\u00eda escuchar a mi madre decir que estaba cansada de vivir una y otra vez. Todos le dec\u00edamos  que nosotros quer\u00edamos que viviera pero no \u00e9ramos consciente de que ella tenia la necesidad de decir estas cosas. Entonces mi madre era d\u00e9bil, una viuda y ya no tenia ganas de vivir. Deber\u00edamos haberle escuchado mas.<\/p>\n<p>De hecho, los mayores tienen mucha experiencia lo cual podr\u00eda ser muy \u00fatil para todos los dem\u00e1s si la gente nos dejara compartirla. Tenemos experiencia de c\u00f3mo es ser mayor. Tenemos frustraciones y temores y estamos inclinados a quejarnos pero tambi\u00e9n tenemos fuerza y coraje hasta incluso serenidad. Ha sido un viaje largo llegar hasta aqu\u00ed y nuestra conocimientos deber\u00edan ser compartidos con los dem\u00e1s.<\/p>\n<p> \u2026As\u00ed que, por favor, \u00bfnos dejan hablar? Podr\u00eda ser beneficioso para todos y para nosotros.<\/p>\n<p>B.R.<\/p>\n","protected":false},"excerpt":{"rendered":"<p>El otro d\u00eda me entere de alguien de quien le hab\u00edan criticado por hablar demasiado sobre su edad. Tiene 73 a\u00f1os, y defendi\u00f3 su derecho de compartir sus experiencias, similares de las cuales he mencionado en estos blogs. Dijo que eran importante y quer\u00eda hablar sobre ellas. Y deber\u00eda hacerlo. Estoy de acuerdo con ella, aunque reconozco los peligros. Si la confesi\u00f3n es bueno para el alma pues expresi\u00f3n ayuda a aclarar la mente. Hablar solo con el espejo no es nada divertido. Hay muchas nuevas experiencias en la tercera edad que no hablar de ello puede convertir algo que <\/p>\n","protected":false},"author":0,"featured_media":0,"comment_status":"open","ping_status":"open","sticky":false,"template":"","format":"standard","meta":{"footnotes":""},"categories":[1],"tags":[],"class_list":["post-721","post","type-post","status-publish","format-standard","hentry","category-envejecer"],"yoast_head":"<!-- This site is optimized with the Yoast SEO plugin v24.1 - https:\/\/yoast.com\/wordpress\/plugins\/seo\/ -->\n<title>Es Bueno hablar - Envejecer<\/title>\n<meta name=\"robots\" content=\"index, follow, max-snippet:-1, max-image-preview:large, max-video-preview:-1\" \/>\n<link rel=\"canonical\" href=\"https:\/\/www.euroresidentes.com\/estilo-de-vida\/envejecer\/es-bueno-hablar\/\" \/>\n<meta property=\"og:locale\" content=\"es_ES\" \/>\n<meta property=\"og:type\" content=\"article\" \/>\n<meta property=\"og:title\" content=\"Es Bueno hablar - Envejecer\" \/>\n<meta property=\"og:description\" content=\"El otro d\u00eda me entere de alguien de quien le hab\u00edan criticado por hablar demasiado sobre su edad. Tiene 73 a\u00f1os, y defendi\u00f3 su derecho de compartir sus experiencias, similares de las cuales he mencionado en estos blogs. Dijo que eran importante y quer\u00eda hablar sobre ellas. Y deber\u00eda hacerlo. Estoy de acuerdo con ella, aunque reconozco los peligros. Si la confesi\u00f3n es bueno para el alma pues expresi\u00f3n ayuda a aclarar la mente. Hablar solo con el espejo no es nada divertido. Hay muchas nuevas experiencias en la tercera edad que no hablar de ello puede convertir algo que\" \/>\n<meta property=\"og:url\" content=\"https:\/\/www.euroresidentes.com\/estilo-de-vida\/envejecer\/es-bueno-hablar\/\" \/>\n<meta property=\"og:site_name\" content=\"Envejecer\" \/>\n<meta property=\"article:published_time\" content=\"2007-03-02T08:41:00+00:00\" \/>\n<meta property=\"article:modified_time\" content=\"2016-02-02T09:38:45+00:00\" \/>\n<meta name=\"twitter:card\" content=\"summary_large_image\" \/>\n<meta name=\"twitter:label1\" content=\"Est. reading time\" \/>\n\t<meta name=\"twitter:data1\" content=\"2 minutos\" \/>\n<script type=\"application\/ld+json\" class=\"yoast-schema-graph\">{\"@context\":\"https:\/\/schema.org\",\"@graph\":[{\"@type\":\"WebPage\",\"@id\":\"https:\/\/www.euroresidentes.com\/estilo-de-vida\/envejecer\/es-bueno-hablar\/\",\"url\":\"https:\/\/www.euroresidentes.com\/estilo-de-vida\/envejecer\/es-bueno-hablar\/\",\"name\":\"Es Bueno hablar - Envejecer\",\"isPartOf\":{\"@id\":\"https:\/\/www.euroresidentes.com\/estilo-de-vida\/envejecer\/#website\"},\"datePublished\":\"2007-03-02T08:41:00+00:00\",\"dateModified\":\"2016-02-02T09:38:45+00:00\",\"author\":{\"@id\":\"\"},\"breadcrumb\":{\"@id\":\"https:\/\/www.euroresidentes.com\/estilo-de-vida\/envejecer\/es-bueno-hablar\/#breadcrumb\"},\"inLanguage\":\"es\",\"potentialAction\":[{\"@type\":\"ReadAction\",\"target\":[\"https:\/\/www.euroresidentes.com\/estilo-de-vida\/envejecer\/es-bueno-hablar\/\"]}]},{\"@type\":\"BreadcrumbList\",\"@id\":\"https:\/\/www.euroresidentes.com\/estilo-de-vida\/envejecer\/es-bueno-hablar\/#breadcrumb\",\"itemListElement\":[{\"@type\":\"ListItem\",\"position\":1,\"name\":\"Portada\",\"item\":\"https:\/\/www.euroresidentes.com\/estilo-de-vida\/envejecer\/\"},{\"@type\":\"ListItem\",\"position\":2,\"name\":\"Es Bueno hablar\"}]},{\"@type\":\"WebSite\",\"@id\":\"https:\/\/www.euroresidentes.com\/estilo-de-vida\/envejecer\/#website\",\"url\":\"https:\/\/www.euroresidentes.com\/estilo-de-vida\/envejecer\/\",\"name\":\"Envejecer\",\"description\":\"Reflexiones sobre la vejez\",\"potentialAction\":[{\"@type\":\"SearchAction\",\"target\":{\"@type\":\"EntryPoint\",\"urlTemplate\":\"https:\/\/www.euroresidentes.com\/estilo-de-vida\/envejecer\/?s={search_term_string}\"},\"query-input\":{\"@type\":\"PropertyValueSpecification\",\"valueRequired\":true,\"valueName\":\"search_term_string\"}}],\"inLanguage\":\"es\"}]}<\/script>\n<!-- \/ Yoast SEO plugin. -->","yoast_head_json":{"title":"Es Bueno hablar - Envejecer","robots":{"index":"index","follow":"follow","max-snippet":"max-snippet:-1","max-image-preview":"max-image-preview:large","max-video-preview":"max-video-preview:-1"},"canonical":"https:\/\/www.euroresidentes.com\/estilo-de-vida\/envejecer\/es-bueno-hablar\/","og_locale":"es_ES","og_type":"article","og_title":"Es Bueno hablar - Envejecer","og_description":"El otro d\u00eda me entere de alguien de quien le hab\u00edan criticado por hablar demasiado sobre su edad. Tiene 73 a\u00f1os, y defendi\u00f3 su derecho de compartir sus experiencias, similares de las cuales he mencionado en estos blogs. Dijo que eran importante y quer\u00eda hablar sobre ellas. Y deber\u00eda hacerlo. Estoy de acuerdo con ella, aunque reconozco los peligros. Si la confesi\u00f3n es bueno para el alma pues expresi\u00f3n ayuda a aclarar la mente. Hablar solo con el espejo no es nada divertido. Hay muchas nuevas experiencias en la tercera edad que no hablar de ello puede convertir algo que","og_url":"https:\/\/www.euroresidentes.com\/estilo-de-vida\/envejecer\/es-bueno-hablar\/","og_site_name":"Envejecer","article_published_time":"2007-03-02T08:41:00+00:00","article_modified_time":"2016-02-02T09:38:45+00:00","twitter_card":"summary_large_image","twitter_misc":{"Est. reading time":"2 minutos"},"schema":{"@context":"https:\/\/schema.org","@graph":[{"@type":"WebPage","@id":"https:\/\/www.euroresidentes.com\/estilo-de-vida\/envejecer\/es-bueno-hablar\/","url":"https:\/\/www.euroresidentes.com\/estilo-de-vida\/envejecer\/es-bueno-hablar\/","name":"Es Bueno hablar - Envejecer","isPartOf":{"@id":"https:\/\/www.euroresidentes.com\/estilo-de-vida\/envejecer\/#website"},"datePublished":"2007-03-02T08:41:00+00:00","dateModified":"2016-02-02T09:38:45+00:00","author":{"@id":""},"breadcrumb":{"@id":"https:\/\/www.euroresidentes.com\/estilo-de-vida\/envejecer\/es-bueno-hablar\/#breadcrumb"},"inLanguage":"es","potentialAction":[{"@type":"ReadAction","target":["https:\/\/www.euroresidentes.com\/estilo-de-vida\/envejecer\/es-bueno-hablar\/"]}]},{"@type":"BreadcrumbList","@id":"https:\/\/www.euroresidentes.com\/estilo-de-vida\/envejecer\/es-bueno-hablar\/#breadcrumb","itemListElement":[{"@type":"ListItem","position":1,"name":"Portada","item":"https:\/\/www.euroresidentes.com\/estilo-de-vida\/envejecer\/"},{"@type":"ListItem","position":2,"name":"Es Bueno hablar"}]},{"@type":"WebSite","@id":"https:\/\/www.euroresidentes.com\/estilo-de-vida\/envejecer\/#website","url":"https:\/\/www.euroresidentes.com\/estilo-de-vida\/envejecer\/","name":"Envejecer","description":"Reflexiones sobre la vejez","potentialAction":[{"@type":"SearchAction","target":{"@type":"EntryPoint","urlTemplate":"https:\/\/www.euroresidentes.com\/estilo-de-vida\/envejecer\/?s={search_term_string}"},"query-input":{"@type":"PropertyValueSpecification","valueRequired":true,"valueName":"search_term_string"}}],"inLanguage":"es"}]}},"_links":{"self":[{"href":"https:\/\/www.euroresidentes.com\/estilo-de-vida\/envejecer\/wp-json\/wp\/v2\/posts\/721","targetHints":{"allow":["GET"]}}],"collection":[{"href":"https:\/\/www.euroresidentes.com\/estilo-de-vida\/envejecer\/wp-json\/wp\/v2\/posts"}],"about":[{"href":"https:\/\/www.euroresidentes.com\/estilo-de-vida\/envejecer\/wp-json\/wp\/v2\/types\/post"}],"replies":[{"embeddable":true,"href":"https:\/\/www.euroresidentes.com\/estilo-de-vida\/envejecer\/wp-json\/wp\/v2\/comments?post=721"}],"version-history":[{"count":1,"href":"https:\/\/www.euroresidentes.com\/estilo-de-vida\/envejecer\/wp-json\/wp\/v2\/posts\/721\/revisions"}],"predecessor-version":[{"id":971,"href":"https:\/\/www.euroresidentes.com\/estilo-de-vida\/envejecer\/wp-json\/wp\/v2\/posts\/721\/revisions\/971"}],"wp:attachment":[{"href":"https:\/\/www.euroresidentes.com\/estilo-de-vida\/envejecer\/wp-json\/wp\/v2\/media?parent=721"}],"wp:term":[{"taxonomy":"category","embeddable":true,"href":"https:\/\/www.euroresidentes.com\/estilo-de-vida\/envejecer\/wp-json\/wp\/v2\/categories?post=721"},{"taxonomy":"post_tag","embeddable":true,"href":"https:\/\/www.euroresidentes.com\/estilo-de-vida\/envejecer\/wp-json\/wp\/v2\/tags?post=721"}],"curies":[{"name":"wp","href":"https:\/\/api.w.org\/{rel}","templated":true}]}}