{"id":714,"date":"2007-04-12T16:19:00","date_gmt":"2007-04-12T16:19:00","guid":{"rendered":"http:\/\/www.euroresidentes.com\/estilo-de-vida\/envejecer\/quien-va-cuidar-los-abuelos"},"modified":"2016-02-02T09:38:44","modified_gmt":"2016-02-02T09:38:44","slug":"quien-va-cuidar-los-abuelos","status":"publish","type":"post","link":"https:\/\/www.euroresidentes.com\/estilo-de-vida\/envejecer\/quien-va-cuidar-los-abuelos\/","title":{"rendered":"Quien va a cuidar a los abuelos"},"content":{"rendered":"<p>Se habla mucho estos d\u00edas en la prensa Brit\u00e1nica sobre como cuidar a los mayores. Parece que con los recursos limitados de hoy en d\u00eda destinados a los j\u00f3venes y los mayores son los j\u00f3venes los que siempre ganan aunque no estoy muy convencido de ello. Se han vendido muchos campos de deporte que pertenec\u00edan a las escuelas y se ha gastado poco en las asociaciones para j\u00f3venes durante las ultimas dos d\u00e9cadas. Los cr\u00edmenes perpetrados por j\u00f3venes tienen que tener alguna relaci\u00f3n con esto.<\/p>\n<p>Sin embargo, con la esperanza de vida que se alarga cada vez mas y las pensiones en crisis habr\u00e1 mas mayores que tendr\u00e1n que depender de sus propios recursos. Nos dicen que el estado no esta dispuesto a proveer lo necesario para el cuidado de los mayores (asilos, cuidadores, hospitales) \u2026esto me preocupa mucho.<\/p>\n<p>Aparentemente los centenarios son el sector de la poblaci\u00f3n en el Reino Unido que esta creciendo con mas rapidez. Es probable que vivir\u00e1n con menos problemas de salud que la gente que muere entre 70 y 90 anos.  Thomas Kirkwood, el director de \u2018Salud y Envejecer en la Universidad de Newcastle esta llevando a cabo una investigaci\u00f3n sobre 800 personas con 85 a\u00f1os para averiguar cuales son los secretos de la buena salud de algunos personas de avanzada edad. Todos no vamos a cumplir 100 a\u00f1os y no tengo ninguna ambici\u00f3n en ese respecto. Lo que mas me importa es mi calidad de vida. Pero no cabe duda que la gente vive mas a\u00f1os. Quiz\u00e1s parece una carga para la gente que tiene que cuidarnos pero tambi\u00e9n es una responsabilidad. Adem\u00e1s sierve de aviso, que un d\u00eda ellos tambi\u00e9n ser\u00e1n los mayores.<\/p>\n<p>Entonces, llega a ser un asunto pol\u00edtico, algo que todav\u00eda no tiene mucha importancia en el Reino Unido. No vale para nada la ciencia medica y vivir sano para alargar la esperanza de vida si cuando llegamos al final tenemos que pasar ansiedad sobre donde vamos a vivir y como vamos a pagar nuestras facturas y quien (si es necesario) nos va a cuidar. Sin embargo, el voto de los mayores es importante en el Reino Unido. Tenemos que ser los mas constantes de todos los electores, y seguimos siendo el grupo con mas compromiso a votar y con el proceso pol\u00edtico. As\u00ed que lev\u00e1ntate si eres mayor. Tenemos que ir a la calle, o por lo menos escribir a nuestros representantes pol\u00edticos y debatir. No hay respuestas sencillas pero es la hora de enfrentarse con las cuestiones.<\/p>\n<p>Un asunto social de la mayor importancia esta siendo ignorado.<\/p>\n<p>B.R.<\/p>\n","protected":false},"excerpt":{"rendered":"<p>Se habla mucho estos d\u00edas en la prensa Brit\u00e1nica sobre como cuidar a los mayores. Parece que con los recursos limitados de hoy en d\u00eda destinados a los j\u00f3venes y los mayores son los j\u00f3venes los que siempre ganan aunque no estoy muy convencido de ello. Se han vendido muchos campos de deporte que pertenec\u00edan a las escuelas y se ha gastado poco en las asociaciones para j\u00f3venes durante las ultimas dos d\u00e9cadas. Los cr\u00edmenes perpetrados por j\u00f3venes tienen que tener alguna relaci\u00f3n con esto. Sin embargo, con la esperanza de vida que se alarga cada vez mas y las <\/p>\n","protected":false},"author":0,"featured_media":0,"comment_status":"open","ping_status":"open","sticky":false,"template":"","format":"standard","meta":{"footnotes":""},"categories":[1],"tags":[],"class_list":["post-714","post","type-post","status-publish","format-standard","hentry","category-envejecer"],"yoast_head":"<!-- This site is optimized with the Yoast SEO plugin v24.1 - https:\/\/yoast.com\/wordpress\/plugins\/seo\/ -->\n<title>Quien va a cuidar a los abuelos - Envejecer<\/title>\n<meta name=\"robots\" content=\"index, follow, max-snippet:-1, max-image-preview:large, max-video-preview:-1\" \/>\n<link rel=\"canonical\" href=\"https:\/\/www.euroresidentes.com\/estilo-de-vida\/envejecer\/quien-va-cuidar-los-abuelos\/\" \/>\n<meta property=\"og:locale\" content=\"es_ES\" \/>\n<meta property=\"og:type\" content=\"article\" \/>\n<meta property=\"og:title\" content=\"Quien va a cuidar a los abuelos - Envejecer\" \/>\n<meta property=\"og:description\" content=\"Se habla mucho estos d\u00edas en la prensa Brit\u00e1nica sobre como cuidar a los mayores. Parece que con los recursos limitados de hoy en d\u00eda destinados a los j\u00f3venes y los mayores son los j\u00f3venes los que siempre ganan aunque no estoy muy convencido de ello. Se han vendido muchos campos de deporte que pertenec\u00edan a las escuelas y se ha gastado poco en las asociaciones para j\u00f3venes durante las ultimas dos d\u00e9cadas. Los cr\u00edmenes perpetrados por j\u00f3venes tienen que tener alguna relaci\u00f3n con esto. Sin embargo, con la esperanza de vida que se alarga cada vez mas y las\" \/>\n<meta property=\"og:url\" content=\"https:\/\/www.euroresidentes.com\/estilo-de-vida\/envejecer\/quien-va-cuidar-los-abuelos\/\" \/>\n<meta property=\"og:site_name\" content=\"Envejecer\" \/>\n<meta property=\"article:published_time\" content=\"2007-04-12T16:19:00+00:00\" \/>\n<meta property=\"article:modified_time\" content=\"2016-02-02T09:38:44+00:00\" \/>\n<meta name=\"twitter:card\" content=\"summary_large_image\" \/>\n<meta name=\"twitter:label1\" content=\"Est. reading time\" \/>\n\t<meta name=\"twitter:data1\" content=\"2 minutos\" \/>\n<script type=\"application\/ld+json\" class=\"yoast-schema-graph\">{\"@context\":\"https:\/\/schema.org\",\"@graph\":[{\"@type\":\"WebPage\",\"@id\":\"https:\/\/www.euroresidentes.com\/estilo-de-vida\/envejecer\/quien-va-cuidar-los-abuelos\/\",\"url\":\"https:\/\/www.euroresidentes.com\/estilo-de-vida\/envejecer\/quien-va-cuidar-los-abuelos\/\",\"name\":\"Quien va a cuidar a los abuelos - Envejecer\",\"isPartOf\":{\"@id\":\"https:\/\/www.euroresidentes.com\/estilo-de-vida\/envejecer\/#website\"},\"datePublished\":\"2007-04-12T16:19:00+00:00\",\"dateModified\":\"2016-02-02T09:38:44+00:00\",\"author\":{\"@id\":\"\"},\"breadcrumb\":{\"@id\":\"https:\/\/www.euroresidentes.com\/estilo-de-vida\/envejecer\/quien-va-cuidar-los-abuelos\/#breadcrumb\"},\"inLanguage\":\"es\",\"potentialAction\":[{\"@type\":\"ReadAction\",\"target\":[\"https:\/\/www.euroresidentes.com\/estilo-de-vida\/envejecer\/quien-va-cuidar-los-abuelos\/\"]}]},{\"@type\":\"BreadcrumbList\",\"@id\":\"https:\/\/www.euroresidentes.com\/estilo-de-vida\/envejecer\/quien-va-cuidar-los-abuelos\/#breadcrumb\",\"itemListElement\":[{\"@type\":\"ListItem\",\"position\":1,\"name\":\"Portada\",\"item\":\"https:\/\/www.euroresidentes.com\/estilo-de-vida\/envejecer\/\"},{\"@type\":\"ListItem\",\"position\":2,\"name\":\"Quien va a cuidar a los abuelos\"}]},{\"@type\":\"WebSite\",\"@id\":\"https:\/\/www.euroresidentes.com\/estilo-de-vida\/envejecer\/#website\",\"url\":\"https:\/\/www.euroresidentes.com\/estilo-de-vida\/envejecer\/\",\"name\":\"Envejecer\",\"description\":\"Reflexiones sobre la vejez\",\"potentialAction\":[{\"@type\":\"SearchAction\",\"target\":{\"@type\":\"EntryPoint\",\"urlTemplate\":\"https:\/\/www.euroresidentes.com\/estilo-de-vida\/envejecer\/?s={search_term_string}\"},\"query-input\":{\"@type\":\"PropertyValueSpecification\",\"valueRequired\":true,\"valueName\":\"search_term_string\"}}],\"inLanguage\":\"es\"}]}<\/script>\n<!-- \/ Yoast SEO plugin. -->","yoast_head_json":{"title":"Quien va a cuidar a los abuelos - Envejecer","robots":{"index":"index","follow":"follow","max-snippet":"max-snippet:-1","max-image-preview":"max-image-preview:large","max-video-preview":"max-video-preview:-1"},"canonical":"https:\/\/www.euroresidentes.com\/estilo-de-vida\/envejecer\/quien-va-cuidar-los-abuelos\/","og_locale":"es_ES","og_type":"article","og_title":"Quien va a cuidar a los abuelos - Envejecer","og_description":"Se habla mucho estos d\u00edas en la prensa Brit\u00e1nica sobre como cuidar a los mayores. Parece que con los recursos limitados de hoy en d\u00eda destinados a los j\u00f3venes y los mayores son los j\u00f3venes los que siempre ganan aunque no estoy muy convencido de ello. Se han vendido muchos campos de deporte que pertenec\u00edan a las escuelas y se ha gastado poco en las asociaciones para j\u00f3venes durante las ultimas dos d\u00e9cadas. Los cr\u00edmenes perpetrados por j\u00f3venes tienen que tener alguna relaci\u00f3n con esto. Sin embargo, con la esperanza de vida que se alarga cada vez mas y las","og_url":"https:\/\/www.euroresidentes.com\/estilo-de-vida\/envejecer\/quien-va-cuidar-los-abuelos\/","og_site_name":"Envejecer","article_published_time":"2007-04-12T16:19:00+00:00","article_modified_time":"2016-02-02T09:38:44+00:00","twitter_card":"summary_large_image","twitter_misc":{"Est. reading time":"2 minutos"},"schema":{"@context":"https:\/\/schema.org","@graph":[{"@type":"WebPage","@id":"https:\/\/www.euroresidentes.com\/estilo-de-vida\/envejecer\/quien-va-cuidar-los-abuelos\/","url":"https:\/\/www.euroresidentes.com\/estilo-de-vida\/envejecer\/quien-va-cuidar-los-abuelos\/","name":"Quien va a cuidar a los abuelos - Envejecer","isPartOf":{"@id":"https:\/\/www.euroresidentes.com\/estilo-de-vida\/envejecer\/#website"},"datePublished":"2007-04-12T16:19:00+00:00","dateModified":"2016-02-02T09:38:44+00:00","author":{"@id":""},"breadcrumb":{"@id":"https:\/\/www.euroresidentes.com\/estilo-de-vida\/envejecer\/quien-va-cuidar-los-abuelos\/#breadcrumb"},"inLanguage":"es","potentialAction":[{"@type":"ReadAction","target":["https:\/\/www.euroresidentes.com\/estilo-de-vida\/envejecer\/quien-va-cuidar-los-abuelos\/"]}]},{"@type":"BreadcrumbList","@id":"https:\/\/www.euroresidentes.com\/estilo-de-vida\/envejecer\/quien-va-cuidar-los-abuelos\/#breadcrumb","itemListElement":[{"@type":"ListItem","position":1,"name":"Portada","item":"https:\/\/www.euroresidentes.com\/estilo-de-vida\/envejecer\/"},{"@type":"ListItem","position":2,"name":"Quien va a cuidar a los abuelos"}]},{"@type":"WebSite","@id":"https:\/\/www.euroresidentes.com\/estilo-de-vida\/envejecer\/#website","url":"https:\/\/www.euroresidentes.com\/estilo-de-vida\/envejecer\/","name":"Envejecer","description":"Reflexiones sobre la vejez","potentialAction":[{"@type":"SearchAction","target":{"@type":"EntryPoint","urlTemplate":"https:\/\/www.euroresidentes.com\/estilo-de-vida\/envejecer\/?s={search_term_string}"},"query-input":{"@type":"PropertyValueSpecification","valueRequired":true,"valueName":"search_term_string"}}],"inLanguage":"es"}]}},"_links":{"self":[{"href":"https:\/\/www.euroresidentes.com\/estilo-de-vida\/envejecer\/wp-json\/wp\/v2\/posts\/714","targetHints":{"allow":["GET"]}}],"collection":[{"href":"https:\/\/www.euroresidentes.com\/estilo-de-vida\/envejecer\/wp-json\/wp\/v2\/posts"}],"about":[{"href":"https:\/\/www.euroresidentes.com\/estilo-de-vida\/envejecer\/wp-json\/wp\/v2\/types\/post"}],"replies":[{"embeddable":true,"href":"https:\/\/www.euroresidentes.com\/estilo-de-vida\/envejecer\/wp-json\/wp\/v2\/comments?post=714"}],"version-history":[{"count":1,"href":"https:\/\/www.euroresidentes.com\/estilo-de-vida\/envejecer\/wp-json\/wp\/v2\/posts\/714\/revisions"}],"predecessor-version":[{"id":964,"href":"https:\/\/www.euroresidentes.com\/estilo-de-vida\/envejecer\/wp-json\/wp\/v2\/posts\/714\/revisions\/964"}],"wp:attachment":[{"href":"https:\/\/www.euroresidentes.com\/estilo-de-vida\/envejecer\/wp-json\/wp\/v2\/media?parent=714"}],"wp:term":[{"taxonomy":"category","embeddable":true,"href":"https:\/\/www.euroresidentes.com\/estilo-de-vida\/envejecer\/wp-json\/wp\/v2\/categories?post=714"},{"taxonomy":"post_tag","embeddable":true,"href":"https:\/\/www.euroresidentes.com\/estilo-de-vida\/envejecer\/wp-json\/wp\/v2\/tags?post=714"}],"curies":[{"name":"wp","href":"https:\/\/api.w.org\/{rel}","templated":true}]}}