{"id":712,"date":"2007-04-16T16:16:00","date_gmt":"2007-04-16T16:16:00","guid":{"rendered":"http:\/\/www.euroresidentes.com\/estilo-de-vida\/envejecer\/cuando-cumples-mas-de-setenta"},"modified":"2016-02-02T09:38:44","modified_gmt":"2016-02-02T09:38:44","slug":"cuando-cumples-mas-de-setenta","status":"publish","type":"post","link":"https:\/\/www.euroresidentes.com\/estilo-de-vida\/envejecer\/cuando-cumples-mas-de-setenta\/","title":{"rendered":"Cuando cumples mas de setenta\u2026"},"content":{"rendered":"<p>\u2026Alguien me dijo sorprendido \u2018vas a la cama antes de medianoche en nochevieja\u2019 Bueno, aunque estaba dormido a las once los fuegos artificiales me despertaron y me encontr\u00e9 despierto para da la bienvenida al nuevo a\u00f1o de todas formas. \u00bfEs una cuesti\u00f3n de fuerza f\u00edsica o es que los j\u00f3venes invierten mas en el futuro que los mayores? Y no solo se quedan despiertos para el a\u00f1o nuevo sino algunos (hay uno que conozco muy bien) siguen hasta la madrugada. \u00bfEl optimismo contra el pesimismo? \u00bfEs eso lo que distingue a los j\u00f3venes de los mayores?<\/p>\n<p>Recientemente he visto un programa popular de la televisi\u00f3n llamado \u2018Grumpy Old Men\u2019 (Hombres Mayores Enojados\u2019) en lo cual hombres (y a veces mujeres) se quejan sobre las cosas que les molestan. Jonathan Freedland, el critico pol\u00edtico para el Guardian dijo que no quiere ser como los protagonistas aunque el se siente cada vez mas cerca a ellos, especialmente porque el pr\u00f3ximo mes cumplir\u00e1 40 (lo cual por supuesto no es mayor ni siquiera maduro, como sabemos nosotros y un d\u00eda el tambi\u00e9n lo sabr\u00e1).<\/p>\n<p>Freedland esta de acuerdo que hay bastantes motivos para estar de malas en 2007, y identifica muchas de las crisis en el mundo como el calentamiento de la tierra, las matanzas en Darfur, la guerra en Iraq, los problemas en Palestina. Estas situaciones no desaparecen con el cambio del calendario y no se pueden ignorarlas.<\/p>\n<p>Tambi\u00e9n identifica algunos de los signos de esperanza como cuando las plantas florecen. Por ejemplo los cambios en la pol\u00edtica de los EEUU, la dimisi\u00f3n anticipada de Tony Blair y la nueva administraci\u00f3n probablemente con Gordon Brown, y ambos lideres pol\u00edticos de la oposici\u00f3n en el Reino Unido hablando de asuntos importantes. Adem\u00e1s, van ganado los partidos de izquierdas en Latino Am\u00e9rica. Al final concluye que \u2018hay razones para estar contentos\u2019.<\/p>\n<p>Estoy leyendo un libro sobre la importancia del dialogo en estos momentos. Hace falta una conversaci\u00f3n entre los j\u00f3venes y los mayores \u2013 los que tienen esperanza y los pesimistas. Los pesimistas (los mayores) reconocen los peligros de un optimismo superficial que ignora lo que realmente esta pasando en el mundo y los j\u00f3venes deber\u00edan dejar de decirnos que no miremos el pasado y enfrentarnos al futuro solo es porque es ma\u00f1ana y no ayer. Nos pueden dar a todos las razones para estar contentos.<br \/>B.R.<\/p>\n","protected":false},"excerpt":{"rendered":"<p>\u2026Alguien me dijo sorprendido \u2018vas a la cama antes de medianoche en nochevieja\u2019 Bueno, aunque estaba dormido a las once los fuegos artificiales me despertaron y me encontr\u00e9 despierto para da la bienvenida al nuevo a\u00f1o de todas formas. \u00bfEs una cuesti\u00f3n de fuerza f\u00edsica o es que los j\u00f3venes invierten mas en el futuro que los mayores? Y no solo se quedan despiertos para el a\u00f1o nuevo sino algunos (hay uno que conozco muy bien) siguen hasta la madrugada. \u00bfEl optimismo contra el pesimismo? \u00bfEs eso lo que distingue a los j\u00f3venes de los mayores? Recientemente he visto un <\/p>\n","protected":false},"author":0,"featured_media":0,"comment_status":"open","ping_status":"open","sticky":false,"template":"","format":"standard","meta":{"footnotes":""},"categories":[1],"tags":[],"class_list":["post-712","post","type-post","status-publish","format-standard","hentry","category-envejecer"],"yoast_head":"<!-- This site is optimized with the Yoast SEO plugin v24.1 - https:\/\/yoast.com\/wordpress\/plugins\/seo\/ -->\n<title>Cuando cumples mas de setenta\u2026 - Envejecer<\/title>\n<meta name=\"robots\" content=\"index, follow, max-snippet:-1, max-image-preview:large, max-video-preview:-1\" \/>\n<link rel=\"canonical\" href=\"https:\/\/www.euroresidentes.com\/estilo-de-vida\/envejecer\/cuando-cumples-mas-de-setenta\/\" \/>\n<meta property=\"og:locale\" content=\"es_ES\" \/>\n<meta property=\"og:type\" content=\"article\" \/>\n<meta property=\"og:title\" content=\"Cuando cumples mas de setenta\u2026 - Envejecer\" \/>\n<meta property=\"og:description\" content=\"\u2026Alguien me dijo sorprendido \u2018vas a la cama antes de medianoche en nochevieja\u2019 Bueno, aunque estaba dormido a las once los fuegos artificiales me despertaron y me encontr\u00e9 despierto para da la bienvenida al nuevo a\u00f1o de todas formas. \u00bfEs una cuesti\u00f3n de fuerza f\u00edsica o es que los j\u00f3venes invierten mas en el futuro que los mayores? Y no solo se quedan despiertos para el a\u00f1o nuevo sino algunos (hay uno que conozco muy bien) siguen hasta la madrugada. \u00bfEl optimismo contra el pesimismo? \u00bfEs eso lo que distingue a los j\u00f3venes de los mayores? Recientemente he visto un\" \/>\n<meta property=\"og:url\" content=\"https:\/\/www.euroresidentes.com\/estilo-de-vida\/envejecer\/cuando-cumples-mas-de-setenta\/\" \/>\n<meta property=\"og:site_name\" content=\"Envejecer\" \/>\n<meta property=\"article:published_time\" content=\"2007-04-16T16:16:00+00:00\" \/>\n<meta property=\"article:modified_time\" content=\"2016-02-02T09:38:44+00:00\" \/>\n<meta name=\"twitter:card\" content=\"summary_large_image\" \/>\n<meta name=\"twitter:label1\" content=\"Est. reading time\" \/>\n\t<meta name=\"twitter:data1\" content=\"2 minutos\" \/>\n<script type=\"application\/ld+json\" class=\"yoast-schema-graph\">{\"@context\":\"https:\/\/schema.org\",\"@graph\":[{\"@type\":\"WebPage\",\"@id\":\"https:\/\/www.euroresidentes.com\/estilo-de-vida\/envejecer\/cuando-cumples-mas-de-setenta\/\",\"url\":\"https:\/\/www.euroresidentes.com\/estilo-de-vida\/envejecer\/cuando-cumples-mas-de-setenta\/\",\"name\":\"Cuando cumples mas de setenta\u2026 - Envejecer\",\"isPartOf\":{\"@id\":\"https:\/\/www.euroresidentes.com\/estilo-de-vida\/envejecer\/#website\"},\"datePublished\":\"2007-04-16T16:16:00+00:00\",\"dateModified\":\"2016-02-02T09:38:44+00:00\",\"author\":{\"@id\":\"\"},\"breadcrumb\":{\"@id\":\"https:\/\/www.euroresidentes.com\/estilo-de-vida\/envejecer\/cuando-cumples-mas-de-setenta\/#breadcrumb\"},\"inLanguage\":\"es\",\"potentialAction\":[{\"@type\":\"ReadAction\",\"target\":[\"https:\/\/www.euroresidentes.com\/estilo-de-vida\/envejecer\/cuando-cumples-mas-de-setenta\/\"]}]},{\"@type\":\"BreadcrumbList\",\"@id\":\"https:\/\/www.euroresidentes.com\/estilo-de-vida\/envejecer\/cuando-cumples-mas-de-setenta\/#breadcrumb\",\"itemListElement\":[{\"@type\":\"ListItem\",\"position\":1,\"name\":\"Portada\",\"item\":\"https:\/\/www.euroresidentes.com\/estilo-de-vida\/envejecer\/\"},{\"@type\":\"ListItem\",\"position\":2,\"name\":\"Cuando cumples mas de setenta\u2026\"}]},{\"@type\":\"WebSite\",\"@id\":\"https:\/\/www.euroresidentes.com\/estilo-de-vida\/envejecer\/#website\",\"url\":\"https:\/\/www.euroresidentes.com\/estilo-de-vida\/envejecer\/\",\"name\":\"Envejecer\",\"description\":\"Reflexiones sobre la vejez\",\"potentialAction\":[{\"@type\":\"SearchAction\",\"target\":{\"@type\":\"EntryPoint\",\"urlTemplate\":\"https:\/\/www.euroresidentes.com\/estilo-de-vida\/envejecer\/?s={search_term_string}\"},\"query-input\":{\"@type\":\"PropertyValueSpecification\",\"valueRequired\":true,\"valueName\":\"search_term_string\"}}],\"inLanguage\":\"es\"}]}<\/script>\n<!-- \/ Yoast SEO plugin. -->","yoast_head_json":{"title":"Cuando cumples mas de setenta\u2026 - Envejecer","robots":{"index":"index","follow":"follow","max-snippet":"max-snippet:-1","max-image-preview":"max-image-preview:large","max-video-preview":"max-video-preview:-1"},"canonical":"https:\/\/www.euroresidentes.com\/estilo-de-vida\/envejecer\/cuando-cumples-mas-de-setenta\/","og_locale":"es_ES","og_type":"article","og_title":"Cuando cumples mas de setenta\u2026 - Envejecer","og_description":"\u2026Alguien me dijo sorprendido \u2018vas a la cama antes de medianoche en nochevieja\u2019 Bueno, aunque estaba dormido a las once los fuegos artificiales me despertaron y me encontr\u00e9 despierto para da la bienvenida al nuevo a\u00f1o de todas formas. \u00bfEs una cuesti\u00f3n de fuerza f\u00edsica o es que los j\u00f3venes invierten mas en el futuro que los mayores? Y no solo se quedan despiertos para el a\u00f1o nuevo sino algunos (hay uno que conozco muy bien) siguen hasta la madrugada. \u00bfEl optimismo contra el pesimismo? \u00bfEs eso lo que distingue a los j\u00f3venes de los mayores? Recientemente he visto un","og_url":"https:\/\/www.euroresidentes.com\/estilo-de-vida\/envejecer\/cuando-cumples-mas-de-setenta\/","og_site_name":"Envejecer","article_published_time":"2007-04-16T16:16:00+00:00","article_modified_time":"2016-02-02T09:38:44+00:00","twitter_card":"summary_large_image","twitter_misc":{"Est. reading time":"2 minutos"},"schema":{"@context":"https:\/\/schema.org","@graph":[{"@type":"WebPage","@id":"https:\/\/www.euroresidentes.com\/estilo-de-vida\/envejecer\/cuando-cumples-mas-de-setenta\/","url":"https:\/\/www.euroresidentes.com\/estilo-de-vida\/envejecer\/cuando-cumples-mas-de-setenta\/","name":"Cuando cumples mas de setenta\u2026 - Envejecer","isPartOf":{"@id":"https:\/\/www.euroresidentes.com\/estilo-de-vida\/envejecer\/#website"},"datePublished":"2007-04-16T16:16:00+00:00","dateModified":"2016-02-02T09:38:44+00:00","author":{"@id":""},"breadcrumb":{"@id":"https:\/\/www.euroresidentes.com\/estilo-de-vida\/envejecer\/cuando-cumples-mas-de-setenta\/#breadcrumb"},"inLanguage":"es","potentialAction":[{"@type":"ReadAction","target":["https:\/\/www.euroresidentes.com\/estilo-de-vida\/envejecer\/cuando-cumples-mas-de-setenta\/"]}]},{"@type":"BreadcrumbList","@id":"https:\/\/www.euroresidentes.com\/estilo-de-vida\/envejecer\/cuando-cumples-mas-de-setenta\/#breadcrumb","itemListElement":[{"@type":"ListItem","position":1,"name":"Portada","item":"https:\/\/www.euroresidentes.com\/estilo-de-vida\/envejecer\/"},{"@type":"ListItem","position":2,"name":"Cuando cumples mas de setenta\u2026"}]},{"@type":"WebSite","@id":"https:\/\/www.euroresidentes.com\/estilo-de-vida\/envejecer\/#website","url":"https:\/\/www.euroresidentes.com\/estilo-de-vida\/envejecer\/","name":"Envejecer","description":"Reflexiones sobre la vejez","potentialAction":[{"@type":"SearchAction","target":{"@type":"EntryPoint","urlTemplate":"https:\/\/www.euroresidentes.com\/estilo-de-vida\/envejecer\/?s={search_term_string}"},"query-input":{"@type":"PropertyValueSpecification","valueRequired":true,"valueName":"search_term_string"}}],"inLanguage":"es"}]}},"_links":{"self":[{"href":"https:\/\/www.euroresidentes.com\/estilo-de-vida\/envejecer\/wp-json\/wp\/v2\/posts\/712","targetHints":{"allow":["GET"]}}],"collection":[{"href":"https:\/\/www.euroresidentes.com\/estilo-de-vida\/envejecer\/wp-json\/wp\/v2\/posts"}],"about":[{"href":"https:\/\/www.euroresidentes.com\/estilo-de-vida\/envejecer\/wp-json\/wp\/v2\/types\/post"}],"replies":[{"embeddable":true,"href":"https:\/\/www.euroresidentes.com\/estilo-de-vida\/envejecer\/wp-json\/wp\/v2\/comments?post=712"}],"version-history":[{"count":1,"href":"https:\/\/www.euroresidentes.com\/estilo-de-vida\/envejecer\/wp-json\/wp\/v2\/posts\/712\/revisions"}],"predecessor-version":[{"id":962,"href":"https:\/\/www.euroresidentes.com\/estilo-de-vida\/envejecer\/wp-json\/wp\/v2\/posts\/712\/revisions\/962"}],"wp:attachment":[{"href":"https:\/\/www.euroresidentes.com\/estilo-de-vida\/envejecer\/wp-json\/wp\/v2\/media?parent=712"}],"wp:term":[{"taxonomy":"category","embeddable":true,"href":"https:\/\/www.euroresidentes.com\/estilo-de-vida\/envejecer\/wp-json\/wp\/v2\/categories?post=712"},{"taxonomy":"post_tag","embeddable":true,"href":"https:\/\/www.euroresidentes.com\/estilo-de-vida\/envejecer\/wp-json\/wp\/v2\/tags?post=712"}],"curies":[{"name":"wp","href":"https:\/\/api.w.org\/{rel}","templated":true}]}}