{"id":701,"date":"2007-10-28T21:03:00","date_gmt":"2007-10-28T21:03:00","guid":{"rendered":"http:\/\/www.euroresidentes.com\/estilo-de-vida\/envejecer\/los-zimmers"},"modified":"2016-02-02T09:38:43","modified_gmt":"2016-02-02T09:38:43","slug":"los-zimmers","status":"publish","type":"post","link":"https:\/\/www.euroresidentes.com\/estilo-de-vida\/envejecer\/los-zimmers\/","title":{"rendered":"Los &#8216;Zimmers&#8217;"},"content":{"rendered":"<p>Anoche vimos un programa sobre un grupo de rock que consiste en 40 jubilados llamado Los \u2018Zimmers&#8217; (los andadores) y de hecho algunos miembros los necesitaban. El grupo fue creado por Tim Samuels, tambi\u00e9n el productor del documental.  Dijo que \u2018esto se trata de la gente mayor luchando contra una sociedad que les han olvidado\u2019. As\u00ed que se junto con pensionistas, algunos de los cuales estaban hartos del ser marginados por el resto de la sociedad. Samuels llevo el grupo a los estudios donde los Beatles hab\u00edan grabados muchos de sus discos.  Grabaron una versi\u00f3n de \u2018My Generation\u2019 del grupo Brit\u00e1nico \u2018The Who\u2019 y puedes o\u00edrla en U Tube.<\/p>\n<p>Tres miembros del grupo fueron a los Estados Unidos donde fueron entrevistados para un programa de hora punta en el que tambi\u00e9n sal\u00eda George Clooney. Vimos unos minutos de su entrevistas y parece que los miembros del grupo disfrutaron mucho.<\/p>\n<p>Vimos como viv\u00edan algunos miembros del grupo. Una mujer con 99 a\u00f1os ha cambiado de asilo 16 veces intentando encontrar un lugar que le mantenga estimulada. El cantante del grupo tiene 90 a\u00f1os y dijo \u2018creo que la experiencia me ha hecho sentir mas viva\u2019. Por un lado me preocupaba que les estuvieron utilizando en el programa que fue uno de estos \u2018reality shows\u2019 y tambi\u00e9n lamentaba de que las necesidades de los mayores solo se escuchan cuando pretendemos ser lo que realmente no somos \u2013 como estos miembros del grupo de rock.<\/p>\n<p>Pero hubo una idea seria detr\u00e1s de la formaci\u00f3n del grupo los \u2018Zimmers\u2019 y tengo que admitir que todo el mundo parec\u00edan que estuvieron disfrutando de la experiencia. El productor de la canci\u00f3n, Mike Hedges, quien ha trabajado con U2 y los \u2018Manic Street Preachers\u2019 dijo \u2018mi abuela se muri\u00f3 cuando tenia 90 y tantos a\u00f1os y mi madre se muri\u00f3 con casi 80 a\u00f1os y les hecho de menos. Los mayores te entretienen mucho hablas con ellos. Sus experiencias son fantasticas. La gente olvida que los ancianos saben mucho y han visto muchas cosas durante sus vidas\u2019. Geoff Wonfor, quien grabo el video para los \u2018Zimmers\u2019, dijo que lo hizo porque valora mucho a los mayores y es un asunto cerca de su coraz\u00f3n.<\/p>\n<p>Esta ma\u00f1ana he le\u00eddo una critica del programa que dice que los \u2018Zimmers\u2019 han dado un paso en contra de la discriminaci\u00f3n contra la gente de edad avanzada pero el critico se pregunta si el mensaje durara mas de 15 minutos.<\/p>\n<p>B.R.<\/p>\n","protected":false},"excerpt":{"rendered":"<p>Anoche vimos un programa sobre un grupo de rock que consiste en 40 jubilados llamado Los \u2018Zimmers&#8217; (los andadores) y de hecho algunos miembros los necesitaban. El grupo fue creado por Tim Samuels, tambi\u00e9n el productor del documental. Dijo que \u2018esto se trata de la gente mayor luchando contra una sociedad que les han olvidado\u2019. As\u00ed que se junto con pensionistas, algunos de los cuales estaban hartos del ser marginados por el resto de la sociedad. Samuels llevo el grupo a los estudios donde los Beatles hab\u00edan grabados muchos de sus discos. Grabaron una versi\u00f3n de \u2018My Generation\u2019 del grupo <\/p>\n","protected":false},"author":0,"featured_media":0,"comment_status":"open","ping_status":"open","sticky":false,"template":"","format":"standard","meta":{"footnotes":""},"categories":[1],"tags":[],"class_list":["post-701","post","type-post","status-publish","format-standard","hentry","category-envejecer"],"yoast_head":"<!-- This site is optimized with the Yoast SEO plugin v24.1 - https:\/\/yoast.com\/wordpress\/plugins\/seo\/ -->\n<title>Los &#039;Zimmers&#039; - Envejecer<\/title>\n<meta name=\"robots\" content=\"index, follow, max-snippet:-1, max-image-preview:large, max-video-preview:-1\" \/>\n<link rel=\"canonical\" href=\"https:\/\/www.euroresidentes.com\/estilo-de-vida\/envejecer\/los-zimmers\/\" \/>\n<meta property=\"og:locale\" content=\"es_ES\" \/>\n<meta property=\"og:type\" content=\"article\" \/>\n<meta property=\"og:title\" content=\"Los &#039;Zimmers&#039; - Envejecer\" \/>\n<meta property=\"og:description\" content=\"Anoche vimos un programa sobre un grupo de rock que consiste en 40 jubilados llamado Los \u2018Zimmers&#8217; (los andadores) y de hecho algunos miembros los necesitaban. El grupo fue creado por Tim Samuels, tambi\u00e9n el productor del documental. Dijo que \u2018esto se trata de la gente mayor luchando contra una sociedad que les han olvidado\u2019. As\u00ed que se junto con pensionistas, algunos de los cuales estaban hartos del ser marginados por el resto de la sociedad. Samuels llevo el grupo a los estudios donde los Beatles hab\u00edan grabados muchos de sus discos. Grabaron una versi\u00f3n de \u2018My Generation\u2019 del grupo\" \/>\n<meta property=\"og:url\" content=\"https:\/\/www.euroresidentes.com\/estilo-de-vida\/envejecer\/los-zimmers\/\" \/>\n<meta property=\"og:site_name\" content=\"Envejecer\" \/>\n<meta property=\"article:published_time\" content=\"2007-10-28T21:03:00+00:00\" \/>\n<meta property=\"article:modified_time\" content=\"2016-02-02T09:38:43+00:00\" \/>\n<meta name=\"twitter:card\" content=\"summary_large_image\" \/>\n<meta name=\"twitter:label1\" content=\"Est. reading time\" \/>\n\t<meta name=\"twitter:data1\" content=\"2 minutos\" \/>\n<script type=\"application\/ld+json\" class=\"yoast-schema-graph\">{\"@context\":\"https:\/\/schema.org\",\"@graph\":[{\"@type\":\"WebPage\",\"@id\":\"https:\/\/www.euroresidentes.com\/estilo-de-vida\/envejecer\/los-zimmers\/\",\"url\":\"https:\/\/www.euroresidentes.com\/estilo-de-vida\/envejecer\/los-zimmers\/\",\"name\":\"Los 'Zimmers' - Envejecer\",\"isPartOf\":{\"@id\":\"https:\/\/www.euroresidentes.com\/estilo-de-vida\/envejecer\/#website\"},\"datePublished\":\"2007-10-28T21:03:00+00:00\",\"dateModified\":\"2016-02-02T09:38:43+00:00\",\"author\":{\"@id\":\"\"},\"breadcrumb\":{\"@id\":\"https:\/\/www.euroresidentes.com\/estilo-de-vida\/envejecer\/los-zimmers\/#breadcrumb\"},\"inLanguage\":\"es\",\"potentialAction\":[{\"@type\":\"ReadAction\",\"target\":[\"https:\/\/www.euroresidentes.com\/estilo-de-vida\/envejecer\/los-zimmers\/\"]}]},{\"@type\":\"BreadcrumbList\",\"@id\":\"https:\/\/www.euroresidentes.com\/estilo-de-vida\/envejecer\/los-zimmers\/#breadcrumb\",\"itemListElement\":[{\"@type\":\"ListItem\",\"position\":1,\"name\":\"Portada\",\"item\":\"https:\/\/www.euroresidentes.com\/estilo-de-vida\/envejecer\/\"},{\"@type\":\"ListItem\",\"position\":2,\"name\":\"Los &#8216;Zimmers&#8217;\"}]},{\"@type\":\"WebSite\",\"@id\":\"https:\/\/www.euroresidentes.com\/estilo-de-vida\/envejecer\/#website\",\"url\":\"https:\/\/www.euroresidentes.com\/estilo-de-vida\/envejecer\/\",\"name\":\"Envejecer\",\"description\":\"Reflexiones sobre la vejez\",\"potentialAction\":[{\"@type\":\"SearchAction\",\"target\":{\"@type\":\"EntryPoint\",\"urlTemplate\":\"https:\/\/www.euroresidentes.com\/estilo-de-vida\/envejecer\/?s={search_term_string}\"},\"query-input\":{\"@type\":\"PropertyValueSpecification\",\"valueRequired\":true,\"valueName\":\"search_term_string\"}}],\"inLanguage\":\"es\"}]}<\/script>\n<!-- \/ Yoast SEO plugin. -->","yoast_head_json":{"title":"Los 'Zimmers' - Envejecer","robots":{"index":"index","follow":"follow","max-snippet":"max-snippet:-1","max-image-preview":"max-image-preview:large","max-video-preview":"max-video-preview:-1"},"canonical":"https:\/\/www.euroresidentes.com\/estilo-de-vida\/envejecer\/los-zimmers\/","og_locale":"es_ES","og_type":"article","og_title":"Los 'Zimmers' - Envejecer","og_description":"Anoche vimos un programa sobre un grupo de rock que consiste en 40 jubilados llamado Los \u2018Zimmers&#8217; (los andadores) y de hecho algunos miembros los necesitaban. El grupo fue creado por Tim Samuels, tambi\u00e9n el productor del documental. Dijo que \u2018esto se trata de la gente mayor luchando contra una sociedad que les han olvidado\u2019. As\u00ed que se junto con pensionistas, algunos de los cuales estaban hartos del ser marginados por el resto de la sociedad. Samuels llevo el grupo a los estudios donde los Beatles hab\u00edan grabados muchos de sus discos. Grabaron una versi\u00f3n de \u2018My Generation\u2019 del grupo","og_url":"https:\/\/www.euroresidentes.com\/estilo-de-vida\/envejecer\/los-zimmers\/","og_site_name":"Envejecer","article_published_time":"2007-10-28T21:03:00+00:00","article_modified_time":"2016-02-02T09:38:43+00:00","twitter_card":"summary_large_image","twitter_misc":{"Est. reading time":"2 minutos"},"schema":{"@context":"https:\/\/schema.org","@graph":[{"@type":"WebPage","@id":"https:\/\/www.euroresidentes.com\/estilo-de-vida\/envejecer\/los-zimmers\/","url":"https:\/\/www.euroresidentes.com\/estilo-de-vida\/envejecer\/los-zimmers\/","name":"Los 'Zimmers' - Envejecer","isPartOf":{"@id":"https:\/\/www.euroresidentes.com\/estilo-de-vida\/envejecer\/#website"},"datePublished":"2007-10-28T21:03:00+00:00","dateModified":"2016-02-02T09:38:43+00:00","author":{"@id":""},"breadcrumb":{"@id":"https:\/\/www.euroresidentes.com\/estilo-de-vida\/envejecer\/los-zimmers\/#breadcrumb"},"inLanguage":"es","potentialAction":[{"@type":"ReadAction","target":["https:\/\/www.euroresidentes.com\/estilo-de-vida\/envejecer\/los-zimmers\/"]}]},{"@type":"BreadcrumbList","@id":"https:\/\/www.euroresidentes.com\/estilo-de-vida\/envejecer\/los-zimmers\/#breadcrumb","itemListElement":[{"@type":"ListItem","position":1,"name":"Portada","item":"https:\/\/www.euroresidentes.com\/estilo-de-vida\/envejecer\/"},{"@type":"ListItem","position":2,"name":"Los &#8216;Zimmers&#8217;"}]},{"@type":"WebSite","@id":"https:\/\/www.euroresidentes.com\/estilo-de-vida\/envejecer\/#website","url":"https:\/\/www.euroresidentes.com\/estilo-de-vida\/envejecer\/","name":"Envejecer","description":"Reflexiones sobre la vejez","potentialAction":[{"@type":"SearchAction","target":{"@type":"EntryPoint","urlTemplate":"https:\/\/www.euroresidentes.com\/estilo-de-vida\/envejecer\/?s={search_term_string}"},"query-input":{"@type":"PropertyValueSpecification","valueRequired":true,"valueName":"search_term_string"}}],"inLanguage":"es"}]}},"_links":{"self":[{"href":"https:\/\/www.euroresidentes.com\/estilo-de-vida\/envejecer\/wp-json\/wp\/v2\/posts\/701","targetHints":{"allow":["GET"]}}],"collection":[{"href":"https:\/\/www.euroresidentes.com\/estilo-de-vida\/envejecer\/wp-json\/wp\/v2\/posts"}],"about":[{"href":"https:\/\/www.euroresidentes.com\/estilo-de-vida\/envejecer\/wp-json\/wp\/v2\/types\/post"}],"replies":[{"embeddable":true,"href":"https:\/\/www.euroresidentes.com\/estilo-de-vida\/envejecer\/wp-json\/wp\/v2\/comments?post=701"}],"version-history":[{"count":1,"href":"https:\/\/www.euroresidentes.com\/estilo-de-vida\/envejecer\/wp-json\/wp\/v2\/posts\/701\/revisions"}],"predecessor-version":[{"id":951,"href":"https:\/\/www.euroresidentes.com\/estilo-de-vida\/envejecer\/wp-json\/wp\/v2\/posts\/701\/revisions\/951"}],"wp:attachment":[{"href":"https:\/\/www.euroresidentes.com\/estilo-de-vida\/envejecer\/wp-json\/wp\/v2\/media?parent=701"}],"wp:term":[{"taxonomy":"category","embeddable":true,"href":"https:\/\/www.euroresidentes.com\/estilo-de-vida\/envejecer\/wp-json\/wp\/v2\/categories?post=701"},{"taxonomy":"post_tag","embeddable":true,"href":"https:\/\/www.euroresidentes.com\/estilo-de-vida\/envejecer\/wp-json\/wp\/v2\/tags?post=701"}],"curies":[{"name":"wp","href":"https:\/\/api.w.org\/{rel}","templated":true}]}}