{"id":667,"date":"2008-11-17T12:01:00","date_gmt":"2008-11-17T12:01:00","guid":{"rendered":"http:\/\/www.euroresidentes.com\/estilo-de-vida\/envejecer\/ellos-y-nosotros"},"modified":"2016-02-02T09:38:42","modified_gmt":"2016-02-02T09:38:42","slug":"ellos-y-nosotros","status":"publish","type":"post","link":"https:\/\/www.euroresidentes.com\/estilo-de-vida\/envejecer\/ellos-y-nosotros\/","title":{"rendered":"&#8216;Ellos y nosotros\u2019"},"content":{"rendered":"<p>Supongo que siempre ha sido as\u00ed, pero en mi opini\u00f3n el espacio entre las generaciones, especialmente entre los j\u00f3venes y los muy mayores, me hace sentirme triste.  Hay muchas causas \u2013 la educaci\u00f3n, los medios de comunicaci\u00f3n, las clases sociales, (es casi imposible para la gente mayor no preocuparse sobre el dinero y gastar mal las cosas cuando crecimos durante la \u00e9poca de los a\u00f1os duros de la segunda guerra mundial cuando hab\u00eda mucha escasez). El glamour de la juventud y los problemas de los ancianos crean una divisi\u00f3n enorme dif\u00edcil de superar. Cultura y ambici\u00f3n nos dividen. Los ancianos pueden ser muy cr\u00edticos de los j\u00f3venes a quienes muchas veces no entendemos y la juventud me imagino est\u00e1n contentos para prestarnos atenci\u00f3n si es necesario pero tambi\u00e9n son capaces de vivir muy bien sin nosotros. Ambos situaciones son tristes.<\/p>\n<p>Hace dos semanas el mundo cambio cuando Barrack Obama fue elegido como presidente de los Estados Unidos. Fue un momento maravilloso para mi mujer y para mi cuando Obama hablo de su victoria tan elocuentemente en Chicago. No estaba claro quien iba a ganar hasta el d\u00eda de las elecciones cuando los resultados de numerosas encuestas se convirtieron en votos. Obama es donde esta por su propio merito y un equipo de campa\u00f1a fant\u00e1stico. Pero tambien por una otra razon\u2026<\/p>\n<p>Esta vez votaron m\u00e1s gente joven que nunca en la historia de los Estados Unidos. Votar dejo de ser una cosa generacional. M\u00e1s gente solicit\u00f3 su derecho de votar que nunca, muchos eran negros o j\u00f3venes (\u00a1o ambos!). Si fuera un anciano Americano estar\u00eda muy agradecido a los j\u00f3venes por rescatarnos porque fueron este grupo del electorado que ayudo a ganar la elecci\u00f3n a favor a Obama.<\/p>\n<p>\u00a1As\u00ed que la divisi\u00f3n entre los j\u00f3venes y los ancianos puede a veces ser superada! Todos necesitamos cada uno y en esta ocasi\u00f3n los j\u00f3venes fueron la caballer\u00eda y vinieron a rescatarnos.<\/p>\n<p>Bryan<\/p>\n<p>\u2026Otra cosa \u2013 en uno de mis blogs anteriores dije que iban a ser apol\u00edticos. \u00a1Para este blog me he cambiado de opini\u00f3n!<\/p>\n","protected":false},"excerpt":{"rendered":"<p>Supongo que siempre ha sido as\u00ed, pero en mi opini\u00f3n el espacio entre las generaciones, especialmente entre los j\u00f3venes y los muy mayores, me hace sentirme triste. Hay muchas causas \u2013 la educaci\u00f3n, los medios de comunicaci\u00f3n, las clases sociales, (es casi imposible para la gente mayor no preocuparse sobre el dinero y gastar mal las cosas cuando crecimos durante la \u00e9poca de los a\u00f1os duros de la segunda guerra mundial cuando hab\u00eda mucha escasez). El glamour de la juventud y los problemas de los ancianos crean una divisi\u00f3n enorme dif\u00edcil de superar. Cultura y ambici\u00f3n nos dividen. Los ancianos <\/p>\n","protected":false},"author":0,"featured_media":0,"comment_status":"open","ping_status":"open","sticky":false,"template":"","format":"standard","meta":{"footnotes":""},"categories":[1],"tags":[],"class_list":["post-667","post","type-post","status-publish","format-standard","hentry","category-envejecer"],"yoast_head":"<!-- This site is optimized with the Yoast SEO plugin v24.1 - https:\/\/yoast.com\/wordpress\/plugins\/seo\/ -->\n<title>&#039;Ellos y nosotros\u2019 - Envejecer<\/title>\n<meta name=\"robots\" content=\"index, follow, max-snippet:-1, max-image-preview:large, max-video-preview:-1\" \/>\n<link rel=\"canonical\" href=\"https:\/\/www.euroresidentes.com\/estilo-de-vida\/envejecer\/ellos-y-nosotros\/\" \/>\n<meta property=\"og:locale\" content=\"es_ES\" \/>\n<meta property=\"og:type\" content=\"article\" \/>\n<meta property=\"og:title\" content=\"&#039;Ellos y nosotros\u2019 - Envejecer\" \/>\n<meta property=\"og:description\" content=\"Supongo que siempre ha sido as\u00ed, pero en mi opini\u00f3n el espacio entre las generaciones, especialmente entre los j\u00f3venes y los muy mayores, me hace sentirme triste. Hay muchas causas \u2013 la educaci\u00f3n, los medios de comunicaci\u00f3n, las clases sociales, (es casi imposible para la gente mayor no preocuparse sobre el dinero y gastar mal las cosas cuando crecimos durante la \u00e9poca de los a\u00f1os duros de la segunda guerra mundial cuando hab\u00eda mucha escasez). El glamour de la juventud y los problemas de los ancianos crean una divisi\u00f3n enorme dif\u00edcil de superar. Cultura y ambici\u00f3n nos dividen. Los ancianos\" \/>\n<meta property=\"og:url\" content=\"https:\/\/www.euroresidentes.com\/estilo-de-vida\/envejecer\/ellos-y-nosotros\/\" \/>\n<meta property=\"og:site_name\" content=\"Envejecer\" \/>\n<meta property=\"article:published_time\" content=\"2008-11-17T12:01:00+00:00\" \/>\n<meta property=\"article:modified_time\" content=\"2016-02-02T09:38:42+00:00\" \/>\n<meta name=\"twitter:card\" content=\"summary_large_image\" \/>\n<meta name=\"twitter:label1\" content=\"Est. reading time\" \/>\n\t<meta name=\"twitter:data1\" content=\"2 minutos\" \/>\n<script type=\"application\/ld+json\" class=\"yoast-schema-graph\">{\"@context\":\"https:\/\/schema.org\",\"@graph\":[{\"@type\":\"WebPage\",\"@id\":\"https:\/\/www.euroresidentes.com\/estilo-de-vida\/envejecer\/ellos-y-nosotros\/\",\"url\":\"https:\/\/www.euroresidentes.com\/estilo-de-vida\/envejecer\/ellos-y-nosotros\/\",\"name\":\"'Ellos y nosotros\u2019 - Envejecer\",\"isPartOf\":{\"@id\":\"https:\/\/www.euroresidentes.com\/estilo-de-vida\/envejecer\/#website\"},\"datePublished\":\"2008-11-17T12:01:00+00:00\",\"dateModified\":\"2016-02-02T09:38:42+00:00\",\"author\":{\"@id\":\"\"},\"breadcrumb\":{\"@id\":\"https:\/\/www.euroresidentes.com\/estilo-de-vida\/envejecer\/ellos-y-nosotros\/#breadcrumb\"},\"inLanguage\":\"es\",\"potentialAction\":[{\"@type\":\"ReadAction\",\"target\":[\"https:\/\/www.euroresidentes.com\/estilo-de-vida\/envejecer\/ellos-y-nosotros\/\"]}]},{\"@type\":\"BreadcrumbList\",\"@id\":\"https:\/\/www.euroresidentes.com\/estilo-de-vida\/envejecer\/ellos-y-nosotros\/#breadcrumb\",\"itemListElement\":[{\"@type\":\"ListItem\",\"position\":1,\"name\":\"Portada\",\"item\":\"https:\/\/www.euroresidentes.com\/estilo-de-vida\/envejecer\/\"},{\"@type\":\"ListItem\",\"position\":2,\"name\":\"&#8216;Ellos y nosotros\u2019\"}]},{\"@type\":\"WebSite\",\"@id\":\"https:\/\/www.euroresidentes.com\/estilo-de-vida\/envejecer\/#website\",\"url\":\"https:\/\/www.euroresidentes.com\/estilo-de-vida\/envejecer\/\",\"name\":\"Envejecer\",\"description\":\"Reflexiones sobre la vejez\",\"potentialAction\":[{\"@type\":\"SearchAction\",\"target\":{\"@type\":\"EntryPoint\",\"urlTemplate\":\"https:\/\/www.euroresidentes.com\/estilo-de-vida\/envejecer\/?s={search_term_string}\"},\"query-input\":{\"@type\":\"PropertyValueSpecification\",\"valueRequired\":true,\"valueName\":\"search_term_string\"}}],\"inLanguage\":\"es\"}]}<\/script>\n<!-- \/ Yoast SEO plugin. -->","yoast_head_json":{"title":"'Ellos y nosotros\u2019 - Envejecer","robots":{"index":"index","follow":"follow","max-snippet":"max-snippet:-1","max-image-preview":"max-image-preview:large","max-video-preview":"max-video-preview:-1"},"canonical":"https:\/\/www.euroresidentes.com\/estilo-de-vida\/envejecer\/ellos-y-nosotros\/","og_locale":"es_ES","og_type":"article","og_title":"'Ellos y nosotros\u2019 - Envejecer","og_description":"Supongo que siempre ha sido as\u00ed, pero en mi opini\u00f3n el espacio entre las generaciones, especialmente entre los j\u00f3venes y los muy mayores, me hace sentirme triste. Hay muchas causas \u2013 la educaci\u00f3n, los medios de comunicaci\u00f3n, las clases sociales, (es casi imposible para la gente mayor no preocuparse sobre el dinero y gastar mal las cosas cuando crecimos durante la \u00e9poca de los a\u00f1os duros de la segunda guerra mundial cuando hab\u00eda mucha escasez). El glamour de la juventud y los problemas de los ancianos crean una divisi\u00f3n enorme dif\u00edcil de superar. Cultura y ambici\u00f3n nos dividen. Los ancianos","og_url":"https:\/\/www.euroresidentes.com\/estilo-de-vida\/envejecer\/ellos-y-nosotros\/","og_site_name":"Envejecer","article_published_time":"2008-11-17T12:01:00+00:00","article_modified_time":"2016-02-02T09:38:42+00:00","twitter_card":"summary_large_image","twitter_misc":{"Est. reading time":"2 minutos"},"schema":{"@context":"https:\/\/schema.org","@graph":[{"@type":"WebPage","@id":"https:\/\/www.euroresidentes.com\/estilo-de-vida\/envejecer\/ellos-y-nosotros\/","url":"https:\/\/www.euroresidentes.com\/estilo-de-vida\/envejecer\/ellos-y-nosotros\/","name":"'Ellos y nosotros\u2019 - Envejecer","isPartOf":{"@id":"https:\/\/www.euroresidentes.com\/estilo-de-vida\/envejecer\/#website"},"datePublished":"2008-11-17T12:01:00+00:00","dateModified":"2016-02-02T09:38:42+00:00","author":{"@id":""},"breadcrumb":{"@id":"https:\/\/www.euroresidentes.com\/estilo-de-vida\/envejecer\/ellos-y-nosotros\/#breadcrumb"},"inLanguage":"es","potentialAction":[{"@type":"ReadAction","target":["https:\/\/www.euroresidentes.com\/estilo-de-vida\/envejecer\/ellos-y-nosotros\/"]}]},{"@type":"BreadcrumbList","@id":"https:\/\/www.euroresidentes.com\/estilo-de-vida\/envejecer\/ellos-y-nosotros\/#breadcrumb","itemListElement":[{"@type":"ListItem","position":1,"name":"Portada","item":"https:\/\/www.euroresidentes.com\/estilo-de-vida\/envejecer\/"},{"@type":"ListItem","position":2,"name":"&#8216;Ellos y nosotros\u2019"}]},{"@type":"WebSite","@id":"https:\/\/www.euroresidentes.com\/estilo-de-vida\/envejecer\/#website","url":"https:\/\/www.euroresidentes.com\/estilo-de-vida\/envejecer\/","name":"Envejecer","description":"Reflexiones sobre la vejez","potentialAction":[{"@type":"SearchAction","target":{"@type":"EntryPoint","urlTemplate":"https:\/\/www.euroresidentes.com\/estilo-de-vida\/envejecer\/?s={search_term_string}"},"query-input":{"@type":"PropertyValueSpecification","valueRequired":true,"valueName":"search_term_string"}}],"inLanguage":"es"}]}},"_links":{"self":[{"href":"https:\/\/www.euroresidentes.com\/estilo-de-vida\/envejecer\/wp-json\/wp\/v2\/posts\/667","targetHints":{"allow":["GET"]}}],"collection":[{"href":"https:\/\/www.euroresidentes.com\/estilo-de-vida\/envejecer\/wp-json\/wp\/v2\/posts"}],"about":[{"href":"https:\/\/www.euroresidentes.com\/estilo-de-vida\/envejecer\/wp-json\/wp\/v2\/types\/post"}],"replies":[{"embeddable":true,"href":"https:\/\/www.euroresidentes.com\/estilo-de-vida\/envejecer\/wp-json\/wp\/v2\/comments?post=667"}],"version-history":[{"count":1,"href":"https:\/\/www.euroresidentes.com\/estilo-de-vida\/envejecer\/wp-json\/wp\/v2\/posts\/667\/revisions"}],"predecessor-version":[{"id":917,"href":"https:\/\/www.euroresidentes.com\/estilo-de-vida\/envejecer\/wp-json\/wp\/v2\/posts\/667\/revisions\/917"}],"wp:attachment":[{"href":"https:\/\/www.euroresidentes.com\/estilo-de-vida\/envejecer\/wp-json\/wp\/v2\/media?parent=667"}],"wp:term":[{"taxonomy":"category","embeddable":true,"href":"https:\/\/www.euroresidentes.com\/estilo-de-vida\/envejecer\/wp-json\/wp\/v2\/categories?post=667"},{"taxonomy":"post_tag","embeddable":true,"href":"https:\/\/www.euroresidentes.com\/estilo-de-vida\/envejecer\/wp-json\/wp\/v2\/tags?post=667"}],"curies":[{"name":"wp","href":"https:\/\/api.w.org\/{rel}","templated":true}]}}