{"id":638,"date":"2009-09-21T06:18:00","date_gmt":"2009-09-21T06:18:00","guid":{"rendered":"http:\/\/www.euroresidentes.com\/estilo-de-vida\/envejecer\/la-playa"},"modified":"2016-02-02T09:38:41","modified_gmt":"2016-02-02T09:38:41","slug":"la-playa","status":"publish","type":"post","link":"https:\/\/www.euroresidentes.com\/estilo-de-vida\/envejecer\/la-playa\/","title":{"rendered":"La Playa"},"content":{"rendered":"<p>Este verano he pasado una semana de vacaciones con el resto de la familia en St. Juan, Alicante. Hacia mucho calor y mucho sol. Aunque todav\u00eda no era Agosto la playa estaba llena de gente con sus toallas para marcar su territorio y sus sombrillas para conseguir por lo menos un poco de sombra. Hubo muchas familias con ni\u00f1os peque\u00f1os haciendo castillos y experimentando con la arena y el agua.<\/p>\n<p>Hab\u00eda mucha gente mayor tambi\u00e9n tanto gordos como flacos. Parec\u00eda que no ten\u00edan verg\u00fcenza de las se\u00f1ales f\u00edsicas de su edad mientras paseaban por la orilla y la gente joven estaba pr\u00e1cticamente desnuda.<\/p>\n<p>Vi un hombre mayor en el agua con dos personas ayud\u00e1ndole salir. Tenia que parar para respirar y recuperar su confianza sus ayudantes parec\u00edan preocupados mientras le ayudaban llegar a la orilla. Tambi\u00e9n vi  una mujer mayor tomando el sol medio desnuda a pesar de su edad avanzada. Yo era m\u00e1s cauteloso y me sol\u00eda sentarme en una silla debajo de una sombrilla leyendo y observando el mundo mientras el resto de la familia jugaba o nadaba en el mar.<\/p>\n<p>El sentido de libertad y estar incluido es sin duda el resultado de el clima Mediterr\u00e1nea pero tambi\u00e9n refleja y esta alimentado por la cultura de la familia que sigue siendo un elemento importante de la vida en Espa\u00f1a.  Vi tres o cuatro generaciones de una misma familia, una par\u00e1bola de como ambos los j\u00f3venes y los mayores pueden formar parte de la misma comunidad. <\/p>\n<p>Y as\u00ed deber\u00eda ser.<br \/>Bryan<\/p>\n","protected":false},"excerpt":{"rendered":"<p>Este verano he pasado una semana de vacaciones con el resto de la familia en St. Juan, Alicante. Hacia mucho calor y mucho sol. Aunque todav\u00eda no era Agosto la playa estaba llena de gente con sus toallas para marcar su territorio y sus sombrillas para conseguir por lo menos un poco de sombra. Hubo muchas familias con ni\u00f1os peque\u00f1os haciendo castillos y experimentando con la arena y el agua. Hab\u00eda mucha gente mayor tambi\u00e9n tanto gordos como flacos. Parec\u00eda que no ten\u00edan verg\u00fcenza de las se\u00f1ales f\u00edsicas de su edad mientras paseaban por la orilla y la gente joven <\/p>\n","protected":false},"author":0,"featured_media":0,"comment_status":"open","ping_status":"open","sticky":false,"template":"","format":"standard","meta":{"footnotes":""},"categories":[1],"tags":[],"class_list":["post-638","post","type-post","status-publish","format-standard","hentry","category-envejecer"],"yoast_head":"<!-- This site is optimized with the Yoast SEO plugin v24.1 - https:\/\/yoast.com\/wordpress\/plugins\/seo\/ -->\n<title>La Playa - Envejecer<\/title>\n<meta name=\"robots\" content=\"index, follow, max-snippet:-1, max-image-preview:large, max-video-preview:-1\" \/>\n<link rel=\"canonical\" href=\"https:\/\/www.euroresidentes.com\/estilo-de-vida\/envejecer\/la-playa\/\" \/>\n<meta property=\"og:locale\" content=\"es_ES\" \/>\n<meta property=\"og:type\" content=\"article\" \/>\n<meta property=\"og:title\" content=\"La Playa - Envejecer\" \/>\n<meta property=\"og:description\" content=\"Este verano he pasado una semana de vacaciones con el resto de la familia en St. Juan, Alicante. Hacia mucho calor y mucho sol. Aunque todav\u00eda no era Agosto la playa estaba llena de gente con sus toallas para marcar su territorio y sus sombrillas para conseguir por lo menos un poco de sombra. Hubo muchas familias con ni\u00f1os peque\u00f1os haciendo castillos y experimentando con la arena y el agua. Hab\u00eda mucha gente mayor tambi\u00e9n tanto gordos como flacos. Parec\u00eda que no ten\u00edan verg\u00fcenza de las se\u00f1ales f\u00edsicas de su edad mientras paseaban por la orilla y la gente joven\" \/>\n<meta property=\"og:url\" content=\"https:\/\/www.euroresidentes.com\/estilo-de-vida\/envejecer\/la-playa\/\" \/>\n<meta property=\"og:site_name\" content=\"Envejecer\" \/>\n<meta property=\"article:published_time\" content=\"2009-09-21T06:18:00+00:00\" \/>\n<meta property=\"article:modified_time\" content=\"2016-02-02T09:38:41+00:00\" \/>\n<meta name=\"twitter:card\" content=\"summary_large_image\" \/>\n<meta name=\"twitter:label1\" content=\"Est. reading time\" \/>\n\t<meta name=\"twitter:data1\" content=\"1 minuto\" \/>\n<script type=\"application\/ld+json\" class=\"yoast-schema-graph\">{\"@context\":\"https:\/\/schema.org\",\"@graph\":[{\"@type\":\"WebPage\",\"@id\":\"https:\/\/www.euroresidentes.com\/estilo-de-vida\/envejecer\/la-playa\/\",\"url\":\"https:\/\/www.euroresidentes.com\/estilo-de-vida\/envejecer\/la-playa\/\",\"name\":\"La Playa - Envejecer\",\"isPartOf\":{\"@id\":\"https:\/\/www.euroresidentes.com\/estilo-de-vida\/envejecer\/#website\"},\"datePublished\":\"2009-09-21T06:18:00+00:00\",\"dateModified\":\"2016-02-02T09:38:41+00:00\",\"author\":{\"@id\":\"\"},\"breadcrumb\":{\"@id\":\"https:\/\/www.euroresidentes.com\/estilo-de-vida\/envejecer\/la-playa\/#breadcrumb\"},\"inLanguage\":\"es\",\"potentialAction\":[{\"@type\":\"ReadAction\",\"target\":[\"https:\/\/www.euroresidentes.com\/estilo-de-vida\/envejecer\/la-playa\/\"]}]},{\"@type\":\"BreadcrumbList\",\"@id\":\"https:\/\/www.euroresidentes.com\/estilo-de-vida\/envejecer\/la-playa\/#breadcrumb\",\"itemListElement\":[{\"@type\":\"ListItem\",\"position\":1,\"name\":\"Portada\",\"item\":\"https:\/\/www.euroresidentes.com\/estilo-de-vida\/envejecer\/\"},{\"@type\":\"ListItem\",\"position\":2,\"name\":\"La Playa\"}]},{\"@type\":\"WebSite\",\"@id\":\"https:\/\/www.euroresidentes.com\/estilo-de-vida\/envejecer\/#website\",\"url\":\"https:\/\/www.euroresidentes.com\/estilo-de-vida\/envejecer\/\",\"name\":\"Envejecer\",\"description\":\"Reflexiones sobre la vejez\",\"potentialAction\":[{\"@type\":\"SearchAction\",\"target\":{\"@type\":\"EntryPoint\",\"urlTemplate\":\"https:\/\/www.euroresidentes.com\/estilo-de-vida\/envejecer\/?s={search_term_string}\"},\"query-input\":{\"@type\":\"PropertyValueSpecification\",\"valueRequired\":true,\"valueName\":\"search_term_string\"}}],\"inLanguage\":\"es\"}]}<\/script>\n<!-- \/ Yoast SEO plugin. -->","yoast_head_json":{"title":"La Playa - Envejecer","robots":{"index":"index","follow":"follow","max-snippet":"max-snippet:-1","max-image-preview":"max-image-preview:large","max-video-preview":"max-video-preview:-1"},"canonical":"https:\/\/www.euroresidentes.com\/estilo-de-vida\/envejecer\/la-playa\/","og_locale":"es_ES","og_type":"article","og_title":"La Playa - Envejecer","og_description":"Este verano he pasado una semana de vacaciones con el resto de la familia en St. Juan, Alicante. Hacia mucho calor y mucho sol. Aunque todav\u00eda no era Agosto la playa estaba llena de gente con sus toallas para marcar su territorio y sus sombrillas para conseguir por lo menos un poco de sombra. Hubo muchas familias con ni\u00f1os peque\u00f1os haciendo castillos y experimentando con la arena y el agua. Hab\u00eda mucha gente mayor tambi\u00e9n tanto gordos como flacos. Parec\u00eda que no ten\u00edan verg\u00fcenza de las se\u00f1ales f\u00edsicas de su edad mientras paseaban por la orilla y la gente joven","og_url":"https:\/\/www.euroresidentes.com\/estilo-de-vida\/envejecer\/la-playa\/","og_site_name":"Envejecer","article_published_time":"2009-09-21T06:18:00+00:00","article_modified_time":"2016-02-02T09:38:41+00:00","twitter_card":"summary_large_image","twitter_misc":{"Est. reading time":"1 minuto"},"schema":{"@context":"https:\/\/schema.org","@graph":[{"@type":"WebPage","@id":"https:\/\/www.euroresidentes.com\/estilo-de-vida\/envejecer\/la-playa\/","url":"https:\/\/www.euroresidentes.com\/estilo-de-vida\/envejecer\/la-playa\/","name":"La Playa - Envejecer","isPartOf":{"@id":"https:\/\/www.euroresidentes.com\/estilo-de-vida\/envejecer\/#website"},"datePublished":"2009-09-21T06:18:00+00:00","dateModified":"2016-02-02T09:38:41+00:00","author":{"@id":""},"breadcrumb":{"@id":"https:\/\/www.euroresidentes.com\/estilo-de-vida\/envejecer\/la-playa\/#breadcrumb"},"inLanguage":"es","potentialAction":[{"@type":"ReadAction","target":["https:\/\/www.euroresidentes.com\/estilo-de-vida\/envejecer\/la-playa\/"]}]},{"@type":"BreadcrumbList","@id":"https:\/\/www.euroresidentes.com\/estilo-de-vida\/envejecer\/la-playa\/#breadcrumb","itemListElement":[{"@type":"ListItem","position":1,"name":"Portada","item":"https:\/\/www.euroresidentes.com\/estilo-de-vida\/envejecer\/"},{"@type":"ListItem","position":2,"name":"La Playa"}]},{"@type":"WebSite","@id":"https:\/\/www.euroresidentes.com\/estilo-de-vida\/envejecer\/#website","url":"https:\/\/www.euroresidentes.com\/estilo-de-vida\/envejecer\/","name":"Envejecer","description":"Reflexiones sobre la vejez","potentialAction":[{"@type":"SearchAction","target":{"@type":"EntryPoint","urlTemplate":"https:\/\/www.euroresidentes.com\/estilo-de-vida\/envejecer\/?s={search_term_string}"},"query-input":{"@type":"PropertyValueSpecification","valueRequired":true,"valueName":"search_term_string"}}],"inLanguage":"es"}]}},"_links":{"self":[{"href":"https:\/\/www.euroresidentes.com\/estilo-de-vida\/envejecer\/wp-json\/wp\/v2\/posts\/638","targetHints":{"allow":["GET"]}}],"collection":[{"href":"https:\/\/www.euroresidentes.com\/estilo-de-vida\/envejecer\/wp-json\/wp\/v2\/posts"}],"about":[{"href":"https:\/\/www.euroresidentes.com\/estilo-de-vida\/envejecer\/wp-json\/wp\/v2\/types\/post"}],"replies":[{"embeddable":true,"href":"https:\/\/www.euroresidentes.com\/estilo-de-vida\/envejecer\/wp-json\/wp\/v2\/comments?post=638"}],"version-history":[{"count":1,"href":"https:\/\/www.euroresidentes.com\/estilo-de-vida\/envejecer\/wp-json\/wp\/v2\/posts\/638\/revisions"}],"predecessor-version":[{"id":888,"href":"https:\/\/www.euroresidentes.com\/estilo-de-vida\/envejecer\/wp-json\/wp\/v2\/posts\/638\/revisions\/888"}],"wp:attachment":[{"href":"https:\/\/www.euroresidentes.com\/estilo-de-vida\/envejecer\/wp-json\/wp\/v2\/media?parent=638"}],"wp:term":[{"taxonomy":"category","embeddable":true,"href":"https:\/\/www.euroresidentes.com\/estilo-de-vida\/envejecer\/wp-json\/wp\/v2\/categories?post=638"},{"taxonomy":"post_tag","embeddable":true,"href":"https:\/\/www.euroresidentes.com\/estilo-de-vida\/envejecer\/wp-json\/wp\/v2\/tags?post=638"}],"curies":[{"name":"wp","href":"https:\/\/api.w.org\/{rel}","templated":true}]}}