{"id":630,"date":"2010-04-21T06:14:00","date_gmt":"2010-04-21T06:14:00","guid":{"rendered":"http:\/\/www.euroresidentes.com\/estilo-de-vida\/envejecer\/pero-quien-se-lo-puedo-contar"},"modified":"2016-02-02T09:38:41","modified_gmt":"2016-02-02T09:38:41","slug":"pero-quien-se-lo-puedo-contar","status":"publish","type":"post","link":"https:\/\/www.euroresidentes.com\/estilo-de-vida\/envejecer\/pero-quien-se-lo-puedo-contar\/","title":{"rendered":"\u00bfPero a quien se lo puedo contar?"},"content":{"rendered":"<p>Uno de los problemas para la gente mayor es cuanta informaci\u00f3n sobre tu estado de salud deber\u00edas contar cuando la gente te pregunta \u2018\u00bfque tal estas?\u2019 Es un saludo muy com\u00fan. Cada semana voy a una clase de rehabilitaci\u00f3n cardiaca. Siempre nos saludamos preguntando \u2018\u00bfcomo estas?\u2019. No esperamos una respuesta larga pero cuando te haces mayor la respuesta puede que as\u00ed sea porque hay mucho para contar. Y si contestas con \u2018bueno solo tengo los dolores habituales\u2019 puedes acabar con la conversaci\u00f3n antes de empezarlo. Quiz\u00e1s quieres decir mucho mas\u2026quiz\u00e1s necesitas decir mucho m\u00e1s.<\/p>\n<p>Ma\u00f1ana voy a visitar un viejo amigo. Hace unos a\u00f1os estuvo enfermo pero ahora esta bien, me va a preguntar sobre mi estado de salud y va a querer una respuesta real. Y le contare &#8211; (no tengo nada para esconder en este aspecto gran pero estar\u00eda bien aclarar algunos asuntos en relaci\u00f3n a ello).<\/p>\n<p>Por supuesto siempre puedes visitar a tu medico de cabecera. El o ella no tiene un trabajo f\u00e1cil\u2026una sucesi\u00f3n de gente enfermo pidiendo ayuda tiene que ser un trabajo muy agotador. En mi experiencia los m\u00e9dicos rara vez te preguntan \u2018\u00bfcomo estas?\u2019 \u2013 supongo porque tienen miedo de que van a tener respuestas sin fin. As\u00ed que cuando visitas el medico lo mejor es hablar de algunos de tus problemas de salud, a veces te examinen y despu\u00e9s sales de la consulta con una receta o un volante para visitar el especialista. La medicina hol\u00edstica es una expectaci\u00f3n irreal en nuestra sistema de salud nacional en el Reino Unido por cuestiones de dinero. <\/p>\n<p>Hoy estaba hablando con alguien que creci\u00f3 en un ambiente dif\u00edcil. Me dijo \u2018lo manejas y cuando no puedes no lo cuentas a nadie\u2019. La gente que trabajan como consejeros o los psic\u00f3logos te dir\u00e1 que eso no es una buena idea. La ansiedad sobre estos dolores puede hacer que te resultan peores. Tambi\u00e9n existe la posibilidad de que si cuentas tus problemas de salud a alguien luego te contara los suyos. Pero en mi opini\u00f3n es un peligro que merece la pena arriesgar y podr\u00eda resultar en apoyo mutual y entendimiento con la otra persona.<\/p>\n<p>La gente mas cercana quiz\u00e1s no sea la mejor para contar tus problemas de salud porque en familias hay alg\u00fan tipo de protecci\u00f3n mutual que previene ser totalmente honesto. Los compa\u00f1eros de trabajo tienen otras cosas en que pensar. Tal vez alguien que va a la misma iglesia que tu con quien te sientes c\u00f3modo podr\u00eda ser alguien en el que puedes confiar.<\/p>\n<p>Si estas preocupado sobre este proceso extra\u00f1o de envejecer y las cosas que te est\u00e1n pasando a tu cuerpo es necesario que compartas tus preocupaciones. Pero la pregunta es \u00bfcon quien?<\/p>\n<p>B.R.<\/p>\n","protected":false},"excerpt":{"rendered":"<p>Uno de los problemas para la gente mayor es cuanta informaci\u00f3n sobre tu estado de salud deber\u00edas contar cuando la gente te pregunta \u2018\u00bfque tal estas?\u2019 Es un saludo muy com\u00fan. Cada semana voy a una clase de rehabilitaci\u00f3n cardiaca. Siempre nos saludamos preguntando \u2018\u00bfcomo estas?\u2019. No esperamos una respuesta larga pero cuando te haces mayor la respuesta puede que as\u00ed sea porque hay mucho para contar. Y si contestas con \u2018bueno solo tengo los dolores habituales\u2019 puedes acabar con la conversaci\u00f3n antes de empezarlo. Quiz\u00e1s quieres decir mucho mas\u2026quiz\u00e1s necesitas decir mucho m\u00e1s. Ma\u00f1ana voy a visitar un viejo <\/p>\n","protected":false},"author":0,"featured_media":0,"comment_status":"open","ping_status":"open","sticky":false,"template":"","format":"standard","meta":{"footnotes":""},"categories":[1],"tags":[],"class_list":["post-630","post","type-post","status-publish","format-standard","hentry","category-envejecer"],"yoast_head":"<!-- This site is optimized with the Yoast SEO plugin v24.1 - https:\/\/yoast.com\/wordpress\/plugins\/seo\/ -->\n<title>\u00bfPero a quien se lo puedo contar? - Envejecer<\/title>\n<meta name=\"robots\" content=\"index, follow, max-snippet:-1, max-image-preview:large, max-video-preview:-1\" \/>\n<link rel=\"canonical\" href=\"https:\/\/www.euroresidentes.com\/estilo-de-vida\/envejecer\/pero-quien-se-lo-puedo-contar\/\" \/>\n<meta property=\"og:locale\" content=\"es_ES\" \/>\n<meta property=\"og:type\" content=\"article\" \/>\n<meta property=\"og:title\" content=\"\u00bfPero a quien se lo puedo contar? - Envejecer\" \/>\n<meta property=\"og:description\" content=\"Uno de los problemas para la gente mayor es cuanta informaci\u00f3n sobre tu estado de salud deber\u00edas contar cuando la gente te pregunta \u2018\u00bfque tal estas?\u2019 Es un saludo muy com\u00fan. Cada semana voy a una clase de rehabilitaci\u00f3n cardiaca. Siempre nos saludamos preguntando \u2018\u00bfcomo estas?\u2019. No esperamos una respuesta larga pero cuando te haces mayor la respuesta puede que as\u00ed sea porque hay mucho para contar. Y si contestas con \u2018bueno solo tengo los dolores habituales\u2019 puedes acabar con la conversaci\u00f3n antes de empezarlo. Quiz\u00e1s quieres decir mucho mas\u2026quiz\u00e1s necesitas decir mucho m\u00e1s. Ma\u00f1ana voy a visitar un viejo\" \/>\n<meta property=\"og:url\" content=\"https:\/\/www.euroresidentes.com\/estilo-de-vida\/envejecer\/pero-quien-se-lo-puedo-contar\/\" \/>\n<meta property=\"og:site_name\" content=\"Envejecer\" \/>\n<meta property=\"article:published_time\" content=\"2010-04-21T06:14:00+00:00\" \/>\n<meta property=\"article:modified_time\" content=\"2016-02-02T09:38:41+00:00\" \/>\n<meta name=\"twitter:card\" content=\"summary_large_image\" \/>\n<meta name=\"twitter:label1\" content=\"Est. reading time\" \/>\n\t<meta name=\"twitter:data1\" content=\"2 minutos\" \/>\n<script type=\"application\/ld+json\" class=\"yoast-schema-graph\">{\"@context\":\"https:\/\/schema.org\",\"@graph\":[{\"@type\":\"WebPage\",\"@id\":\"https:\/\/www.euroresidentes.com\/estilo-de-vida\/envejecer\/pero-quien-se-lo-puedo-contar\/\",\"url\":\"https:\/\/www.euroresidentes.com\/estilo-de-vida\/envejecer\/pero-quien-se-lo-puedo-contar\/\",\"name\":\"\u00bfPero a quien se lo puedo contar? - Envejecer\",\"isPartOf\":{\"@id\":\"https:\/\/www.euroresidentes.com\/estilo-de-vida\/envejecer\/#website\"},\"datePublished\":\"2010-04-21T06:14:00+00:00\",\"dateModified\":\"2016-02-02T09:38:41+00:00\",\"author\":{\"@id\":\"\"},\"breadcrumb\":{\"@id\":\"https:\/\/www.euroresidentes.com\/estilo-de-vida\/envejecer\/pero-quien-se-lo-puedo-contar\/#breadcrumb\"},\"inLanguage\":\"es\",\"potentialAction\":[{\"@type\":\"ReadAction\",\"target\":[\"https:\/\/www.euroresidentes.com\/estilo-de-vida\/envejecer\/pero-quien-se-lo-puedo-contar\/\"]}]},{\"@type\":\"BreadcrumbList\",\"@id\":\"https:\/\/www.euroresidentes.com\/estilo-de-vida\/envejecer\/pero-quien-se-lo-puedo-contar\/#breadcrumb\",\"itemListElement\":[{\"@type\":\"ListItem\",\"position\":1,\"name\":\"Portada\",\"item\":\"https:\/\/www.euroresidentes.com\/estilo-de-vida\/envejecer\/\"},{\"@type\":\"ListItem\",\"position\":2,\"name\":\"\u00bfPero a quien se lo puedo contar?\"}]},{\"@type\":\"WebSite\",\"@id\":\"https:\/\/www.euroresidentes.com\/estilo-de-vida\/envejecer\/#website\",\"url\":\"https:\/\/www.euroresidentes.com\/estilo-de-vida\/envejecer\/\",\"name\":\"Envejecer\",\"description\":\"Reflexiones sobre la vejez\",\"potentialAction\":[{\"@type\":\"SearchAction\",\"target\":{\"@type\":\"EntryPoint\",\"urlTemplate\":\"https:\/\/www.euroresidentes.com\/estilo-de-vida\/envejecer\/?s={search_term_string}\"},\"query-input\":{\"@type\":\"PropertyValueSpecification\",\"valueRequired\":true,\"valueName\":\"search_term_string\"}}],\"inLanguage\":\"es\"}]}<\/script>\n<!-- \/ Yoast SEO plugin. -->","yoast_head_json":{"title":"\u00bfPero a quien se lo puedo contar? - Envejecer","robots":{"index":"index","follow":"follow","max-snippet":"max-snippet:-1","max-image-preview":"max-image-preview:large","max-video-preview":"max-video-preview:-1"},"canonical":"https:\/\/www.euroresidentes.com\/estilo-de-vida\/envejecer\/pero-quien-se-lo-puedo-contar\/","og_locale":"es_ES","og_type":"article","og_title":"\u00bfPero a quien se lo puedo contar? - Envejecer","og_description":"Uno de los problemas para la gente mayor es cuanta informaci\u00f3n sobre tu estado de salud deber\u00edas contar cuando la gente te pregunta \u2018\u00bfque tal estas?\u2019 Es un saludo muy com\u00fan. Cada semana voy a una clase de rehabilitaci\u00f3n cardiaca. Siempre nos saludamos preguntando \u2018\u00bfcomo estas?\u2019. No esperamos una respuesta larga pero cuando te haces mayor la respuesta puede que as\u00ed sea porque hay mucho para contar. Y si contestas con \u2018bueno solo tengo los dolores habituales\u2019 puedes acabar con la conversaci\u00f3n antes de empezarlo. Quiz\u00e1s quieres decir mucho mas\u2026quiz\u00e1s necesitas decir mucho m\u00e1s. Ma\u00f1ana voy a visitar un viejo","og_url":"https:\/\/www.euroresidentes.com\/estilo-de-vida\/envejecer\/pero-quien-se-lo-puedo-contar\/","og_site_name":"Envejecer","article_published_time":"2010-04-21T06:14:00+00:00","article_modified_time":"2016-02-02T09:38:41+00:00","twitter_card":"summary_large_image","twitter_misc":{"Est. reading time":"2 minutos"},"schema":{"@context":"https:\/\/schema.org","@graph":[{"@type":"WebPage","@id":"https:\/\/www.euroresidentes.com\/estilo-de-vida\/envejecer\/pero-quien-se-lo-puedo-contar\/","url":"https:\/\/www.euroresidentes.com\/estilo-de-vida\/envejecer\/pero-quien-se-lo-puedo-contar\/","name":"\u00bfPero a quien se lo puedo contar? - Envejecer","isPartOf":{"@id":"https:\/\/www.euroresidentes.com\/estilo-de-vida\/envejecer\/#website"},"datePublished":"2010-04-21T06:14:00+00:00","dateModified":"2016-02-02T09:38:41+00:00","author":{"@id":""},"breadcrumb":{"@id":"https:\/\/www.euroresidentes.com\/estilo-de-vida\/envejecer\/pero-quien-se-lo-puedo-contar\/#breadcrumb"},"inLanguage":"es","potentialAction":[{"@type":"ReadAction","target":["https:\/\/www.euroresidentes.com\/estilo-de-vida\/envejecer\/pero-quien-se-lo-puedo-contar\/"]}]},{"@type":"BreadcrumbList","@id":"https:\/\/www.euroresidentes.com\/estilo-de-vida\/envejecer\/pero-quien-se-lo-puedo-contar\/#breadcrumb","itemListElement":[{"@type":"ListItem","position":1,"name":"Portada","item":"https:\/\/www.euroresidentes.com\/estilo-de-vida\/envejecer\/"},{"@type":"ListItem","position":2,"name":"\u00bfPero a quien se lo puedo contar?"}]},{"@type":"WebSite","@id":"https:\/\/www.euroresidentes.com\/estilo-de-vida\/envejecer\/#website","url":"https:\/\/www.euroresidentes.com\/estilo-de-vida\/envejecer\/","name":"Envejecer","description":"Reflexiones sobre la vejez","potentialAction":[{"@type":"SearchAction","target":{"@type":"EntryPoint","urlTemplate":"https:\/\/www.euroresidentes.com\/estilo-de-vida\/envejecer\/?s={search_term_string}"},"query-input":{"@type":"PropertyValueSpecification","valueRequired":true,"valueName":"search_term_string"}}],"inLanguage":"es"}]}},"_links":{"self":[{"href":"https:\/\/www.euroresidentes.com\/estilo-de-vida\/envejecer\/wp-json\/wp\/v2\/posts\/630","targetHints":{"allow":["GET"]}}],"collection":[{"href":"https:\/\/www.euroresidentes.com\/estilo-de-vida\/envejecer\/wp-json\/wp\/v2\/posts"}],"about":[{"href":"https:\/\/www.euroresidentes.com\/estilo-de-vida\/envejecer\/wp-json\/wp\/v2\/types\/post"}],"replies":[{"embeddable":true,"href":"https:\/\/www.euroresidentes.com\/estilo-de-vida\/envejecer\/wp-json\/wp\/v2\/comments?post=630"}],"version-history":[{"count":1,"href":"https:\/\/www.euroresidentes.com\/estilo-de-vida\/envejecer\/wp-json\/wp\/v2\/posts\/630\/revisions"}],"predecessor-version":[{"id":880,"href":"https:\/\/www.euroresidentes.com\/estilo-de-vida\/envejecer\/wp-json\/wp\/v2\/posts\/630\/revisions\/880"}],"wp:attachment":[{"href":"https:\/\/www.euroresidentes.com\/estilo-de-vida\/envejecer\/wp-json\/wp\/v2\/media?parent=630"}],"wp:term":[{"taxonomy":"category","embeddable":true,"href":"https:\/\/www.euroresidentes.com\/estilo-de-vida\/envejecer\/wp-json\/wp\/v2\/categories?post=630"},{"taxonomy":"post_tag","embeddable":true,"href":"https:\/\/www.euroresidentes.com\/estilo-de-vida\/envejecer\/wp-json\/wp\/v2\/tags?post=630"}],"curies":[{"name":"wp","href":"https:\/\/api.w.org\/{rel}","templated":true}]}}