{"id":628,"date":"2010-05-03T12:09:00","date_gmt":"2010-05-03T12:09:00","guid":{"rendered":"http:\/\/www.euroresidentes.com\/estilo-de-vida\/envejecer\/las-vacaciones-de-semana-santa"},"modified":"2016-02-02T09:38:41","modified_gmt":"2016-02-02T09:38:41","slug":"las-vacaciones-de-semana-santa","status":"publish","type":"post","link":"https:\/\/www.euroresidentes.com\/estilo-de-vida\/envejecer\/las-vacaciones-de-semana-santa\/","title":{"rendered":"Las vacaciones de Semana Santa"},"content":{"rendered":"<p>Tengo cinco nietos &#8211; una nieta que vive aqu\u00ed en Bath, Inglaterra y cuatro nietos que viven en Espa\u00f1a. Los dos nietos m\u00e1s j\u00f3venes (3 a\u00f1os y 6 meses) estuvieron con nosotros con sus padres para las vacaciones de semana santa este a\u00f1o. \u00a1Y pasamos unos momentos muy interesantes durante estas \u00faltimas vacaciones!  <\/p>\n<p>La primera era recordar el placer y privilegio que es ser un abuelo. No hab\u00eda imaginado pasar tan bien en el papel de abuelo. Solo hab\u00eda imaginado lo bueno que es ser padre y la alegr\u00eda de tener tres hijas y la esperanza de que sus vidas saldr\u00edan bien. Antes no pensaba en las dinast\u00edas. Pero ahora la segunda generaci\u00f3n de mi familia me encanta y quiz\u00e1s alg\u00fan d\u00eda mi mujer tendr\u00e1 la suerte de ver la tercera. <\/p>\n<p>La segunda estaba claro para m\u00ed \u2013 que el sujeto de esta serie de blogs es m\u00e1s relevante que nunca. Y ahora voy a explicar porque. <\/p>\n<p>Nuestro coche es demasiado peque\u00f1o para llevar a todos (yo, mi mujer, mi hija y su marido y los dos nietos). As\u00ed que cuando quer\u00edamos ir al centro de la ciudad yo fui primero en autob\u00fas con la intenci\u00f3n de quedar con los otros mas tarde. El autob\u00fas llego puntualmente y llegue el primero, paseaba tranquilamente por el mercado de frutas y verduras donde hab\u00edamos quedado esperando que apareciera la familia en cualquier momento. <\/p>\n<p>Despu\u00e9s fui al supermercado que esta al lado.  Saque mi m\u00f3vil para llamar a mi mujer para preguntarle que tipo de jam\u00f3n quer\u00eda que comprara y vi que ten\u00eda once llamadas perdidas. (Mi tel\u00e9fono no suena muy alta y no oigo tan bien como antes). Intente volver a llamarle pero estaba bloqueado y no pod\u00eda desbloquearlo. Pague para el jam\u00f3n pensando que por lo menos hab\u00eda hecho algo bien y sal\u00ed del supermercado y descubr\u00ed que ahora pod\u00eda usar mi tel\u00e9fono. Llame a mi mujer y me dijo \u2018tienes las llaves del coche y hemos tenido que coger el autob\u00fas\u2019.  <\/p>\n<p>Cuando por fin nos reunimos nadie estaban enfadado conmigo a pesar de la frustraci\u00f3n que hab\u00eda causado esta situaci\u00f3n (el carro del bebe estaba en el coche y no pod\u00edan sacarlo y ten\u00edan que lleva el bebe en el colgador y ir andando). Mi mujer es muy comprensiva. Pero temo que esta ocasi\u00f3n esta relacionado con la confusi\u00f3n de tener una edad avanzado. Y esta ocasi\u00f3n fue muy confusa. Parte de la raz\u00f3n era que los planes se hacen y despu\u00e9s est\u00e1n constantemente modificados. <\/p>\n<p>\u00a1Tener una familia grande no es siempre f\u00e1cil pero a la vez  da muchas alegr\u00edas!<\/p>\n<p>Bryan<\/p>\n","protected":false},"excerpt":{"rendered":"<p>Tengo cinco nietos &#8211; una nieta que vive aqu\u00ed en Bath, Inglaterra y cuatro nietos que viven en Espa\u00f1a. Los dos nietos m\u00e1s j\u00f3venes (3 a\u00f1os y 6 meses) estuvieron con nosotros con sus padres para las vacaciones de semana santa este a\u00f1o. \u00a1Y pasamos unos momentos muy interesantes durante estas \u00faltimas vacaciones! La primera era recordar el placer y privilegio que es ser un abuelo. No hab\u00eda imaginado pasar tan bien en el papel de abuelo. Solo hab\u00eda imaginado lo bueno que es ser padre y la alegr\u00eda de tener tres hijas y la esperanza de que sus vidas <\/p>\n","protected":false},"author":0,"featured_media":0,"comment_status":"open","ping_status":"open","sticky":false,"template":"","format":"standard","meta":{"footnotes":""},"categories":[1],"tags":[],"class_list":["post-628","post","type-post","status-publish","format-standard","hentry","category-envejecer"],"yoast_head":"<!-- This site is optimized with the Yoast SEO plugin v24.1 - https:\/\/yoast.com\/wordpress\/plugins\/seo\/ -->\n<title>Las vacaciones de Semana Santa - Envejecer<\/title>\n<meta name=\"robots\" content=\"index, follow, max-snippet:-1, max-image-preview:large, max-video-preview:-1\" \/>\n<link rel=\"canonical\" href=\"https:\/\/www.euroresidentes.com\/estilo-de-vida\/envejecer\/las-vacaciones-de-semana-santa\/\" \/>\n<meta property=\"og:locale\" content=\"es_ES\" \/>\n<meta property=\"og:type\" content=\"article\" \/>\n<meta property=\"og:title\" content=\"Las vacaciones de Semana Santa - Envejecer\" \/>\n<meta property=\"og:description\" content=\"Tengo cinco nietos &#8211; una nieta que vive aqu\u00ed en Bath, Inglaterra y cuatro nietos que viven en Espa\u00f1a. Los dos nietos m\u00e1s j\u00f3venes (3 a\u00f1os y 6 meses) estuvieron con nosotros con sus padres para las vacaciones de semana santa este a\u00f1o. \u00a1Y pasamos unos momentos muy interesantes durante estas \u00faltimas vacaciones! La primera era recordar el placer y privilegio que es ser un abuelo. No hab\u00eda imaginado pasar tan bien en el papel de abuelo. Solo hab\u00eda imaginado lo bueno que es ser padre y la alegr\u00eda de tener tres hijas y la esperanza de que sus vidas\" \/>\n<meta property=\"og:url\" content=\"https:\/\/www.euroresidentes.com\/estilo-de-vida\/envejecer\/las-vacaciones-de-semana-santa\/\" \/>\n<meta property=\"og:site_name\" content=\"Envejecer\" \/>\n<meta property=\"article:published_time\" content=\"2010-05-03T12:09:00+00:00\" \/>\n<meta property=\"article:modified_time\" content=\"2016-02-02T09:38:41+00:00\" \/>\n<meta name=\"twitter:card\" content=\"summary_large_image\" \/>\n<meta name=\"twitter:label1\" content=\"Est. reading time\" \/>\n\t<meta name=\"twitter:data1\" content=\"2 minutos\" \/>\n<script type=\"application\/ld+json\" class=\"yoast-schema-graph\">{\"@context\":\"https:\/\/schema.org\",\"@graph\":[{\"@type\":\"WebPage\",\"@id\":\"https:\/\/www.euroresidentes.com\/estilo-de-vida\/envejecer\/las-vacaciones-de-semana-santa\/\",\"url\":\"https:\/\/www.euroresidentes.com\/estilo-de-vida\/envejecer\/las-vacaciones-de-semana-santa\/\",\"name\":\"Las vacaciones de Semana Santa - Envejecer\",\"isPartOf\":{\"@id\":\"https:\/\/www.euroresidentes.com\/estilo-de-vida\/envejecer\/#website\"},\"datePublished\":\"2010-05-03T12:09:00+00:00\",\"dateModified\":\"2016-02-02T09:38:41+00:00\",\"author\":{\"@id\":\"\"},\"breadcrumb\":{\"@id\":\"https:\/\/www.euroresidentes.com\/estilo-de-vida\/envejecer\/las-vacaciones-de-semana-santa\/#breadcrumb\"},\"inLanguage\":\"es\",\"potentialAction\":[{\"@type\":\"ReadAction\",\"target\":[\"https:\/\/www.euroresidentes.com\/estilo-de-vida\/envejecer\/las-vacaciones-de-semana-santa\/\"]}]},{\"@type\":\"BreadcrumbList\",\"@id\":\"https:\/\/www.euroresidentes.com\/estilo-de-vida\/envejecer\/las-vacaciones-de-semana-santa\/#breadcrumb\",\"itemListElement\":[{\"@type\":\"ListItem\",\"position\":1,\"name\":\"Portada\",\"item\":\"https:\/\/www.euroresidentes.com\/estilo-de-vida\/envejecer\/\"},{\"@type\":\"ListItem\",\"position\":2,\"name\":\"Las vacaciones de Semana Santa\"}]},{\"@type\":\"WebSite\",\"@id\":\"https:\/\/www.euroresidentes.com\/estilo-de-vida\/envejecer\/#website\",\"url\":\"https:\/\/www.euroresidentes.com\/estilo-de-vida\/envejecer\/\",\"name\":\"Envejecer\",\"description\":\"Reflexiones sobre la vejez\",\"potentialAction\":[{\"@type\":\"SearchAction\",\"target\":{\"@type\":\"EntryPoint\",\"urlTemplate\":\"https:\/\/www.euroresidentes.com\/estilo-de-vida\/envejecer\/?s={search_term_string}\"},\"query-input\":{\"@type\":\"PropertyValueSpecification\",\"valueRequired\":true,\"valueName\":\"search_term_string\"}}],\"inLanguage\":\"es\"}]}<\/script>\n<!-- \/ Yoast SEO plugin. -->","yoast_head_json":{"title":"Las vacaciones de Semana Santa - Envejecer","robots":{"index":"index","follow":"follow","max-snippet":"max-snippet:-1","max-image-preview":"max-image-preview:large","max-video-preview":"max-video-preview:-1"},"canonical":"https:\/\/www.euroresidentes.com\/estilo-de-vida\/envejecer\/las-vacaciones-de-semana-santa\/","og_locale":"es_ES","og_type":"article","og_title":"Las vacaciones de Semana Santa - Envejecer","og_description":"Tengo cinco nietos &#8211; una nieta que vive aqu\u00ed en Bath, Inglaterra y cuatro nietos que viven en Espa\u00f1a. Los dos nietos m\u00e1s j\u00f3venes (3 a\u00f1os y 6 meses) estuvieron con nosotros con sus padres para las vacaciones de semana santa este a\u00f1o. \u00a1Y pasamos unos momentos muy interesantes durante estas \u00faltimas vacaciones! La primera era recordar el placer y privilegio que es ser un abuelo. No hab\u00eda imaginado pasar tan bien en el papel de abuelo. Solo hab\u00eda imaginado lo bueno que es ser padre y la alegr\u00eda de tener tres hijas y la esperanza de que sus vidas","og_url":"https:\/\/www.euroresidentes.com\/estilo-de-vida\/envejecer\/las-vacaciones-de-semana-santa\/","og_site_name":"Envejecer","article_published_time":"2010-05-03T12:09:00+00:00","article_modified_time":"2016-02-02T09:38:41+00:00","twitter_card":"summary_large_image","twitter_misc":{"Est. reading time":"2 minutos"},"schema":{"@context":"https:\/\/schema.org","@graph":[{"@type":"WebPage","@id":"https:\/\/www.euroresidentes.com\/estilo-de-vida\/envejecer\/las-vacaciones-de-semana-santa\/","url":"https:\/\/www.euroresidentes.com\/estilo-de-vida\/envejecer\/las-vacaciones-de-semana-santa\/","name":"Las vacaciones de Semana Santa - Envejecer","isPartOf":{"@id":"https:\/\/www.euroresidentes.com\/estilo-de-vida\/envejecer\/#website"},"datePublished":"2010-05-03T12:09:00+00:00","dateModified":"2016-02-02T09:38:41+00:00","author":{"@id":""},"breadcrumb":{"@id":"https:\/\/www.euroresidentes.com\/estilo-de-vida\/envejecer\/las-vacaciones-de-semana-santa\/#breadcrumb"},"inLanguage":"es","potentialAction":[{"@type":"ReadAction","target":["https:\/\/www.euroresidentes.com\/estilo-de-vida\/envejecer\/las-vacaciones-de-semana-santa\/"]}]},{"@type":"BreadcrumbList","@id":"https:\/\/www.euroresidentes.com\/estilo-de-vida\/envejecer\/las-vacaciones-de-semana-santa\/#breadcrumb","itemListElement":[{"@type":"ListItem","position":1,"name":"Portada","item":"https:\/\/www.euroresidentes.com\/estilo-de-vida\/envejecer\/"},{"@type":"ListItem","position":2,"name":"Las vacaciones de Semana Santa"}]},{"@type":"WebSite","@id":"https:\/\/www.euroresidentes.com\/estilo-de-vida\/envejecer\/#website","url":"https:\/\/www.euroresidentes.com\/estilo-de-vida\/envejecer\/","name":"Envejecer","description":"Reflexiones sobre la vejez","potentialAction":[{"@type":"SearchAction","target":{"@type":"EntryPoint","urlTemplate":"https:\/\/www.euroresidentes.com\/estilo-de-vida\/envejecer\/?s={search_term_string}"},"query-input":{"@type":"PropertyValueSpecification","valueRequired":true,"valueName":"search_term_string"}}],"inLanguage":"es"}]}},"_links":{"self":[{"href":"https:\/\/www.euroresidentes.com\/estilo-de-vida\/envejecer\/wp-json\/wp\/v2\/posts\/628","targetHints":{"allow":["GET"]}}],"collection":[{"href":"https:\/\/www.euroresidentes.com\/estilo-de-vida\/envejecer\/wp-json\/wp\/v2\/posts"}],"about":[{"href":"https:\/\/www.euroresidentes.com\/estilo-de-vida\/envejecer\/wp-json\/wp\/v2\/types\/post"}],"replies":[{"embeddable":true,"href":"https:\/\/www.euroresidentes.com\/estilo-de-vida\/envejecer\/wp-json\/wp\/v2\/comments?post=628"}],"version-history":[{"count":1,"href":"https:\/\/www.euroresidentes.com\/estilo-de-vida\/envejecer\/wp-json\/wp\/v2\/posts\/628\/revisions"}],"predecessor-version":[{"id":878,"href":"https:\/\/www.euroresidentes.com\/estilo-de-vida\/envejecer\/wp-json\/wp\/v2\/posts\/628\/revisions\/878"}],"wp:attachment":[{"href":"https:\/\/www.euroresidentes.com\/estilo-de-vida\/envejecer\/wp-json\/wp\/v2\/media?parent=628"}],"wp:term":[{"taxonomy":"category","embeddable":true,"href":"https:\/\/www.euroresidentes.com\/estilo-de-vida\/envejecer\/wp-json\/wp\/v2\/categories?post=628"},{"taxonomy":"post_tag","embeddable":true,"href":"https:\/\/www.euroresidentes.com\/estilo-de-vida\/envejecer\/wp-json\/wp\/v2\/tags?post=628"}],"curies":[{"name":"wp","href":"https:\/\/api.w.org\/{rel}","templated":true}]}}