{"id":594,"date":"2011-09-22T11:37:00","date_gmt":"2011-09-22T11:37:00","guid":{"rendered":"http:\/\/www.euroresidentes.com\/estilo-de-vida\/envejecer\/palabras-sabias"},"modified":"2016-02-02T09:38:40","modified_gmt":"2016-02-02T09:38:40","slug":"palabras-sabias","status":"publish","type":"post","link":"https:\/\/www.euroresidentes.com\/estilo-de-vida\/envejecer\/palabras-sabias\/","title":{"rendered":"Palabras Sabias"},"content":{"rendered":"<p>  Hay un nuevo comentario en el primer blog de esta serie publicado en Octubre 2005. En la versi\u00f3n espa\u00f1ola hay 22 comentarios en total sobre este blog. El \u00faltimo comentario a\u00f1adido por Marcos de Argentina es tan interesante que quiero compartirlo con nuestros lectores.  <\/p>\n<p>\u2018Tengo 62 a\u00f1os y soy Argentino. Creo que Bryan tiene raz\u00f3n cuando dice que \u2018envejecer es algo m\u00e1s que sentirte mayor\u2019. A veces nos sentimos que envejecemos pero mas tarde cosas f\u00edsicas y mentales pasan. Solo nuestro esp\u00edritu (o nuestro \u2018X\u2019 \u2013 cada persona puede tener su propio palabra para describirlo) no tiene edad. Creo que humanos &#8211; cada hombre y mujer &#8211; elije si deber\u00edan enfocarse en su lado oscuro o el lado m\u00e1s alegre.<\/p>\n<p>Me gustar\u00eda expresar mis gracias a todas las personas que participan en estos blogs. He notado mucha espontaneidad y honradez.<\/p>\n<p>Me gustar\u00eda compartir con vosotros un proyecto que tengo con algunos compa\u00f1eros \u2013 es para crear un grupo de ayuda mutual llamado APREN (aprender como no envejecer). Es gratis, confidencial y libre (sin limites). Recuerdo la conversaci\u00f3n que tenia con uno de mis compa\u00f1eros cuando dije que APREN deber\u00eda ser un grupo para \u2018aprender como envejecer\u2019 y me contesto \u00a1No! \u00bfC\u00f3mo puedes aprender como envejecer? Creo que deberias aprender como no envejecer\u2019. Y as\u00ed empezamos a hablar\u2026<\/p>\n<p> Yo dije \u2018\u00bfporque quieres a\u00f1adir no envejecer, que tienes contra envejecer? \u00bfPorque quieres negar algo que es tan vital e importante e inreversible etc?\u2019. Me dijo que vivir y envejecer son dos cosas distintas. Me dijo yo vivo y yo DISFRUTO.<br \/>He reflejado en sus palabras y la semana siguiente le dije que estaba de acuerdo con el. Me dijo que disfrutaba estar con gente joven, escuchar m\u00fasica, pasear, leer, estudiar, hacer cosas\u2026Quer\u00eda compartir esta conversaci\u00f3n con vosotros porque ahora llevo este amigo cerca de mi coraz\u00f3n. M\u00e1s tarde descubr\u00ed que este amigo sab\u00eda que ten\u00eda un tumor maligno en su intestino antes de nuestra conversaci\u00f3n. <\/p>\n<p> Deseo que todos vosotros disfrutan de buena salud y paz interno.<\/p>\n<p>Creo que estoy de acuerdo con Marcos. No se puede evitar envejecer es algo que tienes que aprender a hacer y vivir con ello. Es una nueva experiencia y a veces una experiencia no deseada\u2019. Pero el esp\u00edritu no tiene edad y el amigo de Marcos tiene raz\u00f3n cuando habla de disfrutar de las cosas buenas de la vida, especialmente cuando puedes estar en la compa\u00f1\u00eda de gente mas joven.<\/p>\n<p>Muchas gracias Marcos.<\/p>\n<p>Bryan<\/p>\n","protected":false},"excerpt":{"rendered":"<p>Hay un nuevo comentario en el primer blog de esta serie publicado en Octubre 2005. En la versi\u00f3n espa\u00f1ola hay 22 comentarios en total sobre este blog. El \u00faltimo comentario a\u00f1adido por Marcos de Argentina es tan interesante que quiero compartirlo con nuestros lectores. \u2018Tengo 62 a\u00f1os y soy Argentino. Creo que Bryan tiene raz\u00f3n cuando dice que \u2018envejecer es algo m\u00e1s que sentirte mayor\u2019. A veces nos sentimos que envejecemos pero mas tarde cosas f\u00edsicas y mentales pasan. Solo nuestro esp\u00edritu (o nuestro \u2018X\u2019 \u2013 cada persona puede tener su propio palabra para describirlo) no tiene edad. Creo que <\/p>\n","protected":false},"author":15,"featured_media":0,"comment_status":"open","ping_status":"open","sticky":false,"template":"","format":"standard","meta":{"footnotes":""},"categories":[1],"tags":[],"class_list":["post-594","post","type-post","status-publish","format-standard","hentry","category-envejecer"],"yoast_head":"<!-- This site is optimized with the Yoast SEO plugin v24.1 - https:\/\/yoast.com\/wordpress\/plugins\/seo\/ -->\n<title>Palabras Sabias - Envejecer<\/title>\n<meta name=\"robots\" content=\"index, follow, max-snippet:-1, max-image-preview:large, max-video-preview:-1\" \/>\n<link rel=\"canonical\" href=\"https:\/\/www.euroresidentes.com\/estilo-de-vida\/envejecer\/palabras-sabias\/\" \/>\n<meta property=\"og:locale\" content=\"es_ES\" \/>\n<meta property=\"og:type\" content=\"article\" \/>\n<meta property=\"og:title\" content=\"Palabras Sabias - Envejecer\" \/>\n<meta property=\"og:description\" content=\"Hay un nuevo comentario en el primer blog de esta serie publicado en Octubre 2005. En la versi\u00f3n espa\u00f1ola hay 22 comentarios en total sobre este blog. El \u00faltimo comentario a\u00f1adido por Marcos de Argentina es tan interesante que quiero compartirlo con nuestros lectores. \u2018Tengo 62 a\u00f1os y soy Argentino. Creo que Bryan tiene raz\u00f3n cuando dice que \u2018envejecer es algo m\u00e1s que sentirte mayor\u2019. A veces nos sentimos que envejecemos pero mas tarde cosas f\u00edsicas y mentales pasan. Solo nuestro esp\u00edritu (o nuestro \u2018X\u2019 \u2013 cada persona puede tener su propio palabra para describirlo) no tiene edad. Creo que\" \/>\n<meta property=\"og:url\" content=\"https:\/\/www.euroresidentes.com\/estilo-de-vida\/envejecer\/palabras-sabias\/\" \/>\n<meta property=\"og:site_name\" content=\"Envejecer\" \/>\n<meta property=\"article:published_time\" content=\"2011-09-22T11:37:00+00:00\" \/>\n<meta property=\"article:modified_time\" content=\"2016-02-02T09:38:40+00:00\" \/>\n<meta name=\"author\" content=\"bryan rippin\" \/>\n<meta name=\"twitter:card\" content=\"summary_large_image\" \/>\n<meta name=\"twitter:label1\" content=\"Written by\" \/>\n\t<meta name=\"twitter:data1\" content=\"bryan rippin\" \/>\n\t<meta name=\"twitter:label2\" content=\"Est. reading time\" \/>\n\t<meta name=\"twitter:data2\" content=\"2 minutos\" \/>\n<script type=\"application\/ld+json\" class=\"yoast-schema-graph\">{\"@context\":\"https:\/\/schema.org\",\"@graph\":[{\"@type\":\"WebPage\",\"@id\":\"https:\/\/www.euroresidentes.com\/estilo-de-vida\/envejecer\/palabras-sabias\/\",\"url\":\"https:\/\/www.euroresidentes.com\/estilo-de-vida\/envejecer\/palabras-sabias\/\",\"name\":\"Palabras Sabias - Envejecer\",\"isPartOf\":{\"@id\":\"https:\/\/www.euroresidentes.com\/estilo-de-vida\/envejecer\/#website\"},\"datePublished\":\"2011-09-22T11:37:00+00:00\",\"dateModified\":\"2016-02-02T09:38:40+00:00\",\"author\":{\"@id\":\"https:\/\/www.euroresidentes.com\/estilo-de-vida\/envejecer\/#\/schema\/person\/1f658cb6261a2a459e0354612c872871\"},\"breadcrumb\":{\"@id\":\"https:\/\/www.euroresidentes.com\/estilo-de-vida\/envejecer\/palabras-sabias\/#breadcrumb\"},\"inLanguage\":\"es\",\"potentialAction\":[{\"@type\":\"ReadAction\",\"target\":[\"https:\/\/www.euroresidentes.com\/estilo-de-vida\/envejecer\/palabras-sabias\/\"]}]},{\"@type\":\"BreadcrumbList\",\"@id\":\"https:\/\/www.euroresidentes.com\/estilo-de-vida\/envejecer\/palabras-sabias\/#breadcrumb\",\"itemListElement\":[{\"@type\":\"ListItem\",\"position\":1,\"name\":\"Portada\",\"item\":\"https:\/\/www.euroresidentes.com\/estilo-de-vida\/envejecer\/\"},{\"@type\":\"ListItem\",\"position\":2,\"name\":\"Palabras Sabias\"}]},{\"@type\":\"WebSite\",\"@id\":\"https:\/\/www.euroresidentes.com\/estilo-de-vida\/envejecer\/#website\",\"url\":\"https:\/\/www.euroresidentes.com\/estilo-de-vida\/envejecer\/\",\"name\":\"Envejecer\",\"description\":\"Reflexiones sobre la vejez\",\"potentialAction\":[{\"@type\":\"SearchAction\",\"target\":{\"@type\":\"EntryPoint\",\"urlTemplate\":\"https:\/\/www.euroresidentes.com\/estilo-de-vida\/envejecer\/?s={search_term_string}\"},\"query-input\":{\"@type\":\"PropertyValueSpecification\",\"valueRequired\":true,\"valueName\":\"search_term_string\"}}],\"inLanguage\":\"es\"},{\"@type\":\"Person\",\"@id\":\"https:\/\/www.euroresidentes.com\/estilo-de-vida\/envejecer\/#\/schema\/person\/1f658cb6261a2a459e0354612c872871\",\"name\":\"bryan rippin\",\"image\":{\"@type\":\"ImageObject\",\"inLanguage\":\"es\",\"@id\":\"https:\/\/www.euroresidentes.com\/estilo-de-vida\/envejecer\/#\/schema\/person\/image\/\",\"url\":\"https:\/\/secure.gravatar.com\/avatar\/?s=96&d=mm&r=g\",\"contentUrl\":\"https:\/\/secure.gravatar.com\/avatar\/?s=96&d=mm&r=g\",\"caption\":\"bryan rippin\"},\"sameAs\":[\"https:\/\/www.euroresidentes.com\/info.htm\"],\"url\":\"https:\/\/www.euroresidentes.com\/estilo-de-vida\/envejecer\/author\/bryan-rippin\/\"}]}<\/script>\n<!-- \/ Yoast SEO plugin. -->","yoast_head_json":{"title":"Palabras Sabias - Envejecer","robots":{"index":"index","follow":"follow","max-snippet":"max-snippet:-1","max-image-preview":"max-image-preview:large","max-video-preview":"max-video-preview:-1"},"canonical":"https:\/\/www.euroresidentes.com\/estilo-de-vida\/envejecer\/palabras-sabias\/","og_locale":"es_ES","og_type":"article","og_title":"Palabras Sabias - Envejecer","og_description":"Hay un nuevo comentario en el primer blog de esta serie publicado en Octubre 2005. En la versi\u00f3n espa\u00f1ola hay 22 comentarios en total sobre este blog. El \u00faltimo comentario a\u00f1adido por Marcos de Argentina es tan interesante que quiero compartirlo con nuestros lectores. \u2018Tengo 62 a\u00f1os y soy Argentino. Creo que Bryan tiene raz\u00f3n cuando dice que \u2018envejecer es algo m\u00e1s que sentirte mayor\u2019. A veces nos sentimos que envejecemos pero mas tarde cosas f\u00edsicas y mentales pasan. Solo nuestro esp\u00edritu (o nuestro \u2018X\u2019 \u2013 cada persona puede tener su propio palabra para describirlo) no tiene edad. Creo que","og_url":"https:\/\/www.euroresidentes.com\/estilo-de-vida\/envejecer\/palabras-sabias\/","og_site_name":"Envejecer","article_published_time":"2011-09-22T11:37:00+00:00","article_modified_time":"2016-02-02T09:38:40+00:00","author":"bryan rippin","twitter_card":"summary_large_image","twitter_misc":{"Written by":"bryan rippin","Est. reading time":"2 minutos"},"schema":{"@context":"https:\/\/schema.org","@graph":[{"@type":"WebPage","@id":"https:\/\/www.euroresidentes.com\/estilo-de-vida\/envejecer\/palabras-sabias\/","url":"https:\/\/www.euroresidentes.com\/estilo-de-vida\/envejecer\/palabras-sabias\/","name":"Palabras Sabias - Envejecer","isPartOf":{"@id":"https:\/\/www.euroresidentes.com\/estilo-de-vida\/envejecer\/#website"},"datePublished":"2011-09-22T11:37:00+00:00","dateModified":"2016-02-02T09:38:40+00:00","author":{"@id":"https:\/\/www.euroresidentes.com\/estilo-de-vida\/envejecer\/#\/schema\/person\/1f658cb6261a2a459e0354612c872871"},"breadcrumb":{"@id":"https:\/\/www.euroresidentes.com\/estilo-de-vida\/envejecer\/palabras-sabias\/#breadcrumb"},"inLanguage":"es","potentialAction":[{"@type":"ReadAction","target":["https:\/\/www.euroresidentes.com\/estilo-de-vida\/envejecer\/palabras-sabias\/"]}]},{"@type":"BreadcrumbList","@id":"https:\/\/www.euroresidentes.com\/estilo-de-vida\/envejecer\/palabras-sabias\/#breadcrumb","itemListElement":[{"@type":"ListItem","position":1,"name":"Portada","item":"https:\/\/www.euroresidentes.com\/estilo-de-vida\/envejecer\/"},{"@type":"ListItem","position":2,"name":"Palabras Sabias"}]},{"@type":"WebSite","@id":"https:\/\/www.euroresidentes.com\/estilo-de-vida\/envejecer\/#website","url":"https:\/\/www.euroresidentes.com\/estilo-de-vida\/envejecer\/","name":"Envejecer","description":"Reflexiones sobre la vejez","potentialAction":[{"@type":"SearchAction","target":{"@type":"EntryPoint","urlTemplate":"https:\/\/www.euroresidentes.com\/estilo-de-vida\/envejecer\/?s={search_term_string}"},"query-input":{"@type":"PropertyValueSpecification","valueRequired":true,"valueName":"search_term_string"}}],"inLanguage":"es"},{"@type":"Person","@id":"https:\/\/www.euroresidentes.com\/estilo-de-vida\/envejecer\/#\/schema\/person\/1f658cb6261a2a459e0354612c872871","name":"bryan rippin","image":{"@type":"ImageObject","inLanguage":"es","@id":"https:\/\/www.euroresidentes.com\/estilo-de-vida\/envejecer\/#\/schema\/person\/image\/","url":"https:\/\/secure.gravatar.com\/avatar\/?s=96&d=mm&r=g","contentUrl":"https:\/\/secure.gravatar.com\/avatar\/?s=96&d=mm&r=g","caption":"bryan rippin"},"sameAs":["https:\/\/www.euroresidentes.com\/info.htm"],"url":"https:\/\/www.euroresidentes.com\/estilo-de-vida\/envejecer\/author\/bryan-rippin\/"}]}},"_links":{"self":[{"href":"https:\/\/www.euroresidentes.com\/estilo-de-vida\/envejecer\/wp-json\/wp\/v2\/posts\/594","targetHints":{"allow":["GET"]}}],"collection":[{"href":"https:\/\/www.euroresidentes.com\/estilo-de-vida\/envejecer\/wp-json\/wp\/v2\/posts"}],"about":[{"href":"https:\/\/www.euroresidentes.com\/estilo-de-vida\/envejecer\/wp-json\/wp\/v2\/types\/post"}],"author":[{"embeddable":true,"href":"https:\/\/www.euroresidentes.com\/estilo-de-vida\/envejecer\/wp-json\/wp\/v2\/users\/15"}],"replies":[{"embeddable":true,"href":"https:\/\/www.euroresidentes.com\/estilo-de-vida\/envejecer\/wp-json\/wp\/v2\/comments?post=594"}],"version-history":[{"count":1,"href":"https:\/\/www.euroresidentes.com\/estilo-de-vida\/envejecer\/wp-json\/wp\/v2\/posts\/594\/revisions"}],"predecessor-version":[{"id":844,"href":"https:\/\/www.euroresidentes.com\/estilo-de-vida\/envejecer\/wp-json\/wp\/v2\/posts\/594\/revisions\/844"}],"wp:attachment":[{"href":"https:\/\/www.euroresidentes.com\/estilo-de-vida\/envejecer\/wp-json\/wp\/v2\/media?parent=594"}],"wp:term":[{"taxonomy":"category","embeddable":true,"href":"https:\/\/www.euroresidentes.com\/estilo-de-vida\/envejecer\/wp-json\/wp\/v2\/categories?post=594"},{"taxonomy":"post_tag","embeddable":true,"href":"https:\/\/www.euroresidentes.com\/estilo-de-vida\/envejecer\/wp-json\/wp\/v2\/tags?post=594"}],"curies":[{"name":"wp","href":"https:\/\/api.w.org\/{rel}","templated":true}]}}