{"id":583,"date":"2012-01-02T17:42:00","date_gmt":"2012-01-02T17:42:00","guid":{"rendered":"http:\/\/www.euroresidentes.com\/estilo-de-vida\/envejecer\/maltrato-en-el-hogar"},"modified":"2016-02-02T09:38:40","modified_gmt":"2016-02-02T09:38:40","slug":"maltrato-en-el-hogar","status":"publish","type":"post","link":"https:\/\/www.euroresidentes.com\/estilo-de-vida\/envejecer\/maltrato-en-el-hogar\/","title":{"rendered":"Maltrato en el hogar"},"content":{"rendered":"<div style=\"margin-bottom: 0cm;\">Recientemente, ha captado cierta atenci\u00f3n en los medios de comunicaci\u00f3n la violencia dom\u00e9stica, pero no entre j\u00f3venes, como cabr\u00eda suponer, sino entre mayores, siendo el hombre el agresor y la mujer la v\u00edctima. Mary Mason, directora de Solace Women\u2019s Aid en Londres afirma que las mujeres mayores, a menudo, dicen que no piensan que las vayan a creer cuando van a las agencias en busca de ayuda. Del mismo modo, Deborah McIlveen, de Women\u2019s Aid se\u00f1ala: \u00abseg\u00fan nuestra experiencia las mujeres mayores deben hacer frente a barreras adicionales para acceder a los servicios. La gente no espera que los mayores de 60 a\u00f1os est\u00e9n experimentando violencia dom\u00e9stica\u00bb. La encargada de violencia dom\u00e9stica de la polic\u00eda, Carmel Napier, confirma las reticencias de la gente a hacer p\u00fablica su situaci\u00f3n.<\/p>\n<p>En 2010\/11 en Inglaterra, se denunciaron a los servicios de protecci\u00f3n del adulto un total de 96.000 casos en los que se consider\u00f3 que los adultos estaban en situaci\u00f3n de riesgo. S\u00f3lo 80 de ellos dieron lugar a ex\u00e1menes de casos graves y en la mitad hab\u00eda implicadas personas mayores. Un art\u00edculo publicado en <i>The Guardian<\/i> (24\/12\/2011) cuenta la historia de una de estas mujeres, de 81 a\u00f1os de edad, quien llam\u00f3 a la polic\u00eda ocho veces durante un per\u00edodo de nueve meses, antes de morir, finalmente, a causa de las lesiones. Se hab\u00eda producido un largo periodo de abuso y las agencias estaban al corriente pero, salvo una ocasi\u00f3n en la que el marido fue detenido, no se tom\u00f3 ninguna otra medida.<\/p>\n<p>Me pregunto hasta qu\u00e9 punto esto es com\u00fan y por qu\u00e9 es as\u00ed. Habr\u00e1 un mont\u00f3n de causas, algunas de ellas del entorno de un matrimonio y que poco tienen que ver con el envejecimiento. En mi opini\u00f3n, el problema podr\u00eda estar en que la vida puede llegar a ser muy \u00e1rida en la etapa final; quiz\u00e1s, especialmente para los hombres. Es una generalizaci\u00f3n, pero las mujeres establecen y mantienen relaciones fuera del matrimonio con mayor facilidad que los hombres, muchos de los cuales ten\u00edan amigos en el trabajo. La jubilaci\u00f3n puede dejar un enorme vac\u00edo social que es dif\u00edcil de llenar. Conozco a una mujer de unos ochenta a\u00f1os que compra todos los d\u00edas en la Cooperativa local. \u00abLo he hecho durante a\u00f1os\u00bb, se\u00f1ala. Y refiri\u00e9ndose a los dependientes, a\u00f1ade: \u00abtodos me conocen\u00bb. Ir de compras es una parte importante de su vida cotidiana.<\/p>\n<p>Viajo en el mismo autob\u00fas durante la semana y hay varios ancianos que se dirigen a la ciudad, si no para ir de compras, seguro que para salir de casa y mezclarse entre la multitud. Con la enfermedad y los dolores y molestias habituales que se dan en la vejez, la movilidad se hace m\u00e1s dif\u00edcil. Y el hogar -tal vez- se convierte en una prisi\u00f3n, no en un lugar creativo. Entonces, el aburrimiento alimenta la frustraci\u00f3n y una sensaci\u00f3n de encarcelamiento; y puede que no haya un paso tan grande de ah\u00ed a empezar a pagarlo con la pareja, por medio, primero, de abuso verbal (al parecer es as\u00ed como suele empezar), que luego se convierte en violencia f\u00edsica. Las personas mayores que viven solas y cuyos hijos ya no viven cerca, necesitan unos cuidados y atenciones especiales.<\/p>\n<p>Sobre todo, necesitan amigos.<\/p>\n<p>Bryan<\/p><\/div>\n<div style=\"margin-bottom: 0cm;\">\n<\/div>\n","protected":false},"excerpt":{"rendered":"<p>Recientemente, ha captado cierta atenci\u00f3n en los medios de comunicaci\u00f3n la violencia dom\u00e9stica, pero no entre j\u00f3venes, como cabr\u00eda suponer, sino entre mayores, siendo el hombre el agresor y la mujer la v\u00edctima. Mary Mason, directora de Solace Women\u2019s Aid en Londres afirma que las mujeres mayores, a menudo, dicen que no piensan que las vayan a creer cuando van a las agencias en busca de ayuda. Del mismo modo, Deborah McIlveen, de Women\u2019s Aid se\u00f1ala: \u00abseg\u00fan nuestra experiencia las mujeres mayores deben hacer frente a barreras adicionales para acceder a los servicios. La gente no espera que los mayores <\/p>\n","protected":false},"author":15,"featured_media":0,"comment_status":"open","ping_status":"open","sticky":false,"template":"","format":"standard","meta":{"footnotes":""},"categories":[1],"tags":[],"class_list":["post-583","post","type-post","status-publish","format-standard","hentry","category-envejecer"],"yoast_head":"<!-- This site is optimized with the Yoast SEO plugin v24.1 - https:\/\/yoast.com\/wordpress\/plugins\/seo\/ -->\n<title>Maltrato en el hogar - Envejecer<\/title>\n<meta name=\"robots\" content=\"index, follow, max-snippet:-1, max-image-preview:large, max-video-preview:-1\" \/>\n<link rel=\"canonical\" href=\"https:\/\/www.euroresidentes.com\/estilo-de-vida\/envejecer\/maltrato-en-el-hogar\/\" \/>\n<meta property=\"og:locale\" content=\"es_ES\" \/>\n<meta property=\"og:type\" content=\"article\" \/>\n<meta property=\"og:title\" content=\"Maltrato en el hogar - Envejecer\" \/>\n<meta property=\"og:description\" content=\"Recientemente, ha captado cierta atenci\u00f3n en los medios de comunicaci\u00f3n la violencia dom\u00e9stica, pero no entre j\u00f3venes, como cabr\u00eda suponer, sino entre mayores, siendo el hombre el agresor y la mujer la v\u00edctima. Mary Mason, directora de Solace Women\u2019s Aid en Londres afirma que las mujeres mayores, a menudo, dicen que no piensan que las vayan a creer cuando van a las agencias en busca de ayuda. Del mismo modo, Deborah McIlveen, de Women\u2019s Aid se\u00f1ala: \u00abseg\u00fan nuestra experiencia las mujeres mayores deben hacer frente a barreras adicionales para acceder a los servicios. La gente no espera que los mayores\" \/>\n<meta property=\"og:url\" content=\"https:\/\/www.euroresidentes.com\/estilo-de-vida\/envejecer\/maltrato-en-el-hogar\/\" \/>\n<meta property=\"og:site_name\" content=\"Envejecer\" \/>\n<meta property=\"article:published_time\" content=\"2012-01-02T17:42:00+00:00\" \/>\n<meta property=\"article:modified_time\" content=\"2016-02-02T09:38:40+00:00\" \/>\n<meta name=\"author\" content=\"bryan rippin\" \/>\n<meta name=\"twitter:card\" content=\"summary_large_image\" \/>\n<meta name=\"twitter:label1\" content=\"Written by\" \/>\n\t<meta name=\"twitter:data1\" content=\"bryan rippin\" \/>\n\t<meta name=\"twitter:label2\" content=\"Est. reading time\" \/>\n\t<meta name=\"twitter:data2\" content=\"3 minutos\" \/>\n<script type=\"application\/ld+json\" class=\"yoast-schema-graph\">{\"@context\":\"https:\/\/schema.org\",\"@graph\":[{\"@type\":\"WebPage\",\"@id\":\"https:\/\/www.euroresidentes.com\/estilo-de-vida\/envejecer\/maltrato-en-el-hogar\/\",\"url\":\"https:\/\/www.euroresidentes.com\/estilo-de-vida\/envejecer\/maltrato-en-el-hogar\/\",\"name\":\"Maltrato en el hogar - Envejecer\",\"isPartOf\":{\"@id\":\"https:\/\/www.euroresidentes.com\/estilo-de-vida\/envejecer\/#website\"},\"datePublished\":\"2012-01-02T17:42:00+00:00\",\"dateModified\":\"2016-02-02T09:38:40+00:00\",\"author\":{\"@id\":\"https:\/\/www.euroresidentes.com\/estilo-de-vida\/envejecer\/#\/schema\/person\/1f658cb6261a2a459e0354612c872871\"},\"breadcrumb\":{\"@id\":\"https:\/\/www.euroresidentes.com\/estilo-de-vida\/envejecer\/maltrato-en-el-hogar\/#breadcrumb\"},\"inLanguage\":\"es\",\"potentialAction\":[{\"@type\":\"ReadAction\",\"target\":[\"https:\/\/www.euroresidentes.com\/estilo-de-vida\/envejecer\/maltrato-en-el-hogar\/\"]}]},{\"@type\":\"BreadcrumbList\",\"@id\":\"https:\/\/www.euroresidentes.com\/estilo-de-vida\/envejecer\/maltrato-en-el-hogar\/#breadcrumb\",\"itemListElement\":[{\"@type\":\"ListItem\",\"position\":1,\"name\":\"Portada\",\"item\":\"https:\/\/www.euroresidentes.com\/estilo-de-vida\/envejecer\/\"},{\"@type\":\"ListItem\",\"position\":2,\"name\":\"Maltrato en el hogar\"}]},{\"@type\":\"WebSite\",\"@id\":\"https:\/\/www.euroresidentes.com\/estilo-de-vida\/envejecer\/#website\",\"url\":\"https:\/\/www.euroresidentes.com\/estilo-de-vida\/envejecer\/\",\"name\":\"Envejecer\",\"description\":\"Reflexiones sobre la vejez\",\"potentialAction\":[{\"@type\":\"SearchAction\",\"target\":{\"@type\":\"EntryPoint\",\"urlTemplate\":\"https:\/\/www.euroresidentes.com\/estilo-de-vida\/envejecer\/?s={search_term_string}\"},\"query-input\":{\"@type\":\"PropertyValueSpecification\",\"valueRequired\":true,\"valueName\":\"search_term_string\"}}],\"inLanguage\":\"es\"},{\"@type\":\"Person\",\"@id\":\"https:\/\/www.euroresidentes.com\/estilo-de-vida\/envejecer\/#\/schema\/person\/1f658cb6261a2a459e0354612c872871\",\"name\":\"bryan rippin\",\"image\":{\"@type\":\"ImageObject\",\"inLanguage\":\"es\",\"@id\":\"https:\/\/www.euroresidentes.com\/estilo-de-vida\/envejecer\/#\/schema\/person\/image\/\",\"url\":\"https:\/\/secure.gravatar.com\/avatar\/?s=96&d=mm&r=g\",\"contentUrl\":\"https:\/\/secure.gravatar.com\/avatar\/?s=96&d=mm&r=g\",\"caption\":\"bryan rippin\"},\"sameAs\":[\"https:\/\/www.euroresidentes.com\/info.htm\"],\"url\":\"https:\/\/www.euroresidentes.com\/estilo-de-vida\/envejecer\/author\/bryan-rippin\/\"}]}<\/script>\n<!-- \/ Yoast SEO plugin. -->","yoast_head_json":{"title":"Maltrato en el hogar - Envejecer","robots":{"index":"index","follow":"follow","max-snippet":"max-snippet:-1","max-image-preview":"max-image-preview:large","max-video-preview":"max-video-preview:-1"},"canonical":"https:\/\/www.euroresidentes.com\/estilo-de-vida\/envejecer\/maltrato-en-el-hogar\/","og_locale":"es_ES","og_type":"article","og_title":"Maltrato en el hogar - Envejecer","og_description":"Recientemente, ha captado cierta atenci\u00f3n en los medios de comunicaci\u00f3n la violencia dom\u00e9stica, pero no entre j\u00f3venes, como cabr\u00eda suponer, sino entre mayores, siendo el hombre el agresor y la mujer la v\u00edctima. Mary Mason, directora de Solace Women\u2019s Aid en Londres afirma que las mujeres mayores, a menudo, dicen que no piensan que las vayan a creer cuando van a las agencias en busca de ayuda. Del mismo modo, Deborah McIlveen, de Women\u2019s Aid se\u00f1ala: \u00abseg\u00fan nuestra experiencia las mujeres mayores deben hacer frente a barreras adicionales para acceder a los servicios. La gente no espera que los mayores","og_url":"https:\/\/www.euroresidentes.com\/estilo-de-vida\/envejecer\/maltrato-en-el-hogar\/","og_site_name":"Envejecer","article_published_time":"2012-01-02T17:42:00+00:00","article_modified_time":"2016-02-02T09:38:40+00:00","author":"bryan rippin","twitter_card":"summary_large_image","twitter_misc":{"Written by":"bryan rippin","Est. reading time":"3 minutos"},"schema":{"@context":"https:\/\/schema.org","@graph":[{"@type":"WebPage","@id":"https:\/\/www.euroresidentes.com\/estilo-de-vida\/envejecer\/maltrato-en-el-hogar\/","url":"https:\/\/www.euroresidentes.com\/estilo-de-vida\/envejecer\/maltrato-en-el-hogar\/","name":"Maltrato en el hogar - Envejecer","isPartOf":{"@id":"https:\/\/www.euroresidentes.com\/estilo-de-vida\/envejecer\/#website"},"datePublished":"2012-01-02T17:42:00+00:00","dateModified":"2016-02-02T09:38:40+00:00","author":{"@id":"https:\/\/www.euroresidentes.com\/estilo-de-vida\/envejecer\/#\/schema\/person\/1f658cb6261a2a459e0354612c872871"},"breadcrumb":{"@id":"https:\/\/www.euroresidentes.com\/estilo-de-vida\/envejecer\/maltrato-en-el-hogar\/#breadcrumb"},"inLanguage":"es","potentialAction":[{"@type":"ReadAction","target":["https:\/\/www.euroresidentes.com\/estilo-de-vida\/envejecer\/maltrato-en-el-hogar\/"]}]},{"@type":"BreadcrumbList","@id":"https:\/\/www.euroresidentes.com\/estilo-de-vida\/envejecer\/maltrato-en-el-hogar\/#breadcrumb","itemListElement":[{"@type":"ListItem","position":1,"name":"Portada","item":"https:\/\/www.euroresidentes.com\/estilo-de-vida\/envejecer\/"},{"@type":"ListItem","position":2,"name":"Maltrato en el hogar"}]},{"@type":"WebSite","@id":"https:\/\/www.euroresidentes.com\/estilo-de-vida\/envejecer\/#website","url":"https:\/\/www.euroresidentes.com\/estilo-de-vida\/envejecer\/","name":"Envejecer","description":"Reflexiones sobre la vejez","potentialAction":[{"@type":"SearchAction","target":{"@type":"EntryPoint","urlTemplate":"https:\/\/www.euroresidentes.com\/estilo-de-vida\/envejecer\/?s={search_term_string}"},"query-input":{"@type":"PropertyValueSpecification","valueRequired":true,"valueName":"search_term_string"}}],"inLanguage":"es"},{"@type":"Person","@id":"https:\/\/www.euroresidentes.com\/estilo-de-vida\/envejecer\/#\/schema\/person\/1f658cb6261a2a459e0354612c872871","name":"bryan rippin","image":{"@type":"ImageObject","inLanguage":"es","@id":"https:\/\/www.euroresidentes.com\/estilo-de-vida\/envejecer\/#\/schema\/person\/image\/","url":"https:\/\/secure.gravatar.com\/avatar\/?s=96&d=mm&r=g","contentUrl":"https:\/\/secure.gravatar.com\/avatar\/?s=96&d=mm&r=g","caption":"bryan rippin"},"sameAs":["https:\/\/www.euroresidentes.com\/info.htm"],"url":"https:\/\/www.euroresidentes.com\/estilo-de-vida\/envejecer\/author\/bryan-rippin\/"}]}},"_links":{"self":[{"href":"https:\/\/www.euroresidentes.com\/estilo-de-vida\/envejecer\/wp-json\/wp\/v2\/posts\/583","targetHints":{"allow":["GET"]}}],"collection":[{"href":"https:\/\/www.euroresidentes.com\/estilo-de-vida\/envejecer\/wp-json\/wp\/v2\/posts"}],"about":[{"href":"https:\/\/www.euroresidentes.com\/estilo-de-vida\/envejecer\/wp-json\/wp\/v2\/types\/post"}],"author":[{"embeddable":true,"href":"https:\/\/www.euroresidentes.com\/estilo-de-vida\/envejecer\/wp-json\/wp\/v2\/users\/15"}],"replies":[{"embeddable":true,"href":"https:\/\/www.euroresidentes.com\/estilo-de-vida\/envejecer\/wp-json\/wp\/v2\/comments?post=583"}],"version-history":[{"count":1,"href":"https:\/\/www.euroresidentes.com\/estilo-de-vida\/envejecer\/wp-json\/wp\/v2\/posts\/583\/revisions"}],"predecessor-version":[{"id":833,"href":"https:\/\/www.euroresidentes.com\/estilo-de-vida\/envejecer\/wp-json\/wp\/v2\/posts\/583\/revisions\/833"}],"wp:attachment":[{"href":"https:\/\/www.euroresidentes.com\/estilo-de-vida\/envejecer\/wp-json\/wp\/v2\/media?parent=583"}],"wp:term":[{"taxonomy":"category","embeddable":true,"href":"https:\/\/www.euroresidentes.com\/estilo-de-vida\/envejecer\/wp-json\/wp\/v2\/categories?post=583"},{"taxonomy":"post_tag","embeddable":true,"href":"https:\/\/www.euroresidentes.com\/estilo-de-vida\/envejecer\/wp-json\/wp\/v2\/tags?post=583"}],"curies":[{"name":"wp","href":"https:\/\/api.w.org\/{rel}","templated":true}]}}