{"id":553,"date":"2013-06-08T15:01:00","date_gmt":"2013-06-08T15:01:00","guid":{"rendered":"http:\/\/www.euroresidentes.com\/estilo-de-vida\/envejecer\/continuidad-de-pensamiento"},"modified":"2016-02-02T09:38:38","modified_gmt":"2016-02-02T09:38:38","slug":"continuidad-de-pensamiento","status":"publish","type":"post","link":"https:\/\/www.euroresidentes.com\/estilo-de-vida\/envejecer\/continuidad-de-pensamiento\/","title":{"rendered":"Continuidad de pensamiento"},"content":{"rendered":"<div style=\"margin-bottom: 0cm;\">\nPuede ser una ilusi\u00f3n, pero me digo a<br \/>\nm\u00ed mismo que cuando era m\u00e1s joven, el TIEMPO era un concepto<br \/>\nbastante sencillo. Las cosas suced\u00edan de manera secuencial. El<br \/>\npasado estaba alojado de forma segura en la memoria, el futuro era<br \/>\nuna perspectiva dictada en parte por las fechas de mi diario y el<br \/>\npresente era claramente suficiente. Nunca tuve buena una buena<br \/>\nmemoria, pod\u00eda olvidar las cosas, sentir ansiedad por los<br \/>\ncompromisos del ma\u00f1ana y ser un poco so\u00f1ador sobre la agenda del<br \/>\nmomento, pero en general sab\u00eda d\u00f3nde hab\u00eda estado, d\u00f3nde estar\u00eda<br \/>\ndespu\u00e9s y qu\u00e9 estaba pasando en ese momento. Ahora ya no es tan<br \/>\nsimple. <\/p>\n<p>A medida que envejecemos, nuestras responsabilidades<br \/>\nson menores y nuestra vida pasa a estar controlada no tanto por los<br \/>\nacontecimientos, sino m\u00e1s bien por nuestros pensamientos aleatorios.<br \/>\nMis pensamientos se vuelven m\u00e1s aleatorios durante el d\u00eda. Puedo<br \/>\nempezar a pensar en una cosa, desviarme hacia otra, sumergirme en una<br \/>\ntercera y acabar pregunt\u00e1ndome cu\u00e1l era la primera. La mayor\u00eda de<br \/>\nlas veces consigo volver a donde quiero, lo cual puede ser un alivio.<br \/>\nIgualmente, dejando de estar despierto y recost\u00e1ndome para una<br \/>\nsiesta o para una noche de descanso, puedo entrar en una especie de<br \/>\nduermevela en la que todav\u00eda estoy parcialmente despierto pero me<br \/>\nestoy entreteniendo con mis pensamientos o me entretienen ellos sin<br \/>\nning\u00fan tipo de control por mi parte hasta que me quedo completamente<br \/>\ndormido y puedo abandonarme con seguridad al fant\u00e1stico mundo de los<br \/>\nsue\u00f1os&#8230; <\/p>\n<p>Luego est\u00e1 el problema de encontrar las palabras<br \/>\nadecuadas, tan dif\u00edcil a veces que es complicado entrar de lleno en<br \/>\nuna conversaci\u00f3n. Yo s\u00e9 qu\u00e9 es lo que pienso, puedo ver el rostro<br \/>\nde la persona a la que quiero mencionar, es la palabra lo que se me<br \/>\nescapa. La gente, cuando me ve luchando por recordar la palabra<br \/>\n-especialmente mi esposa, porque suele ser en su compa\u00f1\u00eda donde por<br \/>\nlo general ocurre-, duda en ayudarme por un momento. Los veo<br \/>\npensando: \u00ab\u00bfDeber\u00eda sugerir lo que quiere decir o esperar a<br \/>\nque lo encuentre? \u00bfEs correcto ayudarle en su camino o ser\u00eda m\u00e1s<br \/>\namable esperar, pero esperar sin la certeza de que va a llegar a<br \/>\ndonde quiere?\u00bb.<\/p>\n<p>Y la gran pregunta: \u00bfSon estos los<br \/>\nprimeros signos de demencia o simplemente una consecuencia de la<br \/>\nedad? He estado mirando varios sitios web sobre el tema que, sin<br \/>\nduda, est\u00e1n dise\u00f1ados para ser \u00fatiles, pero no son un buen modo de<br \/>\nanimar a un hombre de ochenta y dos a\u00f1os como yo en un d\u00eda fr\u00edo de<br \/>\nprimavera. Tengo algunos de los s\u00edntomas, pero me aferro a aquellos<br \/>\nque creo que no son aplicables. Por ejemplo, creo que todav\u00eda puedo<br \/>\nconfiar en mi juicio, dado que contin\u00fao estando motivado por el<br \/>\nmismo conjunto de valores -y prejuicios- que siempre he tenido. Y<br \/>\nmanualmente sigo estando muy bien. Eso creo, aunque necesito m\u00e1s<br \/>\ntiempo para hacer las cosas. Y mi familia y la gente que admiro y<br \/>\nquiero todav\u00eda son una parte central de mi conciencia. Tal vez sea<br \/>\ns\u00f3lo una nueva forma de vida. Un sitio web dice que si \u00abeso\u00bb<br \/>\nempeora en seis meses, se debe acudir al m\u00e9dico. Me prometo a m\u00ed<br \/>\nmismo que lo har\u00e9.<\/p>\n<p>\u2026\u2026mientras tanto, me gustar\u00eda que el<br \/>\ntiempo cambiase.<\/p>\n<p>Bryan<\/p><\/div>\n<div style=\"margin-bottom: 0cm;\">\n\n<\/div>\n","protected":false},"excerpt":{"rendered":"<p>Puede ser una ilusi\u00f3n, pero me digo a m\u00ed mismo que cuando era m\u00e1s joven, el TIEMPO era un concepto bastante sencillo. Las cosas suced\u00edan de manera secuencial. El pasado estaba alojado de forma segura en la memoria, el futuro era una perspectiva dictada en parte por las fechas de mi diario y el presente era claramente suficiente. Nunca tuve buena una buena memoria, pod\u00eda olvidar las cosas, sentir ansiedad por los compromisos del ma\u00f1ana y ser un poco so\u00f1ador sobre la agenda del momento, pero en general sab\u00eda d\u00f3nde hab\u00eda estado, d\u00f3nde estar\u00eda despu\u00e9s y qu\u00e9 estaba pasando en <\/p>\n","protected":false},"author":15,"featured_media":0,"comment_status":"open","ping_status":"open","sticky":false,"template":"","format":"standard","meta":{"footnotes":""},"categories":[1],"tags":[],"class_list":["post-553","post","type-post","status-publish","format-standard","hentry","category-envejecer"],"yoast_head":"<!-- This site is optimized with the Yoast SEO plugin v24.1 - https:\/\/yoast.com\/wordpress\/plugins\/seo\/ -->\n<title>Continuidad de pensamiento - Envejecer<\/title>\n<meta name=\"robots\" content=\"index, follow, max-snippet:-1, max-image-preview:large, max-video-preview:-1\" \/>\n<link rel=\"canonical\" href=\"https:\/\/www.euroresidentes.com\/estilo-de-vida\/envejecer\/continuidad-de-pensamiento\/\" \/>\n<meta property=\"og:locale\" content=\"es_ES\" \/>\n<meta property=\"og:type\" content=\"article\" \/>\n<meta property=\"og:title\" content=\"Continuidad de pensamiento - Envejecer\" \/>\n<meta property=\"og:description\" content=\"Puede ser una ilusi\u00f3n, pero me digo a m\u00ed mismo que cuando era m\u00e1s joven, el TIEMPO era un concepto bastante sencillo. Las cosas suced\u00edan de manera secuencial. El pasado estaba alojado de forma segura en la memoria, el futuro era una perspectiva dictada en parte por las fechas de mi diario y el presente era claramente suficiente. Nunca tuve buena una buena memoria, pod\u00eda olvidar las cosas, sentir ansiedad por los compromisos del ma\u00f1ana y ser un poco so\u00f1ador sobre la agenda del momento, pero en general sab\u00eda d\u00f3nde hab\u00eda estado, d\u00f3nde estar\u00eda despu\u00e9s y qu\u00e9 estaba pasando en\" \/>\n<meta property=\"og:url\" content=\"https:\/\/www.euroresidentes.com\/estilo-de-vida\/envejecer\/continuidad-de-pensamiento\/\" \/>\n<meta property=\"og:site_name\" content=\"Envejecer\" \/>\n<meta property=\"article:published_time\" content=\"2013-06-08T15:01:00+00:00\" \/>\n<meta property=\"article:modified_time\" content=\"2016-02-02T09:38:38+00:00\" \/>\n<meta name=\"author\" content=\"bryan rippin\" \/>\n<meta name=\"twitter:card\" content=\"summary_large_image\" \/>\n<meta name=\"twitter:label1\" content=\"Written by\" \/>\n\t<meta name=\"twitter:data1\" content=\"bryan rippin\" \/>\n\t<meta name=\"twitter:label2\" content=\"Est. reading time\" \/>\n\t<meta name=\"twitter:data2\" content=\"3 minutos\" \/>\n<script type=\"application\/ld+json\" class=\"yoast-schema-graph\">{\"@context\":\"https:\/\/schema.org\",\"@graph\":[{\"@type\":\"WebPage\",\"@id\":\"https:\/\/www.euroresidentes.com\/estilo-de-vida\/envejecer\/continuidad-de-pensamiento\/\",\"url\":\"https:\/\/www.euroresidentes.com\/estilo-de-vida\/envejecer\/continuidad-de-pensamiento\/\",\"name\":\"Continuidad de pensamiento - Envejecer\",\"isPartOf\":{\"@id\":\"https:\/\/www.euroresidentes.com\/estilo-de-vida\/envejecer\/#website\"},\"datePublished\":\"2013-06-08T15:01:00+00:00\",\"dateModified\":\"2016-02-02T09:38:38+00:00\",\"author\":{\"@id\":\"https:\/\/www.euroresidentes.com\/estilo-de-vida\/envejecer\/#\/schema\/person\/1f658cb6261a2a459e0354612c872871\"},\"breadcrumb\":{\"@id\":\"https:\/\/www.euroresidentes.com\/estilo-de-vida\/envejecer\/continuidad-de-pensamiento\/#breadcrumb\"},\"inLanguage\":\"es\",\"potentialAction\":[{\"@type\":\"ReadAction\",\"target\":[\"https:\/\/www.euroresidentes.com\/estilo-de-vida\/envejecer\/continuidad-de-pensamiento\/\"]}]},{\"@type\":\"BreadcrumbList\",\"@id\":\"https:\/\/www.euroresidentes.com\/estilo-de-vida\/envejecer\/continuidad-de-pensamiento\/#breadcrumb\",\"itemListElement\":[{\"@type\":\"ListItem\",\"position\":1,\"name\":\"Portada\",\"item\":\"https:\/\/www.euroresidentes.com\/estilo-de-vida\/envejecer\/\"},{\"@type\":\"ListItem\",\"position\":2,\"name\":\"Continuidad de pensamiento\"}]},{\"@type\":\"WebSite\",\"@id\":\"https:\/\/www.euroresidentes.com\/estilo-de-vida\/envejecer\/#website\",\"url\":\"https:\/\/www.euroresidentes.com\/estilo-de-vida\/envejecer\/\",\"name\":\"Envejecer\",\"description\":\"Reflexiones sobre la vejez\",\"potentialAction\":[{\"@type\":\"SearchAction\",\"target\":{\"@type\":\"EntryPoint\",\"urlTemplate\":\"https:\/\/www.euroresidentes.com\/estilo-de-vida\/envejecer\/?s={search_term_string}\"},\"query-input\":{\"@type\":\"PropertyValueSpecification\",\"valueRequired\":true,\"valueName\":\"search_term_string\"}}],\"inLanguage\":\"es\"},{\"@type\":\"Person\",\"@id\":\"https:\/\/www.euroresidentes.com\/estilo-de-vida\/envejecer\/#\/schema\/person\/1f658cb6261a2a459e0354612c872871\",\"name\":\"bryan rippin\",\"image\":{\"@type\":\"ImageObject\",\"inLanguage\":\"es\",\"@id\":\"https:\/\/www.euroresidentes.com\/estilo-de-vida\/envejecer\/#\/schema\/person\/image\/\",\"url\":\"https:\/\/secure.gravatar.com\/avatar\/?s=96&d=mm&r=g\",\"contentUrl\":\"https:\/\/secure.gravatar.com\/avatar\/?s=96&d=mm&r=g\",\"caption\":\"bryan rippin\"},\"sameAs\":[\"https:\/\/www.euroresidentes.com\/info.htm\"],\"url\":\"https:\/\/www.euroresidentes.com\/estilo-de-vida\/envejecer\/author\/bryan-rippin\/\"}]}<\/script>\n<!-- \/ Yoast SEO plugin. -->","yoast_head_json":{"title":"Continuidad de pensamiento - Envejecer","robots":{"index":"index","follow":"follow","max-snippet":"max-snippet:-1","max-image-preview":"max-image-preview:large","max-video-preview":"max-video-preview:-1"},"canonical":"https:\/\/www.euroresidentes.com\/estilo-de-vida\/envejecer\/continuidad-de-pensamiento\/","og_locale":"es_ES","og_type":"article","og_title":"Continuidad de pensamiento - Envejecer","og_description":"Puede ser una ilusi\u00f3n, pero me digo a m\u00ed mismo que cuando era m\u00e1s joven, el TIEMPO era un concepto bastante sencillo. Las cosas suced\u00edan de manera secuencial. El pasado estaba alojado de forma segura en la memoria, el futuro era una perspectiva dictada en parte por las fechas de mi diario y el presente era claramente suficiente. Nunca tuve buena una buena memoria, pod\u00eda olvidar las cosas, sentir ansiedad por los compromisos del ma\u00f1ana y ser un poco so\u00f1ador sobre la agenda del momento, pero en general sab\u00eda d\u00f3nde hab\u00eda estado, d\u00f3nde estar\u00eda despu\u00e9s y qu\u00e9 estaba pasando en","og_url":"https:\/\/www.euroresidentes.com\/estilo-de-vida\/envejecer\/continuidad-de-pensamiento\/","og_site_name":"Envejecer","article_published_time":"2013-06-08T15:01:00+00:00","article_modified_time":"2016-02-02T09:38:38+00:00","author":"bryan rippin","twitter_card":"summary_large_image","twitter_misc":{"Written by":"bryan rippin","Est. reading time":"3 minutos"},"schema":{"@context":"https:\/\/schema.org","@graph":[{"@type":"WebPage","@id":"https:\/\/www.euroresidentes.com\/estilo-de-vida\/envejecer\/continuidad-de-pensamiento\/","url":"https:\/\/www.euroresidentes.com\/estilo-de-vida\/envejecer\/continuidad-de-pensamiento\/","name":"Continuidad de pensamiento - Envejecer","isPartOf":{"@id":"https:\/\/www.euroresidentes.com\/estilo-de-vida\/envejecer\/#website"},"datePublished":"2013-06-08T15:01:00+00:00","dateModified":"2016-02-02T09:38:38+00:00","author":{"@id":"https:\/\/www.euroresidentes.com\/estilo-de-vida\/envejecer\/#\/schema\/person\/1f658cb6261a2a459e0354612c872871"},"breadcrumb":{"@id":"https:\/\/www.euroresidentes.com\/estilo-de-vida\/envejecer\/continuidad-de-pensamiento\/#breadcrumb"},"inLanguage":"es","potentialAction":[{"@type":"ReadAction","target":["https:\/\/www.euroresidentes.com\/estilo-de-vida\/envejecer\/continuidad-de-pensamiento\/"]}]},{"@type":"BreadcrumbList","@id":"https:\/\/www.euroresidentes.com\/estilo-de-vida\/envejecer\/continuidad-de-pensamiento\/#breadcrumb","itemListElement":[{"@type":"ListItem","position":1,"name":"Portada","item":"https:\/\/www.euroresidentes.com\/estilo-de-vida\/envejecer\/"},{"@type":"ListItem","position":2,"name":"Continuidad de pensamiento"}]},{"@type":"WebSite","@id":"https:\/\/www.euroresidentes.com\/estilo-de-vida\/envejecer\/#website","url":"https:\/\/www.euroresidentes.com\/estilo-de-vida\/envejecer\/","name":"Envejecer","description":"Reflexiones sobre la vejez","potentialAction":[{"@type":"SearchAction","target":{"@type":"EntryPoint","urlTemplate":"https:\/\/www.euroresidentes.com\/estilo-de-vida\/envejecer\/?s={search_term_string}"},"query-input":{"@type":"PropertyValueSpecification","valueRequired":true,"valueName":"search_term_string"}}],"inLanguage":"es"},{"@type":"Person","@id":"https:\/\/www.euroresidentes.com\/estilo-de-vida\/envejecer\/#\/schema\/person\/1f658cb6261a2a459e0354612c872871","name":"bryan rippin","image":{"@type":"ImageObject","inLanguage":"es","@id":"https:\/\/www.euroresidentes.com\/estilo-de-vida\/envejecer\/#\/schema\/person\/image\/","url":"https:\/\/secure.gravatar.com\/avatar\/?s=96&d=mm&r=g","contentUrl":"https:\/\/secure.gravatar.com\/avatar\/?s=96&d=mm&r=g","caption":"bryan rippin"},"sameAs":["https:\/\/www.euroresidentes.com\/info.htm"],"url":"https:\/\/www.euroresidentes.com\/estilo-de-vida\/envejecer\/author\/bryan-rippin\/"}]}},"_links":{"self":[{"href":"https:\/\/www.euroresidentes.com\/estilo-de-vida\/envejecer\/wp-json\/wp\/v2\/posts\/553","targetHints":{"allow":["GET"]}}],"collection":[{"href":"https:\/\/www.euroresidentes.com\/estilo-de-vida\/envejecer\/wp-json\/wp\/v2\/posts"}],"about":[{"href":"https:\/\/www.euroresidentes.com\/estilo-de-vida\/envejecer\/wp-json\/wp\/v2\/types\/post"}],"author":[{"embeddable":true,"href":"https:\/\/www.euroresidentes.com\/estilo-de-vida\/envejecer\/wp-json\/wp\/v2\/users\/15"}],"replies":[{"embeddable":true,"href":"https:\/\/www.euroresidentes.com\/estilo-de-vida\/envejecer\/wp-json\/wp\/v2\/comments?post=553"}],"version-history":[{"count":1,"href":"https:\/\/www.euroresidentes.com\/estilo-de-vida\/envejecer\/wp-json\/wp\/v2\/posts\/553\/revisions"}],"predecessor-version":[{"id":803,"href":"https:\/\/www.euroresidentes.com\/estilo-de-vida\/envejecer\/wp-json\/wp\/v2\/posts\/553\/revisions\/803"}],"wp:attachment":[{"href":"https:\/\/www.euroresidentes.com\/estilo-de-vida\/envejecer\/wp-json\/wp\/v2\/media?parent=553"}],"wp:term":[{"taxonomy":"category","embeddable":true,"href":"https:\/\/www.euroresidentes.com\/estilo-de-vida\/envejecer\/wp-json\/wp\/v2\/categories?post=553"},{"taxonomy":"post_tag","embeddable":true,"href":"https:\/\/www.euroresidentes.com\/estilo-de-vida\/envejecer\/wp-json\/wp\/v2\/tags?post=553"}],"curies":[{"name":"wp","href":"https:\/\/api.w.org\/{rel}","templated":true}]}}