{"id":530,"date":"2014-01-13T11:53:00","date_gmt":"2014-01-13T11:53:00","guid":{"rendered":"http:\/\/www.euroresidentes.com\/estilo-de-vida\/envejecer\/politica-politica-politica"},"modified":"2016-02-03T12:43:40","modified_gmt":"2016-02-03T12:43:40","slug":"politica-politica-politica","status":"publish","type":"post","link":"https:\/\/www.euroresidentes.com\/estilo-de-vida\/envejecer\/politica-politica-politica\/","title":{"rendered":"Pol\u00edtica, pol\u00edtica, pol\u00edtica"},"content":{"rendered":"<p>Me invitaron a unirme a un c\u00edrculo de\u00a0oraci\u00f3n; la idea era que un grupo de nosotros se reuniese para rezar\u00a0regularmente por aquellas personas cuyas necesidades fuesen evidentes\u00a0para nosotros. Se dieron ejemplos de la clase de situaciones\u00a0personales que ser\u00edan dignas de oraci\u00f3n.<\/p>\n<p style=\"text-align: center;\"><a href=\"https:\/\/www.euroresidentes.com\/estilo-de-vida\/envejecer\/wp-content\/uploads\/sites\/14\/2014\/01\/manos-orar.jpg\"><img loading=\"lazy\" decoding=\"async\" class=\"alignnone size-full wp-image-1056\" src=\"https:\/\/www.euroresidentes.com\/estilo-de-vida\/envejecer\/wp-content\/uploads\/sites\/14\/2014\/01\/manos-orar.jpg\" alt=\"politica-politica-politica\" width=\"700\" height=\"525\" srcset=\"https:\/\/www.euroresidentes.com\/estilo-de-vida\/envejecer\/wp-content\/uploads\/sites\/14\/2014\/01\/manos-orar.jpg 700w, https:\/\/www.euroresidentes.com\/estilo-de-vida\/envejecer\/wp-content\/uploads\/sites\/14\/2014\/01\/manos-orar-300x225.jpg 300w\" sizes=\"auto, (max-width: 700px) 100vw, 700px\" \/><\/a><\/p>\n<p>No obstante, tambi\u00e9n hubo\u00a0sugerencias de lo que podr\u00eda ser inapropiado para rezar. En la parte\u00a0inferior de ese peque\u00f1o listado se encontraba el consejo que dec\u00eda\u00a0que \u00ablos partidos pol\u00edticos\u00bb pod\u00edan no ser un tema\u00a0adecuado. Puedo ver que tal vez haya un problema en esto, como que se\u00a0invite a comprometidos conservadores a rezar por un gobierno\u00a0laborista.<\/p>\n<p>T\u00e1cticamente podr\u00eda ser dif\u00edcil. Sin embargo, la\u00a0teolog\u00eda de este tipo de consejos es muy sospechosa. \u00bfEs que a Dios\u00a0no le interesa c\u00f3mo se gobierna el mundo?A m\u00ed no me parece\u00a0en absoluto dif\u00edcil rezar por un gobierno laborista. La pol\u00edtica es\u00a0una de las cosas que me parece que no puedo abandonar y que no dejan\u00a0de preocuparme a medida que me hago mayor; y no hay pol\u00edtica sin\u00a0partidos, aunque ninguno de ellos sea perfecto. La experiencia del\u00a0gobierno en coalici\u00f3n -algo nuevo para este pa\u00eds, pero familiar\u00a0para Alemania- se vuelve cada vez m\u00e1s tensa a medida que las\u00a0elecciones generales de 2015 acechan en el horizonte. Polly Toynbee\u00a0dice en <i>The Guardian<\/i> (el 17 de diciembre de 2013) que \u00e9stas\u00a0van va a ser las elecciones m\u00e1s venenosa y socialmente perjudiciales\u00a0en a\u00f1os. Dos cuestiones apuntan a esto.<\/p>\n<p>Una es todo el\u00a0complicado tema de la inmigraci\u00f3n. Los tabloides han enloquecido\u00a0ante la noticia de la adhesi\u00f3n de Ruman\u00eda y Bulgaria a la Uni\u00f3n\u00a0Europea, y advierten que una gran oleada de personas podr\u00eda entrar\u00a0en el Reino Unido. Hay indicios -aunque todav\u00eda no existe una\u00a0pol\u00edtica formal- de que el gobierno tiene planes para limitar\u00a0dr\u00e1sticamente el n\u00famero de inmigrantes. No obstante, el viceprimer\u00a0ministro est\u00e1 muy enojado por una pol\u00edtica que no ha sido acordada\u00a0por la Coalici\u00f3n y que \u00e9l considera que podr\u00eda da\u00f1ar la econom\u00eda.\u00a0\u201cNecesitamos inmigrantes\u201d, afirma.<\/p>\n<p>Otro de los temas\u00a0favoritos de los tabloides es la reforma del bienestar, sobre la que\u00a0el Primer Ministro, el Canciller y otros altos cargos del gabinete\u00a0siguen afirmando que es una manera de hacer frente a lo que ellos\u00a0denominan \u00abdependencia arraigada\u201d. Est\u00e1n decididos a hacer\u00a0m\u00e1s recortes y a ignorar totalmente el hecho de que \u00e9stos afectar\u00e1n\u00a0a las personas especialmente vulnerables. Los ministros son muy dados\u00a0a citar el gran proyecto de ley del bienestar, m\u00e1s que el coste del\u00a0Servicio Nacional de Salud y las escuelas, pero se olvidan de se\u00f1alar\u00a0que un porcentaje sustancial de esa suma (135.700 millones de libras)\u00a0corresponde a las pensiones y otros beneficios para los mayores. Y la\u00a0cruda realidad es que los pensionistas son m\u00e1s propensos a votar que\u00a0las personas que se encuentran en situaci\u00f3n de pobreza.<\/p>\n<p>Seguramente\u00a0estos son temas para el esclarecimiento, an\u00e1lisis y protesta. Y para\u00a0la oraci\u00f3n.<\/p>\n<div style=\"margin-bottom: 0cm;\">Bryan<\/div>\n","protected":false},"excerpt":{"rendered":"<p>Me invitaron a unirme a un c\u00edrculo de\u00a0oraci\u00f3n; la idea era que un grupo de nosotros se reuniese para rezar\u00a0regularmente por aquellas personas cuyas necesidades fuesen evidentes\u00a0para nosotros. Se dieron ejemplos de la clase de situaciones\u00a0personales que ser\u00edan dignas de oraci\u00f3n. No obstante, tambi\u00e9n hubo\u00a0sugerencias de lo que podr\u00eda ser inapropiado para rezar. En la parte\u00a0inferior de ese peque\u00f1o listado se encontraba el consejo que dec\u00eda\u00a0que \u00ablos partidos pol\u00edticos\u00bb pod\u00edan no ser un tema\u00a0adecuado. Puedo ver que tal vez haya un problema en esto, como que se\u00a0invite a comprometidos conservadores a rezar por un gobierno\u00a0laborista. T\u00e1cticamente podr\u00eda ser dif\u00edcil. Sin <\/p>\n","protected":false},"author":15,"featured_media":1056,"comment_status":"open","ping_status":"open","sticky":false,"template":"","format":"standard","meta":{"footnotes":""},"categories":[1],"tags":[],"class_list":["post-530","post","type-post","status-publish","format-standard","has-post-thumbnail","hentry","category-envejecer","has_thumb"],"yoast_head":"<!-- This site is optimized with the Yoast SEO plugin v24.1 - https:\/\/yoast.com\/wordpress\/plugins\/seo\/ -->\n<title>Pol\u00edtica, pol\u00edtica, pol\u00edtica - Envejecer<\/title>\n<meta name=\"robots\" content=\"index, follow, max-snippet:-1, max-image-preview:large, max-video-preview:-1\" \/>\n<link rel=\"canonical\" href=\"https:\/\/www.euroresidentes.com\/estilo-de-vida\/envejecer\/politica-politica-politica\/\" \/>\n<meta property=\"og:locale\" content=\"es_ES\" \/>\n<meta property=\"og:type\" content=\"article\" \/>\n<meta property=\"og:title\" content=\"Pol\u00edtica, pol\u00edtica, pol\u00edtica - Envejecer\" \/>\n<meta property=\"og:description\" content=\"Me invitaron a unirme a un c\u00edrculo de\u00a0oraci\u00f3n; la idea era que un grupo de nosotros se reuniese para rezar\u00a0regularmente por aquellas personas cuyas necesidades fuesen evidentes\u00a0para nosotros. Se dieron ejemplos de la clase de situaciones\u00a0personales que ser\u00edan dignas de oraci\u00f3n. No obstante, tambi\u00e9n hubo\u00a0sugerencias de lo que podr\u00eda ser inapropiado para rezar. En la parte\u00a0inferior de ese peque\u00f1o listado se encontraba el consejo que dec\u00eda\u00a0que \u00ablos partidos pol\u00edticos\u00bb pod\u00edan no ser un tema\u00a0adecuado. Puedo ver que tal vez haya un problema en esto, como que se\u00a0invite a comprometidos conservadores a rezar por un gobierno\u00a0laborista. T\u00e1cticamente podr\u00eda ser dif\u00edcil. Sin\" \/>\n<meta property=\"og:url\" content=\"https:\/\/www.euroresidentes.com\/estilo-de-vida\/envejecer\/politica-politica-politica\/\" \/>\n<meta property=\"og:site_name\" content=\"Envejecer\" \/>\n<meta property=\"article:published_time\" content=\"2014-01-13T11:53:00+00:00\" \/>\n<meta property=\"article:modified_time\" content=\"2016-02-03T12:43:40+00:00\" \/>\n<meta property=\"og:image\" content=\"https:\/\/www.euroresidentes.com\/estilo-de-vida\/envejecer\/wp-content\/uploads\/sites\/14\/2014\/01\/manos-orar.jpg\" \/>\n\t<meta property=\"og:image:width\" content=\"700\" \/>\n\t<meta property=\"og:image:height\" content=\"525\" \/>\n\t<meta property=\"og:image:type\" content=\"image\/jpeg\" \/>\n<meta name=\"author\" content=\"bryan rippin\" \/>\n<meta name=\"twitter:card\" content=\"summary_large_image\" \/>\n<meta name=\"twitter:label1\" content=\"Written by\" \/>\n\t<meta name=\"twitter:data1\" content=\"bryan rippin\" \/>\n\t<meta name=\"twitter:label2\" content=\"Est. reading time\" \/>\n\t<meta name=\"twitter:data2\" content=\"3 minutos\" \/>\n<script type=\"application\/ld+json\" class=\"yoast-schema-graph\">{\"@context\":\"https:\/\/schema.org\",\"@graph\":[{\"@type\":\"WebPage\",\"@id\":\"https:\/\/www.euroresidentes.com\/estilo-de-vida\/envejecer\/politica-politica-politica\/\",\"url\":\"https:\/\/www.euroresidentes.com\/estilo-de-vida\/envejecer\/politica-politica-politica\/\",\"name\":\"Pol\u00edtica, pol\u00edtica, pol\u00edtica - Envejecer\",\"isPartOf\":{\"@id\":\"https:\/\/www.euroresidentes.com\/estilo-de-vida\/envejecer\/#website\"},\"primaryImageOfPage\":{\"@id\":\"https:\/\/www.euroresidentes.com\/estilo-de-vida\/envejecer\/politica-politica-politica\/#primaryimage\"},\"image\":{\"@id\":\"https:\/\/www.euroresidentes.com\/estilo-de-vida\/envejecer\/politica-politica-politica\/#primaryimage\"},\"thumbnailUrl\":\"https:\/\/www.euroresidentes.com\/estilo-de-vida\/envejecer\/wp-content\/uploads\/sites\/14\/2014\/01\/manos-orar.jpg\",\"datePublished\":\"2014-01-13T11:53:00+00:00\",\"dateModified\":\"2016-02-03T12:43:40+00:00\",\"author\":{\"@id\":\"https:\/\/www.euroresidentes.com\/estilo-de-vida\/envejecer\/#\/schema\/person\/1f658cb6261a2a459e0354612c872871\"},\"breadcrumb\":{\"@id\":\"https:\/\/www.euroresidentes.com\/estilo-de-vida\/envejecer\/politica-politica-politica\/#breadcrumb\"},\"inLanguage\":\"es\",\"potentialAction\":[{\"@type\":\"ReadAction\",\"target\":[\"https:\/\/www.euroresidentes.com\/estilo-de-vida\/envejecer\/politica-politica-politica\/\"]}]},{\"@type\":\"ImageObject\",\"inLanguage\":\"es\",\"@id\":\"https:\/\/www.euroresidentes.com\/estilo-de-vida\/envejecer\/politica-politica-politica\/#primaryimage\",\"url\":\"https:\/\/www.euroresidentes.com\/estilo-de-vida\/envejecer\/wp-content\/uploads\/sites\/14\/2014\/01\/manos-orar.jpg\",\"contentUrl\":\"https:\/\/www.euroresidentes.com\/estilo-de-vida\/envejecer\/wp-content\/uploads\/sites\/14\/2014\/01\/manos-orar.jpg\",\"width\":700,\"height\":525,\"caption\":\"politica-politica-politica\"},{\"@type\":\"BreadcrumbList\",\"@id\":\"https:\/\/www.euroresidentes.com\/estilo-de-vida\/envejecer\/politica-politica-politica\/#breadcrumb\",\"itemListElement\":[{\"@type\":\"ListItem\",\"position\":1,\"name\":\"Portada\",\"item\":\"https:\/\/www.euroresidentes.com\/estilo-de-vida\/envejecer\/\"},{\"@type\":\"ListItem\",\"position\":2,\"name\":\"Pol\u00edtica, pol\u00edtica, pol\u00edtica\"}]},{\"@type\":\"WebSite\",\"@id\":\"https:\/\/www.euroresidentes.com\/estilo-de-vida\/envejecer\/#website\",\"url\":\"https:\/\/www.euroresidentes.com\/estilo-de-vida\/envejecer\/\",\"name\":\"Envejecer\",\"description\":\"Reflexiones sobre la vejez\",\"potentialAction\":[{\"@type\":\"SearchAction\",\"target\":{\"@type\":\"EntryPoint\",\"urlTemplate\":\"https:\/\/www.euroresidentes.com\/estilo-de-vida\/envejecer\/?s={search_term_string}\"},\"query-input\":{\"@type\":\"PropertyValueSpecification\",\"valueRequired\":true,\"valueName\":\"search_term_string\"}}],\"inLanguage\":\"es\"},{\"@type\":\"Person\",\"@id\":\"https:\/\/www.euroresidentes.com\/estilo-de-vida\/envejecer\/#\/schema\/person\/1f658cb6261a2a459e0354612c872871\",\"name\":\"bryan rippin\",\"image\":{\"@type\":\"ImageObject\",\"inLanguage\":\"es\",\"@id\":\"https:\/\/www.euroresidentes.com\/estilo-de-vida\/envejecer\/#\/schema\/person\/image\/\",\"url\":\"https:\/\/secure.gravatar.com\/avatar\/?s=96&d=mm&r=g\",\"contentUrl\":\"https:\/\/secure.gravatar.com\/avatar\/?s=96&d=mm&r=g\",\"caption\":\"bryan rippin\"},\"sameAs\":[\"https:\/\/www.euroresidentes.com\/info.htm\"],\"url\":\"https:\/\/www.euroresidentes.com\/estilo-de-vida\/envejecer\/author\/bryan-rippin\/\"}]}<\/script>\n<!-- \/ Yoast SEO plugin. -->","yoast_head_json":{"title":"Pol\u00edtica, pol\u00edtica, pol\u00edtica - Envejecer","robots":{"index":"index","follow":"follow","max-snippet":"max-snippet:-1","max-image-preview":"max-image-preview:large","max-video-preview":"max-video-preview:-1"},"canonical":"https:\/\/www.euroresidentes.com\/estilo-de-vida\/envejecer\/politica-politica-politica\/","og_locale":"es_ES","og_type":"article","og_title":"Pol\u00edtica, pol\u00edtica, pol\u00edtica - Envejecer","og_description":"Me invitaron a unirme a un c\u00edrculo de\u00a0oraci\u00f3n; la idea era que un grupo de nosotros se reuniese para rezar\u00a0regularmente por aquellas personas cuyas necesidades fuesen evidentes\u00a0para nosotros. Se dieron ejemplos de la clase de situaciones\u00a0personales que ser\u00edan dignas de oraci\u00f3n. No obstante, tambi\u00e9n hubo\u00a0sugerencias de lo que podr\u00eda ser inapropiado para rezar. En la parte\u00a0inferior de ese peque\u00f1o listado se encontraba el consejo que dec\u00eda\u00a0que \u00ablos partidos pol\u00edticos\u00bb pod\u00edan no ser un tema\u00a0adecuado. Puedo ver que tal vez haya un problema en esto, como que se\u00a0invite a comprometidos conservadores a rezar por un gobierno\u00a0laborista. T\u00e1cticamente podr\u00eda ser dif\u00edcil. Sin","og_url":"https:\/\/www.euroresidentes.com\/estilo-de-vida\/envejecer\/politica-politica-politica\/","og_site_name":"Envejecer","article_published_time":"2014-01-13T11:53:00+00:00","article_modified_time":"2016-02-03T12:43:40+00:00","og_image":[{"width":700,"height":525,"url":"https:\/\/www.euroresidentes.com\/estilo-de-vida\/envejecer\/wp-content\/uploads\/sites\/14\/2014\/01\/manos-orar.jpg","type":"image\/jpeg"}],"author":"bryan rippin","twitter_card":"summary_large_image","twitter_misc":{"Written by":"bryan rippin","Est. reading time":"3 minutos"},"schema":{"@context":"https:\/\/schema.org","@graph":[{"@type":"WebPage","@id":"https:\/\/www.euroresidentes.com\/estilo-de-vida\/envejecer\/politica-politica-politica\/","url":"https:\/\/www.euroresidentes.com\/estilo-de-vida\/envejecer\/politica-politica-politica\/","name":"Pol\u00edtica, pol\u00edtica, pol\u00edtica - Envejecer","isPartOf":{"@id":"https:\/\/www.euroresidentes.com\/estilo-de-vida\/envejecer\/#website"},"primaryImageOfPage":{"@id":"https:\/\/www.euroresidentes.com\/estilo-de-vida\/envejecer\/politica-politica-politica\/#primaryimage"},"image":{"@id":"https:\/\/www.euroresidentes.com\/estilo-de-vida\/envejecer\/politica-politica-politica\/#primaryimage"},"thumbnailUrl":"https:\/\/www.euroresidentes.com\/estilo-de-vida\/envejecer\/wp-content\/uploads\/sites\/14\/2014\/01\/manos-orar.jpg","datePublished":"2014-01-13T11:53:00+00:00","dateModified":"2016-02-03T12:43:40+00:00","author":{"@id":"https:\/\/www.euroresidentes.com\/estilo-de-vida\/envejecer\/#\/schema\/person\/1f658cb6261a2a459e0354612c872871"},"breadcrumb":{"@id":"https:\/\/www.euroresidentes.com\/estilo-de-vida\/envejecer\/politica-politica-politica\/#breadcrumb"},"inLanguage":"es","potentialAction":[{"@type":"ReadAction","target":["https:\/\/www.euroresidentes.com\/estilo-de-vida\/envejecer\/politica-politica-politica\/"]}]},{"@type":"ImageObject","inLanguage":"es","@id":"https:\/\/www.euroresidentes.com\/estilo-de-vida\/envejecer\/politica-politica-politica\/#primaryimage","url":"https:\/\/www.euroresidentes.com\/estilo-de-vida\/envejecer\/wp-content\/uploads\/sites\/14\/2014\/01\/manos-orar.jpg","contentUrl":"https:\/\/www.euroresidentes.com\/estilo-de-vida\/envejecer\/wp-content\/uploads\/sites\/14\/2014\/01\/manos-orar.jpg","width":700,"height":525,"caption":"politica-politica-politica"},{"@type":"BreadcrumbList","@id":"https:\/\/www.euroresidentes.com\/estilo-de-vida\/envejecer\/politica-politica-politica\/#breadcrumb","itemListElement":[{"@type":"ListItem","position":1,"name":"Portada","item":"https:\/\/www.euroresidentes.com\/estilo-de-vida\/envejecer\/"},{"@type":"ListItem","position":2,"name":"Pol\u00edtica, pol\u00edtica, pol\u00edtica"}]},{"@type":"WebSite","@id":"https:\/\/www.euroresidentes.com\/estilo-de-vida\/envejecer\/#website","url":"https:\/\/www.euroresidentes.com\/estilo-de-vida\/envejecer\/","name":"Envejecer","description":"Reflexiones sobre la vejez","potentialAction":[{"@type":"SearchAction","target":{"@type":"EntryPoint","urlTemplate":"https:\/\/www.euroresidentes.com\/estilo-de-vida\/envejecer\/?s={search_term_string}"},"query-input":{"@type":"PropertyValueSpecification","valueRequired":true,"valueName":"search_term_string"}}],"inLanguage":"es"},{"@type":"Person","@id":"https:\/\/www.euroresidentes.com\/estilo-de-vida\/envejecer\/#\/schema\/person\/1f658cb6261a2a459e0354612c872871","name":"bryan rippin","image":{"@type":"ImageObject","inLanguage":"es","@id":"https:\/\/www.euroresidentes.com\/estilo-de-vida\/envejecer\/#\/schema\/person\/image\/","url":"https:\/\/secure.gravatar.com\/avatar\/?s=96&d=mm&r=g","contentUrl":"https:\/\/secure.gravatar.com\/avatar\/?s=96&d=mm&r=g","caption":"bryan rippin"},"sameAs":["https:\/\/www.euroresidentes.com\/info.htm"],"url":"https:\/\/www.euroresidentes.com\/estilo-de-vida\/envejecer\/author\/bryan-rippin\/"}]}},"_links":{"self":[{"href":"https:\/\/www.euroresidentes.com\/estilo-de-vida\/envejecer\/wp-json\/wp\/v2\/posts\/530","targetHints":{"allow":["GET"]}}],"collection":[{"href":"https:\/\/www.euroresidentes.com\/estilo-de-vida\/envejecer\/wp-json\/wp\/v2\/posts"}],"about":[{"href":"https:\/\/www.euroresidentes.com\/estilo-de-vida\/envejecer\/wp-json\/wp\/v2\/types\/post"}],"author":[{"embeddable":true,"href":"https:\/\/www.euroresidentes.com\/estilo-de-vida\/envejecer\/wp-json\/wp\/v2\/users\/15"}],"replies":[{"embeddable":true,"href":"https:\/\/www.euroresidentes.com\/estilo-de-vida\/envejecer\/wp-json\/wp\/v2\/comments?post=530"}],"version-history":[{"count":4,"href":"https:\/\/www.euroresidentes.com\/estilo-de-vida\/envejecer\/wp-json\/wp\/v2\/posts\/530\/revisions"}],"predecessor-version":[{"id":1057,"href":"https:\/\/www.euroresidentes.com\/estilo-de-vida\/envejecer\/wp-json\/wp\/v2\/posts\/530\/revisions\/1057"}],"wp:featuredmedia":[{"embeddable":true,"href":"https:\/\/www.euroresidentes.com\/estilo-de-vida\/envejecer\/wp-json\/wp\/v2\/media\/1056"}],"wp:attachment":[{"href":"https:\/\/www.euroresidentes.com\/estilo-de-vida\/envejecer\/wp-json\/wp\/v2\/media?parent=530"}],"wp:term":[{"taxonomy":"category","embeddable":true,"href":"https:\/\/www.euroresidentes.com\/estilo-de-vida\/envejecer\/wp-json\/wp\/v2\/categories?post=530"},{"taxonomy":"post_tag","embeddable":true,"href":"https:\/\/www.euroresidentes.com\/estilo-de-vida\/envejecer\/wp-json\/wp\/v2\/tags?post=530"}],"curies":[{"name":"wp","href":"https:\/\/api.w.org\/{rel}","templated":true}]}}