{"id":527,"date":"2014-02-19T17:19:00","date_gmt":"2014-02-19T17:19:00","guid":{"rendered":"http:\/\/www.euroresidentes.com\/estilo-de-vida\/envejecer\/esta-ha-sido-mi-vida"},"modified":"2019-08-21T19:58:11","modified_gmt":"2019-08-21T17:58:11","slug":"esta-ha-sido-mi-vida","status":"publish","type":"post","link":"https:\/\/www.euroresidentes.com\/estilo-de-vida\/envejecer\/esta-ha-sido-mi-vida\/","title":{"rendered":"Esta ha sido mi vida"},"content":{"rendered":"<div style=\"margin-bottom: 0cm;\">Supongo que la mayor\u00eda de la gente no\u00a0piensa demasiado en el futuro; el ma\u00f1ana puede cuidar de s\u00ed mismo o\u00a0seg\u00fan la frase b\u00edblica: \u00abes suficiente para el d\u00eda\u00bb. El\u00a0hoy es lo que importa. Las personas mayores pueden no sentir lo\u00a0mismo.<\/div>\n<div style=\"margin-bottom: 0cm;\">\u00a0<\/div>\n<div style=\"margin-bottom: 0cm; text-align: center;\"><a href=\"https:\/\/www.euroresidentes.com\/estilo-de-vida\/envejecer\/wp-content\/uploads\/sites\/14\/2014\/02\/vida-corazon.jpg\"><img loading=\"lazy\" decoding=\"async\" class=\"alignnone size-full wp-image-1054\" src=\"https:\/\/www.euroresidentes.com\/estilo-de-vida\/envejecer\/wp-content\/uploads\/sites\/14\/2014\/02\/vida-corazon.jpg\" alt=\"esta-ha-sido-mi-vida\" width=\"700\" height=\"525\" srcset=\"https:\/\/www.euroresidentes.com\/estilo-de-vida\/envejecer\/wp-content\/uploads\/sites\/14\/2014\/02\/vida-corazon.jpg 700w, https:\/\/www.euroresidentes.com\/estilo-de-vida\/envejecer\/wp-content\/uploads\/sites\/14\/2014\/02\/vida-corazon-300x225.jpg 300w\" sizes=\"auto, (max-width: 700px) 100vw, 700px\" \/><\/a><\/div>\n<div style=\"margin-bottom: 0cm; text-align: center;\">\u00a0<\/div>\n<div style=\"margin-bottom: 0cm;\">Reconocemos que nuestros d\u00edas est\u00e1n contados y somos\u00a0conscientes de que nuestros ma\u00f1anas son limitados; reflexionamos\u00a0sobre nuestra historia personal y nos preguntamos c\u00f3mo ha sido\u00a0nuestra vida m\u00e1s o menos. Si bien es poco \u00fatil vivir en el pasado,\u00a0existe esta necesidad de reconocer de d\u00f3nde venimos y c\u00f3mo nos han\u00a0definido los a\u00f1os. Nos gustar\u00eda pensar que hemos ayudado a hacer del mundo un lugar mejor.<\/div>\n<div>\u00a0<\/div>\n<div style=\"margin-bottom: 0cm;\">Uno de los archivos de nuestro\u00a0gabinete est\u00e1 dedicado a temas familiares. Alberga una mezcolanza de\u00a0recuerdos: fotos que no vale la pena enmarcar, pero que no queremos\u00a0tirar; certificados de nacimiento, matrimonio y defunci\u00f3n; mi CV\u00a0preparado para un trabajo al que una vez envi\u00e9 una solicitud;\u00a0pasaportes antiguos, etc. Y un cuaderno con las iniciales de mi\u00a0padre. En apenas cuatro p\u00e1ginas, narra los eventos desde su\u00a0nacimiento en 1900 a su jubilaci\u00f3n en el a\u00f1o 1965, a trav\u00e9s de lo\u00a0que, obviamente, \u00e9l consideraba los acontecimientos fundamentales de\u00a0su vida. Escrito en 1978, s\u00f3lo dos a\u00f1os antes de morir, se titula \u00abEsta ha sido mi vida\u00bb.<\/div>\n<div>\u00a0<\/div>\n<div style=\"margin-bottom: 0cm;\">Hay cuatro p\u00e1ginas de\u00a0encabezamientos abreviados que podr\u00edan haber estado destinados a\u00a0servir como base para una autobiograf\u00eda, aunque no me parece\u00a0probable. Seguramente s\u00f3lo quer\u00eda recordar a d\u00f3nde lo hab\u00eda\u00a0llevado su vida. Comienza con su lugar de nacimiento, para\u00a0luego hablar de su primera escuela, la Escuela de la se\u00f1orita\u00a0Broadribb para los hijos de los caballeros. De all\u00ed fue a un\u00a0internado cuando ten\u00eda nueve a\u00f1os y luego a una escuela t\u00e9cnica en\u00a0donde fue \u00abacad\u00e9micamente mediocre pero bien en deportes\u00bb. Sus primeros trabajos fueron en la localidad, pero luego se convirti\u00f3\u00a0en empleado de un corredor de bolsa de la ciudad de Londres. Sirvi\u00f3\u00a0como un se\u00f1alero naval en la guerra de 1914-1918.<\/div>\n<div style=\"margin-bottom: 0cm;\">Una de nuestras\u00a0historias familiares es que su barco fue torpedeado y lo rescataron\u00a0despu\u00e9s de permanecer varias horas en el mar. Curiosamente no\u00a0menciona eso. Fue oficial de defensa civil en la guerra de 1939-1945. El trabajo que m\u00e1s le gust\u00f3 fue la gesti\u00f3n de personal en una\u00a0empresa de aeronaves para la que trabaj\u00f3 en tres centros diferentes\u00a0y por un corto per\u00edodo tiempo en el extranjero. De paso,\u00a0menciona que se cas\u00f3 en 1923 y que tuvo un hijo y una hija, pero no\u00a0dice nuestros nombres. Se\u00f1ala que nos evacuaron en 1940 y s\u00f3lo\u00a0alude a los desacuerdos con mi madre, de quien estaba profundamente\u00a0enamorado, cuando escribe que su \u00faltimo empleador quer\u00eda que se siguiera trabajando despu\u00e9s de la edad de jubilaci\u00f3n, pero las\u00a0\u00abdificultades con su esposa\u00bb lo impidieron.<\/div>\n<div style=\"margin-bottom: 0cm;\">El texto solo\u00a0trata sobre hechos, no sentimientos. Era un hombre acorde a su tiempo\u00a0y cultura; la emoci\u00f3n era algo que se guardaba para uno mismo. Aunque lo recordamos con mucho cari\u00f1o, es como si \u00e9l s\u00f3lo\u00a0pudiera pensar en s\u00ed mismo en relaci\u00f3n con su trabajo; o d\u00f3nde\u00a0hab\u00eda estado. Qui\u00e9n era -un hombre querido- nos importa m\u00e1s a\u00a0 nosotros. Bryan<\/div>\n<div style=\"margin-bottom: 0cm;\">\u00a0<\/div>\n","protected":false},"excerpt":{"rendered":"<p>Supongo que la mayor\u00eda de la gente no\u00a0piensa demasiado en el futuro; el ma\u00f1ana puede cuidar de s\u00ed mismo o\u00a0seg\u00fan la frase b\u00edblica: \u00abes suficiente para el d\u00eda\u00bb. El\u00a0hoy es lo que importa. Las personas mayores pueden no sentir lo\u00a0mismo. \u00a0 \u00a0 Reconocemos que nuestros d\u00edas est\u00e1n contados y somos\u00a0conscientes de que nuestros ma\u00f1anas son limitados; reflexionamos\u00a0sobre nuestra historia personal y nos preguntamos c\u00f3mo ha sido\u00a0nuestra vida m\u00e1s o menos. Si bien es poco \u00fatil vivir en el pasado,\u00a0existe esta necesidad de reconocer de d\u00f3nde venimos y c\u00f3mo nos han\u00a0definido los a\u00f1os. Nos gustar\u00eda pensar que hemos ayudado a hacer <\/p>\n","protected":false},"author":15,"featured_media":1054,"comment_status":"open","ping_status":"open","sticky":false,"template":"","format":"standard","meta":{"footnotes":""},"categories":[1],"tags":[],"class_list":["post-527","post","type-post","status-publish","format-standard","has-post-thumbnail","hentry","category-envejecer","has_thumb"],"yoast_head":"<!-- This site is optimized with the Yoast SEO plugin v24.1 - https:\/\/yoast.com\/wordpress\/plugins\/seo\/ -->\n<title>Esta ha sido mi vida - Envejecer<\/title>\n<meta name=\"robots\" content=\"index, follow, max-snippet:-1, max-image-preview:large, max-video-preview:-1\" \/>\n<link rel=\"canonical\" href=\"https:\/\/www.euroresidentes.com\/estilo-de-vida\/envejecer\/esta-ha-sido-mi-vida\/\" \/>\n<meta property=\"og:locale\" content=\"es_ES\" \/>\n<meta property=\"og:type\" content=\"article\" \/>\n<meta property=\"og:title\" content=\"Esta ha sido mi vida - Envejecer\" \/>\n<meta property=\"og:description\" content=\"Supongo que la mayor\u00eda de la gente no\u00a0piensa demasiado en el futuro; el ma\u00f1ana puede cuidar de s\u00ed mismo o\u00a0seg\u00fan la frase b\u00edblica: \u00abes suficiente para el d\u00eda\u00bb. El\u00a0hoy es lo que importa. Las personas mayores pueden no sentir lo\u00a0mismo. \u00a0 \u00a0 Reconocemos que nuestros d\u00edas est\u00e1n contados y somos\u00a0conscientes de que nuestros ma\u00f1anas son limitados; reflexionamos\u00a0sobre nuestra historia personal y nos preguntamos c\u00f3mo ha sido\u00a0nuestra vida m\u00e1s o menos. Si bien es poco \u00fatil vivir en el pasado,\u00a0existe esta necesidad de reconocer de d\u00f3nde venimos y c\u00f3mo nos han\u00a0definido los a\u00f1os. Nos gustar\u00eda pensar que hemos ayudado a hacer\" \/>\n<meta property=\"og:url\" content=\"https:\/\/www.euroresidentes.com\/estilo-de-vida\/envejecer\/esta-ha-sido-mi-vida\/\" \/>\n<meta property=\"og:site_name\" content=\"Envejecer\" \/>\n<meta property=\"article:published_time\" content=\"2014-02-19T17:19:00+00:00\" \/>\n<meta property=\"article:modified_time\" content=\"2019-08-21T17:58:11+00:00\" \/>\n<meta property=\"og:image\" content=\"https:\/\/www.euroresidentes.com\/estilo-de-vida\/envejecer\/wp-content\/uploads\/sites\/14\/2014\/02\/vida-corazon.jpg\" \/>\n\t<meta property=\"og:image:width\" content=\"700\" \/>\n\t<meta property=\"og:image:height\" content=\"525\" \/>\n\t<meta property=\"og:image:type\" content=\"image\/jpeg\" \/>\n<meta name=\"author\" content=\"bryan rippin\" \/>\n<meta name=\"twitter:card\" content=\"summary_large_image\" \/>\n<meta name=\"twitter:label1\" content=\"Written by\" \/>\n\t<meta name=\"twitter:data1\" content=\"bryan rippin\" \/>\n\t<meta name=\"twitter:label2\" content=\"Est. reading time\" \/>\n\t<meta name=\"twitter:data2\" content=\"3 minutos\" \/>\n<script type=\"application\/ld+json\" class=\"yoast-schema-graph\">{\"@context\":\"https:\/\/schema.org\",\"@graph\":[{\"@type\":\"WebPage\",\"@id\":\"https:\/\/www.euroresidentes.com\/estilo-de-vida\/envejecer\/esta-ha-sido-mi-vida\/\",\"url\":\"https:\/\/www.euroresidentes.com\/estilo-de-vida\/envejecer\/esta-ha-sido-mi-vida\/\",\"name\":\"Esta ha sido mi vida - Envejecer\",\"isPartOf\":{\"@id\":\"https:\/\/www.euroresidentes.com\/estilo-de-vida\/envejecer\/#website\"},\"primaryImageOfPage\":{\"@id\":\"https:\/\/www.euroresidentes.com\/estilo-de-vida\/envejecer\/esta-ha-sido-mi-vida\/#primaryimage\"},\"image\":{\"@id\":\"https:\/\/www.euroresidentes.com\/estilo-de-vida\/envejecer\/esta-ha-sido-mi-vida\/#primaryimage\"},\"thumbnailUrl\":\"https:\/\/www.euroresidentes.com\/estilo-de-vida\/envejecer\/wp-content\/uploads\/sites\/14\/2014\/02\/vida-corazon.jpg\",\"datePublished\":\"2014-02-19T17:19:00+00:00\",\"dateModified\":\"2019-08-21T17:58:11+00:00\",\"author\":{\"@id\":\"https:\/\/www.euroresidentes.com\/estilo-de-vida\/envejecer\/#\/schema\/person\/1f658cb6261a2a459e0354612c872871\"},\"breadcrumb\":{\"@id\":\"https:\/\/www.euroresidentes.com\/estilo-de-vida\/envejecer\/esta-ha-sido-mi-vida\/#breadcrumb\"},\"inLanguage\":\"es\",\"potentialAction\":[{\"@type\":\"ReadAction\",\"target\":[\"https:\/\/www.euroresidentes.com\/estilo-de-vida\/envejecer\/esta-ha-sido-mi-vida\/\"]}]},{\"@type\":\"ImageObject\",\"inLanguage\":\"es\",\"@id\":\"https:\/\/www.euroresidentes.com\/estilo-de-vida\/envejecer\/esta-ha-sido-mi-vida\/#primaryimage\",\"url\":\"https:\/\/www.euroresidentes.com\/estilo-de-vida\/envejecer\/wp-content\/uploads\/sites\/14\/2014\/02\/vida-corazon.jpg\",\"contentUrl\":\"https:\/\/www.euroresidentes.com\/estilo-de-vida\/envejecer\/wp-content\/uploads\/sites\/14\/2014\/02\/vida-corazon.jpg\",\"width\":700,\"height\":525,\"caption\":\"esta-ha-sido-mi-vida\"},{\"@type\":\"BreadcrumbList\",\"@id\":\"https:\/\/www.euroresidentes.com\/estilo-de-vida\/envejecer\/esta-ha-sido-mi-vida\/#breadcrumb\",\"itemListElement\":[{\"@type\":\"ListItem\",\"position\":1,\"name\":\"Portada\",\"item\":\"https:\/\/www.euroresidentes.com\/estilo-de-vida\/envejecer\/\"},{\"@type\":\"ListItem\",\"position\":2,\"name\":\"Esta ha sido mi vida\"}]},{\"@type\":\"WebSite\",\"@id\":\"https:\/\/www.euroresidentes.com\/estilo-de-vida\/envejecer\/#website\",\"url\":\"https:\/\/www.euroresidentes.com\/estilo-de-vida\/envejecer\/\",\"name\":\"Envejecer\",\"description\":\"Reflexiones sobre la vejez\",\"potentialAction\":[{\"@type\":\"SearchAction\",\"target\":{\"@type\":\"EntryPoint\",\"urlTemplate\":\"https:\/\/www.euroresidentes.com\/estilo-de-vida\/envejecer\/?s={search_term_string}\"},\"query-input\":{\"@type\":\"PropertyValueSpecification\",\"valueRequired\":true,\"valueName\":\"search_term_string\"}}],\"inLanguage\":\"es\"},{\"@type\":\"Person\",\"@id\":\"https:\/\/www.euroresidentes.com\/estilo-de-vida\/envejecer\/#\/schema\/person\/1f658cb6261a2a459e0354612c872871\",\"name\":\"bryan rippin\",\"image\":{\"@type\":\"ImageObject\",\"inLanguage\":\"es\",\"@id\":\"https:\/\/www.euroresidentes.com\/estilo-de-vida\/envejecer\/#\/schema\/person\/image\/\",\"url\":\"https:\/\/secure.gravatar.com\/avatar\/?s=96&d=mm&r=g\",\"contentUrl\":\"https:\/\/secure.gravatar.com\/avatar\/?s=96&d=mm&r=g\",\"caption\":\"bryan rippin\"},\"sameAs\":[\"https:\/\/www.euroresidentes.com\/info.htm\"],\"url\":\"https:\/\/www.euroresidentes.com\/estilo-de-vida\/envejecer\/author\/bryan-rippin\/\"}]}<\/script>\n<!-- \/ Yoast SEO plugin. -->","yoast_head_json":{"title":"Esta ha sido mi vida - Envejecer","robots":{"index":"index","follow":"follow","max-snippet":"max-snippet:-1","max-image-preview":"max-image-preview:large","max-video-preview":"max-video-preview:-1"},"canonical":"https:\/\/www.euroresidentes.com\/estilo-de-vida\/envejecer\/esta-ha-sido-mi-vida\/","og_locale":"es_ES","og_type":"article","og_title":"Esta ha sido mi vida - Envejecer","og_description":"Supongo que la mayor\u00eda de la gente no\u00a0piensa demasiado en el futuro; el ma\u00f1ana puede cuidar de s\u00ed mismo o\u00a0seg\u00fan la frase b\u00edblica: \u00abes suficiente para el d\u00eda\u00bb. El\u00a0hoy es lo que importa. Las personas mayores pueden no sentir lo\u00a0mismo. \u00a0 \u00a0 Reconocemos que nuestros d\u00edas est\u00e1n contados y somos\u00a0conscientes de que nuestros ma\u00f1anas son limitados; reflexionamos\u00a0sobre nuestra historia personal y nos preguntamos c\u00f3mo ha sido\u00a0nuestra vida m\u00e1s o menos. Si bien es poco \u00fatil vivir en el pasado,\u00a0existe esta necesidad de reconocer de d\u00f3nde venimos y c\u00f3mo nos han\u00a0definido los a\u00f1os. Nos gustar\u00eda pensar que hemos ayudado a hacer","og_url":"https:\/\/www.euroresidentes.com\/estilo-de-vida\/envejecer\/esta-ha-sido-mi-vida\/","og_site_name":"Envejecer","article_published_time":"2014-02-19T17:19:00+00:00","article_modified_time":"2019-08-21T17:58:11+00:00","og_image":[{"width":700,"height":525,"url":"https:\/\/www.euroresidentes.com\/estilo-de-vida\/envejecer\/wp-content\/uploads\/sites\/14\/2014\/02\/vida-corazon.jpg","type":"image\/jpeg"}],"author":"bryan rippin","twitter_card":"summary_large_image","twitter_misc":{"Written by":"bryan rippin","Est. reading time":"3 minutos"},"schema":{"@context":"https:\/\/schema.org","@graph":[{"@type":"WebPage","@id":"https:\/\/www.euroresidentes.com\/estilo-de-vida\/envejecer\/esta-ha-sido-mi-vida\/","url":"https:\/\/www.euroresidentes.com\/estilo-de-vida\/envejecer\/esta-ha-sido-mi-vida\/","name":"Esta ha sido mi vida - Envejecer","isPartOf":{"@id":"https:\/\/www.euroresidentes.com\/estilo-de-vida\/envejecer\/#website"},"primaryImageOfPage":{"@id":"https:\/\/www.euroresidentes.com\/estilo-de-vida\/envejecer\/esta-ha-sido-mi-vida\/#primaryimage"},"image":{"@id":"https:\/\/www.euroresidentes.com\/estilo-de-vida\/envejecer\/esta-ha-sido-mi-vida\/#primaryimage"},"thumbnailUrl":"https:\/\/www.euroresidentes.com\/estilo-de-vida\/envejecer\/wp-content\/uploads\/sites\/14\/2014\/02\/vida-corazon.jpg","datePublished":"2014-02-19T17:19:00+00:00","dateModified":"2019-08-21T17:58:11+00:00","author":{"@id":"https:\/\/www.euroresidentes.com\/estilo-de-vida\/envejecer\/#\/schema\/person\/1f658cb6261a2a459e0354612c872871"},"breadcrumb":{"@id":"https:\/\/www.euroresidentes.com\/estilo-de-vida\/envejecer\/esta-ha-sido-mi-vida\/#breadcrumb"},"inLanguage":"es","potentialAction":[{"@type":"ReadAction","target":["https:\/\/www.euroresidentes.com\/estilo-de-vida\/envejecer\/esta-ha-sido-mi-vida\/"]}]},{"@type":"ImageObject","inLanguage":"es","@id":"https:\/\/www.euroresidentes.com\/estilo-de-vida\/envejecer\/esta-ha-sido-mi-vida\/#primaryimage","url":"https:\/\/www.euroresidentes.com\/estilo-de-vida\/envejecer\/wp-content\/uploads\/sites\/14\/2014\/02\/vida-corazon.jpg","contentUrl":"https:\/\/www.euroresidentes.com\/estilo-de-vida\/envejecer\/wp-content\/uploads\/sites\/14\/2014\/02\/vida-corazon.jpg","width":700,"height":525,"caption":"esta-ha-sido-mi-vida"},{"@type":"BreadcrumbList","@id":"https:\/\/www.euroresidentes.com\/estilo-de-vida\/envejecer\/esta-ha-sido-mi-vida\/#breadcrumb","itemListElement":[{"@type":"ListItem","position":1,"name":"Portada","item":"https:\/\/www.euroresidentes.com\/estilo-de-vida\/envejecer\/"},{"@type":"ListItem","position":2,"name":"Esta ha sido mi vida"}]},{"@type":"WebSite","@id":"https:\/\/www.euroresidentes.com\/estilo-de-vida\/envejecer\/#website","url":"https:\/\/www.euroresidentes.com\/estilo-de-vida\/envejecer\/","name":"Envejecer","description":"Reflexiones sobre la vejez","potentialAction":[{"@type":"SearchAction","target":{"@type":"EntryPoint","urlTemplate":"https:\/\/www.euroresidentes.com\/estilo-de-vida\/envejecer\/?s={search_term_string}"},"query-input":{"@type":"PropertyValueSpecification","valueRequired":true,"valueName":"search_term_string"}}],"inLanguage":"es"},{"@type":"Person","@id":"https:\/\/www.euroresidentes.com\/estilo-de-vida\/envejecer\/#\/schema\/person\/1f658cb6261a2a459e0354612c872871","name":"bryan rippin","image":{"@type":"ImageObject","inLanguage":"es","@id":"https:\/\/www.euroresidentes.com\/estilo-de-vida\/envejecer\/#\/schema\/person\/image\/","url":"https:\/\/secure.gravatar.com\/avatar\/?s=96&d=mm&r=g","contentUrl":"https:\/\/secure.gravatar.com\/avatar\/?s=96&d=mm&r=g","caption":"bryan rippin"},"sameAs":["https:\/\/www.euroresidentes.com\/info.htm"],"url":"https:\/\/www.euroresidentes.com\/estilo-de-vida\/envejecer\/author\/bryan-rippin\/"}]}},"_links":{"self":[{"href":"https:\/\/www.euroresidentes.com\/estilo-de-vida\/envejecer\/wp-json\/wp\/v2\/posts\/527","targetHints":{"allow":["GET"]}}],"collection":[{"href":"https:\/\/www.euroresidentes.com\/estilo-de-vida\/envejecer\/wp-json\/wp\/v2\/posts"}],"about":[{"href":"https:\/\/www.euroresidentes.com\/estilo-de-vida\/envejecer\/wp-json\/wp\/v2\/types\/post"}],"author":[{"embeddable":true,"href":"https:\/\/www.euroresidentes.com\/estilo-de-vida\/envejecer\/wp-json\/wp\/v2\/users\/15"}],"replies":[{"embeddable":true,"href":"https:\/\/www.euroresidentes.com\/estilo-de-vida\/envejecer\/wp-json\/wp\/v2\/comments?post=527"}],"version-history":[{"count":5,"href":"https:\/\/www.euroresidentes.com\/estilo-de-vida\/envejecer\/wp-json\/wp\/v2\/posts\/527\/revisions"}],"predecessor-version":[{"id":1154,"href":"https:\/\/www.euroresidentes.com\/estilo-de-vida\/envejecer\/wp-json\/wp\/v2\/posts\/527\/revisions\/1154"}],"wp:featuredmedia":[{"embeddable":true,"href":"https:\/\/www.euroresidentes.com\/estilo-de-vida\/envejecer\/wp-json\/wp\/v2\/media\/1054"}],"wp:attachment":[{"href":"https:\/\/www.euroresidentes.com\/estilo-de-vida\/envejecer\/wp-json\/wp\/v2\/media?parent=527"}],"wp:term":[{"taxonomy":"category","embeddable":true,"href":"https:\/\/www.euroresidentes.com\/estilo-de-vida\/envejecer\/wp-json\/wp\/v2\/categories?post=527"},{"taxonomy":"post_tag","embeddable":true,"href":"https:\/\/www.euroresidentes.com\/estilo-de-vida\/envejecer\/wp-json\/wp\/v2\/tags?post=527"}],"curies":[{"name":"wp","href":"https:\/\/api.w.org\/{rel}","templated":true}]}}