{"id":522,"date":"2014-05-19T12:27:00","date_gmt":"2014-05-19T12:27:00","guid":{"rendered":"http:\/\/www.euroresidentes.com\/estilo-de-vida\/envejecer\/religion-y-realidad"},"modified":"2016-02-02T14:00:23","modified_gmt":"2016-02-02T14:00:23","slug":"religion-y-realidad","status":"publish","type":"post","link":"https:\/\/www.euroresidentes.com\/estilo-de-vida\/envejecer\/religion-y-realidad\/","title":{"rendered":"Religi\u00f3n y realidad"},"content":{"rendered":"<p>Cuando todav\u00eda trabajaba, el S\u00e1bado Santo sol\u00eda ser un momento extra\u00f1o pero bienvenido, de espera tras la dura conmemoraci\u00f3n de la muerte de Jes\u00fas en Viernes Santo y con las alegres expectativas de resurrecci\u00f3n para el Domingo. Para m\u00ed han sido verdaderos s\u00edmbolos de nuestra condici\u00f3n humana; el contraste entre desesperaci\u00f3n y esperanza, violencia y restituci\u00f3n, contrici\u00f3n y perd\u00f3n.<\/p>\n<p style=\"text-align: center;\"><a href=\"https:\/\/www.euroresidentes.com\/estilo-de-vida\/envejecer\/wp-content\/uploads\/sites\/14\/2014\/05\/libro-religion-realidad.jpg\"><img loading=\"lazy\" decoding=\"async\" class=\"alignnone size-full wp-image-1026\" src=\"https:\/\/www.euroresidentes.com\/estilo-de-vida\/envejecer\/wp-content\/uploads\/sites\/14\/2014\/05\/libro-religion-realidad.jpg\" alt=\"religion-realidad\" width=\"700\" height=\"525\" srcset=\"https:\/\/www.euroresidentes.com\/estilo-de-vida\/envejecer\/wp-content\/uploads\/sites\/14\/2014\/05\/libro-religion-realidad.jpg 700w, https:\/\/www.euroresidentes.com\/estilo-de-vida\/envejecer\/wp-content\/uploads\/sites\/14\/2014\/05\/libro-religion-realidad-300x225.jpg 300w\" sizes=\"auto, (max-width: 700px) 100vw, 700px\" \/><\/a><\/p>\n<p>De manera inusitada, la religi\u00f3n cristiana ha llegado a los titulares brit\u00e1nicos durante esta Semana Santa. Cuarenta obispos anglicanos y l\u00edderes eclesi\u00e1sticos de todas las denominaciones han hablado del creciente papel de los bancos de alimentos destinados a alimentar a las personas que no pueden permitirse comprar los alimentos b\u00e1sicos para ellos y sus familias; y de la negligencia pol\u00edtica y esc\u00e1ndalo p\u00fablico que esto revela. Ya he escrito anteriormente acerca la organizaci\u00f3n ben\u00e9fica Trussell Trust, que trabaja &#8216;con aquellos que la sociedad olvida&#8217;. Es una de las organizaciones que participa en los bancos de alimentos; en 2012, aliment\u00f3 a 350.000 adultos y ni\u00f1os, pero la cifra ha aumentado a 913.138 en 2013\/14. El motivo se debe, seg\u00fan ellos, a la congelaci\u00f3n de los ingresos, el creciente coste de la vida, los bajos salarios, el desempleo y los problemas ocasionados por las duras sanciones en las prestaciones. El a\u00f1o pasado, 5.500 personas ingresaron ??en hospitales del Reino Unido con desnutrici\u00f3n. El anterior arzobispo de Canterbury, Rowan Williams, lo denomina una crisis grave. Convencida de su deber de hablar sobre la verdad, la Iglesia se ha metido con la pol\u00edtica.<\/p>\n<p>Ignorando totalmente la enorme necesidad social que esto representa, de pronto, no obstante, los pol\u00edticos se han vuelto religiosos. Al menos, el primer ministro del Reino Unido. En tres ocasiones distintas, durante esta Semana Santa, ha afirmado ser un cristiano creyente. Dice ser evang\u00e9lico acerca de su Cristiandad. Quiere ver un mayor papel de la religi\u00f3n en el Reino Unido como pa\u00eds cristiano e insta a sus \u00abhermanos de fe\u00bb a difundir con m\u00e1s confianza sus puntos de vista. Insisti\u00f3 en que la Iglesia es realmente importante para \u00e9l. En una recepci\u00f3n de Pascua celebrada en su residencia de Downing Street la semana pasada, afirm\u00f3 que la religi\u00f3n le ha proporcionado sus mayores momentos de paz y se\u00f1al\u00f3 que, hace 2.000 a\u00f1os, Jes\u00fas invent\u00f3 la gran sociedad (uno de los lemas de Cameron).<\/p>\n<p>Esta inesperada revelaci\u00f3n de creencia personal ha originado un amplio debate, sorpresa y, en algunos casos, cinismo en la prensa y los medios de comunicaci\u00f3n. Lo que no se puede negar es que el empobrecimiento que est\u00e1n padeciendo muchas de las personas m\u00e1s vulnerables del pa\u00eds, es un resultado directo de la pol\u00edtica del actual gobierno. Jes\u00fas cre\u00eda en una sociedad basada en la justicia. \u00c9l es el hombre dedicado a los dem\u00e1s, el que reconoci\u00f3 a los pobres, el que dijo a un hombre rico que deb\u00eda vender sus posesiones y dar el dinero a los pobres, el que se convirti\u00f3 en uno de ellos, los llam\u00f3 bienaventurados y parti\u00f3 el pan y lo comparti\u00f3 con ellos. \u00c9l no podr\u00eda acomodarse f\u00e1cilmente en una filosof\u00eda del neoconservadurismo.<\/p>\n<p>Bryan<\/p>\n","protected":false},"excerpt":{"rendered":"<p>Cuando todav\u00eda trabajaba, el S\u00e1bado Santo sol\u00eda ser un momento extra\u00f1o pero bienvenido, de espera tras la dura conmemoraci\u00f3n de la muerte de Jes\u00fas en Viernes Santo y con las alegres expectativas de resurrecci\u00f3n para el Domingo. Para m\u00ed han sido verdaderos s\u00edmbolos de nuestra condici\u00f3n humana; el contraste entre desesperaci\u00f3n y esperanza, violencia y restituci\u00f3n, contrici\u00f3n y perd\u00f3n. De manera inusitada, la religi\u00f3n cristiana ha llegado a los titulares brit\u00e1nicos durante esta Semana Santa. Cuarenta obispos anglicanos y l\u00edderes eclesi\u00e1sticos de todas las denominaciones han hablado del creciente papel de los bancos de alimentos destinados a alimentar a las <\/p>\n","protected":false},"author":15,"featured_media":1026,"comment_status":"open","ping_status":"open","sticky":false,"template":"","format":"standard","meta":{"footnotes":""},"categories":[1],"tags":[],"class_list":["post-522","post","type-post","status-publish","format-standard","has-post-thumbnail","hentry","category-envejecer","has_thumb"],"yoast_head":"<!-- This site is optimized with the Yoast SEO plugin v24.1 - https:\/\/yoast.com\/wordpress\/plugins\/seo\/ -->\n<title>Religi\u00f3n y realidad - Envejecer<\/title>\n<meta name=\"robots\" content=\"index, follow, max-snippet:-1, max-image-preview:large, max-video-preview:-1\" \/>\n<link rel=\"canonical\" href=\"https:\/\/www.euroresidentes.com\/estilo-de-vida\/envejecer\/religion-y-realidad\/\" \/>\n<meta property=\"og:locale\" content=\"es_ES\" \/>\n<meta property=\"og:type\" content=\"article\" \/>\n<meta property=\"og:title\" content=\"Religi\u00f3n y realidad - Envejecer\" \/>\n<meta property=\"og:description\" content=\"Cuando todav\u00eda trabajaba, el S\u00e1bado Santo sol\u00eda ser un momento extra\u00f1o pero bienvenido, de espera tras la dura conmemoraci\u00f3n de la muerte de Jes\u00fas en Viernes Santo y con las alegres expectativas de resurrecci\u00f3n para el Domingo. Para m\u00ed han sido verdaderos s\u00edmbolos de nuestra condici\u00f3n humana; el contraste entre desesperaci\u00f3n y esperanza, violencia y restituci\u00f3n, contrici\u00f3n y perd\u00f3n. De manera inusitada, la religi\u00f3n cristiana ha llegado a los titulares brit\u00e1nicos durante esta Semana Santa. Cuarenta obispos anglicanos y l\u00edderes eclesi\u00e1sticos de todas las denominaciones han hablado del creciente papel de los bancos de alimentos destinados a alimentar a las\" \/>\n<meta property=\"og:url\" content=\"https:\/\/www.euroresidentes.com\/estilo-de-vida\/envejecer\/religion-y-realidad\/\" \/>\n<meta property=\"og:site_name\" content=\"Envejecer\" \/>\n<meta property=\"article:published_time\" content=\"2014-05-19T12:27:00+00:00\" \/>\n<meta property=\"article:modified_time\" content=\"2016-02-02T14:00:23+00:00\" \/>\n<meta property=\"og:image\" content=\"https:\/\/www.euroresidentes.com\/estilo-de-vida\/envejecer\/wp-content\/uploads\/sites\/14\/2014\/05\/libro-religion-realidad.jpg\" \/>\n\t<meta property=\"og:image:width\" content=\"700\" \/>\n\t<meta property=\"og:image:height\" content=\"525\" \/>\n\t<meta property=\"og:image:type\" content=\"image\/jpeg\" \/>\n<meta name=\"author\" content=\"bryan rippin\" \/>\n<meta name=\"twitter:card\" content=\"summary_large_image\" \/>\n<meta name=\"twitter:label1\" content=\"Written by\" \/>\n\t<meta name=\"twitter:data1\" content=\"bryan rippin\" \/>\n\t<meta name=\"twitter:label2\" content=\"Est. reading time\" \/>\n\t<meta name=\"twitter:data2\" content=\"3 minutos\" \/>\n<script type=\"application\/ld+json\" class=\"yoast-schema-graph\">{\"@context\":\"https:\/\/schema.org\",\"@graph\":[{\"@type\":\"WebPage\",\"@id\":\"https:\/\/www.euroresidentes.com\/estilo-de-vida\/envejecer\/religion-y-realidad\/\",\"url\":\"https:\/\/www.euroresidentes.com\/estilo-de-vida\/envejecer\/religion-y-realidad\/\",\"name\":\"Religi\u00f3n y realidad - Envejecer\",\"isPartOf\":{\"@id\":\"https:\/\/www.euroresidentes.com\/estilo-de-vida\/envejecer\/#website\"},\"primaryImageOfPage\":{\"@id\":\"https:\/\/www.euroresidentes.com\/estilo-de-vida\/envejecer\/religion-y-realidad\/#primaryimage\"},\"image\":{\"@id\":\"https:\/\/www.euroresidentes.com\/estilo-de-vida\/envejecer\/religion-y-realidad\/#primaryimage\"},\"thumbnailUrl\":\"https:\/\/www.euroresidentes.com\/estilo-de-vida\/envejecer\/wp-content\/uploads\/sites\/14\/2014\/05\/libro-religion-realidad.jpg\",\"datePublished\":\"2014-05-19T12:27:00+00:00\",\"dateModified\":\"2016-02-02T14:00:23+00:00\",\"author\":{\"@id\":\"https:\/\/www.euroresidentes.com\/estilo-de-vida\/envejecer\/#\/schema\/person\/1f658cb6261a2a459e0354612c872871\"},\"breadcrumb\":{\"@id\":\"https:\/\/www.euroresidentes.com\/estilo-de-vida\/envejecer\/religion-y-realidad\/#breadcrumb\"},\"inLanguage\":\"es\",\"potentialAction\":[{\"@type\":\"ReadAction\",\"target\":[\"https:\/\/www.euroresidentes.com\/estilo-de-vida\/envejecer\/religion-y-realidad\/\"]}]},{\"@type\":\"ImageObject\",\"inLanguage\":\"es\",\"@id\":\"https:\/\/www.euroresidentes.com\/estilo-de-vida\/envejecer\/religion-y-realidad\/#primaryimage\",\"url\":\"https:\/\/www.euroresidentes.com\/estilo-de-vida\/envejecer\/wp-content\/uploads\/sites\/14\/2014\/05\/libro-religion-realidad.jpg\",\"contentUrl\":\"https:\/\/www.euroresidentes.com\/estilo-de-vida\/envejecer\/wp-content\/uploads\/sites\/14\/2014\/05\/libro-religion-realidad.jpg\",\"width\":700,\"height\":525,\"caption\":\"religion-realidad\"},{\"@type\":\"BreadcrumbList\",\"@id\":\"https:\/\/www.euroresidentes.com\/estilo-de-vida\/envejecer\/religion-y-realidad\/#breadcrumb\",\"itemListElement\":[{\"@type\":\"ListItem\",\"position\":1,\"name\":\"Portada\",\"item\":\"https:\/\/www.euroresidentes.com\/estilo-de-vida\/envejecer\/\"},{\"@type\":\"ListItem\",\"position\":2,\"name\":\"Religi\u00f3n y realidad\"}]},{\"@type\":\"WebSite\",\"@id\":\"https:\/\/www.euroresidentes.com\/estilo-de-vida\/envejecer\/#website\",\"url\":\"https:\/\/www.euroresidentes.com\/estilo-de-vida\/envejecer\/\",\"name\":\"Envejecer\",\"description\":\"Reflexiones sobre la vejez\",\"potentialAction\":[{\"@type\":\"SearchAction\",\"target\":{\"@type\":\"EntryPoint\",\"urlTemplate\":\"https:\/\/www.euroresidentes.com\/estilo-de-vida\/envejecer\/?s={search_term_string}\"},\"query-input\":{\"@type\":\"PropertyValueSpecification\",\"valueRequired\":true,\"valueName\":\"search_term_string\"}}],\"inLanguage\":\"es\"},{\"@type\":\"Person\",\"@id\":\"https:\/\/www.euroresidentes.com\/estilo-de-vida\/envejecer\/#\/schema\/person\/1f658cb6261a2a459e0354612c872871\",\"name\":\"bryan rippin\",\"image\":{\"@type\":\"ImageObject\",\"inLanguage\":\"es\",\"@id\":\"https:\/\/www.euroresidentes.com\/estilo-de-vida\/envejecer\/#\/schema\/person\/image\/\",\"url\":\"https:\/\/secure.gravatar.com\/avatar\/?s=96&d=mm&r=g\",\"contentUrl\":\"https:\/\/secure.gravatar.com\/avatar\/?s=96&d=mm&r=g\",\"caption\":\"bryan rippin\"},\"sameAs\":[\"https:\/\/www.euroresidentes.com\/info.htm\"],\"url\":\"https:\/\/www.euroresidentes.com\/estilo-de-vida\/envejecer\/author\/bryan-rippin\/\"}]}<\/script>\n<!-- \/ Yoast SEO plugin. -->","yoast_head_json":{"title":"Religi\u00f3n y realidad - Envejecer","robots":{"index":"index","follow":"follow","max-snippet":"max-snippet:-1","max-image-preview":"max-image-preview:large","max-video-preview":"max-video-preview:-1"},"canonical":"https:\/\/www.euroresidentes.com\/estilo-de-vida\/envejecer\/religion-y-realidad\/","og_locale":"es_ES","og_type":"article","og_title":"Religi\u00f3n y realidad - Envejecer","og_description":"Cuando todav\u00eda trabajaba, el S\u00e1bado Santo sol\u00eda ser un momento extra\u00f1o pero bienvenido, de espera tras la dura conmemoraci\u00f3n de la muerte de Jes\u00fas en Viernes Santo y con las alegres expectativas de resurrecci\u00f3n para el Domingo. Para m\u00ed han sido verdaderos s\u00edmbolos de nuestra condici\u00f3n humana; el contraste entre desesperaci\u00f3n y esperanza, violencia y restituci\u00f3n, contrici\u00f3n y perd\u00f3n. De manera inusitada, la religi\u00f3n cristiana ha llegado a los titulares brit\u00e1nicos durante esta Semana Santa. Cuarenta obispos anglicanos y l\u00edderes eclesi\u00e1sticos de todas las denominaciones han hablado del creciente papel de los bancos de alimentos destinados a alimentar a las","og_url":"https:\/\/www.euroresidentes.com\/estilo-de-vida\/envejecer\/religion-y-realidad\/","og_site_name":"Envejecer","article_published_time":"2014-05-19T12:27:00+00:00","article_modified_time":"2016-02-02T14:00:23+00:00","og_image":[{"width":700,"height":525,"url":"https:\/\/www.euroresidentes.com\/estilo-de-vida\/envejecer\/wp-content\/uploads\/sites\/14\/2014\/05\/libro-religion-realidad.jpg","type":"image\/jpeg"}],"author":"bryan rippin","twitter_card":"summary_large_image","twitter_misc":{"Written by":"bryan rippin","Est. reading time":"3 minutos"},"schema":{"@context":"https:\/\/schema.org","@graph":[{"@type":"WebPage","@id":"https:\/\/www.euroresidentes.com\/estilo-de-vida\/envejecer\/religion-y-realidad\/","url":"https:\/\/www.euroresidentes.com\/estilo-de-vida\/envejecer\/religion-y-realidad\/","name":"Religi\u00f3n y realidad - Envejecer","isPartOf":{"@id":"https:\/\/www.euroresidentes.com\/estilo-de-vida\/envejecer\/#website"},"primaryImageOfPage":{"@id":"https:\/\/www.euroresidentes.com\/estilo-de-vida\/envejecer\/religion-y-realidad\/#primaryimage"},"image":{"@id":"https:\/\/www.euroresidentes.com\/estilo-de-vida\/envejecer\/religion-y-realidad\/#primaryimage"},"thumbnailUrl":"https:\/\/www.euroresidentes.com\/estilo-de-vida\/envejecer\/wp-content\/uploads\/sites\/14\/2014\/05\/libro-religion-realidad.jpg","datePublished":"2014-05-19T12:27:00+00:00","dateModified":"2016-02-02T14:00:23+00:00","author":{"@id":"https:\/\/www.euroresidentes.com\/estilo-de-vida\/envejecer\/#\/schema\/person\/1f658cb6261a2a459e0354612c872871"},"breadcrumb":{"@id":"https:\/\/www.euroresidentes.com\/estilo-de-vida\/envejecer\/religion-y-realidad\/#breadcrumb"},"inLanguage":"es","potentialAction":[{"@type":"ReadAction","target":["https:\/\/www.euroresidentes.com\/estilo-de-vida\/envejecer\/religion-y-realidad\/"]}]},{"@type":"ImageObject","inLanguage":"es","@id":"https:\/\/www.euroresidentes.com\/estilo-de-vida\/envejecer\/religion-y-realidad\/#primaryimage","url":"https:\/\/www.euroresidentes.com\/estilo-de-vida\/envejecer\/wp-content\/uploads\/sites\/14\/2014\/05\/libro-religion-realidad.jpg","contentUrl":"https:\/\/www.euroresidentes.com\/estilo-de-vida\/envejecer\/wp-content\/uploads\/sites\/14\/2014\/05\/libro-religion-realidad.jpg","width":700,"height":525,"caption":"religion-realidad"},{"@type":"BreadcrumbList","@id":"https:\/\/www.euroresidentes.com\/estilo-de-vida\/envejecer\/religion-y-realidad\/#breadcrumb","itemListElement":[{"@type":"ListItem","position":1,"name":"Portada","item":"https:\/\/www.euroresidentes.com\/estilo-de-vida\/envejecer\/"},{"@type":"ListItem","position":2,"name":"Religi\u00f3n y realidad"}]},{"@type":"WebSite","@id":"https:\/\/www.euroresidentes.com\/estilo-de-vida\/envejecer\/#website","url":"https:\/\/www.euroresidentes.com\/estilo-de-vida\/envejecer\/","name":"Envejecer","description":"Reflexiones sobre la vejez","potentialAction":[{"@type":"SearchAction","target":{"@type":"EntryPoint","urlTemplate":"https:\/\/www.euroresidentes.com\/estilo-de-vida\/envejecer\/?s={search_term_string}"},"query-input":{"@type":"PropertyValueSpecification","valueRequired":true,"valueName":"search_term_string"}}],"inLanguage":"es"},{"@type":"Person","@id":"https:\/\/www.euroresidentes.com\/estilo-de-vida\/envejecer\/#\/schema\/person\/1f658cb6261a2a459e0354612c872871","name":"bryan rippin","image":{"@type":"ImageObject","inLanguage":"es","@id":"https:\/\/www.euroresidentes.com\/estilo-de-vida\/envejecer\/#\/schema\/person\/image\/","url":"https:\/\/secure.gravatar.com\/avatar\/?s=96&d=mm&r=g","contentUrl":"https:\/\/secure.gravatar.com\/avatar\/?s=96&d=mm&r=g","caption":"bryan rippin"},"sameAs":["https:\/\/www.euroresidentes.com\/info.htm"],"url":"https:\/\/www.euroresidentes.com\/estilo-de-vida\/envejecer\/author\/bryan-rippin\/"}]}},"_links":{"self":[{"href":"https:\/\/www.euroresidentes.com\/estilo-de-vida\/envejecer\/wp-json\/wp\/v2\/posts\/522","targetHints":{"allow":["GET"]}}],"collection":[{"href":"https:\/\/www.euroresidentes.com\/estilo-de-vida\/envejecer\/wp-json\/wp\/v2\/posts"}],"about":[{"href":"https:\/\/www.euroresidentes.com\/estilo-de-vida\/envejecer\/wp-json\/wp\/v2\/types\/post"}],"author":[{"embeddable":true,"href":"https:\/\/www.euroresidentes.com\/estilo-de-vida\/envejecer\/wp-json\/wp\/v2\/users\/15"}],"replies":[{"embeddable":true,"href":"https:\/\/www.euroresidentes.com\/estilo-de-vida\/envejecer\/wp-json\/wp\/v2\/comments?post=522"}],"version-history":[{"count":3,"href":"https:\/\/www.euroresidentes.com\/estilo-de-vida\/envejecer\/wp-json\/wp\/v2\/posts\/522\/revisions"}],"predecessor-version":[{"id":1027,"href":"https:\/\/www.euroresidentes.com\/estilo-de-vida\/envejecer\/wp-json\/wp\/v2\/posts\/522\/revisions\/1027"}],"wp:featuredmedia":[{"embeddable":true,"href":"https:\/\/www.euroresidentes.com\/estilo-de-vida\/envejecer\/wp-json\/wp\/v2\/media\/1026"}],"wp:attachment":[{"href":"https:\/\/www.euroresidentes.com\/estilo-de-vida\/envejecer\/wp-json\/wp\/v2\/media?parent=522"}],"wp:term":[{"taxonomy":"category","embeddable":true,"href":"https:\/\/www.euroresidentes.com\/estilo-de-vida\/envejecer\/wp-json\/wp\/v2\/categories?post=522"},{"taxonomy":"post_tag","embeddable":true,"href":"https:\/\/www.euroresidentes.com\/estilo-de-vida\/envejecer\/wp-json\/wp\/v2\/tags?post=522"}],"curies":[{"name":"wp","href":"https:\/\/api.w.org\/{rel}","templated":true}]}}