{"id":6043,"date":"2018-02-14T11:48:47","date_gmt":"2018-02-14T10:48:47","guid":{"rendered":"https:\/\/www.euroresidentes.com\/estilo-de-vida\/consejos-belleza-bienestar\/?p=6043"},"modified":"2022-03-21T13:39:49","modified_gmt":"2022-03-21T12:39:49","slug":"porosidad-en-la-piel","status":"publish","type":"post","link":"https:\/\/www.euroresidentes.com\/estilo-de-vida\/consejos-belleza-bienestar\/porosidad-en-la-piel\/","title":{"rendered":"Porosidad en la piel"},"content":{"rendered":"<h2><strong>\u00bfQu\u00e9 es un Poro?<\/strong><\/h2>\n<p><strong>Un poro es<\/strong> la desembocadura de fol\u00edculos piloseb\u00e1ceos, cuya misi\u00f3n es verter el sebo en la superficie cut\u00e1nea, para que \u00e9sta se mantenga hidratada. En algunas circunstancias, son amplias estas salidas y les llamamos \u00abporos dilatados\u00bb.<\/p>\n<h2><strong>\u00bfPor qu\u00e9 aparecen los Poros?<\/strong><\/h2>\n<p><!-- inserta publi --><\/p>\n<p>Es una cuesti\u00f3n gen\u00e9tica y hormonal, a veces el poro dilatado va acompa\u00f1ado de comedones o espinillas y seborrea. Los poros se dilatan, es un aumento de la gl\u00e1ndula seb\u00e1cea, en \u00e1reas de la \u00abT\u00bb, es decir, boca y nariz.<\/p>\n<p><img loading=\"lazy\" decoding=\"async\" class=\"aligncenter size-full wp-image-6045\" src=\"https:\/\/www.euroresidentes.com\/estilo-de-vida\/consejos-belleza-bienestar\/wp-content\/uploads\/sites\/2\/2018\/02\/poros-dilatados.jpg\" alt=\"Porosidad en la Piel\" width=\"700\" height=\"525\" srcset=\"https:\/\/www.euroresidentes.com\/estilo-de-vida\/consejos-belleza-bienestar\/wp-content\/uploads\/sites\/2\/2018\/02\/poros-dilatados.jpg 700w, https:\/\/www.euroresidentes.com\/estilo-de-vida\/consejos-belleza-bienestar\/wp-content\/uploads\/sites\/2\/2018\/02\/poros-dilatados-300x225.jpg 300w\" sizes=\"auto, (max-width: 700px) 100vw, 700px\" \/><\/p>\n<h2>\u00bfLos Poros causan espinillas?<\/h2>\n<p>El sebo sale de los poros, se mezcla con las c\u00e9lulas muertas y protege la piel de las bacterias. A veces, sin embargo, cuando el poro est\u00e1 obstruido por el sebo y las c\u00e9lulas muertas, trata de salir y no pueden, da como resultado el acn\u00e9.<\/p>\n<h2><strong>Consejos para mejorar la piel con Poros en casa:<\/strong><\/h2>\n<ul>\n<li><strong>No tocarse<\/strong> los poros, se inflaman y se ponen peor. Adem\u00e1s quedan marcas.<\/li>\n<li><strong>Higiene m\u00e1xima<\/strong>, limpiar la piel\u00a0de 2 a 3 veces al d\u00eda.<\/li>\n<li>Utilizar un <strong>jab\u00f3n suave y t\u00f3nico<\/strong> con menta. Ayudar\u00e1 a cerrar el poro e impedir\u00e1 la producci\u00f3n de grasa.<\/li>\n<li>Evita la exposici\u00f3n solar, el calor dilata y si tomas el sol m\u00f3jate con agua fresca.<\/li>\n<li>Apl\u00edcate <strong>mascarillas<\/strong> 2 veces a la semana. Me gustan las de arcilla verde y blanca mezcladas, con unas gotas de aceite de \u00c1rbol del T\u00e9 y con t\u00f3nico de menta.<\/li>\n<li>Realiza 2 <strong>exfoliantes<\/strong> a la semana. Es muy recomendable el Scrub de Germaine de Capuccini. Se cierra el poro al instante.<\/li>\n<li>Recuerda utilizar <strong>maquillajes y protectores solares<\/strong> <strong>Oil Free<\/strong> (sin aceites) e igualmente los protectores solares.<\/li>\n<li>Recomendado un <strong>cabezal facial<\/strong>, para limpieza profunda de poros. Es de Philips. Es resistente al agua.<\/li>\n<\/ul>\n<p><img loading=\"lazy\" decoding=\"async\" class=\"aligncenter size-full wp-image-6046\" src=\"https:\/\/www.euroresidentes.com\/estilo-de-vida\/consejos-belleza-bienestar\/wp-content\/uploads\/sites\/2\/2018\/02\/porosidad.jpg\" alt=\"Porosidad en la Piel\" width=\"700\" height=\"525\" srcset=\"https:\/\/www.euroresidentes.com\/estilo-de-vida\/consejos-belleza-bienestar\/wp-content\/uploads\/sites\/2\/2018\/02\/porosidad.jpg 700w, https:\/\/www.euroresidentes.com\/estilo-de-vida\/consejos-belleza-bienestar\/wp-content\/uploads\/sites\/2\/2018\/02\/porosidad-300x225.jpg 300w\" sizes=\"auto, (max-width: 700px) 100vw, 700px\" \/><\/p>\n<h2>Tratamiento Profesional<\/h2>\n<p>En cabina me gusta utilizar una mezcla de <strong>\u00e1cidos<\/strong>. El \u00e1cido retinoico con el \u00e1cido glic\u00f3lico dan muy buenos resultados.<\/p>\n<p>La <strong>microdermoabrasi\u00f3n<\/strong> o Crystal Peleng, es un tratamiento suave, para pieles sensibles con poro dilatado.<\/p>\n<p>La<strong> luz pulsada<\/strong>: reduce las gl\u00e1ndulas seb\u00e1ceas y el di\u00e1metro de poros.<\/p>\n<h2>\u00a1Lo que no debes hacer jam\u00e1s!<\/h2>\n<p>Malas pr\u00e1cticas como NO hidratarse y no tener el PH regulado, porque eso produce un aumento de la grasa.<\/p>\n<p><!-- inserta publi 2 --><\/p>\n<h2>RECOMENDACIONES:<\/h2>\n<h3><strong>Maquillaje<\/strong> <strong>para piel grasa y econ\u00f3mico:<\/strong><\/h3>\n<ul>\n<li>Base de piel mixta de Revlon:\u00a0para pieles j\u00f3venes.<\/li>\n<li>Maybelline Fit Me Matte, para pieles j\u00f3venes.<\/li>\n<li>Maquillaje de Germaine de Capuccini, para pieles maduras.<\/li>\n<\/ul>\n<h3><strong>Minimizador de Poros:<\/strong><\/h3>\n<ul>\n<li>Se utiliza antes del maquillaje y borra y aten\u00faa los poros antiest\u00e9ticos: Roll-on Sport SOS de Germaine de Capuccini. De venta s\u00f3lo en centro de est\u00e9tica. Precio: 22,65 \u20ac.<\/li>\n<li>Tambi\u00e9n puedes encontrar productos especiales Oil Free en marcas como: Clinique, Est\u00e9e Lauder, Maybelline.<\/li>\n<\/ul>\n<p><span style=\"color: #993366\"><strong><em>Amparo Mart\u00ednez<\/em><\/strong><\/span><br \/>\n<span style=\"color: #993366\"><strong><em>Sal\u00f3n de Belleza MAR\u00c1N<\/em><\/strong><\/span><\/p>\n<p>Otras lecturas relacionadas con <strong>Porosidad en la piel<\/strong>:<\/p>\n<ul>\n<li><a href=\"https:\/\/www.euroresidentes.com\/estilo-de-vida\/consejos-belleza-bienestar\/alimentos-y-consejos-cosmeticos-para-una-piel-radiante\" target=\"_blank\" rel=\"noopener\">Alimentaci\u00f3n y Consejos para una Piel Radiante<\/a><\/li>\n<li><a href=\"https:\/\/www.euroresidentes.com\/estilo-de-vida\/consejos-belleza-bienestar\/piel-radiante-cero-esfuerzo\" target=\"_blank\" rel=\"noopener\">Piel radiante, cero esfuerzo<\/a><\/li>\n<li><a href=\"https:\/\/www.euroresidentes.com\/estilo-de-vida\/consejos-belleza-bienestar\/sal-marina-la-salud-la-piel-el-cabello\" target=\"_blank\" rel=\"noopener\">La Sal Marina: salud, piel y cabello<\/a><\/li>\n<li><a href=\"https:\/\/www.euroresidentes.com\/estilo-de-vida\/consejos-belleza-bienestar\/limpieza-de-cutis\" target=\"_blank\" rel=\"noopener\">Limpieza de cutis<\/a><\/li>\n<\/ul>\n","protected":false},"excerpt":{"rendered":"<p>\u00bfQu\u00e9 es un Poro? Un poro es la desembocadura de fol\u00edculos piloseb\u00e1ceos, cuya misi\u00f3n es verter el sebo en la superficie cut\u00e1nea, para que \u00e9sta se mantenga hidratada. En algunas circunstancias, son amplias estas salidas y les llamamos \u00abporos dilatados\u00bb. \u00bfPor qu\u00e9 aparecen los Poros? Es una cuesti\u00f3n gen\u00e9tica y hormonal, a veces el poro dilatado va acompa\u00f1ado de comedones o espinillas y seborrea. Los poros se dilatan, es un aumento de la gl\u00e1ndula seb\u00e1cea, en \u00e1reas de la \u00abT\u00bb, es decir, boca y nariz. \u00bfLos Poros causan espinillas? El sebo sale de los poros, se mezcla con las c\u00e9lulas <\/p>\n","protected":false},"author":4,"featured_media":6045,"comment_status":"open","ping_status":"open","sticky":false,"template":"","format":"standard","meta":{"footnotes":""},"categories":[10,11],"tags":[45],"class_list":["post-6043","post","type-post","status-publish","format-standard","has-post-thumbnail","hentry","category-consejos","category-tratamientos","tag-piel","has_thumb"],"yoast_head":"<!-- This site is optimized with the Yoast SEO plugin v24.1 - https:\/\/yoast.com\/wordpress\/plugins\/seo\/ -->\n<title>Porosidad en la piel - Belleza y bienestar<\/title>\n<meta name=\"robots\" content=\"index, follow, max-snippet:-1, max-image-preview:large, max-video-preview:-1\" \/>\n<link rel=\"canonical\" href=\"https:\/\/www.euroresidentes.com\/estilo-de-vida\/consejos-belleza-bienestar\/porosidad-en-la-piel\/\" \/>\n<meta property=\"og:locale\" content=\"es_ES\" \/>\n<meta property=\"og:type\" content=\"article\" \/>\n<meta property=\"og:title\" content=\"Porosidad en la piel - Belleza y bienestar\" \/>\n<meta property=\"og:description\" content=\"\u00bfQu\u00e9 es un Poro? Un poro es la desembocadura de fol\u00edculos piloseb\u00e1ceos, cuya misi\u00f3n es verter el sebo en la superficie cut\u00e1nea, para que \u00e9sta se mantenga hidratada. En algunas circunstancias, son amplias estas salidas y les llamamos \u00abporos dilatados\u00bb. \u00bfPor qu\u00e9 aparecen los Poros? Es una cuesti\u00f3n gen\u00e9tica y hormonal, a veces el poro dilatado va acompa\u00f1ado de comedones o espinillas y seborrea. Los poros se dilatan, es un aumento de la gl\u00e1ndula seb\u00e1cea, en \u00e1reas de la \u00abT\u00bb, es decir, boca y nariz. \u00bfLos Poros causan espinillas? El sebo sale de los poros, se mezcla con las c\u00e9lulas\" \/>\n<meta property=\"og:url\" content=\"https:\/\/www.euroresidentes.com\/estilo-de-vida\/consejos-belleza-bienestar\/porosidad-en-la-piel\/\" \/>\n<meta property=\"og:site_name\" content=\"Belleza y bienestar\" \/>\n<meta property=\"article:publisher\" content=\"https:\/\/www.facebook.com\/euroresidentes\/\" \/>\n<meta property=\"article:published_time\" content=\"2018-02-14T10:48:47+00:00\" \/>\n<meta property=\"article:modified_time\" content=\"2022-03-21T12:39:49+00:00\" \/>\n<meta property=\"og:image\" content=\"https:\/\/www.euroresidentes.com\/estilo-de-vida\/consejos-belleza-bienestar\/wp-content\/uploads\/sites\/2\/2018\/02\/poros-dilatados.jpg\" \/>\n\t<meta property=\"og:image:width\" content=\"700\" \/>\n\t<meta property=\"og:image:height\" content=\"525\" \/>\n\t<meta property=\"og:image:type\" content=\"image\/jpeg\" \/>\n<meta name=\"author\" content=\"Amparo y Maril\u00f3, Mar\u00e1n\" \/>\n<meta name=\"twitter:card\" content=\"summary_large_image\" \/>\n<meta name=\"twitter:label1\" content=\"Written by\" \/>\n\t<meta name=\"twitter:data1\" content=\"Amparo y Maril\u00f3, Mar\u00e1n\" \/>\n\t<meta name=\"twitter:label2\" content=\"Est. reading time\" \/>\n\t<meta name=\"twitter:data2\" content=\"3 minutos\" \/>\n<script type=\"application\/ld+json\" class=\"yoast-schema-graph\">{\"@context\":\"https:\/\/schema.org\",\"@graph\":[{\"@type\":\"WebPage\",\"@id\":\"https:\/\/www.euroresidentes.com\/estilo-de-vida\/consejos-belleza-bienestar\/porosidad-en-la-piel\/\",\"url\":\"https:\/\/www.euroresidentes.com\/estilo-de-vida\/consejos-belleza-bienestar\/porosidad-en-la-piel\/\",\"name\":\"Porosidad en la piel - Belleza y bienestar\",\"isPartOf\":{\"@id\":\"https:\/\/www.euroresidentes.com\/estilo-de-vida\/consejos-belleza-bienestar\/#website\"},\"primaryImageOfPage\":{\"@id\":\"https:\/\/www.euroresidentes.com\/estilo-de-vida\/consejos-belleza-bienestar\/porosidad-en-la-piel\/#primaryimage\"},\"image\":{\"@id\":\"https:\/\/www.euroresidentes.com\/estilo-de-vida\/consejos-belleza-bienestar\/porosidad-en-la-piel\/#primaryimage\"},\"thumbnailUrl\":\"https:\/\/www.euroresidentes.com\/estilo-de-vida\/consejos-belleza-bienestar\/wp-content\/uploads\/sites\/2\/2018\/02\/poros-dilatados.jpg\",\"datePublished\":\"2018-02-14T10:48:47+00:00\",\"dateModified\":\"2022-03-21T12:39:49+00:00\",\"author\":{\"@id\":\"https:\/\/www.euroresidentes.com\/estilo-de-vida\/consejos-belleza-bienestar\/#\/schema\/person\/67b48c80f6ff965188715a347ab6fa51\"},\"breadcrumb\":{\"@id\":\"https:\/\/www.euroresidentes.com\/estilo-de-vida\/consejos-belleza-bienestar\/porosidad-en-la-piel\/#breadcrumb\"},\"inLanguage\":\"es\",\"potentialAction\":[{\"@type\":\"ReadAction\",\"target\":[\"https:\/\/www.euroresidentes.com\/estilo-de-vida\/consejos-belleza-bienestar\/porosidad-en-la-piel\/\"]}]},{\"@type\":\"ImageObject\",\"inLanguage\":\"es\",\"@id\":\"https:\/\/www.euroresidentes.com\/estilo-de-vida\/consejos-belleza-bienestar\/porosidad-en-la-piel\/#primaryimage\",\"url\":\"https:\/\/www.euroresidentes.com\/estilo-de-vida\/consejos-belleza-bienestar\/wp-content\/uploads\/sites\/2\/2018\/02\/poros-dilatados.jpg\",\"contentUrl\":\"https:\/\/www.euroresidentes.com\/estilo-de-vida\/consejos-belleza-bienestar\/wp-content\/uploads\/sites\/2\/2018\/02\/poros-dilatados.jpg\",\"width\":700,\"height\":525,\"caption\":\"Porosidad en la Piel\"},{\"@type\":\"BreadcrumbList\",\"@id\":\"https:\/\/www.euroresidentes.com\/estilo-de-vida\/consejos-belleza-bienestar\/porosidad-en-la-piel\/#breadcrumb\",\"itemListElement\":[{\"@type\":\"ListItem\",\"position\":1,\"name\":\"Portada\",\"item\":\"https:\/\/www.euroresidentes.com\/estilo-de-vida\/consejos-belleza-bienestar\/\"},{\"@type\":\"ListItem\",\"position\":2,\"name\":\"Porosidad en la piel\"}]},{\"@type\":\"WebSite\",\"@id\":\"https:\/\/www.euroresidentes.com\/estilo-de-vida\/consejos-belleza-bienestar\/#website\",\"url\":\"https:\/\/www.euroresidentes.com\/estilo-de-vida\/consejos-belleza-bienestar\/\",\"name\":\"Belleza y bienestar\",\"description\":\"Los mejores consejos de belleza y bienestar\",\"potentialAction\":[{\"@type\":\"SearchAction\",\"target\":{\"@type\":\"EntryPoint\",\"urlTemplate\":\"https:\/\/www.euroresidentes.com\/estilo-de-vida\/consejos-belleza-bienestar\/?s={search_term_string}\"},\"query-input\":{\"@type\":\"PropertyValueSpecification\",\"valueRequired\":true,\"valueName\":\"search_term_string\"}}],\"inLanguage\":\"es\"},{\"@type\":\"Person\",\"@id\":\"https:\/\/www.euroresidentes.com\/estilo-de-vida\/consejos-belleza-bienestar\/#\/schema\/person\/67b48c80f6ff965188715a347ab6fa51\",\"name\":\"Amparo y Maril\u00f3, Mar\u00e1n\",\"image\":{\"@type\":\"ImageObject\",\"inLanguage\":\"es\",\"@id\":\"https:\/\/www.euroresidentes.com\/estilo-de-vida\/consejos-belleza-bienestar\/#\/schema\/person\/image\/\",\"url\":\"https:\/\/www.euroresidentes.com\/estilo-de-vida\/consejos-belleza-bienestar\/wp-content\/uploads\/sites\/2\/2016\/02\/maran-150x150.jpg\",\"contentUrl\":\"https:\/\/www.euroresidentes.com\/estilo-de-vida\/consejos-belleza-bienestar\/wp-content\/uploads\/sites\/2\/2016\/02\/maran-150x150.jpg\",\"caption\":\"Amparo y Maril\u00f3, Mar\u00e1n\"},\"description\":\"Maril\u00f3 y Amparo Hermanas, profesionales de la est\u00e9tica desde 1984\",\"sameAs\":[\"https:\/\/www.euroresidentes.com\/estilo-de-vida\/marilo-amparo.html\"],\"url\":\"https:\/\/www.euroresidentes.com\/estilo-de-vida\/consejos-belleza-bienestar\/author\/amparomarilo\/\"}]}<\/script>\n<!-- \/ Yoast SEO plugin. -->","yoast_head_json":{"title":"Porosidad en la piel - Belleza y bienestar","robots":{"index":"index","follow":"follow","max-snippet":"max-snippet:-1","max-image-preview":"max-image-preview:large","max-video-preview":"max-video-preview:-1"},"canonical":"https:\/\/www.euroresidentes.com\/estilo-de-vida\/consejos-belleza-bienestar\/porosidad-en-la-piel\/","og_locale":"es_ES","og_type":"article","og_title":"Porosidad en la piel - Belleza y bienestar","og_description":"\u00bfQu\u00e9 es un Poro? Un poro es la desembocadura de fol\u00edculos piloseb\u00e1ceos, cuya misi\u00f3n es verter el sebo en la superficie cut\u00e1nea, para que \u00e9sta se mantenga hidratada. En algunas circunstancias, son amplias estas salidas y les llamamos \u00abporos dilatados\u00bb. \u00bfPor qu\u00e9 aparecen los Poros? Es una cuesti\u00f3n gen\u00e9tica y hormonal, a veces el poro dilatado va acompa\u00f1ado de comedones o espinillas y seborrea. Los poros se dilatan, es un aumento de la gl\u00e1ndula seb\u00e1cea, en \u00e1reas de la \u00abT\u00bb, es decir, boca y nariz. \u00bfLos Poros causan espinillas? El sebo sale de los poros, se mezcla con las c\u00e9lulas","og_url":"https:\/\/www.euroresidentes.com\/estilo-de-vida\/consejos-belleza-bienestar\/porosidad-en-la-piel\/","og_site_name":"Belleza y bienestar","article_publisher":"https:\/\/www.facebook.com\/euroresidentes\/","article_published_time":"2018-02-14T10:48:47+00:00","article_modified_time":"2022-03-21T12:39:49+00:00","og_image":[{"width":700,"height":525,"url":"https:\/\/www.euroresidentes.com\/estilo-de-vida\/consejos-belleza-bienestar\/wp-content\/uploads\/sites\/2\/2018\/02\/poros-dilatados.jpg","type":"image\/jpeg"}],"author":"Amparo y Maril\u00f3, Mar\u00e1n","twitter_card":"summary_large_image","twitter_misc":{"Written by":"Amparo y Maril\u00f3, Mar\u00e1n","Est. reading time":"3 minutos"},"schema":{"@context":"https:\/\/schema.org","@graph":[{"@type":"WebPage","@id":"https:\/\/www.euroresidentes.com\/estilo-de-vida\/consejos-belleza-bienestar\/porosidad-en-la-piel\/","url":"https:\/\/www.euroresidentes.com\/estilo-de-vida\/consejos-belleza-bienestar\/porosidad-en-la-piel\/","name":"Porosidad en la piel - Belleza y bienestar","isPartOf":{"@id":"https:\/\/www.euroresidentes.com\/estilo-de-vida\/consejos-belleza-bienestar\/#website"},"primaryImageOfPage":{"@id":"https:\/\/www.euroresidentes.com\/estilo-de-vida\/consejos-belleza-bienestar\/porosidad-en-la-piel\/#primaryimage"},"image":{"@id":"https:\/\/www.euroresidentes.com\/estilo-de-vida\/consejos-belleza-bienestar\/porosidad-en-la-piel\/#primaryimage"},"thumbnailUrl":"https:\/\/www.euroresidentes.com\/estilo-de-vida\/consejos-belleza-bienestar\/wp-content\/uploads\/sites\/2\/2018\/02\/poros-dilatados.jpg","datePublished":"2018-02-14T10:48:47+00:00","dateModified":"2022-03-21T12:39:49+00:00","author":{"@id":"https:\/\/www.euroresidentes.com\/estilo-de-vida\/consejos-belleza-bienestar\/#\/schema\/person\/67b48c80f6ff965188715a347ab6fa51"},"breadcrumb":{"@id":"https:\/\/www.euroresidentes.com\/estilo-de-vida\/consejos-belleza-bienestar\/porosidad-en-la-piel\/#breadcrumb"},"inLanguage":"es","potentialAction":[{"@type":"ReadAction","target":["https:\/\/www.euroresidentes.com\/estilo-de-vida\/consejos-belleza-bienestar\/porosidad-en-la-piel\/"]}]},{"@type":"ImageObject","inLanguage":"es","@id":"https:\/\/www.euroresidentes.com\/estilo-de-vida\/consejos-belleza-bienestar\/porosidad-en-la-piel\/#primaryimage","url":"https:\/\/www.euroresidentes.com\/estilo-de-vida\/consejos-belleza-bienestar\/wp-content\/uploads\/sites\/2\/2018\/02\/poros-dilatados.jpg","contentUrl":"https:\/\/www.euroresidentes.com\/estilo-de-vida\/consejos-belleza-bienestar\/wp-content\/uploads\/sites\/2\/2018\/02\/poros-dilatados.jpg","width":700,"height":525,"caption":"Porosidad en la Piel"},{"@type":"BreadcrumbList","@id":"https:\/\/www.euroresidentes.com\/estilo-de-vida\/consejos-belleza-bienestar\/porosidad-en-la-piel\/#breadcrumb","itemListElement":[{"@type":"ListItem","position":1,"name":"Portada","item":"https:\/\/www.euroresidentes.com\/estilo-de-vida\/consejos-belleza-bienestar\/"},{"@type":"ListItem","position":2,"name":"Porosidad en la piel"}]},{"@type":"WebSite","@id":"https:\/\/www.euroresidentes.com\/estilo-de-vida\/consejos-belleza-bienestar\/#website","url":"https:\/\/www.euroresidentes.com\/estilo-de-vida\/consejos-belleza-bienestar\/","name":"Belleza y bienestar","description":"Los mejores consejos de belleza y bienestar","potentialAction":[{"@type":"SearchAction","target":{"@type":"EntryPoint","urlTemplate":"https:\/\/www.euroresidentes.com\/estilo-de-vida\/consejos-belleza-bienestar\/?s={search_term_string}"},"query-input":{"@type":"PropertyValueSpecification","valueRequired":true,"valueName":"search_term_string"}}],"inLanguage":"es"},{"@type":"Person","@id":"https:\/\/www.euroresidentes.com\/estilo-de-vida\/consejos-belleza-bienestar\/#\/schema\/person\/67b48c80f6ff965188715a347ab6fa51","name":"Amparo y Maril\u00f3, Mar\u00e1n","image":{"@type":"ImageObject","inLanguage":"es","@id":"https:\/\/www.euroresidentes.com\/estilo-de-vida\/consejos-belleza-bienestar\/#\/schema\/person\/image\/","url":"https:\/\/www.euroresidentes.com\/estilo-de-vida\/consejos-belleza-bienestar\/wp-content\/uploads\/sites\/2\/2016\/02\/maran-150x150.jpg","contentUrl":"https:\/\/www.euroresidentes.com\/estilo-de-vida\/consejos-belleza-bienestar\/wp-content\/uploads\/sites\/2\/2016\/02\/maran-150x150.jpg","caption":"Amparo y Maril\u00f3, Mar\u00e1n"},"description":"Maril\u00f3 y Amparo Hermanas, profesionales de la est\u00e9tica desde 1984","sameAs":["https:\/\/www.euroresidentes.com\/estilo-de-vida\/marilo-amparo.html"],"url":"https:\/\/www.euroresidentes.com\/estilo-de-vida\/consejos-belleza-bienestar\/author\/amparomarilo\/"}]}},"_links":{"self":[{"href":"https:\/\/www.euroresidentes.com\/estilo-de-vida\/consejos-belleza-bienestar\/wp-json\/wp\/v2\/posts\/6043","targetHints":{"allow":["GET"]}}],"collection":[{"href":"https:\/\/www.euroresidentes.com\/estilo-de-vida\/consejos-belleza-bienestar\/wp-json\/wp\/v2\/posts"}],"about":[{"href":"https:\/\/www.euroresidentes.com\/estilo-de-vida\/consejos-belleza-bienestar\/wp-json\/wp\/v2\/types\/post"}],"author":[{"embeddable":true,"href":"https:\/\/www.euroresidentes.com\/estilo-de-vida\/consejos-belleza-bienestar\/wp-json\/wp\/v2\/users\/4"}],"replies":[{"embeddable":true,"href":"https:\/\/www.euroresidentes.com\/estilo-de-vida\/consejos-belleza-bienestar\/wp-json\/wp\/v2\/comments?post=6043"}],"version-history":[{"count":11,"href":"https:\/\/www.euroresidentes.com\/estilo-de-vida\/consejos-belleza-bienestar\/wp-json\/wp\/v2\/posts\/6043\/revisions"}],"predecessor-version":[{"id":6578,"href":"https:\/\/www.euroresidentes.com\/estilo-de-vida\/consejos-belleza-bienestar\/wp-json\/wp\/v2\/posts\/6043\/revisions\/6578"}],"wp:featuredmedia":[{"embeddable":true,"href":"https:\/\/www.euroresidentes.com\/estilo-de-vida\/consejos-belleza-bienestar\/wp-json\/wp\/v2\/media\/6045"}],"wp:attachment":[{"href":"https:\/\/www.euroresidentes.com\/estilo-de-vida\/consejos-belleza-bienestar\/wp-json\/wp\/v2\/media?parent=6043"}],"wp:term":[{"taxonomy":"category","embeddable":true,"href":"https:\/\/www.euroresidentes.com\/estilo-de-vida\/consejos-belleza-bienestar\/wp-json\/wp\/v2\/categories?post=6043"},{"taxonomy":"post_tag","embeddable":true,"href":"https:\/\/www.euroresidentes.com\/estilo-de-vida\/consejos-belleza-bienestar\/wp-json\/wp\/v2\/tags?post=6043"}],"curies":[{"name":"wp","href":"https:\/\/api.w.org\/{rel}","templated":true}]}}