{"id":3880,"date":"2013-02-13T12:41:00","date_gmt":"2013-02-13T12:41:00","guid":{"rendered":"http:\/\/www.euroresidentes.com\/estilo-de-vida\/consejos-belleza-bienestar\/vitamina-c-para-la-piel-la-cara"},"modified":"2018-02-20T10:59:17","modified_gmt":"2018-02-20T09:59:17","slug":"vitamina-c-para-la-piel-la-cara","status":"publish","type":"post","link":"https:\/\/www.euroresidentes.com\/estilo-de-vida\/consejos-belleza-bienestar\/vitamina-c-para-la-piel-la-cara\/","title":{"rendered":"Vitamina C para la piel, la cara&#8230;"},"content":{"rendered":"<p>\u00a1Qu\u00e9 luz en la piel!<\/p>\n<p><strong> La Vitamina C es fuente de\u00a0energ\u00eda\u00a0y luminosidad<\/strong>.\u00a0<\/p>\n<p>La Vitamina C ejerce 4 acciones fundamentales en la piel: Antioxidante, Regenerador, Hidratante y Luminadora. Existen l\u00edneas de cosm\u00e9tica basadas en el poder rejuvenecedor de la Vitamina C.<\/p>\n<p><!-- inserta publi --><\/p>\n<p>Es un <strong>excelente\u00a0activo\u00a0natural<\/strong>, que unido a la\u00a0tecnolog\u00eda\u00a0m\u00e1s innovadora ha hecho posible un\u00a0eficaz\u00a0avance para prevenir y corregir los signos del envejecimiento.<\/p>\n<p>Restablece el equilibrio de la piel, la mantiene bella y luminosa. <strong>Repara, energiza e ilumina<\/strong> combatiendo los signos de envejecimiento y aportando <strong>antioxidantes naturales<\/strong>.<\/p>\n<div style=\"clear: both; text-align: center;\"><a style=\"margin-left: 1em; margin-right: 1em;\" href=\"http:\/\/4.bp.blogspot.com\/-bkRF1ZLAxD8\/URuK6_uv35I\/AAAAAAAAHLQ\/sMXk3IB0TGs\/s1600\/vitamina-c.jpg\"><img loading=\"lazy\" decoding=\"async\" src=\"http:\/\/4.bp.blogspot.com\/-bkRF1ZLAxD8\/URuK6_uv35I\/AAAAAAAAHLQ\/sMXk3IB0TGs\/s640\/vitamina-c.jpg\" alt=\"\" width=\"640\" height=\"424\" border=\"0\" \/><\/a><\/div>\n<p><strong> La Vitamina C se recomienda para:<\/strong><\/p>\n<ul>\n<li>Pieles apagadas y desvitalizadas, deshidratadas por el exceso de sol, que deseen prevenir el\u00a0envejecimiento y\u00a0afectadas por el estr\u00e9s.<\/li>\n<li>Todo tipo de pieles, tanto de mujeres como de hombres.\u00a0 \u00a0<\/li>\n<\/ul>\n<h3>\u00bfEn qu\u00e9\u00a0\u00e9poca\u00a0del a\u00f1o se debe aplicar?<span style=\"font-family: Trebuchet MS, sans-serif;\">\u00a0<\/span><\/h3>\n<div>En cualquier estaci\u00f3n del a\u00f1o es bueno aplicarla.<\/div>\n<h3>Tratamiento Facial Profesional en Cabina<\/h3>\n<h4><strong>Facial Vitamina C:<\/strong><\/h4>\n<div>Limpiar la piel con leche limpiadora de Vitamina C, tonificar con t\u00f3nico Vitamina C.<\/div>\n<div>Efectuar una exfoliaci\u00f3n en\u00a0profundidad\u00a0con c\u00edtricos. Pasar un <strong>aparato de Dermoabrasi\u00f3n<\/strong>, punta de Diamante. \u00c9ste aparato nos va a <strong>potenciar en profundidad el tratamiento de Vitamina C<\/strong> puesto, que hace un efecto peeling mucho m\u00e1s profundo, ya que exfoliamos la piel con un torno y tratamos las arrugas con m\u00e1s profundidad. Esto nos ayuda a preparar la piel para que luego los siguientes productos, que pongamos, absorban con m\u00e1s facilidad y profundidad y el tratamientos sea m\u00e1s efectivo.<\/div>\n<p><!-- inserta publi 2 --><\/p>\n<div>Luego pondremos una ampolla de Vitamina C. Se trata de un excelente concentrado de naranja, ideal para hacer un masaje penetrante, que aportar\u00e1 luminosidad y <strong>correcci\u00f3n de los signos de envejecimiento<\/strong>.<\/div>\n<h4><b> <\/b><strong>Mascarilla Vitamina C:\u00a0<\/strong><\/h4>\n<div>Se aplica por todo el rostro, cuello y escote. Se deja actuar 15 min. y luego se retira con agua. Las pieles apagadas enseguida reviven.<\/div>\n<div>Por \u00faltimo, aplicaremos crema de Vitamina C, con un masaje m\u00e1s activo, para espabilar y rejuvenecer la piel.<\/div>\n<div>\n<div style=\"clear: both; text-align: center;\"><a style=\"margin-left: 1em; margin-right: 1em;\" href=\"http:\/\/3.bp.blogspot.com\/-4nP8oANDaes\/VZZmHcrS3bI\/AAAAAAAAbu0\/bZ_QAlh87V8\/s1600\/SERUM%2BVIT%2BC%2B%252B%2BAMPOLLAS.jpg\"><img loading=\"lazy\" decoding=\"async\" class=\"\" src=\"http:\/\/3.bp.blogspot.com\/-4nP8oANDaes\/VZZmHcrS3bI\/AAAAAAAAbu0\/bZ_QAlh87V8\/s400\/SERUM%2BVIT%2BC%2B%252B%2BAMPOLLAS.jpg\" alt=\"\" width=\"237\" height=\"349\" border=\"0\" \/><\/a><\/div>\n<\/div>\n<div><span style=\"font-family: Trebuchet MS, sans-serif;\">\u00a0<\/span><\/div>\n<h3>Tratamiento Corporal Profesional en Cabina<span style=\"font-family: Trebuchet MS, sans-serif;\">\u00a0<\/span><\/h3>\n<h4><strong>Corporal Vitamina C<\/strong><\/h4>\n<div>Se\u00a0hace un peeling corporal con c\u00edtricos. Se aplica por todo el cuerpo haciendo movimientos de masaje de arrastra, para dejar la piel bien limpia. Se deja actuar 20 min. en la termosauna, para provocar una exudaci\u00f3n. Luego debe ducharse, para que la piel quede bien limpia.<\/div>\n<div>Una vez la piel est\u00e9 seca, se aplica crema corporal Vitamina C, con alto poder nutritivo, que aporta una nueva juventud a la piel por su composici\u00f3n en Vitamina C.<\/div>\n<div>Gracias a su textura y micropigmentaci\u00f3n reflectores, que <strong>instant\u00e1neamente la piel queda hidratada<\/strong> y muy luminosa.<\/p>\n<div style=\"clear: both; text-align: center;\"><a style=\"margin-left: 1em; margin-right: 1em;\" href=\"http:\/\/3.bp.blogspot.com\/-FS5R2YV1JeQ\/VZZpeeVdVPI\/AAAAAAAAbvY\/iswvOSX5Brk\/s1600\/tratamiento-belleza%2B%25281%2529.jpg\"><img decoding=\"async\" src=\"http:\/\/3.bp.blogspot.com\/-FS5R2YV1JeQ\/VZZpeeVdVPI\/AAAAAAAAbvY\/iswvOSX5Brk\/s1600\/tratamiento-belleza%2B%25281%2529.jpg\" alt=\"\" border=\"0\" \/><\/a><\/div>\n<\/div>\n<h3>Tratamiento Facial para hacer en Casa<\/h3>\n<h4><strong>Para pieles normales a tendencia grasa<\/strong><\/h4>\n<div>Limpiar la piel d\u00eda y noche, con leche y t\u00f3nico de c\u00edtricos, Vitamina C en profundidad, ya que los c\u00edtricos hacen penetrar m\u00e1s el producto. Aplicar <strong>Emulsi\u00f3n a base de Vitamina C<\/strong> d\u00eda y noche: recupera la hidrataci\u00f3n, claridad, firmeza y protege frente a los radicales libres.<\/div>\n<div>\u00a0<\/div>\n<h4><strong>Para pieles secas<\/strong><\/h4>\n<div>La limpieza igual, pero en lugar de la Emulsi\u00f3n, se aplica una <strong>Crema Revitalizante<\/strong><span style=\"font-family: Trebuchet MS, sans-serif;\">,<\/span> tratamiento de Vitamina C. Recupera la hidrataci\u00f3n, claridad, firmeza y protege frente a los radicales libres. Se aplicar\u00e1 d\u00eda y noche.<\/div>\n<div>\n<div style=\"clear: both; text-align: center;\"><a style=\"margin-left: 1em; margin-right: 1em;\" href=\"http:\/\/2.bp.blogspot.com\/-LGRjtCDN2so\/VZZmRxuyTJI\/AAAAAAAAbu8\/OXvu-tgHF_8\/s1600\/CREMA%2BVIT%2BC%2B%252B%2BAMPOLLAS.jpg\"><img loading=\"lazy\" decoding=\"async\" src=\"http:\/\/2.bp.blogspot.com\/-LGRjtCDN2so\/VZZmRxuyTJI\/AAAAAAAAbu8\/OXvu-tgHF_8\/s320\/CREMA%2BVIT%2BC%2B%252B%2BAMPOLLAS.jpg\" alt=\"\" width=\"240\" height=\"320\" border=\"0\" \/><\/a>\u00a0\u00a0<\/div>\n<\/div>\n<h3>Tratamiento Masculino de Vitamina C<\/h3>\n<div>Aplicar <strong>2 veces por semana<\/strong> con la piel bien limpia, dej\u00e1ndola actuar 15 min. tumbados, para que entren bien los principios activos.<\/div>\n<h4><strong>Tratamiento Corporal en casa con Vitamina C<span style=\"font-family: Trebuchet MS, sans-serif;\">\u00a0<\/span><\/strong><\/h4>\n<div>Aplicar todos los d\u00edas una crema<strong> corporal Revitalizante<\/strong>, que consigue una luminosidad instant\u00e1nea en pieles apagadas y afectadas por el estr\u00e9s\u00a0y el paso del tiempo.\u00a0Rejuvenece mucho la piel y se notan los resultados.<\/div>\n<div>\n<div style=\"clear: both; text-align: center;\"><a style=\"margin-left: 1em; margin-right: 1em;\" href=\"http:\/\/4.bp.blogspot.com\/-Z4V2s7ylt4U\/Unz2k4yuD_I\/AAAAAAAAK3g\/QfxXG-tNJDU\/s1600\/la+foto+2+(22).jpg\"><img loading=\"lazy\" decoding=\"async\" src=\"http:\/\/4.bp.blogspot.com\/-Z4V2s7ylt4U\/Unz2k4yuD_I\/AAAAAAAAK3g\/QfxXG-tNJDU\/s320\/la+foto+2+(22).jpg\" alt=\"\" width=\"240\" height=\"320\" border=\"0\" \/><\/a><\/div>\n<p><strong>Para los m\u00e1s exigentes<\/strong><\/div>\n<div>Aplicar ampollas en casa, tanto facial como corporal, que acelera mucho el efecto del tratamiento.<\/div>\n<h3>La Naranja Vitamina C<\/h3>\n<div>Est\u00e1 comprobado, que <strong>la Vitamina C <\/strong>es beneficiosa,\u00a0para\u00a0nuestro organismo. El poder de la naranja es extraordinario. \u00c9ste reside no solamente en su pulpa. si no tambi\u00e9n en su arom\u00e1tica y coloreada piel.<\/div>\n<div>Posee <strong>propiedades sedantes y protectoras vasculares<\/strong>. La pulpa de la naranja es muy rica en Vitamina C. Contiene una cantidad considerable de carotenoides, potentes antioxidantes, que le proporcionan si t\u00edpico color y se transforma en Vitamina Z para el organismo.<\/div>\n<div>Tambi\u00e9n contiene \u00e1cido f\u00f3lico y vitamina B1 y B2. Aporta calcio en cantidades destacables y en menor proporci\u00f3n, magnesio y f\u00f3sforo, que ayuda a combatir la Osteoporosis. Tambi\u00e9n ayuda a activar el peristalismo intestinal y ayuda a reducir los\u00a0niveles\u00a0de colesterol en sangre.<\/div>\n<div><span style=\"font-family: Trebuchet MS, sans-serif;\">\u00a0<\/span><\/div>\n<div><strong>Consejo:<\/strong> tome un zumo de naranja o pomelo todas las ma\u00f1anas, antes de desayunar. Ayuda much\u00edsimo al organismo. Para las m\u00e1s vagas, venden vitamina C en comprimidos. Debe intentar que sea lo m\u00e1s natural posible. El resultado es una cura de belleza por v\u00eda oral.<\/div>\n<h3>Mascarilla Casera de Vitamina C<\/h3>\n<div>Mezcle: 1 cucharadita de miel con el zumo de una naranja. Mezclelo hasta obtener una masa\u00a0homog\u00e9nea.\u00a0Apl\u00edquela\u00a0en la piel y\u00a0t\u00fambese\u00a0durante 15 min. Cuando la retire, ver\u00e1 que piel m\u00e1s luminosa le queda.<\/div>\n<div>\n<div style=\"clear: both; text-align: center;\">\u00a0<\/div>\n<div style=\"clear: both; text-align: center;\"><a style=\"margin-left: 1em; margin-right: 1em;\" href=\"http:\/\/2.bp.blogspot.com\/-MMSePhQx_WM\/VZZmfqVwQPI\/AAAAAAAAbvE\/GTqEoMIEfh4\/s1600\/la%2Bfoto%2B1%2B%252822%2529.jpg\"><img decoding=\"async\" src=\"http:\/\/2.bp.blogspot.com\/-MMSePhQx_WM\/VZZmfqVwQPI\/AAAAAAAAbvE\/GTqEoMIEfh4\/s1600\/la%2Bfoto%2B1%2B%252822%2529.jpg\" alt=\"\" border=\"0\" \/><\/a><\/div>\n<\/div>\n<h3>Infusi\u00f3n Natural de Naranja, Menta, Canela y Miel<\/h3>\n<div>Hierba la corteza de la naranja y apague el fuego. Se le a\u00f1ade 5 hojas de menta fresca, una rama de canela y 1 cucharadita de miel. D\u00e9jelo reposar 5 min. tapado. Est\u00e1 riqu\u00edsimo. El aporte de la naranja es importante: vitamina C \u00a0y antioxidantes; la canela y la miel tienen propiedades antis\u00e9pticas, antivirales y antibacterianas; las hojas frescas de menta aportan antioxidantes, vitaminas y minerales.<\/div>\n<div>\u00a0<\/div>\n<div><em>\u00a1Es buen\u00edsimo cuidarse por dentro con productos naturales! Maril\u00f3 Mart\u00ednez Sal\u00f3n de Belleza Mar\u00e1n<\/em><\/div>\n<div><span style=\"font-family: Trebuchet MS, sans-serif;\"><b>\u00a0<\/b><\/span><\/div>\n<div>\u00a0<\/div>\n<div><strong>Enlaces relacionados con Vitamina C:<\/strong><\/div>\n<div>\n<ul>\n<li><a href=\"http:\/\/consejos-belleza-bienestar.euroresidentes.com\/2013_12_01_archive.html\" target=\"_blank\">Vitaminas para la piel A, C, D y E<\/a><\/li>\n<li><a href=\"http:\/\/consejos-belleza-bienestar.euroresidentes.com\/2013\/10\/tratamientos-de-belleza-para-otono.html\" target=\"_blank\">Tratamientos de belleza para Oto\u00f1o<\/a><\/li>\n<\/ul>\n<\/div>\n","protected":false},"excerpt":{"rendered":"<p>\u00a1Qu\u00e9 luz en la piel! La Vitamina C es fuente de\u00a0energ\u00eda\u00a0y luminosidad.\u00a0 La Vitamina C ejerce 4 acciones fundamentales en la piel: Antioxidante, Regenerador, Hidratante y Luminadora. Existen l\u00edneas de cosm\u00e9tica basadas en el poder rejuvenecedor de la Vitamina C. Es un excelente\u00a0activo\u00a0natural, que unido a la\u00a0tecnolog\u00eda\u00a0m\u00e1s innovadora ha hecho posible un\u00a0eficaz\u00a0avance para prevenir y corregir los signos del envejecimiento. Restablece el equilibrio de la piel, la mantiene bella y luminosa. Repara, energiza e ilumina combatiendo los signos de envejecimiento y aportando antioxidantes naturales. La Vitamina C se recomienda para: Pieles apagadas y desvitalizadas, deshidratadas por el exceso de sol, <\/p>\n","protected":false},"author":4,"featured_media":4286,"comment_status":"open","ping_status":"open","sticky":false,"template":"","format":"standard","meta":{"footnotes":""},"categories":[10],"tags":[],"class_list":["post-3880","post","type-post","status-publish","format-standard","has-post-thumbnail","hentry","category-consejos","has_thumb"],"yoast_head":"<!-- This site is optimized with the Yoast SEO plugin v24.1 - https:\/\/yoast.com\/wordpress\/plugins\/seo\/ -->\n<title>Vitamina C para la piel, la cara... - Belleza y bienestar<\/title>\n<meta name=\"robots\" content=\"index, follow, max-snippet:-1, max-image-preview:large, max-video-preview:-1\" \/>\n<link rel=\"canonical\" href=\"https:\/\/www.euroresidentes.com\/estilo-de-vida\/consejos-belleza-bienestar\/vitamina-c-para-la-piel-la-cara\/\" \/>\n<meta property=\"og:locale\" content=\"es_ES\" \/>\n<meta property=\"og:type\" content=\"article\" \/>\n<meta property=\"og:title\" content=\"Vitamina C para la piel, la cara... - Belleza y bienestar\" \/>\n<meta property=\"og:description\" content=\"\u00a1Qu\u00e9 luz en la piel! La Vitamina C es fuente de\u00a0energ\u00eda\u00a0y luminosidad.\u00a0 La Vitamina C ejerce 4 acciones fundamentales en la piel: Antioxidante, Regenerador, Hidratante y Luminadora. Existen l\u00edneas de cosm\u00e9tica basadas en el poder rejuvenecedor de la Vitamina C. Es un excelente\u00a0activo\u00a0natural, que unido a la\u00a0tecnolog\u00eda\u00a0m\u00e1s innovadora ha hecho posible un\u00a0eficaz\u00a0avance para prevenir y corregir los signos del envejecimiento. Restablece el equilibrio de la piel, la mantiene bella y luminosa. Repara, energiza e ilumina combatiendo los signos de envejecimiento y aportando antioxidantes naturales. La Vitamina C se recomienda para: Pieles apagadas y desvitalizadas, deshidratadas por el exceso de sol,\" \/>\n<meta property=\"og:url\" content=\"https:\/\/www.euroresidentes.com\/estilo-de-vida\/consejos-belleza-bienestar\/vitamina-c-para-la-piel-la-cara\/\" \/>\n<meta property=\"og:site_name\" content=\"Belleza y bienestar\" \/>\n<meta property=\"article:publisher\" content=\"https:\/\/www.facebook.com\/euroresidentes\/\" \/>\n<meta property=\"article:published_time\" content=\"2013-02-13T12:41:00+00:00\" \/>\n<meta property=\"article:modified_time\" content=\"2018-02-20T09:59:17+00:00\" \/>\n<meta property=\"og:image\" content=\"https:\/\/www.euroresidentes.com\/estilo-de-vida\/consejos-belleza-bienestar\/wp-content\/uploads\/sites\/2\/2013\/02\/vitamina-c.jpg\" \/>\n\t<meta property=\"og:image:width\" content=\"425\" \/>\n\t<meta property=\"og:image:height\" content=\"282\" \/>\n\t<meta property=\"og:image:type\" content=\"image\/jpeg\" \/>\n<meta name=\"author\" content=\"Amparo y Maril\u00f3, Mar\u00e1n\" \/>\n<meta name=\"twitter:card\" content=\"summary_large_image\" \/>\n<meta name=\"twitter:label1\" content=\"Written by\" \/>\n\t<meta name=\"twitter:data1\" content=\"Amparo y Maril\u00f3, Mar\u00e1n\" \/>\n\t<meta name=\"twitter:label2\" content=\"Est. reading time\" \/>\n\t<meta name=\"twitter:data2\" content=\"5 minutos\" \/>\n<script type=\"application\/ld+json\" class=\"yoast-schema-graph\">{\"@context\":\"https:\/\/schema.org\",\"@graph\":[{\"@type\":\"WebPage\",\"@id\":\"https:\/\/www.euroresidentes.com\/estilo-de-vida\/consejos-belleza-bienestar\/vitamina-c-para-la-piel-la-cara\/\",\"url\":\"https:\/\/www.euroresidentes.com\/estilo-de-vida\/consejos-belleza-bienestar\/vitamina-c-para-la-piel-la-cara\/\",\"name\":\"Vitamina C para la piel, la cara... - Belleza y bienestar\",\"isPartOf\":{\"@id\":\"https:\/\/www.euroresidentes.com\/estilo-de-vida\/consejos-belleza-bienestar\/#website\"},\"primaryImageOfPage\":{\"@id\":\"https:\/\/www.euroresidentes.com\/estilo-de-vida\/consejos-belleza-bienestar\/vitamina-c-para-la-piel-la-cara\/#primaryimage\"},\"image\":{\"@id\":\"https:\/\/www.euroresidentes.com\/estilo-de-vida\/consejos-belleza-bienestar\/vitamina-c-para-la-piel-la-cara\/#primaryimage\"},\"thumbnailUrl\":\"https:\/\/www.euroresidentes.com\/estilo-de-vida\/consejos-belleza-bienestar\/wp-content\/uploads\/sites\/2\/2013\/02\/vitamina-c.jpg\",\"datePublished\":\"2013-02-13T12:41:00+00:00\",\"dateModified\":\"2018-02-20T09:59:17+00:00\",\"author\":{\"@id\":\"https:\/\/www.euroresidentes.com\/estilo-de-vida\/consejos-belleza-bienestar\/#\/schema\/person\/67b48c80f6ff965188715a347ab6fa51\"},\"breadcrumb\":{\"@id\":\"https:\/\/www.euroresidentes.com\/estilo-de-vida\/consejos-belleza-bienestar\/vitamina-c-para-la-piel-la-cara\/#breadcrumb\"},\"inLanguage\":\"es\",\"potentialAction\":[{\"@type\":\"ReadAction\",\"target\":[\"https:\/\/www.euroresidentes.com\/estilo-de-vida\/consejos-belleza-bienestar\/vitamina-c-para-la-piel-la-cara\/\"]}]},{\"@type\":\"ImageObject\",\"inLanguage\":\"es\",\"@id\":\"https:\/\/www.euroresidentes.com\/estilo-de-vida\/consejos-belleza-bienestar\/vitamina-c-para-la-piel-la-cara\/#primaryimage\",\"url\":\"https:\/\/www.euroresidentes.com\/estilo-de-vida\/consejos-belleza-bienestar\/wp-content\/uploads\/sites\/2\/2013\/02\/vitamina-c.jpg\",\"contentUrl\":\"https:\/\/www.euroresidentes.com\/estilo-de-vida\/consejos-belleza-bienestar\/wp-content\/uploads\/sites\/2\/2013\/02\/vitamina-c.jpg\",\"width\":425,\"height\":282},{\"@type\":\"BreadcrumbList\",\"@id\":\"https:\/\/www.euroresidentes.com\/estilo-de-vida\/consejos-belleza-bienestar\/vitamina-c-para-la-piel-la-cara\/#breadcrumb\",\"itemListElement\":[{\"@type\":\"ListItem\",\"position\":1,\"name\":\"Portada\",\"item\":\"https:\/\/www.euroresidentes.com\/estilo-de-vida\/consejos-belleza-bienestar\/\"},{\"@type\":\"ListItem\",\"position\":2,\"name\":\"Vitamina C para la piel, la cara&#8230;\"}]},{\"@type\":\"WebSite\",\"@id\":\"https:\/\/www.euroresidentes.com\/estilo-de-vida\/consejos-belleza-bienestar\/#website\",\"url\":\"https:\/\/www.euroresidentes.com\/estilo-de-vida\/consejos-belleza-bienestar\/\",\"name\":\"Belleza y bienestar\",\"description\":\"Los mejores consejos de belleza y bienestar\",\"potentialAction\":[{\"@type\":\"SearchAction\",\"target\":{\"@type\":\"EntryPoint\",\"urlTemplate\":\"https:\/\/www.euroresidentes.com\/estilo-de-vida\/consejos-belleza-bienestar\/?s={search_term_string}\"},\"query-input\":{\"@type\":\"PropertyValueSpecification\",\"valueRequired\":true,\"valueName\":\"search_term_string\"}}],\"inLanguage\":\"es\"},{\"@type\":\"Person\",\"@id\":\"https:\/\/www.euroresidentes.com\/estilo-de-vida\/consejos-belleza-bienestar\/#\/schema\/person\/67b48c80f6ff965188715a347ab6fa51\",\"name\":\"Amparo y Maril\u00f3, Mar\u00e1n\",\"image\":{\"@type\":\"ImageObject\",\"inLanguage\":\"es\",\"@id\":\"https:\/\/www.euroresidentes.com\/estilo-de-vida\/consejos-belleza-bienestar\/#\/schema\/person\/image\/\",\"url\":\"https:\/\/www.euroresidentes.com\/estilo-de-vida\/consejos-belleza-bienestar\/wp-content\/uploads\/sites\/2\/2016\/02\/maran-150x150.jpg\",\"contentUrl\":\"https:\/\/www.euroresidentes.com\/estilo-de-vida\/consejos-belleza-bienestar\/wp-content\/uploads\/sites\/2\/2016\/02\/maran-150x150.jpg\",\"caption\":\"Amparo y Maril\u00f3, Mar\u00e1n\"},\"description\":\"Maril\u00f3 y Amparo Hermanas, profesionales de la est\u00e9tica desde 1984\",\"sameAs\":[\"https:\/\/www.euroresidentes.com\/estilo-de-vida\/marilo-amparo.html\"],\"url\":\"https:\/\/www.euroresidentes.com\/estilo-de-vida\/consejos-belleza-bienestar\/author\/amparomarilo\/\"}]}<\/script>\n<!-- \/ Yoast SEO plugin. -->","yoast_head_json":{"title":"Vitamina C para la piel, la cara... - Belleza y bienestar","robots":{"index":"index","follow":"follow","max-snippet":"max-snippet:-1","max-image-preview":"max-image-preview:large","max-video-preview":"max-video-preview:-1"},"canonical":"https:\/\/www.euroresidentes.com\/estilo-de-vida\/consejos-belleza-bienestar\/vitamina-c-para-la-piel-la-cara\/","og_locale":"es_ES","og_type":"article","og_title":"Vitamina C para la piel, la cara... - Belleza y bienestar","og_description":"\u00a1Qu\u00e9 luz en la piel! La Vitamina C es fuente de\u00a0energ\u00eda\u00a0y luminosidad.\u00a0 La Vitamina C ejerce 4 acciones fundamentales en la piel: Antioxidante, Regenerador, Hidratante y Luminadora. Existen l\u00edneas de cosm\u00e9tica basadas en el poder rejuvenecedor de la Vitamina C. Es un excelente\u00a0activo\u00a0natural, que unido a la\u00a0tecnolog\u00eda\u00a0m\u00e1s innovadora ha hecho posible un\u00a0eficaz\u00a0avance para prevenir y corregir los signos del envejecimiento. Restablece el equilibrio de la piel, la mantiene bella y luminosa. Repara, energiza e ilumina combatiendo los signos de envejecimiento y aportando antioxidantes naturales. La Vitamina C se recomienda para: Pieles apagadas y desvitalizadas, deshidratadas por el exceso de sol,","og_url":"https:\/\/www.euroresidentes.com\/estilo-de-vida\/consejos-belleza-bienestar\/vitamina-c-para-la-piel-la-cara\/","og_site_name":"Belleza y bienestar","article_publisher":"https:\/\/www.facebook.com\/euroresidentes\/","article_published_time":"2013-02-13T12:41:00+00:00","article_modified_time":"2018-02-20T09:59:17+00:00","og_image":[{"width":425,"height":282,"url":"https:\/\/www.euroresidentes.com\/estilo-de-vida\/consejos-belleza-bienestar\/wp-content\/uploads\/sites\/2\/2013\/02\/vitamina-c.jpg","type":"image\/jpeg"}],"author":"Amparo y Maril\u00f3, Mar\u00e1n","twitter_card":"summary_large_image","twitter_misc":{"Written by":"Amparo y Maril\u00f3, Mar\u00e1n","Est. reading time":"5 minutos"},"schema":{"@context":"https:\/\/schema.org","@graph":[{"@type":"WebPage","@id":"https:\/\/www.euroresidentes.com\/estilo-de-vida\/consejos-belleza-bienestar\/vitamina-c-para-la-piel-la-cara\/","url":"https:\/\/www.euroresidentes.com\/estilo-de-vida\/consejos-belleza-bienestar\/vitamina-c-para-la-piel-la-cara\/","name":"Vitamina C para la piel, la cara... - Belleza y bienestar","isPartOf":{"@id":"https:\/\/www.euroresidentes.com\/estilo-de-vida\/consejos-belleza-bienestar\/#website"},"primaryImageOfPage":{"@id":"https:\/\/www.euroresidentes.com\/estilo-de-vida\/consejos-belleza-bienestar\/vitamina-c-para-la-piel-la-cara\/#primaryimage"},"image":{"@id":"https:\/\/www.euroresidentes.com\/estilo-de-vida\/consejos-belleza-bienestar\/vitamina-c-para-la-piel-la-cara\/#primaryimage"},"thumbnailUrl":"https:\/\/www.euroresidentes.com\/estilo-de-vida\/consejos-belleza-bienestar\/wp-content\/uploads\/sites\/2\/2013\/02\/vitamina-c.jpg","datePublished":"2013-02-13T12:41:00+00:00","dateModified":"2018-02-20T09:59:17+00:00","author":{"@id":"https:\/\/www.euroresidentes.com\/estilo-de-vida\/consejos-belleza-bienestar\/#\/schema\/person\/67b48c80f6ff965188715a347ab6fa51"},"breadcrumb":{"@id":"https:\/\/www.euroresidentes.com\/estilo-de-vida\/consejos-belleza-bienestar\/vitamina-c-para-la-piel-la-cara\/#breadcrumb"},"inLanguage":"es","potentialAction":[{"@type":"ReadAction","target":["https:\/\/www.euroresidentes.com\/estilo-de-vida\/consejos-belleza-bienestar\/vitamina-c-para-la-piel-la-cara\/"]}]},{"@type":"ImageObject","inLanguage":"es","@id":"https:\/\/www.euroresidentes.com\/estilo-de-vida\/consejos-belleza-bienestar\/vitamina-c-para-la-piel-la-cara\/#primaryimage","url":"https:\/\/www.euroresidentes.com\/estilo-de-vida\/consejos-belleza-bienestar\/wp-content\/uploads\/sites\/2\/2013\/02\/vitamina-c.jpg","contentUrl":"https:\/\/www.euroresidentes.com\/estilo-de-vida\/consejos-belleza-bienestar\/wp-content\/uploads\/sites\/2\/2013\/02\/vitamina-c.jpg","width":425,"height":282},{"@type":"BreadcrumbList","@id":"https:\/\/www.euroresidentes.com\/estilo-de-vida\/consejos-belleza-bienestar\/vitamina-c-para-la-piel-la-cara\/#breadcrumb","itemListElement":[{"@type":"ListItem","position":1,"name":"Portada","item":"https:\/\/www.euroresidentes.com\/estilo-de-vida\/consejos-belleza-bienestar\/"},{"@type":"ListItem","position":2,"name":"Vitamina C para la piel, la cara&#8230;"}]},{"@type":"WebSite","@id":"https:\/\/www.euroresidentes.com\/estilo-de-vida\/consejos-belleza-bienestar\/#website","url":"https:\/\/www.euroresidentes.com\/estilo-de-vida\/consejos-belleza-bienestar\/","name":"Belleza y bienestar","description":"Los mejores consejos de belleza y bienestar","potentialAction":[{"@type":"SearchAction","target":{"@type":"EntryPoint","urlTemplate":"https:\/\/www.euroresidentes.com\/estilo-de-vida\/consejos-belleza-bienestar\/?s={search_term_string}"},"query-input":{"@type":"PropertyValueSpecification","valueRequired":true,"valueName":"search_term_string"}}],"inLanguage":"es"},{"@type":"Person","@id":"https:\/\/www.euroresidentes.com\/estilo-de-vida\/consejos-belleza-bienestar\/#\/schema\/person\/67b48c80f6ff965188715a347ab6fa51","name":"Amparo y Maril\u00f3, Mar\u00e1n","image":{"@type":"ImageObject","inLanguage":"es","@id":"https:\/\/www.euroresidentes.com\/estilo-de-vida\/consejos-belleza-bienestar\/#\/schema\/person\/image\/","url":"https:\/\/www.euroresidentes.com\/estilo-de-vida\/consejos-belleza-bienestar\/wp-content\/uploads\/sites\/2\/2016\/02\/maran-150x150.jpg","contentUrl":"https:\/\/www.euroresidentes.com\/estilo-de-vida\/consejos-belleza-bienestar\/wp-content\/uploads\/sites\/2\/2016\/02\/maran-150x150.jpg","caption":"Amparo y Maril\u00f3, Mar\u00e1n"},"description":"Maril\u00f3 y Amparo Hermanas, profesionales de la est\u00e9tica desde 1984","sameAs":["https:\/\/www.euroresidentes.com\/estilo-de-vida\/marilo-amparo.html"],"url":"https:\/\/www.euroresidentes.com\/estilo-de-vida\/consejos-belleza-bienestar\/author\/amparomarilo\/"}]}},"_links":{"self":[{"href":"https:\/\/www.euroresidentes.com\/estilo-de-vida\/consejos-belleza-bienestar\/wp-json\/wp\/v2\/posts\/3880","targetHints":{"allow":["GET"]}}],"collection":[{"href":"https:\/\/www.euroresidentes.com\/estilo-de-vida\/consejos-belleza-bienestar\/wp-json\/wp\/v2\/posts"}],"about":[{"href":"https:\/\/www.euroresidentes.com\/estilo-de-vida\/consejos-belleza-bienestar\/wp-json\/wp\/v2\/types\/post"}],"author":[{"embeddable":true,"href":"https:\/\/www.euroresidentes.com\/estilo-de-vida\/consejos-belleza-bienestar\/wp-json\/wp\/v2\/users\/4"}],"replies":[{"embeddable":true,"href":"https:\/\/www.euroresidentes.com\/estilo-de-vida\/consejos-belleza-bienestar\/wp-json\/wp\/v2\/comments?post=3880"}],"version-history":[{"count":10,"href":"https:\/\/www.euroresidentes.com\/estilo-de-vida\/consejos-belleza-bienestar\/wp-json\/wp\/v2\/posts\/3880\/revisions"}],"predecessor-version":[{"id":6077,"href":"https:\/\/www.euroresidentes.com\/estilo-de-vida\/consejos-belleza-bienestar\/wp-json\/wp\/v2\/posts\/3880\/revisions\/6077"}],"wp:featuredmedia":[{"embeddable":true,"href":"https:\/\/www.euroresidentes.com\/estilo-de-vida\/consejos-belleza-bienestar\/wp-json\/wp\/v2\/media\/4286"}],"wp:attachment":[{"href":"https:\/\/www.euroresidentes.com\/estilo-de-vida\/consejos-belleza-bienestar\/wp-json\/wp\/v2\/media?parent=3880"}],"wp:term":[{"taxonomy":"category","embeddable":true,"href":"https:\/\/www.euroresidentes.com\/estilo-de-vida\/consejos-belleza-bienestar\/wp-json\/wp\/v2\/categories?post=3880"},{"taxonomy":"post_tag","embeddable":true,"href":"https:\/\/www.euroresidentes.com\/estilo-de-vida\/consejos-belleza-bienestar\/wp-json\/wp\/v2\/tags?post=3880"}],"curies":[{"name":"wp","href":"https:\/\/api.w.org\/{rel}","templated":true}]}}