{"id":3844,"date":"2013-07-23T12:11:00","date_gmt":"2013-07-23T12:11:00","guid":{"rendered":"http:\/\/www.euroresidentes.com\/estilo-de-vida\/consejos-belleza-bienestar\/tratamientos-de-belleza-para-el-verano"},"modified":"2022-03-11T14:54:48","modified_gmt":"2022-03-11T13:54:48","slug":"tratamientos-de-belleza-para-el-verano","status":"publish","type":"post","link":"https:\/\/www.euroresidentes.com\/estilo-de-vida\/consejos-belleza-bienestar\/tratamientos-de-belleza-para-el-verano\/","title":{"rendered":"Tratamientos de Belleza para el Verano"},"content":{"rendered":"<h2 data-tadv-p=\"keep\">Tratamientos BEAUTY EXPR\u00c9S<\/h2>\n<p><span style=\"font-size: small\">Lo queremos todo r\u00e1pido: una <b><a href=\"http:\/\/consejos-belleza-bienestar.euroresidentes.com\/2013\/04\/pedicura-en-casa.html\" target=\"_blank\" rel=\"noopener noreferrer\">pedicura<\/a> <\/b>10&#8230; un bronceado dorad\u00edsimo&#8230; y por supuesto una barriguita plana y piernas firmes&#8230; Aqu\u00ed te vamos a explicar cuales son los mejores tratamientos de Belleza para este Verano.<\/span><\/p>\n<div style=\"clear: both;text-align: center\"><a style=\"margin-left: 1em;margin-right: 1em\" href=\"http:\/\/3.bp.blogspot.com\/-aBM9IjgaXrg\/VV3rOA7aXqI\/AAAAAAAAYX4\/GB0p5gSR3TE\/s1600\/piernas-broncearse-relax%2B%25283%2529.jpg\"><img loading=\"lazy\" decoding=\"async\" class=\"aligncenter\" src=\"http:\/\/3.bp.blogspot.com\/-aBM9IjgaXrg\/VV3rOA7aXqI\/AAAAAAAAYX4\/GB0p5gSR3TE\/s640\/piernas-broncearse-relax%2B%25283%2529.jpg\" alt=\"\" width=\"700\" height=\"525\" border=\"0\" \/><\/a><\/div>\n<h2 data-tadv-p=\"keep\">\u00bfOs pill\u00f3 el veranito?<\/h2>\n<p><span style=\"font-size: small\">No os agobi\u00e9is y mirad que precios:<\/span><\/p>\n<ul>\n<li><span style=\"font-size: small\"><b><a href=\"http:\/\/consejos-belleza-bienestar.euroresidentes.com\/2013\/04\/manicura-en-casa.html\" target=\"_blank\" rel=\"noopener noreferrer\">Manicura<\/a> &#8211; Pedicura Expr\u00e9<\/b>s: 20 min.<\/span><\/li>\n<li><span style=\"font-size: small\"><b><a href=\"http:\/\/consejos-belleza-bienestar.euroresidentes.com\/2013\/04\/autobronceadores.html\" target=\"_blank\" rel=\"noopener noreferrer\">Autobronceador<\/a> <\/b>en 5 min.<\/span><\/li>\n<li><span style=\"font-size: small\"><a href=\"http:\/\/consejos-belleza-bienestar.euroresidentes.com\/2013\/05\/tratamiento-de-belleza-en-casa.html\" target=\"_blank\" rel=\"noopener noreferrer\"><b>Facial Presolar vitam\u00ednico<\/b>: 30 min.<\/a><\/span><\/li>\n<li><span style=\"font-size: small\"><b><a href=\"http:\/\/consejos-belleza-bienestar.euroresidentes.com\/2013\/05\/tratamiento-de-belleza-en-casa.html\" target=\"_blank\" rel=\"noopener noreferrer\">Exfoliante corporal<\/a>:<\/b> 20 min.<\/span><\/li>\n<li><span style=\"font-size: small\"><b><a href=\"http:\/\/consejos-belleza-bienestar.euroresidentes.com\/2012\/12\/cavitacion.html\" target=\"_blank\" rel=\"noopener noreferrer\">Sesi\u00f3n adelagazante<\/a><\/b>: 90 min.<\/span><\/li>\n<li><span style=\"font-size: small\"><b><a href=\"http:\/\/consejos-belleza-bienestar.euroresidentes.com\/2013\/06\/depilacion-brasilena.html\" target=\"_blank\" rel=\"noopener noreferrer\">Ingl\u00e9s Brasile\u00f1as<\/a><\/b>: 30 min.<\/span><\/li>\n<li><span style=\"font-size: small\"><b><a href=\"http:\/\/consejos-belleza-bienestar.euroresidentes.com\/2013\/04\/botox-para-el-cabello.html\" target=\"_blank\" rel=\"noopener noreferrer\">Cabello Hidratado<\/a><\/b>: 30 min.<\/span><\/li>\n<\/ul>\n<div><span style=\"font-size: small\">Todo esto lo lograr\u00e9is en un Sal\u00f3n cualificado, pero si os lo ten\u00e9is que hacer vosotras, empezad ya. Tardear\u00e9is un poquito m\u00e1s.<\/span><\/div>\n<div><span style=\"color: #073763\"><span style=\"font-size: small\">\u00a0<\/span><\/span><\/div>\n<h2>Cabello Hidratado para el Verano<\/h2>\n<\/p>\n<div style=\"clear: both;text-align: center\"><\/div>\n<div style=\"clear: both;text-align: center\"><a style=\"margin-left: 1em;margin-right: 1em\" href=\"http:\/\/4.bp.blogspot.com\/-zNkoLC6hAHw\/VZaC6_pDH3I\/AAAAAAAAbyI\/DYMEJ2JEtrs\/s1600\/champ%25C3%25BA%2Bcabello%2Bte%25C3%25B1ido.jpg\"><img loading=\"lazy\" decoding=\"async\" class=\"aligncenter\" src=\"http:\/\/4.bp.blogspot.com\/-zNkoLC6hAHw\/VZaC6_pDH3I\/AAAAAAAAbyI\/DYMEJ2JEtrs\/s1600\/champ%25C3%25BA%2Bcabello%2Bte%25C3%25B1ido.jpg\" alt=\"\" width=\"700\" height=\"525\" border=\"0\" \/><\/a><\/div>\n<p><span style=\"font-size: small\">En casa utilizad champ\u00fa reparador y mascarilla de <b>PANTENE PRO V<\/b>. Est\u00e1 muy bien, es econ\u00f3mico y bastante bueno. Si ten\u00e9is el cabello natural pero muy seco, utilizad la l\u00ednea para cabellos coloreados. Hidratan m\u00e1s y no ocurre nada si lo tienes natural.<\/span><\/p>\n<\/p>\n<p><span style=\"font-size: small\">Si vais a la playa o a la piscina, venden sprays con protecci\u00f3n solar. Hay que\u00a0aplic\u00e1rselo\u00a0a menudo. Os durar\u00e1 m\u00e1s el color. Si os atrev\u00e9is, pod\u00e9is embadurnaros todo el cabello con aceite de almendras, como si fuera gomina y os dar\u00e1 un look veraniego. Y \u00a0si os parece bien, las pamelas, gorras, pa\u00f1uelos tipo pirata estar\u00e1n m\u00e1s modernos y el pelo a penas se os estropear\u00e1. Ver tambien: <a href=\"http:\/\/consejos-belleza-bienestar.euroresidentes.com\/2013\/04\/botox-para-el-cabello.html\" target=\"_blank\" rel=\"noopener noreferrer\">Botox para el Cabello<\/a><\/span><\/p>\n<p><span style=\"font-size: small\">Cada semana recurrid al champ\u00fa con color, que refresca al intensidad del color. No tienen\u00a0amoniaco\u00a0y los hay en tonos casta\u00f1os, rubios y rojizos.<\/span><\/p>\n<div style=\"clear: both;text-align: center\"><a style=\"margin-left: 1em;margin-right: 1em;text-align: center\" href=\"http:\/\/1.bp.blogspot.com\/-5Wxqv0CZjb4\/Ul0bIdW-auI\/AAAAAAAAKco\/-fCG8E1XCgc\/s1600\/IMG_3138+Relajaci%C3%B3n.jpg\"><img loading=\"lazy\" decoding=\"async\" class=\"aligncenter\" src=\"http:\/\/1.bp.blogspot.com\/-5Wxqv0CZjb4\/Ul0bIdW-auI\/AAAAAAAAKco\/-fCG8E1XCgc\/s640\/IMG_3138+Relajaci%C3%B3n.jpg\" alt=\"\" width=\"700\" height=\"467\" border=\"0\" \/><\/a><\/div>\n<h2><span style=\"font-size: small\">\u00a0<\/span><b>El Tinte en Verano<\/b><\/h2>\n<p><span style=\"font-size: small\">Si ten\u00e9is canas, te\u00f1iros s\u00f3lo la ra\u00edz. No pas\u00e9is el tinte a las puntas cada vez, si no se os estropear\u00e1 de todas formas en verano queda bonito el pelo con colores a mechitas desiguales, si no te\u00f1\u00eds las puntas se aclarar\u00e1n e ir\u00e9is a la moda. Es lo que se lleva ahora, <b><i>mechas californianas<\/i><\/b>.\u00a0<\/span><\/p>\n<div>\n<div style=\"clear: both;text-align: center\"><\/div>\n<div style=\"clear: both;text-align: center\"><a style=\"margin-left: 1em;margin-right: 1em\" href=\"http:\/\/3.bp.blogspot.com\/-aRslNuUsvFQ\/VZaC1X9gYZI\/AAAAAAAAbyA\/W6G7_PXEIfo\/s1600\/Reparador%2BCabello%2BTe%25C3%25B1ido.jpg\"><img decoding=\"async\" src=\"http:\/\/3.bp.blogspot.com\/-aRslNuUsvFQ\/VZaC1X9gYZI\/AAAAAAAAbyA\/W6G7_PXEIfo\/s1600\/Reparador%2BCabello%2BTe%25C3%25B1ido.jpg\" alt=\"\" border=\"0\" \/><\/a><\/div>\n<p><span style=\"font-size: small\">El peor enemigo del cabello, es el secador. No os obsesion\u00e9is con el cabello en verano. Si quer\u00e9is disfrutar, es m\u00e1s informal.<\/span><\/p>\n<\/div>\n<h2>S\u00faper hidrataci\u00f3n capilar<\/h2>\n<p><span style=\"font-size: small\">Compraros las ampollas de Mercadona o de Pantene, que se ponen con el cabello en seco. Si ten\u00e9is mucho pelo, deb\u00e9is poneros 2 ampollas y encima la <b><i>mascarilla\u00a0reparadora (precio: 20\u20ac)<\/i><\/b>. Deb\u00e9is dejarlo actuar durante toda la noche y por la ma\u00f1ana lav\u00e1roslo y ver\u00e9is qu\u00e9 pelo tan divino!!!<\/span><\/p>\n<div>\n<div style=\"clear: both;text-align: center\"><a style=\"margin-left: 1em;margin-right: 1em\" href=\"http:\/\/3.bp.blogspot.com\/-oITqDhDdI8I\/VZaDJSm5aVI\/AAAAAAAAbyQ\/PhM3pYY8rH0\/s1600\/Trat.%2BIntensivo%2B7%2BNutrientes.jpg\"><img loading=\"lazy\" decoding=\"async\" class=\"aligncenter\" src=\"http:\/\/3.bp.blogspot.com\/-oITqDhDdI8I\/VZaDJSm5aVI\/AAAAAAAAbyQ\/PhM3pYY8rH0\/s1600\/Trat.%2BIntensivo%2B7%2BNutrientes.jpg\" alt=\"\" width=\"452\" height=\"603\" border=\"0\" \/><\/a><\/div>\n<p><span style=\"font-size: small\"><b>Si no os quer\u00e9is gastar el dinero\u00a0<\/b><\/span> <span style=\"font-size: small\">Pelar un aguacate, mezclarlo con aceite de oliva hasta formar una crema, aplicarlo mecha a mecha. Dejar actuar durante 1 h. Se debe repetir la misma operaci\u00f3n una vez por semana. Queda el cabello s\u00faper hidratado y brillante.<\/span> Fabricaci\u00f3n de un s\u00faper Serum <span style=\"font-size: small\">En un bol: 2 cucharadas soperas de mascarilla reparadora, el zumo de un lim\u00f3n, 7 gotitas de alcohol. Se mezcla bien y deb\u00e9is\u00a0aplic\u00e1roslo\u00a0en las puntas con el cabello mojado. \u00a1Ya ver\u00e9is como sella las puntas!<\/span><\/p>\n<\/div>\n<p>Peluquer\u00eda <span style=\"font-size: small\">Si vais a la Peluquer\u00eda, os recomiendo el <b><a href=\"http:\/\/consejos-belleza-bienestar.euroresidentes.com\/2013\/04\/botox-para-el-cabello.html\" target=\"_blank\" rel=\"noopener noreferrer\">Tratamiento de Botox para el Cabello.<\/a><\/b>\u00a0<\/span> <span style=\"font-size: small\"><b><i>Su precio es de 30 \u20ac a 40 \u20ac <\/i><\/b>y queda el cabello fant\u00e1stico.<\/span> <b>Ingl\u00e9s Brasile\u00f1a<\/b> <b> <\/b><a style=\"margin-left: 1em;margin-right: 1em\" href=\"http:\/\/4.bp.blogspot.com\/-KKijN_zssSo\/VZZ0VHkEvuI\/AAAAAAAAbwQ\/DAVndGsdABc\/s1600\/depilacion-brasilena.jpg\"><img loading=\"lazy\" decoding=\"async\" class=\"aligncenter\" src=\"http:\/\/4.bp.blogspot.com\/-KKijN_zssSo\/VZZ0VHkEvuI\/AAAAAAAAbwQ\/DAVndGsdABc\/s320\/depilacion-brasilena.jpg\" alt=\"\" width=\"700\" height=\"525\" border=\"0\" \/><\/a><\/p>\n<h2 data-tadv-p=\"keep\">Depilaci\u00f3n<\/h2>\n<p><span style=\"font-size: small\"><b><i>La <a href=\"http:\/\/consejos-belleza-bienestar.euroresidentes.com\/2013\/06\/depilacion-brasilena.html\" target=\"_blank\" rel=\"noopener noreferrer\">depilaci\u00f3n Brasile\u00f1a <\/a>es preferible, que la haga un profesional<\/i><\/b>, por lo delicado de la zona y porque es dif\u00edcil\u00a0hac\u00e9rselo\u00a0uno solo. Pero si vais a hacerlo en casa, lo primero, que ten\u00e9is que hacer es cortar los pelos con una moto o tijeras. Id depilando ingl\u00e9s y adentraros lentamente. Elegid el sistema, que prefir\u00e1is: cera,\u00a0cuchilla\u00a0.. Si\u00a0eleg\u00eds\u00a0la cera, os aconsejamos, que os tumb\u00e9is en la cama y con un espejo de \u00a0mano, ver bien la zona donde te vas a depilar. Os aconsejo tambi\u00e9n, que teng\u00e1is la piel tersa cuando os pegu\u00e9is el tir\u00f3n u os har\u00e9is da\u00f1o.<i><b>Ver <\/b><\/i><b><i><b><a href=\"http:\/\/consejos-belleza-bienestar.euroresidentes.com\/2013\/06\/distintas-formas-de-depilacion.html\" target=\"_blank\" rel=\"noopener noreferrer\">Distintas formas de depilaci\u00f3n <\/a><\/b><\/i><\/b><\/span> <b><i> <\/i><\/b> <span style=\"font-size: small\"><b><i>Su precio oscila entre 20 \u20ac a 40 \u20ac.<\/i><\/b><\/span><\/p>\n<h2 data-tadv-p=\"keep\">Sesi\u00f3n Adelgazante para Verano<\/h2>\n<p><span style=\"font-size: small\">Ten\u00e9is varias opciones:\u00a0<\/span><\/p>\n<div style=\"clear: both;text-align: center\"><a style=\"margin-left: 1em;margin-right: 1em\" href=\"http:\/\/4.bp.blogspot.com\/-1x9dcVb-dLc\/Ue5wjENRVVI\/AAAAAAAAJ1Q\/JnDXBs8mr1E\/s1600\/Algas+Marinas+2.jpg\"><img loading=\"lazy\" decoding=\"async\" class=\"aligncenter\" src=\"http:\/\/4.bp.blogspot.com\/-1x9dcVb-dLc\/Ue5wjENRVVI\/AAAAAAAAJ1Q\/JnDXBs8mr1E\/s400\/Algas+Marinas+2.jpg\" alt=\"\" width=\"702\" height=\"523\" border=\"0\" \/><\/a><\/div>\n<ol>\n<li><b><span style=\"font-size: large\">En casa<\/span><\/b>: mezclad crema Anti-celul\u00edtica con una taza de caf\u00e9 y a\u00f1adidle pomada Thrombocid o pomada para las Hemorroides Hadensa. Mezcladlo bien, aplicadlo a la vez que os d\u00e1is un en\u00e9rgico masaje. A continuaci\u00f3n, caminad, bailad, saltad&#8230; El caso es moveros durante 20 minutos. Luego ducharos y aplicaros de nuevo la crema anti-celul\u00edtica.<\/li>\n<li><b><span style=\"font-size: large\">En un Centro de Belleza<\/span><\/b>: pueden aplicaros un <b style=\"font-size: medium\"><a href=\"http:\/\/consejos-belleza-bienestar.euroresidentes.com\/2013\/01\/algas-marinas.html\" target=\"_blank\" rel=\"noopener noreferrer\">exudaci\u00f3n de algas<\/a><\/b>, <b style=\"font-size: medium\"><a href=\"http:\/\/consejos-belleza-bienestar.euroresidentes.com\/2012\/12\/mesoterapia-virtual.html\" target=\"_blank\" rel=\"noopener noreferrer\">mesoter\u00e1pia<\/a><\/b>, <b style=\"font-size: medium\"><a href=\"http:\/\/consejos-belleza-bienestar.euroresidentes.com\/2012\/12\/cavitacion.html\" target=\"_blank\" rel=\"noopener noreferrer\">cavitaci\u00f3n<\/a><\/b>&#8230; depende de lo que necesit\u00e9is. No estar\u00eda de m\u00e1s, que\u00a0mimarais\u00a0vuestro cuerpo. <b style=\"font-size: medium\"><i>Precio oscila entre 40 \u20ac y 60 \u20ac.<\/i><\/b><\/li>\n<li><b><span style=\"font-size: large\">Exfoliante corporal<\/span><\/b>: 2 cucharadas soperas de sal, 2 cucharas soperas de az\u00facar y un buen chorro de gel de ba\u00f1o. Hay que aplicarlo por todo el cuerpo\u00a0h\u00famedo\u00a0y frotar en c\u00edrculos. Si quer\u00e9is exfoliaros m\u00e1s fuerte, deb\u00e9is aplicarlo con el cuerpo seco. No os olvid\u00e9is la planta de los pies, codos, espalda, culete. A continuaci\u00f3n, aplicaros una crema, que sea un poco especial, aprovechando, que no hay c\u00e9lulas muertas pegadas en vuestra piel.<\/li>\n<li><b><span style=\"font-size: large\">Un exfoliante profesional<\/span><\/b>: se os aplicar\u00e1n exfoliantes con sales perfumadas a\u00f1adiendo <b style=\"font-size: medium\"><a href=\"http:\/\/consejos-belleza-bienestar.euroresidentes.com\/2012\/12\/aceites-esenciales-nobles-para-masajes.html\" target=\"_blank\" rel=\"noopener noreferrer\">aceites\u00a0esenciales\u00a0<\/a><\/b>o incluso \u00e1cido glic\u00f3lico. Os frotar\u00e1n todo el cuerpo con guantes de micro-masaje. Os dejar\u00e1n en exposici\u00f3n con calor infrarrojo. Una vez acabado tomareis una ducha, os secar\u00e9is bien y os har\u00e1n un masaje con Serum Reafirmante o crema de Oro por todo tu cuerpo. <b style=\"font-size: medium\"><i>Su precio oscila entre 30 \u20ac y 60 \u20ac. <\/i><\/b><\/li>\n<\/ol>\n<div style=\"clear: both;text-align: center\"><a style=\"margin-left: 1em;margin-right: 1em\" href=\"http:\/\/3.bp.blogspot.com\/-pBEj1R8u0TI\/Ul-YnT8_CDI\/AAAAAAAAKnA\/SPKrGuXvLnQ\/s1600\/mascarilla-facial+acne.jpg\"><img loading=\"lazy\" decoding=\"async\" class=\"aligncenter\" src=\"http:\/\/3.bp.blogspot.com\/-pBEj1R8u0TI\/Ul-YnT8_CDI\/AAAAAAAAKnA\/SPKrGuXvLnQ\/s640\/mascarilla-facial+acne.jpg\" alt=\"\" width=\"700\" height=\"464\" border=\"0\" \/><\/a><\/div>\n<h2 data-tadv-p=\"keep\"><b> <\/b><b> <\/b><span style=\"color: #073763\"><b>Facial Pre-Solar para el Verano:\u00a0<\/b><\/span><\/h2>\n<h3 data-tadv-p=\"keep\"><b style=\"font-family: 'Trebuchet MS', sans-serif\"> <\/b><b style=\"font-family: 'Trebuchet MS', sans-serif\">Tratamiento facial pre-solar en casa<\/b><\/h3>\n<p><span style=\"font-family: 'Trebuchet MS', sans-serif\">Limpiaros la piel con leche limpiadora y exfoliaros la cara. Frotaros bien la frente, las sienes, el cuello y no se os olvide el escote. Aclarar bien la cara con agua caliente y luego fr\u00eda. Aplicaros una buena crema, que teng\u00e1is y masajearos la cara. Luego aplicaros la mascarilla hidratante y dejadla actuar durante 20 min. Durante estos 20 min. tumbaros y colocad una bolsita de infusi\u00f3n de poleo-menta, mojada con agua del grifo, en cada ojo y relajaros. Despu\u00e9s, aclararos la cara con abundante agua fr\u00eda y si ten\u00e9is alguna Ampolla, estupendo y si no, un Serum o crema.\u00a0<\/span><\/p>\n<h3 data-tadv-p=\"keep\">Tratamiento facial pre-solar en cabina de est\u00e9tica<b><\/b><\/h3>\n<p><span style=\"font-size: small\"><span style=\"font-size: small\">El profesional aplicar\u00e1 aparatolog\u00eda adecuada a vuestra piel y productos espec\u00edficos, que aumentan las defensas para tomar el sol y que no se os manche la piel.<\/span><i style=\"font-size: small;font-weight: bold\">Su precio oscila entre los 50 \u20ac a los 70 \u20ac.<\/i><b style=\"font-size: small\">Ver <\/b><span style=\"font-size: small\"><b>tambi\u00e9n<\/b><\/span><b style=\"font-size: small\">:<\/b><i style=\"font-size: small;font-weight: bold\"> <\/i><b style=\"font-size: small\"><a href=\"http:\/\/consejos-belleza-bienestar.euroresidentes.com\/2013\/02\/limpieza-de-cutis.html\" target=\"_blank\" rel=\"noopener noreferrer\">Limpieza de Cutis<\/a><\/b><\/span><\/p>\n<h2 data-tadv-p=\"keep\">Autobronceador para Verano<\/h2>\n<div style=\"clear: both;text-align: center\"><\/div>\n<div style=\"clear: both;text-align: center\"><a style=\"margin-left: 1em;margin-right: 1em\" href=\"http:\/\/2.bp.blogspot.com\/-Jh7q8NrhnXo\/VZaEHawA8NI\/AAAAAAAAbyY\/SN1n1aNZHnc\/s1600\/autobronceador%2B2.jpg\"><img loading=\"lazy\" decoding=\"async\" class=\"aligncenter\" src=\"http:\/\/2.bp.blogspot.com\/-Jh7q8NrhnXo\/VZaEHawA8NI\/AAAAAAAAbyY\/SN1n1aNZHnc\/s400\/autobronceador%2B2.jpg\" alt=\"\" width=\"428\" height=\"571\" border=\"0\" \/><\/a><\/div>\n<h3 data-tadv-p=\"keep\">Autobronceador en casa<\/h3>\n<p><span style=\"font-size: small\">Antes de poner el<b> <a href=\"http:\/\/consejos-belleza-bienestar.euroresidentes.com\/2013\/04\/autobronceadores.html\" target=\"_blank\" rel=\"noopener noreferrer\">autobronceador<\/a><\/b> es conveniente hacer un <i><b>exfoliante<\/b><\/i> y por favor, el autobronceador no<b> se mezcla con ninguna hidratante. Solamente se pone el autobronceador. <a href=\"http:\/\/consejos-belleza-bienestar.euroresidentes.com\/2013\/04\/autobronceadores.html\" target=\"_blank\" rel=\"noopener noreferrer\">Ver post de Autobronceador<\/a><\/b>.<\/span> <span style=\"font-size: small\"><b>Autobronceador en el Sal\u00f3n de Belleza<\/b>: en el Sal\u00f3n o centro de est\u00e9tica os aplicar\u00e1n el autobronceador con mimo, paciencia y precisi\u00f3n. Quedar\u00e1 perfecto.\u00a0<\/span> <span style=\"font-size: small\"><b>Su precio puede oscilar entre 25 \u20ac y 45 \u20ac. <\/b><\/span> <b> <\/b><span style=\"font-size: small\"><b><span style=\"color: #073763\">Pedicura y Manicura Expr\u00e9s para verano.<\/span><\/b><\/span><\/p>\n<div style=\"clear: both;text-align: center\"><a style=\"margin-left: 1em;margin-right: 1em\" href=\"http:\/\/2.bp.blogspot.com\/-I_gqw63CUPg\/VZaEdkGxirI\/AAAAAAAAbyk\/HxmWKU_TZnQ\/s1600\/manicura%2Bfucsia.jpg\"><img loading=\"lazy\" decoding=\"async\" class=\"aligncenter\" src=\"http:\/\/2.bp.blogspot.com\/-I_gqw63CUPg\/VZaEdkGxirI\/AAAAAAAAbyk\/HxmWKU_TZnQ\/s400\/manicura%2Bfucsia.jpg\" alt=\"\" width=\"477\" height=\"636\" border=\"0\" \/><\/a><\/div>\n<h2 data-tadv-p=\"keep\">En casa<\/h2>\n<p><span style=\"font-size: small\"><b>C<\/b>ortaros las u\u00f1as, limarlas, aplicaros un<b> <\/b>Serum anticut\u00edculas<b>. <\/b>Exfoliar los pies y las manos a la vez. Se aclaran en la ducha los dos a la vez. Se maquillan o pintan las u\u00f1as y se hidratan bien. \u00a1Rapid\u00edsimo!<\/span><\/p>\n<h2 data-tadv-p=\"keep\">En el centro de est\u00e9tica<\/h2>\n<p><span style=\"font-size: small\">Os pueden hacer manicura y pedicura expr\u00e9s; o\u00a0\u00a0manicura y pedicura Spa. Depender\u00e1 del tiempo del que dispong\u00e1is y del presupuesto.<\/span> <span style=\"font-size: small\"><b>Precio oscila entre 30 \u20ac y 60 \u20ac<\/b>.<\/span><\/p>\n<p><span style=\"font-size: small\"><span style=\"color: #0c343d\"><b>Otros enlaces relacionados con Tratamientos de Belleza para el Verano<\/b>:<\/span><\/span><\/p>\n<ul>\n<li><span style=\"font-size: small\"><b><a href=\"http:\/\/consejos-trucos-remedios.euroresidentes.com\/2009\/05\/preparar-el-cuerpo-para-el-verano.html\" target=\"_blank\" rel=\"noopener noreferrer\">Preparar el cuerpo para el verano<\/a><\/b><\/span><\/li>\n<\/ul>\n<ul>\n<li><span style=\"font-size: small\"><b><a href=\"https:\/\/www.euroresidentes.com\/calendario\/verano\/consejos_para_el_verano.htm\" target=\"_blank\" rel=\"noopener noreferrer\">Consejos para el Verano<\/a><\/b><\/span><\/li>\n<li><span style=\"font-size: small\"><b><a href=\"http:\/\/alimentacion-cocina-gastronomia.euroresidentes.com\/2006\/07\/frutas-de-verano-salud-y-belleza.html\" target=\"_blank\" rel=\"noopener noreferrer\">Frutas de Verano: Salud y Belleza<\/a><\/b><\/span><\/li>\n<li><span style=\"font-size: small\"><b><a href=\"http:\/\/consejos-trucos-remedios.euroresidentes.com\/2007\/06\/trucos-de-belleza-para-verano.html\" target=\"_blank\" rel=\"noopener noreferrer\">Trucos de belleza para verano\u00a0<\/a><\/b><\/span><\/li>\n<li><span style=\"font-size: small\"><b><a href=\"http:\/\/alimentacion-cocina-gastronomia.euroresidentes.com\/2005\/06\/ensaladas-en-verano.html\" target=\"_blank\" rel=\"noopener noreferrer\">Ensaladas en verano<\/a><\/b><\/span><\/li>\n<li><span style=\"font-size: small\"><b><a href=\"http:\/\/alimentacion-cocina-gastronomia.euroresidentes.com\/2005\/08\/adelgazar-en-verano.html\" target=\"_blank\" rel=\"noopener noreferrer\">Adelgazar en verano<\/a><\/b><\/span><\/li>\n<li><span style=\"font-size: small\"><b><a href=\"https:\/\/www.euroresidentes.com\/Recetas\/menus\/de_verano\/menu_para_verano.htm\" target=\"_blank\" rel=\"noopener noreferrer\">Men\u00fas para verano <\/a><\/b><\/span><\/li>\n<\/ul>\n","protected":false},"excerpt":{"rendered":"<p>Tratamientos BEAUTY EXPR\u00c9S Lo queremos todo r\u00e1pido: una pedicura 10&#8230; un bronceado dorad\u00edsimo&#8230; y por supuesto una barriguita plana y piernas firmes&#8230; Aqu\u00ed te vamos a explicar cuales son los mejores tratamientos de Belleza para este Verano. \u00bfOs pill\u00f3 el veranito? No os agobi\u00e9is y mirad que precios: Manicura &#8211; Pedicura Expr\u00e9s: 20 min. Autobronceador en 5 min. Facial Presolar vitam\u00ednico: 30 min. Exfoliante corporal: 20 min. Sesi\u00f3n adelagazante: 90 min. Ingl\u00e9s Brasile\u00f1as: 30 min. Cabello Hidratado: 30 min. Todo esto lo lograr\u00e9is en un Sal\u00f3n cualificado, pero si os lo ten\u00e9is que hacer vosotras, empezad ya. Tardear\u00e9is un poquito <\/p>\n","protected":false},"author":4,"featured_media":4221,"comment_status":"open","ping_status":"open","sticky":false,"template":"","format":"standard","meta":{"footnotes":""},"categories":[11],"tags":[],"class_list":["post-3844","post","type-post","status-publish","format-standard","has-post-thumbnail","hentry","category-tratamientos","has_thumb"],"yoast_head":"<!-- This site is optimized with the Yoast SEO plugin v24.1 - https:\/\/yoast.com\/wordpress\/plugins\/seo\/ -->\n<title>Tratamientos de Belleza para el Verano - Belleza y bienestar<\/title>\n<meta name=\"description\" content=\"Lo queremos todo r\u00e1pido: una pedicura 10... un bronceado dorad\u00edsimo... y por supuesto una barriguita plana y piernas firmes... Aqu\u00ed te vamos a explicar cuales son los mejores tratamientos de Belleza para este Verano.\" \/>\n<meta name=\"robots\" content=\"index, follow, max-snippet:-1, max-image-preview:large, max-video-preview:-1\" \/>\n<link rel=\"canonical\" href=\"https:\/\/www.euroresidentes.com\/estilo-de-vida\/consejos-belleza-bienestar\/tratamientos-de-belleza-para-el-verano\/\" \/>\n<meta property=\"og:locale\" content=\"es_ES\" \/>\n<meta property=\"og:type\" content=\"article\" \/>\n<meta property=\"og:title\" content=\"Tratamientos de Belleza para el Verano - Belleza y bienestar\" \/>\n<meta property=\"og:description\" content=\"Lo queremos todo r\u00e1pido: una pedicura 10... un bronceado dorad\u00edsimo... y por supuesto una barriguita plana y piernas firmes... Aqu\u00ed te vamos a explicar cuales son los mejores tratamientos de Belleza para este Verano.\" \/>\n<meta property=\"og:url\" content=\"https:\/\/www.euroresidentes.com\/estilo-de-vida\/consejos-belleza-bienestar\/tratamientos-de-belleza-para-el-verano\/\" \/>\n<meta property=\"og:site_name\" content=\"Belleza y bienestar\" \/>\n<meta property=\"article:publisher\" content=\"https:\/\/www.facebook.com\/euroresidentes\/\" \/>\n<meta property=\"article:published_time\" content=\"2013-07-23T12:11:00+00:00\" \/>\n<meta property=\"article:modified_time\" content=\"2022-03-11T13:54:48+00:00\" \/>\n<meta property=\"og:image\" content=\"https:\/\/www.euroresidentes.com\/estilo-de-vida\/consejos-belleza-bienestar\/wp-content\/uploads\/sites\/2\/2013\/07\/piernas-broncearse-relax.jpg\" \/>\n\t<meta property=\"og:image:width\" content=\"600\" \/>\n\t<meta property=\"og:image:height\" content=\"450\" \/>\n\t<meta property=\"og:image:type\" content=\"image\/jpeg\" \/>\n<meta name=\"author\" content=\"Amparo y Maril\u00f3, Mar\u00e1n\" \/>\n<meta name=\"twitter:card\" content=\"summary_large_image\" \/>\n<meta name=\"twitter:label1\" content=\"Written by\" \/>\n\t<meta name=\"twitter:data1\" content=\"Amparo y Maril\u00f3, Mar\u00e1n\" \/>\n\t<meta name=\"twitter:label2\" content=\"Est. reading time\" \/>\n\t<meta name=\"twitter:data2\" content=\"6 minutos\" \/>\n<script type=\"application\/ld+json\" class=\"yoast-schema-graph\">{\"@context\":\"https:\/\/schema.org\",\"@graph\":[{\"@type\":\"WebPage\",\"@id\":\"https:\/\/www.euroresidentes.com\/estilo-de-vida\/consejos-belleza-bienestar\/tratamientos-de-belleza-para-el-verano\/\",\"url\":\"https:\/\/www.euroresidentes.com\/estilo-de-vida\/consejos-belleza-bienestar\/tratamientos-de-belleza-para-el-verano\/\",\"name\":\"Tratamientos de Belleza para el Verano - Belleza y bienestar\",\"isPartOf\":{\"@id\":\"https:\/\/www.euroresidentes.com\/estilo-de-vida\/consejos-belleza-bienestar\/#website\"},\"primaryImageOfPage\":{\"@id\":\"https:\/\/www.euroresidentes.com\/estilo-de-vida\/consejos-belleza-bienestar\/tratamientos-de-belleza-para-el-verano\/#primaryimage\"},\"image\":{\"@id\":\"https:\/\/www.euroresidentes.com\/estilo-de-vida\/consejos-belleza-bienestar\/tratamientos-de-belleza-para-el-verano\/#primaryimage\"},\"thumbnailUrl\":\"https:\/\/www.euroresidentes.com\/estilo-de-vida\/consejos-belleza-bienestar\/wp-content\/uploads\/sites\/2\/2013\/07\/piernas-broncearse-relax.jpg\",\"datePublished\":\"2013-07-23T12:11:00+00:00\",\"dateModified\":\"2022-03-11T13:54:48+00:00\",\"author\":{\"@id\":\"https:\/\/www.euroresidentes.com\/estilo-de-vida\/consejos-belleza-bienestar\/#\/schema\/person\/67b48c80f6ff965188715a347ab6fa51\"},\"description\":\"Lo queremos todo r\u00e1pido: una pedicura 10... un bronceado dorad\u00edsimo... y por supuesto una barriguita plana y piernas firmes... Aqu\u00ed te vamos a explicar cuales son los mejores tratamientos de Belleza para este Verano.\",\"breadcrumb\":{\"@id\":\"https:\/\/www.euroresidentes.com\/estilo-de-vida\/consejos-belleza-bienestar\/tratamientos-de-belleza-para-el-verano\/#breadcrumb\"},\"inLanguage\":\"es\",\"potentialAction\":[{\"@type\":\"ReadAction\",\"target\":[\"https:\/\/www.euroresidentes.com\/estilo-de-vida\/consejos-belleza-bienestar\/tratamientos-de-belleza-para-el-verano\/\"]}]},{\"@type\":\"ImageObject\",\"inLanguage\":\"es\",\"@id\":\"https:\/\/www.euroresidentes.com\/estilo-de-vida\/consejos-belleza-bienestar\/tratamientos-de-belleza-para-el-verano\/#primaryimage\",\"url\":\"https:\/\/www.euroresidentes.com\/estilo-de-vida\/consejos-belleza-bienestar\/wp-content\/uploads\/sites\/2\/2013\/07\/piernas-broncearse-relax.jpg\",\"contentUrl\":\"https:\/\/www.euroresidentes.com\/estilo-de-vida\/consejos-belleza-bienestar\/wp-content\/uploads\/sites\/2\/2013\/07\/piernas-broncearse-relax.jpg\",\"width\":600,\"height\":450},{\"@type\":\"BreadcrumbList\",\"@id\":\"https:\/\/www.euroresidentes.com\/estilo-de-vida\/consejos-belleza-bienestar\/tratamientos-de-belleza-para-el-verano\/#breadcrumb\",\"itemListElement\":[{\"@type\":\"ListItem\",\"position\":1,\"name\":\"Portada\",\"item\":\"https:\/\/www.euroresidentes.com\/estilo-de-vida\/consejos-belleza-bienestar\/\"},{\"@type\":\"ListItem\",\"position\":2,\"name\":\"Tratamientos de Belleza para el Verano\"}]},{\"@type\":\"WebSite\",\"@id\":\"https:\/\/www.euroresidentes.com\/estilo-de-vida\/consejos-belleza-bienestar\/#website\",\"url\":\"https:\/\/www.euroresidentes.com\/estilo-de-vida\/consejos-belleza-bienestar\/\",\"name\":\"Belleza y bienestar\",\"description\":\"Los mejores consejos de belleza y bienestar\",\"potentialAction\":[{\"@type\":\"SearchAction\",\"target\":{\"@type\":\"EntryPoint\",\"urlTemplate\":\"https:\/\/www.euroresidentes.com\/estilo-de-vida\/consejos-belleza-bienestar\/?s={search_term_string}\"},\"query-input\":{\"@type\":\"PropertyValueSpecification\",\"valueRequired\":true,\"valueName\":\"search_term_string\"}}],\"inLanguage\":\"es\"},{\"@type\":\"Person\",\"@id\":\"https:\/\/www.euroresidentes.com\/estilo-de-vida\/consejos-belleza-bienestar\/#\/schema\/person\/67b48c80f6ff965188715a347ab6fa51\",\"name\":\"Amparo y Maril\u00f3, Mar\u00e1n\",\"image\":{\"@type\":\"ImageObject\",\"inLanguage\":\"es\",\"@id\":\"https:\/\/www.euroresidentes.com\/estilo-de-vida\/consejos-belleza-bienestar\/#\/schema\/person\/image\/\",\"url\":\"https:\/\/www.euroresidentes.com\/estilo-de-vida\/consejos-belleza-bienestar\/wp-content\/uploads\/sites\/2\/2016\/02\/maran-150x150.jpg\",\"contentUrl\":\"https:\/\/www.euroresidentes.com\/estilo-de-vida\/consejos-belleza-bienestar\/wp-content\/uploads\/sites\/2\/2016\/02\/maran-150x150.jpg\",\"caption\":\"Amparo y Maril\u00f3, Mar\u00e1n\"},\"description\":\"Maril\u00f3 y Amparo Hermanas, profesionales de la est\u00e9tica desde 1984\",\"sameAs\":[\"https:\/\/www.euroresidentes.com\/estilo-de-vida\/marilo-amparo.html\"],\"url\":\"https:\/\/www.euroresidentes.com\/estilo-de-vida\/consejos-belleza-bienestar\/author\/amparomarilo\/\"}]}<\/script>\n<!-- \/ Yoast SEO plugin. -->","yoast_head_json":{"title":"Tratamientos de Belleza para el Verano - Belleza y bienestar","description":"Lo queremos todo r\u00e1pido: una pedicura 10... un bronceado dorad\u00edsimo... y por supuesto una barriguita plana y piernas firmes... Aqu\u00ed te vamos a explicar cuales son los mejores tratamientos de Belleza para este Verano.","robots":{"index":"index","follow":"follow","max-snippet":"max-snippet:-1","max-image-preview":"max-image-preview:large","max-video-preview":"max-video-preview:-1"},"canonical":"https:\/\/www.euroresidentes.com\/estilo-de-vida\/consejos-belleza-bienestar\/tratamientos-de-belleza-para-el-verano\/","og_locale":"es_ES","og_type":"article","og_title":"Tratamientos de Belleza para el Verano - Belleza y bienestar","og_description":"Lo queremos todo r\u00e1pido: una pedicura 10... un bronceado dorad\u00edsimo... y por supuesto una barriguita plana y piernas firmes... Aqu\u00ed te vamos a explicar cuales son los mejores tratamientos de Belleza para este Verano.","og_url":"https:\/\/www.euroresidentes.com\/estilo-de-vida\/consejos-belleza-bienestar\/tratamientos-de-belleza-para-el-verano\/","og_site_name":"Belleza y bienestar","article_publisher":"https:\/\/www.facebook.com\/euroresidentes\/","article_published_time":"2013-07-23T12:11:00+00:00","article_modified_time":"2022-03-11T13:54:48+00:00","og_image":[{"width":600,"height":450,"url":"https:\/\/www.euroresidentes.com\/estilo-de-vida\/consejos-belleza-bienestar\/wp-content\/uploads\/sites\/2\/2013\/07\/piernas-broncearse-relax.jpg","type":"image\/jpeg"}],"author":"Amparo y Maril\u00f3, Mar\u00e1n","twitter_card":"summary_large_image","twitter_misc":{"Written by":"Amparo y Maril\u00f3, Mar\u00e1n","Est. reading time":"6 minutos"},"schema":{"@context":"https:\/\/schema.org","@graph":[{"@type":"WebPage","@id":"https:\/\/www.euroresidentes.com\/estilo-de-vida\/consejos-belleza-bienestar\/tratamientos-de-belleza-para-el-verano\/","url":"https:\/\/www.euroresidentes.com\/estilo-de-vida\/consejos-belleza-bienestar\/tratamientos-de-belleza-para-el-verano\/","name":"Tratamientos de Belleza para el Verano - Belleza y bienestar","isPartOf":{"@id":"https:\/\/www.euroresidentes.com\/estilo-de-vida\/consejos-belleza-bienestar\/#website"},"primaryImageOfPage":{"@id":"https:\/\/www.euroresidentes.com\/estilo-de-vida\/consejos-belleza-bienestar\/tratamientos-de-belleza-para-el-verano\/#primaryimage"},"image":{"@id":"https:\/\/www.euroresidentes.com\/estilo-de-vida\/consejos-belleza-bienestar\/tratamientos-de-belleza-para-el-verano\/#primaryimage"},"thumbnailUrl":"https:\/\/www.euroresidentes.com\/estilo-de-vida\/consejos-belleza-bienestar\/wp-content\/uploads\/sites\/2\/2013\/07\/piernas-broncearse-relax.jpg","datePublished":"2013-07-23T12:11:00+00:00","dateModified":"2022-03-11T13:54:48+00:00","author":{"@id":"https:\/\/www.euroresidentes.com\/estilo-de-vida\/consejos-belleza-bienestar\/#\/schema\/person\/67b48c80f6ff965188715a347ab6fa51"},"description":"Lo queremos todo r\u00e1pido: una pedicura 10... un bronceado dorad\u00edsimo... y por supuesto una barriguita plana y piernas firmes... Aqu\u00ed te vamos a explicar cuales son los mejores tratamientos de Belleza para este Verano.","breadcrumb":{"@id":"https:\/\/www.euroresidentes.com\/estilo-de-vida\/consejos-belleza-bienestar\/tratamientos-de-belleza-para-el-verano\/#breadcrumb"},"inLanguage":"es","potentialAction":[{"@type":"ReadAction","target":["https:\/\/www.euroresidentes.com\/estilo-de-vida\/consejos-belleza-bienestar\/tratamientos-de-belleza-para-el-verano\/"]}]},{"@type":"ImageObject","inLanguage":"es","@id":"https:\/\/www.euroresidentes.com\/estilo-de-vida\/consejos-belleza-bienestar\/tratamientos-de-belleza-para-el-verano\/#primaryimage","url":"https:\/\/www.euroresidentes.com\/estilo-de-vida\/consejos-belleza-bienestar\/wp-content\/uploads\/sites\/2\/2013\/07\/piernas-broncearse-relax.jpg","contentUrl":"https:\/\/www.euroresidentes.com\/estilo-de-vida\/consejos-belleza-bienestar\/wp-content\/uploads\/sites\/2\/2013\/07\/piernas-broncearse-relax.jpg","width":600,"height":450},{"@type":"BreadcrumbList","@id":"https:\/\/www.euroresidentes.com\/estilo-de-vida\/consejos-belleza-bienestar\/tratamientos-de-belleza-para-el-verano\/#breadcrumb","itemListElement":[{"@type":"ListItem","position":1,"name":"Portada","item":"https:\/\/www.euroresidentes.com\/estilo-de-vida\/consejos-belleza-bienestar\/"},{"@type":"ListItem","position":2,"name":"Tratamientos de Belleza para el Verano"}]},{"@type":"WebSite","@id":"https:\/\/www.euroresidentes.com\/estilo-de-vida\/consejos-belleza-bienestar\/#website","url":"https:\/\/www.euroresidentes.com\/estilo-de-vida\/consejos-belleza-bienestar\/","name":"Belleza y bienestar","description":"Los mejores consejos de belleza y bienestar","potentialAction":[{"@type":"SearchAction","target":{"@type":"EntryPoint","urlTemplate":"https:\/\/www.euroresidentes.com\/estilo-de-vida\/consejos-belleza-bienestar\/?s={search_term_string}"},"query-input":{"@type":"PropertyValueSpecification","valueRequired":true,"valueName":"search_term_string"}}],"inLanguage":"es"},{"@type":"Person","@id":"https:\/\/www.euroresidentes.com\/estilo-de-vida\/consejos-belleza-bienestar\/#\/schema\/person\/67b48c80f6ff965188715a347ab6fa51","name":"Amparo y Maril\u00f3, Mar\u00e1n","image":{"@type":"ImageObject","inLanguage":"es","@id":"https:\/\/www.euroresidentes.com\/estilo-de-vida\/consejos-belleza-bienestar\/#\/schema\/person\/image\/","url":"https:\/\/www.euroresidentes.com\/estilo-de-vida\/consejos-belleza-bienestar\/wp-content\/uploads\/sites\/2\/2016\/02\/maran-150x150.jpg","contentUrl":"https:\/\/www.euroresidentes.com\/estilo-de-vida\/consejos-belleza-bienestar\/wp-content\/uploads\/sites\/2\/2016\/02\/maran-150x150.jpg","caption":"Amparo y Maril\u00f3, Mar\u00e1n"},"description":"Maril\u00f3 y Amparo Hermanas, profesionales de la est\u00e9tica desde 1984","sameAs":["https:\/\/www.euroresidentes.com\/estilo-de-vida\/marilo-amparo.html"],"url":"https:\/\/www.euroresidentes.com\/estilo-de-vida\/consejos-belleza-bienestar\/author\/amparomarilo\/"}]}},"_links":{"self":[{"href":"https:\/\/www.euroresidentes.com\/estilo-de-vida\/consejos-belleza-bienestar\/wp-json\/wp\/v2\/posts\/3844","targetHints":{"allow":["GET"]}}],"collection":[{"href":"https:\/\/www.euroresidentes.com\/estilo-de-vida\/consejos-belleza-bienestar\/wp-json\/wp\/v2\/posts"}],"about":[{"href":"https:\/\/www.euroresidentes.com\/estilo-de-vida\/consejos-belleza-bienestar\/wp-json\/wp\/v2\/types\/post"}],"author":[{"embeddable":true,"href":"https:\/\/www.euroresidentes.com\/estilo-de-vida\/consejos-belleza-bienestar\/wp-json\/wp\/v2\/users\/4"}],"replies":[{"embeddable":true,"href":"https:\/\/www.euroresidentes.com\/estilo-de-vida\/consejos-belleza-bienestar\/wp-json\/wp\/v2\/comments?post=3844"}],"version-history":[{"count":3,"href":"https:\/\/www.euroresidentes.com\/estilo-de-vida\/consejos-belleza-bienestar\/wp-json\/wp\/v2\/posts\/3844\/revisions"}],"predecessor-version":[{"id":6516,"href":"https:\/\/www.euroresidentes.com\/estilo-de-vida\/consejos-belleza-bienestar\/wp-json\/wp\/v2\/posts\/3844\/revisions\/6516"}],"wp:featuredmedia":[{"embeddable":true,"href":"https:\/\/www.euroresidentes.com\/estilo-de-vida\/consejos-belleza-bienestar\/wp-json\/wp\/v2\/media\/4221"}],"wp:attachment":[{"href":"https:\/\/www.euroresidentes.com\/estilo-de-vida\/consejos-belleza-bienestar\/wp-json\/wp\/v2\/media?parent=3844"}],"wp:term":[{"taxonomy":"category","embeddable":true,"href":"https:\/\/www.euroresidentes.com\/estilo-de-vida\/consejos-belleza-bienestar\/wp-json\/wp\/v2\/categories?post=3844"},{"taxonomy":"post_tag","embeddable":true,"href":"https:\/\/www.euroresidentes.com\/estilo-de-vida\/consejos-belleza-bienestar\/wp-json\/wp\/v2\/tags?post=3844"}],"curies":[{"name":"wp","href":"https:\/\/api.w.org\/{rel}","templated":true}]}}