{"id":3820,"date":"2014-04-03T12:11:00","date_gmt":"2014-04-03T12:11:00","guid":{"rendered":"http:\/\/www.euroresidentes.com\/estilo-de-vida\/consejos-belleza-bienestar\/maquillaje-de-verano-2014"},"modified":"2022-03-11T12:09:05","modified_gmt":"2022-03-11T11:09:05","slug":"maquillaje-de-verano","status":"publish","type":"post","link":"https:\/\/www.euroresidentes.com\/estilo-de-vida\/consejos-belleza-bienestar\/maquillaje-de-verano\/","title":{"rendered":"Maquillaje de Verano"},"content":{"rendered":"<div style=\"text-align: center\">\n<h2 style=\"text-align: left\">Tendencias de Maquillaje para el Verano<\/h2>\n<\/div>\n<p><span style=\"font-family: Trebuchet MS, sans-serif;font-size: large\"><i>Sombra aqu\u00ed y sombra all\u00e1&#8230; maquillaje maquillate&#8230;<\/i><\/span> <i> <\/i><\/p>\n<p><span style=\"font-family: Trebuchet MS, sans-serif\">\u00bfCu\u00e1ntas de vosotras os compr\u00e1is labiales, maquillajes, esmaltes, sombras&#8230; que se os caducan en el neceser y nunca os hab\u00e9is puesto? Despu\u00e9s de tres temporadas los tir\u00e1is.\u00a0<\/span> <span style=\"font-family: Trebuchet MS, sans-serif\">\u00bfPor qu\u00e9? Pues, porque los veis atrevidos, no os gustan una vez puestos, porque os quedan muy mal&#8230; Para eso est\u00e1n los centros de maquilladores, para asesoraros bien para probarlos.<\/span><\/p>\n<div style=\"clear: both;text-align: center\"><a style=\"margin-left: 1em;margin-right: 1em\" href=\"http:\/\/2.bp.blogspot.com\/-luLS8ixd3O0\/VZqdJZrkokI\/AAAAAAAATCM\/sHjQcW11tlI\/s1600\/make-up.jpg\"><img decoding=\"async\" src=\"http:\/\/2.bp.blogspot.com\/-luLS8ixd3O0\/VZqdJZrkokI\/AAAAAAAATCM\/sHjQcW11tlI\/s1600\/make-up.jpg\" alt=\"\" border=\"0\" \/><\/a><\/div>\n<div style=\"text-align: center\"><span style=\"font-family: Trebuchet MS, sans-serif;font-size: large\"><i>\u00a0<\/i><\/span><\/div>\n<p><span style=\"font-family: Trebuchet MS, sans-serif\">Es conveniente cambiar el maquillaje de vez en cuando. OS VOY A PROPONER LAS TENDENCIAS DE MAQUILLAJE DE ESTE VERANO. Atreveros a cambiar de colores. Cuantas veces hago una clase de maquillaje y cuando abro el neceser encuentro: 3 barras casi iguales, 2 coloretes id\u00e9nticos, bueno uno un poco m\u00e1s oscuro&#8230; El caso es tener algo diferente, para distintas ocasiones, pero que os guste y est\u00e9is c\u00f3modas y guapas y atractivas.\u00a0<\/span><\/p>\n<div style=\"clear: both;text-align: center\"><a style=\"margin-left: 1em;margin-right: 1em\" href=\"http:\/\/2.bp.blogspot.com\/-DgC9Nrgkktk\/Uz1KaQ_n33I\/AAAAAAAAMr0\/s_6yQDoIpgM\/s1600\/la+foto+1+(65).JPG\"><img loading=\"lazy\" decoding=\"async\" src=\"http:\/\/2.bp.blogspot.com\/-DgC9Nrgkktk\/Uz1KaQ_n33I\/AAAAAAAAMr0\/s_6yQDoIpgM\/s1600\/la+foto+1+(65).JPG\" alt=\"\" width=\"300\" height=\"400\" border=\"0\" \/><\/a><\/div>\n<h2 data-tadv-p=\"keep\">\u00bfQu\u00e9 es lo m\u00e1s para la Primavera\/Verano?<\/h2>\n<p><span style=\"font-family: 'Trebuchet MS', sans-serif\">Lo m\u00e1s es un <\/span><i style=\"font-family: 'Trebuchet MS', sans-serif\"><b>look cara lavada<\/b><\/i><span style=\"font-family: 'Trebuchet MS', sans-serif\"> con predominio de los tonos rosas y\u00a0beige<\/span><span style=\"font-family: 'Trebuchet MS', sans-serif\">. La piel impecable con\u00a0un bien maquillaje y sonrosado el colorete. \u00a1Como no! No pueden faltar los polvos bronceadores, para dar un toque de luz y salud.\u00a0<\/span> <span style=\"font-family: 'Trebuchet MS', sans-serif\">Y lo que arrasa es llevar los ojos con <b>delineador<\/b> casi invisible. Se trata de un <\/span><i style=\"font-family: 'Trebuchet MS', sans-serif\">Eye Linner<\/i><span style=\"font-family: 'Trebuchet MS', sans-serif\"> al agua, que queda muy natural.<\/span><\/p>\n<div style=\"clear: both;text-align: center\"><a style=\"margin-left: 1em;margin-right: 1em\" href=\"http:\/\/1.bp.blogspot.com\/--Xi5oL7IsYQ\/Uz1K2gYVKwI\/AAAAAAAAMsE\/r3HecCRjlCg\/s1600\/la+foto+2+(67).JPG\"><img loading=\"lazy\" decoding=\"async\" src=\"http:\/\/1.bp.blogspot.com\/--Xi5oL7IsYQ\/Uz1K2gYVKwI\/AAAAAAAAMsE\/r3HecCRjlCg\/s1600\/la+foto+2+(67).JPG\" alt=\"\" width=\"240\" height=\"320\" border=\"0\" \/><\/a><\/div>\n<p><span style=\"font-family: 'Trebuchet MS', sans-serif\">No pueden faltar una extensiones de <\/span><b style=\"font-family: 'Trebuchet MS', sans-serif\">pesta\u00f1as<\/b><span style=\"font-family: 'Trebuchet MS', sans-serif\">. Hacen un ojo natural, pero mirada intensa.<\/span> <span style=\"font-family: 'Trebuchet MS', sans-serif\">Atreveros con las <\/span><b style=\"font-family: 'Trebuchet MS', sans-serif\">sombras<\/b><span style=\"font-family: 'Trebuchet MS', sans-serif\"> de ojos de color turquesa, verde o violeta. \u00a1Se lleva el color!\u00a0<\/span><span style=\"font-family: 'Trebuchet MS', sans-serif\">Ya est\u00e1 bien de los beige y los marrones&#8230; Pasaron a la historia. Si para algunas es demasiado las sombras de colores, probad con los l\u00e1pices de colores. Os animar\u00e1n la vista los verdes, turquesas o los metalizados.<\/span><\/p>\n<div style=\"clear: both;text-align: center\"><a style=\"margin-left: 1em;margin-right: 1em\" href=\"http:\/\/4.bp.blogspot.com\/-ApJWr-9KEZI\/Uz56vNCdG9I\/AAAAAAAAMvw\/OJG6eOCIL2o\/s1600\/labios.jpg\"><img loading=\"lazy\" decoding=\"async\" src=\"http:\/\/4.bp.blogspot.com\/-ApJWr-9KEZI\/Uz56vNCdG9I\/AAAAAAAAMvw\/OJG6eOCIL2o\/s1600\/labios.jpg\" alt=\"\" width=\"320\" height=\"240\" border=\"0\" \/><\/a><\/div>\n<h2 data-tadv-p=\"keep\"><span style=\"font-family: 'Trebuchet MS', sans-serif\">Los <\/span><b style=\"font-family: 'Trebuchet MS', sans-serif\">labios <\/b><span style=\"font-family: 'Trebuchet MS', sans-serif\">de impacto <\/span><\/h2>\n<p><span style=\"font-family: 'Trebuchet MS', sans-serif\">\u00a1Son lo m\u00e1s! Con la llegada del color, lo que se lleva son los colores rosas y anaranjados intensos son lo m\u00e1s Chic! Olvidaros de los brillitos. Est\u00e1n demod\u00e9.<\/span> <span style=\"font-family: 'Trebuchet MS', sans-serif\">La cosa es ir a un Centro Comercial y empezaros a probar colores. \u00a1Ojo! No vay\u00e1is con la cara lavada. Iros monas y maquilladitas. As\u00ed os ver\u00e9is m\u00e1s monas y os gustar\u00e1n m\u00e1s estos colores<\/span><span style=\"font-family: 'Trebuchet MS', sans-serif\">.<\/span><\/p>\n<h2 data-tadv-p=\"keep\"><span style=\"font-family: 'Trebuchet MS', sans-serif\">Polvos Compactos<\/span><\/h2>\n<p><span style=\"font-family: 'Trebuchet MS', sans-serif\">No hay que olvidarse de los <\/span><b style=\"font-family: 'Trebuchet MS', sans-serif\">polvos <\/b><span style=\"font-family: 'Trebuchet MS', sans-serif\">compactos ligeros, similares al vuestro tono de piel, para evitar los brillos e imperfecciones.\u00a0<\/span> <br style=\"font-family: 'Trebuchet MS', sans-serif\" \/><span style=\"font-family: 'Trebuchet MS', sans-serif\">Luego, no os olvid\u00e9is de poneros una capa de <\/span><b style=\"font-family: 'Trebuchet MS', sans-serif\">m\u00e1scara<\/b><span style=\"font-family: 'Trebuchet MS', sans-serif\"> intensa (rimel), que realce la mirada.<\/span><\/p>\n<div style=\"clear: both;text-align: center\"><a style=\"margin-left: 1em;margin-right: 1em\" href=\"http:\/\/4.bp.blogspot.com\/-Kck31KtO3i0\/Uz1KkdChGFI\/AAAAAAAAMr8\/qydt2BEduiE\/s1600\/la+foto+2+(66).JPG\"><img loading=\"lazy\" decoding=\"async\" src=\"http:\/\/4.bp.blogspot.com\/-Kck31KtO3i0\/Uz1KkdChGFI\/AAAAAAAAMr8\/qydt2BEduiE\/s1600\/la+foto+2+(66).JPG\" alt=\"\" width=\"240\" height=\"320\" border=\"0\" \/><\/a><\/div>\n<div style=\"clear: both;text-align: center\"><\/div>\n<p><br style=\"font-family: 'Trebuchet MS', sans-serif\" \/><span style=\"font-family: 'Trebuchet MS', sans-serif\">Para las que sois un desastre a la hora de maquillaros, el secreto est\u00e1 en utilizar parches de maquillaje. Son pegatinas o calcos, los cuales profesionalmente se llaman <\/span><b style=\"font-family: 'Trebuchet MS', sans-serif\">stickers<\/b><span style=\"font-family: 'Trebuchet MS', sans-serif\"> de sombra de ojos y Eye Linner. Cualquiera que sea el modelo elegido, asegura un maquillaje perfecto y duradero. <\/span><\/p>\n<p><span style=\"font-family: 'Trebuchet MS', sans-serif\">El sistema de aplicaci\u00f3n es \u00a0r\u00e1pido y sencillo, sobre todo las sombras quedan muy bonitas. Lo \u00faltimo son los stickers de labios. Personalmente no me gustan mucho, porque \u00bfQui\u00e9n no sabe pintarse los labios? Pero bueno hay gustos para todo, pero bueno todo es probar y si, en un momento dado, quer\u00e9is unos labios de fantas\u00eda, \u00a1prob\u00e1dlo!<\/span><\/p>\n<div style=\"clear: both;text-align: center\"><a style=\"margin-left: 1em;margin-right: 1em\" href=\"http:\/\/1.bp.blogspot.com\/-shPRHHYa5jo\/Uz1LOoyzmQI\/AAAAAAAAMsM\/9eKXJNzQztE\/s1600\/la+foto+3+(54).JPG\"><img loading=\"lazy\" decoding=\"async\" src=\"http:\/\/1.bp.blogspot.com\/-shPRHHYa5jo\/Uz1LOoyzmQI\/AAAAAAAAMsM\/9eKXJNzQztE\/s1600\/la+foto+3+(54).JPG\" alt=\"\" width=\"320\" height=\"240\" border=\"0\" \/><\/a><\/div>\n<h2 data-tadv-p=\"keep\"><span style=\"font-family: Trebuchet MS, sans-serif\"><b>Manicura a la moda<\/b><\/span><\/h2>\n<p><span style=\"font-family: Trebuchet MS, sans-serif\">Lo m\u00e1s <\/span><i style=\"font-family: 'Trebuchet MS', sans-serif\">Chic<\/i><span style=\"font-family: Trebuchet MS, sans-serif\"> se llevan las u\u00f1as largas y\u00a0puntiagudas, para las m\u00e1s atrevidas.\u00a0Causan furor entre las\u00a0celebrities, muy decoradas y con color.\u00a0<\/span><span style=\"font-family: 'Trebuchet MS', sans-serif\">Para las m\u00e1s normalitas: se vuelven a llevar las medias lunas son colores llamativos. Y por \u00faltimo, u\u00f1as cortitas con colores mates: s\u00faper de moda el color blanco mate Titanlux, el rosa chicle, el azul cielo, y el naranja. En veranito, cuando est\u00e9is morenitas, quedan muy bonitos. \u00a1Prob\u00e1dlos!<\/span> <span style=\"font-family: 'Trebuchet MS', sans-serif\">Para las <\/span><b style=\"font-family: 'Trebuchet MS', sans-serif\">noches de verano<\/b><span style=\"font-family: 'Trebuchet MS', sans-serif\"> quedan muy elegantes los esmaltes dorados, plateados y metalizados, as\u00ed que pod\u00e9is elegir.<\/span><\/p>\n<div style=\"clear: both;text-align: center\"><\/div>\n<div style=\"text-align: center\"><a style=\"margin-left: 1em;margin-right: 1em\" href=\"http:\/\/2.bp.blogspot.com\/-zDj6syC51ws\/Uz1LtlJLZJI\/AAAAAAAAMsc\/xnfuWDmmQ4k\/s1600\/la+foto+1+(66).JPG\"><img loading=\"lazy\" decoding=\"async\" src=\"http:\/\/2.bp.blogspot.com\/-zDj6syC51ws\/Uz1LtlJLZJI\/AAAAAAAAMsc\/xnfuWDmmQ4k\/s1600\/la+foto+1+(66).JPG\" alt=\"\" width=\"240\" height=\"320\" border=\"0\" \/><\/a><\/div>\n<div style=\"clear: both;text-align: left\"><\/div>\n<div style=\"clear: both;text-align: left\"><b style=\"font-family: 'Trebuchet MS', sans-serif\"><i><span style=\"color: #741b47\">Amparo Mart\u00ednez<\/span><\/i> <span style=\"color: #a64d79\">Sal\u00f3n de Belleza Mar\u00e1n<\/span><\/b><\/div>\n<div style=\"clear: both;text-align: left\"><span style=\"font-family: Trebuchet MS, sans-serif\">\u00a0<\/span><\/div>\n<div style=\"clear: both;text-align: left\"><span style=\"font-family: Trebuchet MS, sans-serif\">Enlaces relacionados con\u00a0<b>Maquillaje de Verano<\/b>:<\/span><\/div>\n<ul>\n<li><a href=\"https:\/\/www.euroresidentes.com\/estilo-de-vida\/consejos-belleza-bienestar\/cremas-solares-como-usarlas-correctamente\" target=\"_blank\" rel=\"noopener noreferrer\">Cremas Solares: c\u00f3mo usarlas correctamente<\/a><\/li>\n<li><span style=\"font-family: Trebuchet MS, sans-serif\"><a href=\"http:\/\/consejos-belleza-bienestar.euroresidentes.com\/2013\/02\/limpieza-de-cutis.html\" target=\"_blank\" rel=\"noopener noreferrer\">Limpieza de Cutis<\/a><\/span><\/li>\n<li><span style=\"font-family: 'Trebuchet MS', sans-serif\"><a href=\"https:\/\/www.euroresidentes.com\/estilo-de-vida\/consejos-belleza-bienestar\/autobronceadores-para-ponerse-morenos-sin-sol\" target=\"_blank\" rel=\"noopener noreferrer\">Autobronceadores<\/a><\/span><\/li>\n<li><a href=\"https:\/\/www.euroresidentes.com\/estilo-de-vida\/consejos-belleza-bienestar\/tratamientos-de-belleza-para-el-verano\" target=\"_blank\" rel=\"noopener noreferrer\">Tratamientos de Belleza para el verano<\/a><\/li>\n<\/ul>\n","protected":false},"excerpt":{"rendered":"<p>Tendencias de Maquillaje para el Verano Sombra aqu\u00ed y sombra all\u00e1&#8230; maquillaje maquillate&#8230; \u00bfCu\u00e1ntas de vosotras os compr\u00e1is labiales, maquillajes, esmaltes, sombras&#8230; que se os caducan en el neceser y nunca os hab\u00e9is puesto? Despu\u00e9s de tres temporadas los tir\u00e1is.\u00a0 \u00bfPor qu\u00e9? Pues, porque los veis atrevidos, no os gustan una vez puestos, porque os quedan muy mal&#8230; Para eso est\u00e1n los centros de maquilladores, para asesoraros bien para probarlos. \u00a0 Es conveniente cambiar el maquillaje de vez en cuando. OS VOY A PROPONER LAS TENDENCIAS DE MAQUILLAJE DE ESTE VERANO. Atreveros a cambiar de colores. Cuantas veces hago una <\/p>\n","protected":false},"author":4,"featured_media":4171,"comment_status":"open","ping_status":"open","sticky":false,"template":"","format":"standard","meta":{"footnotes":""},"categories":[21],"tags":[],"class_list":["post-3820","post","type-post","status-publish","format-standard","has-post-thumbnail","hentry","category-maquillaje","has_thumb"],"yoast_head":"<!-- This site is optimized with the Yoast SEO plugin v24.1 - https:\/\/yoast.com\/wordpress\/plugins\/seo\/ -->\n<title>Maquillaje de Verano - Belleza y bienestar<\/title>\n<meta name=\"description\" content=\"Es conveniente cambiar el maquillaje de vez en cuando. OS VOY A PROPONER LAS TENDENCIAS DE MAQUILLAJE DE ESTE VERANO. Atreveros a cambiar de colores.\" \/>\n<meta name=\"robots\" content=\"index, follow, max-snippet:-1, max-image-preview:large, max-video-preview:-1\" \/>\n<link rel=\"canonical\" href=\"https:\/\/www.euroresidentes.com\/estilo-de-vida\/consejos-belleza-bienestar\/maquillaje-de-verano\/\" \/>\n<meta property=\"og:locale\" content=\"es_ES\" \/>\n<meta property=\"og:type\" content=\"article\" \/>\n<meta property=\"og:title\" content=\"Maquillaje de Verano - Belleza y bienestar\" \/>\n<meta property=\"og:description\" content=\"Es conveniente cambiar el maquillaje de vez en cuando. OS VOY A PROPONER LAS TENDENCIAS DE MAQUILLAJE DE ESTE VERANO. Atreveros a cambiar de colores.\" \/>\n<meta property=\"og:url\" content=\"https:\/\/www.euroresidentes.com\/estilo-de-vida\/consejos-belleza-bienestar\/maquillaje-de-verano\/\" \/>\n<meta property=\"og:site_name\" content=\"Belleza y bienestar\" \/>\n<meta property=\"article:publisher\" content=\"https:\/\/www.facebook.com\/euroresidentes\/\" \/>\n<meta property=\"article:published_time\" content=\"2014-04-03T12:11:00+00:00\" \/>\n<meta property=\"article:modified_time\" content=\"2022-03-11T11:09:05+00:00\" \/>\n<meta property=\"og:image\" content=\"https:\/\/www.euroresidentes.com\/estilo-de-vida\/consejos-belleza-bienestar\/wp-content\/uploads\/sites\/2\/2014\/04\/make-up.jpg\" \/>\n\t<meta property=\"og:image:width\" content=\"600\" \/>\n\t<meta property=\"og:image:height\" content=\"450\" \/>\n\t<meta property=\"og:image:type\" content=\"image\/jpeg\" \/>\n<meta name=\"author\" content=\"Amparo y Maril\u00f3, Mar\u00e1n\" \/>\n<meta name=\"twitter:card\" content=\"summary_large_image\" \/>\n<meta name=\"twitter:label1\" content=\"Written by\" \/>\n\t<meta name=\"twitter:data1\" content=\"Amparo y Maril\u00f3, Mar\u00e1n\" \/>\n\t<meta name=\"twitter:label2\" content=\"Est. reading time\" \/>\n\t<meta name=\"twitter:data2\" content=\"3 minutos\" \/>\n<script type=\"application\/ld+json\" class=\"yoast-schema-graph\">{\"@context\":\"https:\/\/schema.org\",\"@graph\":[{\"@type\":\"WebPage\",\"@id\":\"https:\/\/www.euroresidentes.com\/estilo-de-vida\/consejos-belleza-bienestar\/maquillaje-de-verano\/\",\"url\":\"https:\/\/www.euroresidentes.com\/estilo-de-vida\/consejos-belleza-bienestar\/maquillaje-de-verano\/\",\"name\":\"Maquillaje de Verano - Belleza y bienestar\",\"isPartOf\":{\"@id\":\"https:\/\/www.euroresidentes.com\/estilo-de-vida\/consejos-belleza-bienestar\/#website\"},\"primaryImageOfPage\":{\"@id\":\"https:\/\/www.euroresidentes.com\/estilo-de-vida\/consejos-belleza-bienestar\/maquillaje-de-verano\/#primaryimage\"},\"image\":{\"@id\":\"https:\/\/www.euroresidentes.com\/estilo-de-vida\/consejos-belleza-bienestar\/maquillaje-de-verano\/#primaryimage\"},\"thumbnailUrl\":\"https:\/\/www.euroresidentes.com\/estilo-de-vida\/consejos-belleza-bienestar\/wp-content\/uploads\/sites\/2\/2014\/04\/make-up.jpg\",\"datePublished\":\"2014-04-03T12:11:00+00:00\",\"dateModified\":\"2022-03-11T11:09:05+00:00\",\"author\":{\"@id\":\"https:\/\/www.euroresidentes.com\/estilo-de-vida\/consejos-belleza-bienestar\/#\/schema\/person\/67b48c80f6ff965188715a347ab6fa51\"},\"description\":\"Es conveniente cambiar el maquillaje de vez en cuando. OS VOY A PROPONER LAS TENDENCIAS DE MAQUILLAJE DE ESTE VERANO. Atreveros a cambiar de colores.\",\"breadcrumb\":{\"@id\":\"https:\/\/www.euroresidentes.com\/estilo-de-vida\/consejos-belleza-bienestar\/maquillaje-de-verano\/#breadcrumb\"},\"inLanguage\":\"es\",\"potentialAction\":[{\"@type\":\"ReadAction\",\"target\":[\"https:\/\/www.euroresidentes.com\/estilo-de-vida\/consejos-belleza-bienestar\/maquillaje-de-verano\/\"]}]},{\"@type\":\"ImageObject\",\"inLanguage\":\"es\",\"@id\":\"https:\/\/www.euroresidentes.com\/estilo-de-vida\/consejos-belleza-bienestar\/maquillaje-de-verano\/#primaryimage\",\"url\":\"https:\/\/www.euroresidentes.com\/estilo-de-vida\/consejos-belleza-bienestar\/wp-content\/uploads\/sites\/2\/2014\/04\/make-up.jpg\",\"contentUrl\":\"https:\/\/www.euroresidentes.com\/estilo-de-vida\/consejos-belleza-bienestar\/wp-content\/uploads\/sites\/2\/2014\/04\/make-up.jpg\",\"width\":600,\"height\":450},{\"@type\":\"BreadcrumbList\",\"@id\":\"https:\/\/www.euroresidentes.com\/estilo-de-vida\/consejos-belleza-bienestar\/maquillaje-de-verano\/#breadcrumb\",\"itemListElement\":[{\"@type\":\"ListItem\",\"position\":1,\"name\":\"Portada\",\"item\":\"https:\/\/www.euroresidentes.com\/estilo-de-vida\/consejos-belleza-bienestar\/\"},{\"@type\":\"ListItem\",\"position\":2,\"name\":\"Maquillaje de Verano\"}]},{\"@type\":\"WebSite\",\"@id\":\"https:\/\/www.euroresidentes.com\/estilo-de-vida\/consejos-belleza-bienestar\/#website\",\"url\":\"https:\/\/www.euroresidentes.com\/estilo-de-vida\/consejos-belleza-bienestar\/\",\"name\":\"Belleza y bienestar\",\"description\":\"Los mejores consejos de belleza y bienestar\",\"potentialAction\":[{\"@type\":\"SearchAction\",\"target\":{\"@type\":\"EntryPoint\",\"urlTemplate\":\"https:\/\/www.euroresidentes.com\/estilo-de-vida\/consejos-belleza-bienestar\/?s={search_term_string}\"},\"query-input\":{\"@type\":\"PropertyValueSpecification\",\"valueRequired\":true,\"valueName\":\"search_term_string\"}}],\"inLanguage\":\"es\"},{\"@type\":\"Person\",\"@id\":\"https:\/\/www.euroresidentes.com\/estilo-de-vida\/consejos-belleza-bienestar\/#\/schema\/person\/67b48c80f6ff965188715a347ab6fa51\",\"name\":\"Amparo y Maril\u00f3, Mar\u00e1n\",\"image\":{\"@type\":\"ImageObject\",\"inLanguage\":\"es\",\"@id\":\"https:\/\/www.euroresidentes.com\/estilo-de-vida\/consejos-belleza-bienestar\/#\/schema\/person\/image\/\",\"url\":\"https:\/\/www.euroresidentes.com\/estilo-de-vida\/consejos-belleza-bienestar\/wp-content\/uploads\/sites\/2\/2016\/02\/maran-150x150.jpg\",\"contentUrl\":\"https:\/\/www.euroresidentes.com\/estilo-de-vida\/consejos-belleza-bienestar\/wp-content\/uploads\/sites\/2\/2016\/02\/maran-150x150.jpg\",\"caption\":\"Amparo y Maril\u00f3, Mar\u00e1n\"},\"description\":\"Maril\u00f3 y Amparo Hermanas, profesionales de la est\u00e9tica desde 1984\",\"sameAs\":[\"https:\/\/www.euroresidentes.com\/estilo-de-vida\/marilo-amparo.html\"],\"url\":\"https:\/\/www.euroresidentes.com\/estilo-de-vida\/consejos-belleza-bienestar\/author\/amparomarilo\/\"}]}<\/script>\n<!-- \/ Yoast SEO plugin. -->","yoast_head_json":{"title":"Maquillaje de Verano - Belleza y bienestar","description":"Es conveniente cambiar el maquillaje de vez en cuando. OS VOY A PROPONER LAS TENDENCIAS DE MAQUILLAJE DE ESTE VERANO. Atreveros a cambiar de colores.","robots":{"index":"index","follow":"follow","max-snippet":"max-snippet:-1","max-image-preview":"max-image-preview:large","max-video-preview":"max-video-preview:-1"},"canonical":"https:\/\/www.euroresidentes.com\/estilo-de-vida\/consejos-belleza-bienestar\/maquillaje-de-verano\/","og_locale":"es_ES","og_type":"article","og_title":"Maquillaje de Verano - Belleza y bienestar","og_description":"Es conveniente cambiar el maquillaje de vez en cuando. OS VOY A PROPONER LAS TENDENCIAS DE MAQUILLAJE DE ESTE VERANO. Atreveros a cambiar de colores.","og_url":"https:\/\/www.euroresidentes.com\/estilo-de-vida\/consejos-belleza-bienestar\/maquillaje-de-verano\/","og_site_name":"Belleza y bienestar","article_publisher":"https:\/\/www.facebook.com\/euroresidentes\/","article_published_time":"2014-04-03T12:11:00+00:00","article_modified_time":"2022-03-11T11:09:05+00:00","og_image":[{"width":600,"height":450,"url":"https:\/\/www.euroresidentes.com\/estilo-de-vida\/consejos-belleza-bienestar\/wp-content\/uploads\/sites\/2\/2014\/04\/make-up.jpg","type":"image\/jpeg"}],"author":"Amparo y Maril\u00f3, Mar\u00e1n","twitter_card":"summary_large_image","twitter_misc":{"Written by":"Amparo y Maril\u00f3, Mar\u00e1n","Est. reading time":"3 minutos"},"schema":{"@context":"https:\/\/schema.org","@graph":[{"@type":"WebPage","@id":"https:\/\/www.euroresidentes.com\/estilo-de-vida\/consejos-belleza-bienestar\/maquillaje-de-verano\/","url":"https:\/\/www.euroresidentes.com\/estilo-de-vida\/consejos-belleza-bienestar\/maquillaje-de-verano\/","name":"Maquillaje de Verano - Belleza y bienestar","isPartOf":{"@id":"https:\/\/www.euroresidentes.com\/estilo-de-vida\/consejos-belleza-bienestar\/#website"},"primaryImageOfPage":{"@id":"https:\/\/www.euroresidentes.com\/estilo-de-vida\/consejos-belleza-bienestar\/maquillaje-de-verano\/#primaryimage"},"image":{"@id":"https:\/\/www.euroresidentes.com\/estilo-de-vida\/consejos-belleza-bienestar\/maquillaje-de-verano\/#primaryimage"},"thumbnailUrl":"https:\/\/www.euroresidentes.com\/estilo-de-vida\/consejos-belleza-bienestar\/wp-content\/uploads\/sites\/2\/2014\/04\/make-up.jpg","datePublished":"2014-04-03T12:11:00+00:00","dateModified":"2022-03-11T11:09:05+00:00","author":{"@id":"https:\/\/www.euroresidentes.com\/estilo-de-vida\/consejos-belleza-bienestar\/#\/schema\/person\/67b48c80f6ff965188715a347ab6fa51"},"description":"Es conveniente cambiar el maquillaje de vez en cuando. OS VOY A PROPONER LAS TENDENCIAS DE MAQUILLAJE DE ESTE VERANO. Atreveros a cambiar de colores.","breadcrumb":{"@id":"https:\/\/www.euroresidentes.com\/estilo-de-vida\/consejos-belleza-bienestar\/maquillaje-de-verano\/#breadcrumb"},"inLanguage":"es","potentialAction":[{"@type":"ReadAction","target":["https:\/\/www.euroresidentes.com\/estilo-de-vida\/consejos-belleza-bienestar\/maquillaje-de-verano\/"]}]},{"@type":"ImageObject","inLanguage":"es","@id":"https:\/\/www.euroresidentes.com\/estilo-de-vida\/consejos-belleza-bienestar\/maquillaje-de-verano\/#primaryimage","url":"https:\/\/www.euroresidentes.com\/estilo-de-vida\/consejos-belleza-bienestar\/wp-content\/uploads\/sites\/2\/2014\/04\/make-up.jpg","contentUrl":"https:\/\/www.euroresidentes.com\/estilo-de-vida\/consejos-belleza-bienestar\/wp-content\/uploads\/sites\/2\/2014\/04\/make-up.jpg","width":600,"height":450},{"@type":"BreadcrumbList","@id":"https:\/\/www.euroresidentes.com\/estilo-de-vida\/consejos-belleza-bienestar\/maquillaje-de-verano\/#breadcrumb","itemListElement":[{"@type":"ListItem","position":1,"name":"Portada","item":"https:\/\/www.euroresidentes.com\/estilo-de-vida\/consejos-belleza-bienestar\/"},{"@type":"ListItem","position":2,"name":"Maquillaje de Verano"}]},{"@type":"WebSite","@id":"https:\/\/www.euroresidentes.com\/estilo-de-vida\/consejos-belleza-bienestar\/#website","url":"https:\/\/www.euroresidentes.com\/estilo-de-vida\/consejos-belleza-bienestar\/","name":"Belleza y bienestar","description":"Los mejores consejos de belleza y bienestar","potentialAction":[{"@type":"SearchAction","target":{"@type":"EntryPoint","urlTemplate":"https:\/\/www.euroresidentes.com\/estilo-de-vida\/consejos-belleza-bienestar\/?s={search_term_string}"},"query-input":{"@type":"PropertyValueSpecification","valueRequired":true,"valueName":"search_term_string"}}],"inLanguage":"es"},{"@type":"Person","@id":"https:\/\/www.euroresidentes.com\/estilo-de-vida\/consejos-belleza-bienestar\/#\/schema\/person\/67b48c80f6ff965188715a347ab6fa51","name":"Amparo y Maril\u00f3, Mar\u00e1n","image":{"@type":"ImageObject","inLanguage":"es","@id":"https:\/\/www.euroresidentes.com\/estilo-de-vida\/consejos-belleza-bienestar\/#\/schema\/person\/image\/","url":"https:\/\/www.euroresidentes.com\/estilo-de-vida\/consejos-belleza-bienestar\/wp-content\/uploads\/sites\/2\/2016\/02\/maran-150x150.jpg","contentUrl":"https:\/\/www.euroresidentes.com\/estilo-de-vida\/consejos-belleza-bienestar\/wp-content\/uploads\/sites\/2\/2016\/02\/maran-150x150.jpg","caption":"Amparo y Maril\u00f3, Mar\u00e1n"},"description":"Maril\u00f3 y Amparo Hermanas, profesionales de la est\u00e9tica desde 1984","sameAs":["https:\/\/www.euroresidentes.com\/estilo-de-vida\/marilo-amparo.html"],"url":"https:\/\/www.euroresidentes.com\/estilo-de-vida\/consejos-belleza-bienestar\/author\/amparomarilo\/"}]}},"_links":{"self":[{"href":"https:\/\/www.euroresidentes.com\/estilo-de-vida\/consejos-belleza-bienestar\/wp-json\/wp\/v2\/posts\/3820","targetHints":{"allow":["GET"]}}],"collection":[{"href":"https:\/\/www.euroresidentes.com\/estilo-de-vida\/consejos-belleza-bienestar\/wp-json\/wp\/v2\/posts"}],"about":[{"href":"https:\/\/www.euroresidentes.com\/estilo-de-vida\/consejos-belleza-bienestar\/wp-json\/wp\/v2\/types\/post"}],"author":[{"embeddable":true,"href":"https:\/\/www.euroresidentes.com\/estilo-de-vida\/consejos-belleza-bienestar\/wp-json\/wp\/v2\/users\/4"}],"replies":[{"embeddable":true,"href":"https:\/\/www.euroresidentes.com\/estilo-de-vida\/consejos-belleza-bienestar\/wp-json\/wp\/v2\/comments?post=3820"}],"version-history":[{"count":3,"href":"https:\/\/www.euroresidentes.com\/estilo-de-vida\/consejos-belleza-bienestar\/wp-json\/wp\/v2\/posts\/3820\/revisions"}],"predecessor-version":[{"id":6506,"href":"https:\/\/www.euroresidentes.com\/estilo-de-vida\/consejos-belleza-bienestar\/wp-json\/wp\/v2\/posts\/3820\/revisions\/6506"}],"wp:featuredmedia":[{"embeddable":true,"href":"https:\/\/www.euroresidentes.com\/estilo-de-vida\/consejos-belleza-bienestar\/wp-json\/wp\/v2\/media\/4171"}],"wp:attachment":[{"href":"https:\/\/www.euroresidentes.com\/estilo-de-vida\/consejos-belleza-bienestar\/wp-json\/wp\/v2\/media?parent=3820"}],"wp:term":[{"taxonomy":"category","embeddable":true,"href":"https:\/\/www.euroresidentes.com\/estilo-de-vida\/consejos-belleza-bienestar\/wp-json\/wp\/v2\/categories?post=3820"},{"taxonomy":"post_tag","embeddable":true,"href":"https:\/\/www.euroresidentes.com\/estilo-de-vida\/consejos-belleza-bienestar\/wp-json\/wp\/v2\/tags?post=3820"}],"curies":[{"name":"wp","href":"https:\/\/api.w.org\/{rel}","templated":true}]}}