{"id":346,"date":"2012-07-03T10:37:00","date_gmt":"2012-07-03T08:37:00","guid":{"rendered":"http:\/\/www.euroresidentes.com\/estilo-de-vida\/adolescentes\/adolescentes-que-se-autolesionan"},"modified":"2019-08-26T14:00:03","modified_gmt":"2019-08-26T12:00:03","slug":"adolescentes-que-se-autolesionan","status":"publish","type":"post","link":"https:\/\/www.euroresidentes.com\/estilo-de-vida\/adolescentes\/adolescentes-que-se-autolesionan\/","title":{"rendered":"Adolescentes que se cortan"},"content":{"rendered":"<p>El Non-Suicidal Self Injury (NSSI) o <strong>la Auto-lesi\u00f3n No Suicida<\/strong> es un asunto preocupante en cuanto a poblaci\u00f3n adolescente se refiere, ya que en el \u00faltimo tiempo se han visto aumentados los casos en adolescentes de este tipo de conducta punitiva, cuyas caracter\u00edsticas principales son: comportamiento repetitivo, compulsivo y epis\u00f3dico con fin de causarse lesi\u00f3n a s\u00ed mismo sin llegar a la muerte.<\/p>\n<p>Aunque com\u00fanmente<b> los adolescentes que se cortan<\/b> suelen ser los que m\u00e1s se relacionan con la auto-lesi\u00f3n no suicida, pu\u00f1etazos, ara\u00f1azos, golpes contra objetos y paredes o tambi\u00e9n quemaduras son todas formas que se pueden observar en este comportamiento punitivo entre los adolescentes.<\/p>\n<p>Como anteriormente se se\u00f1alaba, la auto-lesi\u00f3n no suicida en adolescentes es un tema que se encuentra en fase de desarrollo cient\u00edficamente hablando; sin embargo, los estudios revelan ya que <strong>las causas residen en tres factores: biol\u00f3gicos, psicol\u00f3gicos y sociales.<\/strong><\/p>\n<p><strong>La teor\u00eda biol\u00f3gica de la auto-lesi\u00f3n no suicida<\/strong> se apoya en la idea de que las personas que se auto-lesionan cuentan con <strong>niveles inferiores a los normales de opioides end\u00f3genos<\/strong>, agentes producidos por el cuerpo que influyen, entre otras cosas, en las c\u00e9lulas nerviosas que transmiten el dolor.<\/p>\n<p><strong>La teor\u00eda psicol\u00f3gica de la auto-lesi\u00f3n no suicida<\/strong>\u00a0 afirma que el objetivo de la auto-lesi\u00f3n es la <strong>liberaci\u00f3n del malestar psicol\u00f3gico<\/strong>, esto es, se auto-lesionan f\u00edsicamente para olvidar o dejar de lado durante unos momentos temas y cuestiones que vagan por su mente y que no han conseguido zanjar de una manera sana.<\/p>\n<p><strong>La teor\u00eda social de la auto-lesi\u00f3n no suicida<\/strong> se apoya en la idea de<strong> querer \u00abllamar la atenci\u00f3n\u00bb<\/strong> y aqu\u00ed es donde entra a la vez la teor\u00eda\u00a0psicol\u00f3gica\u00a0de la auto-lesi\u00f3n no suicida. Cabe se\u00f1alar que la teor\u00eda que recoge las causas asociadas a aspectos psicol\u00f3gicos son a las que m\u00e1s hacen referencia los profesionales como razones de peso para explicar este tipo de comportamiento.<\/p>\n<p>Suele ser habitual que los adolescentes que practican esta clase de auto-lesi\u00f3n punitiva lo hagan sin la presencia de nadie, es decir, lo hagan solos, por lo que es dif\u00edcil, aunque no imposible, detectar signos alarmantes para los padres.<\/p>\n<h3><b><\/b><b>\u00bfC\u00f3mo detectar si su hijo se auto-lesiona?<\/b><\/h3>\n<p>Se recomienda fijarse sobre todo en zonas corporales como manos, mu\u00f1ecas, brazos de la mano no dominante, muslos y barriga porque a pesar de que las tres primeras son zonas muy comunes, las lesiones pueden aparecer en<b style=\"background-color: white;\"> cualquier<\/b> parte del cuerpo, incluyendo zonas genitales. Otros signos dignos de atenci\u00f3n son <strong>la falta de deseo en participar en actividades como nataci\u00f3n o que contemplen contacto f\u00edsico<\/strong>, el uso constante de mu\u00f1equeras o prendas que tapen ciertas zonas del cuerpo que no tienen por qu\u00e9 estar tapadas, vestimenta inoportuna para la \u00e9poca del a\u00f1o\u2026<\/p>\n<p>Por \u00faltimo se\u00f1alar la importancia que tiene que los padres<strong> aborden el tema con sus hijos de una forma moderada y no amenazant<\/strong>e, sin cargas emocionales negativas ya que como se\u00f1ala el experto Barent Walsh, el \u00e9xito reside en \u201cno otorgar un apoyo efusivo, pero tampoco juzgar ni condenar\u201d. <\/p>\n<p><b>Temas relacionados con Adolescentes que se cortan:<\/b><\/p>\n<ul>\n<li><a href=\"http:\/\/adolescentes.euroresidentes.com\/2012\/04\/diagnostica-depresion-en-adolescentes.html\" target=\"_blank\" rel=\"noopener\">Diagnostica Depresi\u00f3n en Adolescentes<\/a><\/li>\n<li><a href=\"http:\/\/adolescentes.euroresidentes.com\/2009\/07\/resolver-problemas-de-comunicacion-con.html\">Resolver problemas de comunicaci\u00f3n con hijos adolescentes<\/a><a style=\"background-color: white;\" href=\"http:\/\/adolescentes.euroresidentes.com\/2012\/07\/adolescentes-que-fuman.html\">\u00a0<\/a><\/li>\n<\/ul>\n","protected":false},"excerpt":{"rendered":"<p>El Non-Suicidal Self Injury (NSSI) o la Auto-lesi\u00f3n No Suicida es un asunto preocupante en cuanto a poblaci\u00f3n adolescente se refiere, ya que en el \u00faltimo tiempo se han visto aumentados los casos en adolescentes de este tipo de conducta punitiva, cuyas caracter\u00edsticas principales son: comportamiento repetitivo, compulsivo y epis\u00f3dico con fin de causarse lesi\u00f3n a s\u00ed mismo sin llegar a la muerte. Aunque com\u00fanmente los adolescentes que se cortan suelen ser los que m\u00e1s se relacionan con la auto-lesi\u00f3n no suicida, pu\u00f1etazos, ara\u00f1azos, golpes contra objetos y paredes o tambi\u00e9n quemaduras son todas formas que se pueden observar en <\/p>\n","protected":false},"author":11,"featured_media":610,"comment_status":"open","ping_status":"open","sticky":false,"template":"","format":"standard","meta":{"footnotes":""},"categories":[9,13],"tags":[],"class_list":["post-346","post","type-post","status-publish","format-standard","has-post-thumbnail","hentry","category-psicologia","category-salud","has_thumb"],"yoast_head":"<!-- This site is optimized with the Yoast SEO plugin v24.1 - https:\/\/yoast.com\/wordpress\/plugins\/seo\/ -->\n<title>Adolescentes que se cortan - Adolescentes<\/title>\n<meta name=\"robots\" content=\"index, follow, max-snippet:-1, max-image-preview:large, max-video-preview:-1\" \/>\n<link rel=\"canonical\" href=\"https:\/\/www.euroresidentes.com\/estilo-de-vida\/adolescentes\/adolescentes-que-se-autolesionan\/\" \/>\n<meta property=\"og:locale\" content=\"es_ES\" \/>\n<meta property=\"og:type\" content=\"article\" \/>\n<meta property=\"og:title\" content=\"Adolescentes que se cortan - Adolescentes\" \/>\n<meta property=\"og:description\" content=\"El Non-Suicidal Self Injury (NSSI) o la Auto-lesi\u00f3n No Suicida es un asunto preocupante en cuanto a poblaci\u00f3n adolescente se refiere, ya que en el \u00faltimo tiempo se han visto aumentados los casos en adolescentes de este tipo de conducta punitiva, cuyas caracter\u00edsticas principales son: comportamiento repetitivo, compulsivo y epis\u00f3dico con fin de causarse lesi\u00f3n a s\u00ed mismo sin llegar a la muerte. Aunque com\u00fanmente los adolescentes que se cortan suelen ser los que m\u00e1s se relacionan con la auto-lesi\u00f3n no suicida, pu\u00f1etazos, ara\u00f1azos, golpes contra objetos y paredes o tambi\u00e9n quemaduras son todas formas que se pueden observar en\" \/>\n<meta property=\"og:url\" content=\"https:\/\/www.euroresidentes.com\/estilo-de-vida\/adolescentes\/adolescentes-que-se-autolesionan\/\" \/>\n<meta property=\"og:site_name\" content=\"Adolescentes\" \/>\n<meta property=\"article:publisher\" content=\"https:\/\/www.facebook.com\/sentir.bien.euroresidentes\/\" \/>\n<meta property=\"article:author\" content=\"https:\/\/www.facebook.com\/andrea.mendezmolla?fref=ts\" \/>\n<meta property=\"article:published_time\" content=\"2012-07-03T08:37:00+00:00\" \/>\n<meta property=\"article:modified_time\" content=\"2019-08-26T12:00:03+00:00\" \/>\n<meta property=\"og:image\" content=\"https:\/\/www.euroresidentes.com\/estilo-de-vida\/adolescentes\/wp-content\/uploads\/sites\/13\/2012\/07\/adolescentes-que-se-cortan.jpg\" \/>\n\t<meta property=\"og:image:width\" content=\"600\" \/>\n\t<meta property=\"og:image:height\" content=\"450\" \/>\n\t<meta property=\"og:image:type\" content=\"image\/jpeg\" \/>\n<meta name=\"author\" content=\"Andrea M\u00e9ndez\" \/>\n<meta name=\"twitter:card\" content=\"summary_large_image\" \/>\n<meta name=\"twitter:label1\" content=\"Written by\" \/>\n\t<meta name=\"twitter:data1\" content=\"Andrea M\u00e9ndez\" \/>\n\t<meta name=\"twitter:label2\" content=\"Est. reading time\" \/>\n\t<meta name=\"twitter:data2\" content=\"3 minutos\" \/>\n<script type=\"application\/ld+json\" class=\"yoast-schema-graph\">{\"@context\":\"https:\/\/schema.org\",\"@graph\":[{\"@type\":\"WebPage\",\"@id\":\"https:\/\/www.euroresidentes.com\/estilo-de-vida\/adolescentes\/adolescentes-que-se-autolesionan\/\",\"url\":\"https:\/\/www.euroresidentes.com\/estilo-de-vida\/adolescentes\/adolescentes-que-se-autolesionan\/\",\"name\":\"Adolescentes que se cortan - Adolescentes\",\"isPartOf\":{\"@id\":\"https:\/\/www.euroresidentes.com\/estilo-de-vida\/adolescentes\/#website\"},\"primaryImageOfPage\":{\"@id\":\"https:\/\/www.euroresidentes.com\/estilo-de-vida\/adolescentes\/adolescentes-que-se-autolesionan\/#primaryimage\"},\"image\":{\"@id\":\"https:\/\/www.euroresidentes.com\/estilo-de-vida\/adolescentes\/adolescentes-que-se-autolesionan\/#primaryimage\"},\"thumbnailUrl\":\"https:\/\/www.euroresidentes.com\/estilo-de-vida\/adolescentes\/wp-content\/uploads\/sites\/13\/2012\/07\/adolescentes-que-se-cortan.jpg\",\"datePublished\":\"2012-07-03T08:37:00+00:00\",\"dateModified\":\"2019-08-26T12:00:03+00:00\",\"author\":{\"@id\":\"https:\/\/www.euroresidentes.com\/estilo-de-vida\/adolescentes\/#\/schema\/person\/76d37e061b7949bad6c3f7fa5366bfcb\"},\"breadcrumb\":{\"@id\":\"https:\/\/www.euroresidentes.com\/estilo-de-vida\/adolescentes\/adolescentes-que-se-autolesionan\/#breadcrumb\"},\"inLanguage\":\"es\",\"potentialAction\":[{\"@type\":\"ReadAction\",\"target\":[\"https:\/\/www.euroresidentes.com\/estilo-de-vida\/adolescentes\/adolescentes-que-se-autolesionan\/\"]}]},{\"@type\":\"ImageObject\",\"inLanguage\":\"es\",\"@id\":\"https:\/\/www.euroresidentes.com\/estilo-de-vida\/adolescentes\/adolescentes-que-se-autolesionan\/#primaryimage\",\"url\":\"https:\/\/www.euroresidentes.com\/estilo-de-vida\/adolescentes\/wp-content\/uploads\/sites\/13\/2012\/07\/adolescentes-que-se-cortan.jpg\",\"contentUrl\":\"https:\/\/www.euroresidentes.com\/estilo-de-vida\/adolescentes\/wp-content\/uploads\/sites\/13\/2012\/07\/adolescentes-que-se-cortan.jpg\",\"width\":600,\"height\":450},{\"@type\":\"BreadcrumbList\",\"@id\":\"https:\/\/www.euroresidentes.com\/estilo-de-vida\/adolescentes\/adolescentes-que-se-autolesionan\/#breadcrumb\",\"itemListElement\":[{\"@type\":\"ListItem\",\"position\":1,\"name\":\"Portada\",\"item\":\"https:\/\/www.euroresidentes.com\/estilo-de-vida\/adolescentes\/\"},{\"@type\":\"ListItem\",\"position\":2,\"name\":\"Adolescentes que se cortan\"}]},{\"@type\":\"WebSite\",\"@id\":\"https:\/\/www.euroresidentes.com\/estilo-de-vida\/adolescentes\/#website\",\"url\":\"https:\/\/www.euroresidentes.com\/estilo-de-vida\/adolescentes\/\",\"name\":\"Adolescentes\",\"description\":\"Blog sobre la etapa de la adolescencia\",\"potentialAction\":[{\"@type\":\"SearchAction\",\"target\":{\"@type\":\"EntryPoint\",\"urlTemplate\":\"https:\/\/www.euroresidentes.com\/estilo-de-vida\/adolescentes\/?s={search_term_string}\"},\"query-input\":{\"@type\":\"PropertyValueSpecification\",\"valueRequired\":true,\"valueName\":\"search_term_string\"}}],\"inLanguage\":\"es\"},{\"@type\":\"Person\",\"@id\":\"https:\/\/www.euroresidentes.com\/estilo-de-vida\/adolescentes\/#\/schema\/person\/76d37e061b7949bad6c3f7fa5366bfcb\",\"name\":\"Andrea M\u00e9ndez\",\"image\":{\"@type\":\"ImageObject\",\"inLanguage\":\"es\",\"@id\":\"https:\/\/www.euroresidentes.com\/estilo-de-vida\/adolescentes\/#\/schema\/person\/image\/\",\"url\":\"https:\/\/www.euroresidentes.com\/estilo-de-vida\/adolescentes\/wp-content\/uploads\/sites\/13\/2016\/02\/foto_autora_andrea.m-150x150.jpg\",\"contentUrl\":\"https:\/\/www.euroresidentes.com\/estilo-de-vida\/adolescentes\/wp-content\/uploads\/sites\/13\/2016\/02\/foto_autora_andrea.m-150x150.jpg\",\"caption\":\"Andrea M\u00e9ndez\"},\"description\":\"Andrea M\u00e9ndezPsic\u00f3loga y autora de blogs orientados a la motivaci\u00f3n, el liderazgo y la superaci\u00f3n personal.\",\"sameAs\":[\"https:\/\/www.euroresidentes.com\/estilo-de-vida\/andrea-mendez.html\",\"https:\/\/www.facebook.com\/andrea.mendezmolla?fref=ts\"],\"url\":\"https:\/\/www.euroresidentes.com\/estilo-de-vida\/adolescentes\/author\/andreamendez\/\"}]}<\/script>\n<!-- \/ Yoast SEO plugin. -->","yoast_head_json":{"title":"Adolescentes que se cortan - Adolescentes","robots":{"index":"index","follow":"follow","max-snippet":"max-snippet:-1","max-image-preview":"max-image-preview:large","max-video-preview":"max-video-preview:-1"},"canonical":"https:\/\/www.euroresidentes.com\/estilo-de-vida\/adolescentes\/adolescentes-que-se-autolesionan\/","og_locale":"es_ES","og_type":"article","og_title":"Adolescentes que se cortan - Adolescentes","og_description":"El Non-Suicidal Self Injury (NSSI) o la Auto-lesi\u00f3n No Suicida es un asunto preocupante en cuanto a poblaci\u00f3n adolescente se refiere, ya que en el \u00faltimo tiempo se han visto aumentados los casos en adolescentes de este tipo de conducta punitiva, cuyas caracter\u00edsticas principales son: comportamiento repetitivo, compulsivo y epis\u00f3dico con fin de causarse lesi\u00f3n a s\u00ed mismo sin llegar a la muerte. Aunque com\u00fanmente los adolescentes que se cortan suelen ser los que m\u00e1s se relacionan con la auto-lesi\u00f3n no suicida, pu\u00f1etazos, ara\u00f1azos, golpes contra objetos y paredes o tambi\u00e9n quemaduras son todas formas que se pueden observar en","og_url":"https:\/\/www.euroresidentes.com\/estilo-de-vida\/adolescentes\/adolescentes-que-se-autolesionan\/","og_site_name":"Adolescentes","article_publisher":"https:\/\/www.facebook.com\/sentir.bien.euroresidentes\/","article_author":"https:\/\/www.facebook.com\/andrea.mendezmolla?fref=ts","article_published_time":"2012-07-03T08:37:00+00:00","article_modified_time":"2019-08-26T12:00:03+00:00","og_image":[{"width":600,"height":450,"url":"https:\/\/www.euroresidentes.com\/estilo-de-vida\/adolescentes\/wp-content\/uploads\/sites\/13\/2012\/07\/adolescentes-que-se-cortan.jpg","type":"image\/jpeg"}],"author":"Andrea M\u00e9ndez","twitter_card":"summary_large_image","twitter_misc":{"Written by":"Andrea M\u00e9ndez","Est. reading time":"3 minutos"},"schema":{"@context":"https:\/\/schema.org","@graph":[{"@type":"WebPage","@id":"https:\/\/www.euroresidentes.com\/estilo-de-vida\/adolescentes\/adolescentes-que-se-autolesionan\/","url":"https:\/\/www.euroresidentes.com\/estilo-de-vida\/adolescentes\/adolescentes-que-se-autolesionan\/","name":"Adolescentes que se cortan - Adolescentes","isPartOf":{"@id":"https:\/\/www.euroresidentes.com\/estilo-de-vida\/adolescentes\/#website"},"primaryImageOfPage":{"@id":"https:\/\/www.euroresidentes.com\/estilo-de-vida\/adolescentes\/adolescentes-que-se-autolesionan\/#primaryimage"},"image":{"@id":"https:\/\/www.euroresidentes.com\/estilo-de-vida\/adolescentes\/adolescentes-que-se-autolesionan\/#primaryimage"},"thumbnailUrl":"https:\/\/www.euroresidentes.com\/estilo-de-vida\/adolescentes\/wp-content\/uploads\/sites\/13\/2012\/07\/adolescentes-que-se-cortan.jpg","datePublished":"2012-07-03T08:37:00+00:00","dateModified":"2019-08-26T12:00:03+00:00","author":{"@id":"https:\/\/www.euroresidentes.com\/estilo-de-vida\/adolescentes\/#\/schema\/person\/76d37e061b7949bad6c3f7fa5366bfcb"},"breadcrumb":{"@id":"https:\/\/www.euroresidentes.com\/estilo-de-vida\/adolescentes\/adolescentes-que-se-autolesionan\/#breadcrumb"},"inLanguage":"es","potentialAction":[{"@type":"ReadAction","target":["https:\/\/www.euroresidentes.com\/estilo-de-vida\/adolescentes\/adolescentes-que-se-autolesionan\/"]}]},{"@type":"ImageObject","inLanguage":"es","@id":"https:\/\/www.euroresidentes.com\/estilo-de-vida\/adolescentes\/adolescentes-que-se-autolesionan\/#primaryimage","url":"https:\/\/www.euroresidentes.com\/estilo-de-vida\/adolescentes\/wp-content\/uploads\/sites\/13\/2012\/07\/adolescentes-que-se-cortan.jpg","contentUrl":"https:\/\/www.euroresidentes.com\/estilo-de-vida\/adolescentes\/wp-content\/uploads\/sites\/13\/2012\/07\/adolescentes-que-se-cortan.jpg","width":600,"height":450},{"@type":"BreadcrumbList","@id":"https:\/\/www.euroresidentes.com\/estilo-de-vida\/adolescentes\/adolescentes-que-se-autolesionan\/#breadcrumb","itemListElement":[{"@type":"ListItem","position":1,"name":"Portada","item":"https:\/\/www.euroresidentes.com\/estilo-de-vida\/adolescentes\/"},{"@type":"ListItem","position":2,"name":"Adolescentes que se cortan"}]},{"@type":"WebSite","@id":"https:\/\/www.euroresidentes.com\/estilo-de-vida\/adolescentes\/#website","url":"https:\/\/www.euroresidentes.com\/estilo-de-vida\/adolescentes\/","name":"Adolescentes","description":"Blog sobre la etapa de la adolescencia","potentialAction":[{"@type":"SearchAction","target":{"@type":"EntryPoint","urlTemplate":"https:\/\/www.euroresidentes.com\/estilo-de-vida\/adolescentes\/?s={search_term_string}"},"query-input":{"@type":"PropertyValueSpecification","valueRequired":true,"valueName":"search_term_string"}}],"inLanguage":"es"},{"@type":"Person","@id":"https:\/\/www.euroresidentes.com\/estilo-de-vida\/adolescentes\/#\/schema\/person\/76d37e061b7949bad6c3f7fa5366bfcb","name":"Andrea M\u00e9ndez","image":{"@type":"ImageObject","inLanguage":"es","@id":"https:\/\/www.euroresidentes.com\/estilo-de-vida\/adolescentes\/#\/schema\/person\/image\/","url":"https:\/\/www.euroresidentes.com\/estilo-de-vida\/adolescentes\/wp-content\/uploads\/sites\/13\/2016\/02\/foto_autora_andrea.m-150x150.jpg","contentUrl":"https:\/\/www.euroresidentes.com\/estilo-de-vida\/adolescentes\/wp-content\/uploads\/sites\/13\/2016\/02\/foto_autora_andrea.m-150x150.jpg","caption":"Andrea M\u00e9ndez"},"description":"Andrea M\u00e9ndezPsic\u00f3loga y autora de blogs orientados a la motivaci\u00f3n, el liderazgo y la superaci\u00f3n personal.","sameAs":["https:\/\/www.euroresidentes.com\/estilo-de-vida\/andrea-mendez.html","https:\/\/www.facebook.com\/andrea.mendezmolla?fref=ts"],"url":"https:\/\/www.euroresidentes.com\/estilo-de-vida\/adolescentes\/author\/andreamendez\/"}]}},"_links":{"self":[{"href":"https:\/\/www.euroresidentes.com\/estilo-de-vida\/adolescentes\/wp-json\/wp\/v2\/posts\/346","targetHints":{"allow":["GET"]}}],"collection":[{"href":"https:\/\/www.euroresidentes.com\/estilo-de-vida\/adolescentes\/wp-json\/wp\/v2\/posts"}],"about":[{"href":"https:\/\/www.euroresidentes.com\/estilo-de-vida\/adolescentes\/wp-json\/wp\/v2\/types\/post"}],"author":[{"embeddable":true,"href":"https:\/\/www.euroresidentes.com\/estilo-de-vida\/adolescentes\/wp-json\/wp\/v2\/users\/11"}],"replies":[{"embeddable":true,"href":"https:\/\/www.euroresidentes.com\/estilo-de-vida\/adolescentes\/wp-json\/wp\/v2\/comments?post=346"}],"version-history":[{"count":5,"href":"https:\/\/www.euroresidentes.com\/estilo-de-vida\/adolescentes\/wp-json\/wp\/v2\/posts\/346\/revisions"}],"predecessor-version":[{"id":5204,"href":"https:\/\/www.euroresidentes.com\/estilo-de-vida\/adolescentes\/wp-json\/wp\/v2\/posts\/346\/revisions\/5204"}],"wp:featuredmedia":[{"embeddable":true,"href":"https:\/\/www.euroresidentes.com\/estilo-de-vida\/adolescentes\/wp-json\/wp\/v2\/media\/610"}],"wp:attachment":[{"href":"https:\/\/www.euroresidentes.com\/estilo-de-vida\/adolescentes\/wp-json\/wp\/v2\/media?parent=346"}],"wp:term":[{"taxonomy":"category","embeddable":true,"href":"https:\/\/www.euroresidentes.com\/estilo-de-vida\/adolescentes\/wp-json\/wp\/v2\/categories?post=346"},{"taxonomy":"post_tag","embeddable":true,"href":"https:\/\/www.euroresidentes.com\/estilo-de-vida\/adolescentes\/wp-json\/wp\/v2\/tags?post=346"}],"curies":[{"name":"wp","href":"https:\/\/api.w.org\/{rel}","templated":true}]}}