{"id":341,"date":"2012-07-13T09:59:00","date_gmt":"2012-07-13T07:59:00","guid":{"rendered":"http:\/\/www.euroresidentes.com\/estilo-de-vida\/adolescentes\/adolescentes-y-medios-de-comunicacion"},"modified":"2022-03-24T11:57:04","modified_gmt":"2022-03-24T10:57:04","slug":"adolescentes-y-medios-de-comunicacion","status":"publish","type":"post","link":"https:\/\/www.euroresidentes.com\/estilo-de-vida\/adolescentes\/adolescentes-y-medios-de-comunicacion\/","title":{"rendered":"Adolescentes y Medios de Comunicaci\u00f3n"},"content":{"rendered":"<h2>Los Medios de Comunicaci\u00f3n<\/h2>\n<p>Los medios de comunicaci\u00f3n son una de las principales fuentes de informaci\u00f3n para nuestros adolescentes hoy en d\u00eda. Es muy importante conocer qu\u00e9 es lo que est\u00e1n absorbiendo, qu\u00e9 es lo que est\u00e1n aprendiendo de toda esa informaci\u00f3n que les llega.<\/p>\n<div><\/div>\n<div><a href=\"http:\/\/www.euroresidentes.com\/estilo-de-vida\/adolescentes\/wp-content\/uploads\/sites\/13\/2012\/07\/adolescentes-y-medios-de-comunicacion-euroresidentes.jpg\"><img loading=\"lazy\" decoding=\"async\" class=\"aligncenter size-full wp-image-4716\" src=\"http:\/\/www.euroresidentes.com\/estilo-de-vida\/adolescentes\/wp-content\/uploads\/sites\/13\/2012\/07\/adolescentes-y-medios-de-comunicacion-euroresidentes.jpg\" alt=\"adolescentes y medios de comunicaci\u00f3n\" width=\"700\" height=\"525\" srcset=\"https:\/\/www.euroresidentes.com\/estilo-de-vida\/adolescentes\/wp-content\/uploads\/sites\/13\/2012\/07\/adolescentes-y-medios-de-comunicacion-euroresidentes.jpg 700w, https:\/\/www.euroresidentes.com\/estilo-de-vida\/adolescentes\/wp-content\/uploads\/sites\/13\/2012\/07\/adolescentes-y-medios-de-comunicacion-euroresidentes-300x225.jpg 300w\" sizes=\"auto, (max-width: 700px) 100vw, 700px\" \/><\/a><\/div>\n<p>En primer lugar es necesario se\u00f1alar que hay <strong>diferentes tipos de medios de comunicaci\u00f3n:<\/strong><\/p>\n<div>\n<ol>\n<li>\u00a0Medios Masivos: son los conocidos como medios en masa porque llegan a la poblaci\u00f3n de forma masiva. Pueden producir cambios culturales a gran escala, tanto positivos como negativos.<\/li>\n<li>\u00a0Medios Auxiliares o complementarios<\/li>\n<li>\u00a0Medios Alternativos<\/li>\n<\/ol>\n<\/div>\n<div><strong>Aqu\u00ed hablaremos de los medios masivos\u00a0<\/strong>porque son los que m\u00e1s afectan a los adolescentes. Los Medios Masivos a la vez se dividen a la vez en:<\/p>\n<ul>\n<li>Televisi\u00f3n<\/li>\n<li>Radio<\/li>\n<li>Peri\u00f3dico y Revistas<\/li>\n<li>Internet<\/li>\n<li>Cine<\/li>\n<\/ul>\n<\/div>\n<div>\u00a0Los medios de comunicaci\u00f3n masiva bombardean a la poblaci\u00f3n y concretamente a los adolescentes, aprovechando la incertidumbre y curiosidad que en ellos reina para moldearlos al antojo de la sociedad.<\/div>\n<h3>Aunque son 5 los tipos de medio de comunicaci\u00f3n masiva que llegan a nuestros hijos, son especialmente 2\u00a0por lo que los padres deben preocuparse: la televisi\u00f3n e internet.<\/h3>\n<div><a href=\"http:\/\/www.euroresidentes.com\/estilo-de-vida\/adolescentes\/wp-content\/uploads\/sites\/13\/2012\/07\/adolescentes-y-medios-de-comunicacion.jpg\"><img loading=\"lazy\" decoding=\"async\" class=\"aligncenter\" title=\"Adolescentes y Medios de Comunicaci\u00f3n\" src=\"http:\/\/www.euroresidentes.com\/estilo-de-vida\/adolescentes\/wp-content\/uploads\/sites\/13\/2012\/07\/adolescentes-y-medios-de-comunicacion.jpg\" alt=\"Adolescentes y Medios de Comunicaci\u00f3n\" width=\"700\" height=\"525\" border=\"0\" \/><\/a><\/div>\n<div><\/div>\n<h2>La Televisi\u00f3n e Internet<\/h2>\n<p>No se puede negar, la TV e\u00a0Internet\u00a0 son poderosos instrumentos de socializaci\u00f3n\u00a0juvenil cuyos objetivos son intervenir en la definici\u00f3n de los significados simb\u00f3licos\u00a0y controlar.<\/p>\n<p>Los adolescentes juegan un papel de mercanc\u00eda de la sociedad de consumo. Por ello, lo l\u00f3gico ser\u00eda se\u00f1alar\u00a0a la televisi\u00f3n y a internet\u00a0 como armas de doble filo.<\/p>\n<h2>Armas de doble filo<\/h2>\n<p>Por un lado, si son empleadas sabiamente son herramientas que sirven para informar y ense\u00f1ar. Gracias a ellas hoy d\u00eda podemos comunicarnos con todo el mundo y saber qu\u00e9 ocurre en cada pa\u00eds y en cada momento.\u00a0<strong>Son una inmensa fuente de informaci\u00f3n con contenidos l\u00fadicos e inmensamente interesantes.<\/strong> De gran utilidad en la vida diaria para\u00a0ampliar los horizontes y conocimientos de miles y miles de temas.<\/p>\n<p>Sin embargo, tambi\u00e9n son armas capaces de modificar conductas, pensamientos e incluso creencias.\u00a0 <strong>Son una fuente de informaci\u00f3n en la que abundan contenidos realmente negativos e incluso ilegales que no hacen otra cosa que confundir<\/strong> y crear h\u00e1bitos insanos a la poblaci\u00f3n, especialmente a los adolescentes.<\/p>\n<h2>\u00bfPor qu\u00e9 los adolescentes son el grupo de mayor riesgo?<\/h2>\n<p><a href=\"http:\/\/www.euroresidentes.com\/estilo-de-vida\/adolescentes\/wp-content\/uploads\/sites\/13\/2012\/07\/adolescentes-y-medios-de-comunicacion1.jpg\"><img loading=\"lazy\" decoding=\"async\" class=\"aligncenter size-full wp-image-4717\" src=\"http:\/\/www.euroresidentes.com\/estilo-de-vida\/adolescentes\/wp-content\/uploads\/sites\/13\/2012\/07\/adolescentes-y-medios-de-comunicacion1.jpg\" alt=\"adolescentes y medios de comunicaci\u00f3n\" width=\"700\" height=\"525\" srcset=\"https:\/\/www.euroresidentes.com\/estilo-de-vida\/adolescentes\/wp-content\/uploads\/sites\/13\/2012\/07\/adolescentes-y-medios-de-comunicacion1.jpg 700w, https:\/\/www.euroresidentes.com\/estilo-de-vida\/adolescentes\/wp-content\/uploads\/sites\/13\/2012\/07\/adolescentes-y-medios-de-comunicacion1-300x225.jpg 300w\" sizes=\"auto, (max-width: 700px) 100vw, 700px\" \/><\/a><\/p>\n<p>Como anteriormente se mencionaba, los adolescentes juegan un papel de mercanc\u00eda de la informaci\u00f3n. Sirven de puente entre ellos, sembrando as\u00ed semillas y dejando que otorguen frutos que los envenenan a ellos y a su entorno.<\/p>\n<p><strong>Muchos adolescentes identifican el mundo real con lo que observan en la televisi\u00f3n e internet.<\/strong> De ah\u00ed que la reiterada exposici\u00f3n de violencia, la explotaci\u00f3n del sexo y el placer o los modelos estereotipados que se presentan provocan en los adolescentes una grave distorsi\u00f3n de valores desembocando en comportamientos violentos y de riesgo.<\/p>\n<h4>Por ello, el problema viene cuando los adolescentes no saben o no pueden distinguir entre aquello que les aporta alg\u00fan bien o que le es da\u00f1ino.<\/h4>\n<h2>\u00bfQu\u00e9 pueden hacer los padres al respecto?<\/h2>\n<div>El papel de los padres es acompa\u00f1ar a sus hijos en este proceso ayud\u00e1ndolos a establecer principios y valores sanos.<\/div>\n<div>\n<ul>\n<li>Ante todo, comunicaci\u00f3n. Los Psic\u00f3logos recomiendan apostar por el di\u00e1logo en lugar de controlar en secreto la actividad de los hijos en internet<\/li>\n<li>Hablarle sobre la diferencia entre hechos y opiniones. Los adolescentes han de ser conscientes que no todo lo que ven en televisi\u00f3n e internet es necesariamente cierto<\/li>\n<li>Promover el ver la televisi\u00f3n juntos<\/li>\n<li>Procurar que no tenga televisi\u00f3n u ordenador en su habitaci\u00f3n<\/li>\n<li>Criticar lo negativo y halagar lo positivo<\/li>\n<li>Sugerirle programas de televisi\u00f3n<\/li>\n<li>Hablar con \u00e9l sobre el prop\u00f3sito del aspecto comercial en los anuncios<\/li>\n<li>Intentar no ver la televisi\u00f3n durante las comidas aprovechando los momentos para el di\u00e1logo<\/li>\n<li>Buscar alternativas de entretenimiento<\/li>\n<li>Dar buen ejemplo<\/li>\n<\/ul>\n<p>Y es que a fin de cuentas la televisi\u00f3n y el internet \u00a0son inventos relativamente nuevos. \u00bfNo se hac\u00eda nada antes de que existieran?&#8230;Claro que s\u00ed, \u00bfPor qu\u00e9 no mostr\u00e1rselo a tu hij@?<\/p>\n<\/div>\n<div>Yo, como siempre, te espero en la pr\u00f3xima. Un gran saludo y un abrazo, Andrea.<\/div>\n<div><strong>Seguir leyendo:<\/strong><\/div>\n<ul>\n<li><a href=\"https:\/\/www.euroresidentes.com\/estilo-de-vida\/adolescentes\/experimento-muestra-reacciones-ninos-cuando-estan-sin-internet\">Un experimento muestra que les pasa a los adolescentes al pasar 1 d\u00eda sin internet<\/a><\/li>\n<li><a href=\"http:\/\/adolescentes.euroresidentes.com\/2014\/09\/redes-sociales-6-consejos-para-mantener.html\" target=\"_blank\" rel=\"noopener\">Redes Sociales: 6 consejos para mantener a tus hijos a salvo<\/a><\/li>\n<li><a href=\"https:\/\/www.euroresidentes.com\/estilo-de-vida\/adolescentes\/como-mejorar-la-convivencia-familiar\">C\u00f3mo mejorar la convivencia familiar<\/a><\/li>\n<li><a href=\"http:\/\/adolescentes.euroresidentes.com\/2008\/11\/adolescentes-e-internet.html\">Adolescentes e Internet<\/a><\/li>\n<li><a href=\"http:\/\/www.euroresidentes.com\/estilo-de-vida\/adolescentes\/chavales-leyendo-tweets-sobre-si-mismos\">Chavales leyendo tweets sobre s\u00ed mismos nos recuerda que el cyberbullying no es una broma<\/a><\/li>\n<\/ul>\n","protected":false},"excerpt":{"rendered":"<p>Los Medios de Comunicaci\u00f3n Los medios de comunicaci\u00f3n son una de las principales fuentes de informaci\u00f3n para nuestros adolescentes hoy en d\u00eda. Es muy importante conocer qu\u00e9 es lo que est\u00e1n absorbiendo, qu\u00e9 es lo que est\u00e1n aprendiendo de toda esa informaci\u00f3n que les llega. En primer lugar es necesario se\u00f1alar que hay diferentes tipos de medios de comunicaci\u00f3n: \u00a0Medios Masivos: son los conocidos como medios en masa porque llegan a la poblaci\u00f3n de forma masiva. Pueden producir cambios culturales a gran escala, tanto positivos como negativos. \u00a0Medios Auxiliares o complementarios \u00a0Medios Alternativos Aqu\u00ed hablaremos de los medios masivos\u00a0porque son <\/p>\n","protected":false},"author":11,"featured_media":4716,"comment_status":"open","ping_status":"open","sticky":false,"template":"","format":"standard","meta":{"footnotes":""},"categories":[11],"tags":[],"class_list":["post-341","post","type-post","status-publish","format-standard","has-post-thumbnail","hentry","category-redes-sociales-movil-internet","has_thumb"],"yoast_head":"<!-- This site is optimized with the Yoast SEO plugin v24.1 - https:\/\/yoast.com\/wordpress\/plugins\/seo\/ -->\n<title>Adolescentes y Medios de Comunicaci\u00f3n - Adolescentes<\/title>\n<meta name=\"description\" content=\"Los medios de comunicaci\u00f3n son una de las principales fuentes de informaci\u00f3n para nuestros adolescentes hoy en d\u00eda. Es muy importante conocer qu\u00e9 es lo...\" \/>\n<meta name=\"robots\" content=\"index, follow, max-snippet:-1, max-image-preview:large, max-video-preview:-1\" \/>\n<link rel=\"canonical\" href=\"https:\/\/www.euroresidentes.com\/estilo-de-vida\/adolescentes\/adolescentes-y-medios-de-comunicacion\/\" \/>\n<meta property=\"og:locale\" content=\"es_ES\" \/>\n<meta property=\"og:type\" content=\"article\" \/>\n<meta property=\"og:title\" content=\"Adolescentes y Medios de Comunicaci\u00f3n - Adolescentes\" \/>\n<meta property=\"og:description\" content=\"Los medios de comunicaci\u00f3n son una de las principales fuentes de informaci\u00f3n para nuestros adolescentes hoy en d\u00eda. Es muy importante conocer qu\u00e9 es lo...\" \/>\n<meta property=\"og:url\" content=\"https:\/\/www.euroresidentes.com\/estilo-de-vida\/adolescentes\/adolescentes-y-medios-de-comunicacion\/\" \/>\n<meta property=\"og:site_name\" content=\"Adolescentes\" \/>\n<meta property=\"article:publisher\" content=\"https:\/\/www.facebook.com\/sentir.bien.euroresidentes\/\" \/>\n<meta property=\"article:author\" content=\"https:\/\/www.facebook.com\/andrea.mendezmolla?fref=ts\" \/>\n<meta property=\"article:published_time\" content=\"2012-07-13T07:59:00+00:00\" \/>\n<meta property=\"article:modified_time\" content=\"2022-03-24T10:57:04+00:00\" \/>\n<meta property=\"og:image\" content=\"https:\/\/www.euroresidentes.com\/estilo-de-vida\/adolescentes\/wp-content\/uploads\/sites\/13\/2012\/07\/adolescentes-y-medios-de-comunicacion-euroresidentes.jpg\" \/>\n\t<meta property=\"og:image:width\" content=\"700\" \/>\n\t<meta property=\"og:image:height\" content=\"525\" \/>\n\t<meta property=\"og:image:type\" content=\"image\/jpeg\" \/>\n<meta name=\"author\" content=\"Andrea M\u00e9ndez\" \/>\n<meta name=\"twitter:card\" content=\"summary_large_image\" \/>\n<meta name=\"twitter:label1\" content=\"Written by\" \/>\n\t<meta name=\"twitter:data1\" content=\"Andrea M\u00e9ndez\" \/>\n\t<meta name=\"twitter:label2\" content=\"Est. reading time\" \/>\n\t<meta name=\"twitter:data2\" content=\"4 minutos\" \/>\n<script type=\"application\/ld+json\" class=\"yoast-schema-graph\">{\"@context\":\"https:\/\/schema.org\",\"@graph\":[{\"@type\":\"WebPage\",\"@id\":\"https:\/\/www.euroresidentes.com\/estilo-de-vida\/adolescentes\/adolescentes-y-medios-de-comunicacion\/\",\"url\":\"https:\/\/www.euroresidentes.com\/estilo-de-vida\/adolescentes\/adolescentes-y-medios-de-comunicacion\/\",\"name\":\"Adolescentes y Medios de Comunicaci\u00f3n - Adolescentes\",\"isPartOf\":{\"@id\":\"https:\/\/www.euroresidentes.com\/estilo-de-vida\/adolescentes\/#website\"},\"primaryImageOfPage\":{\"@id\":\"https:\/\/www.euroresidentes.com\/estilo-de-vida\/adolescentes\/adolescentes-y-medios-de-comunicacion\/#primaryimage\"},\"image\":{\"@id\":\"https:\/\/www.euroresidentes.com\/estilo-de-vida\/adolescentes\/adolescentes-y-medios-de-comunicacion\/#primaryimage\"},\"thumbnailUrl\":\"https:\/\/www.euroresidentes.com\/estilo-de-vida\/adolescentes\/wp-content\/uploads\/sites\/13\/2012\/07\/adolescentes-y-medios-de-comunicacion-euroresidentes.jpg\",\"datePublished\":\"2012-07-13T07:59:00+00:00\",\"dateModified\":\"2022-03-24T10:57:04+00:00\",\"author\":{\"@id\":\"https:\/\/www.euroresidentes.com\/estilo-de-vida\/adolescentes\/#\/schema\/person\/76d37e061b7949bad6c3f7fa5366bfcb\"},\"description\":\"Los medios de comunicaci\u00f3n son una de las principales fuentes de informaci\u00f3n para nuestros adolescentes hoy en d\u00eda. Es muy importante conocer qu\u00e9 es lo...\",\"breadcrumb\":{\"@id\":\"https:\/\/www.euroresidentes.com\/estilo-de-vida\/adolescentes\/adolescentes-y-medios-de-comunicacion\/#breadcrumb\"},\"inLanguage\":\"es\",\"potentialAction\":[{\"@type\":\"ReadAction\",\"target\":[\"https:\/\/www.euroresidentes.com\/estilo-de-vida\/adolescentes\/adolescentes-y-medios-de-comunicacion\/\"]}]},{\"@type\":\"ImageObject\",\"inLanguage\":\"es\",\"@id\":\"https:\/\/www.euroresidentes.com\/estilo-de-vida\/adolescentes\/adolescentes-y-medios-de-comunicacion\/#primaryimage\",\"url\":\"https:\/\/www.euroresidentes.com\/estilo-de-vida\/adolescentes\/wp-content\/uploads\/sites\/13\/2012\/07\/adolescentes-y-medios-de-comunicacion-euroresidentes.jpg\",\"contentUrl\":\"https:\/\/www.euroresidentes.com\/estilo-de-vida\/adolescentes\/wp-content\/uploads\/sites\/13\/2012\/07\/adolescentes-y-medios-de-comunicacion-euroresidentes.jpg\",\"width\":700,\"height\":525,\"caption\":\"adolescentes y medios de comunicaci\u00f3n\"},{\"@type\":\"BreadcrumbList\",\"@id\":\"https:\/\/www.euroresidentes.com\/estilo-de-vida\/adolescentes\/adolescentes-y-medios-de-comunicacion\/#breadcrumb\",\"itemListElement\":[{\"@type\":\"ListItem\",\"position\":1,\"name\":\"Portada\",\"item\":\"https:\/\/www.euroresidentes.com\/estilo-de-vida\/adolescentes\/\"},{\"@type\":\"ListItem\",\"position\":2,\"name\":\"Adolescentes y Medios de Comunicaci\u00f3n\"}]},{\"@type\":\"WebSite\",\"@id\":\"https:\/\/www.euroresidentes.com\/estilo-de-vida\/adolescentes\/#website\",\"url\":\"https:\/\/www.euroresidentes.com\/estilo-de-vida\/adolescentes\/\",\"name\":\"Adolescentes\",\"description\":\"Blog sobre la etapa de la adolescencia\",\"potentialAction\":[{\"@type\":\"SearchAction\",\"target\":{\"@type\":\"EntryPoint\",\"urlTemplate\":\"https:\/\/www.euroresidentes.com\/estilo-de-vida\/adolescentes\/?s={search_term_string}\"},\"query-input\":{\"@type\":\"PropertyValueSpecification\",\"valueRequired\":true,\"valueName\":\"search_term_string\"}}],\"inLanguage\":\"es\"},{\"@type\":\"Person\",\"@id\":\"https:\/\/www.euroresidentes.com\/estilo-de-vida\/adolescentes\/#\/schema\/person\/76d37e061b7949bad6c3f7fa5366bfcb\",\"name\":\"Andrea M\u00e9ndez\",\"image\":{\"@type\":\"ImageObject\",\"inLanguage\":\"es\",\"@id\":\"https:\/\/www.euroresidentes.com\/estilo-de-vida\/adolescentes\/#\/schema\/person\/image\/\",\"url\":\"https:\/\/www.euroresidentes.com\/estilo-de-vida\/adolescentes\/wp-content\/uploads\/sites\/13\/2016\/02\/foto_autora_andrea.m-150x150.jpg\",\"contentUrl\":\"https:\/\/www.euroresidentes.com\/estilo-de-vida\/adolescentes\/wp-content\/uploads\/sites\/13\/2016\/02\/foto_autora_andrea.m-150x150.jpg\",\"caption\":\"Andrea M\u00e9ndez\"},\"description\":\"Andrea M\u00e9ndezPsic\u00f3loga y autora de blogs orientados a la motivaci\u00f3n, el liderazgo y la superaci\u00f3n personal.\",\"sameAs\":[\"https:\/\/www.euroresidentes.com\/estilo-de-vida\/andrea-mendez.html\",\"https:\/\/www.facebook.com\/andrea.mendezmolla?fref=ts\"],\"url\":\"https:\/\/www.euroresidentes.com\/estilo-de-vida\/adolescentes\/author\/andreamendez\/\"}]}<\/script>\n<!-- \/ Yoast SEO plugin. -->","yoast_head_json":{"title":"Adolescentes y Medios de Comunicaci\u00f3n - Adolescentes","description":"Los medios de comunicaci\u00f3n son una de las principales fuentes de informaci\u00f3n para nuestros adolescentes hoy en d\u00eda. Es muy importante conocer qu\u00e9 es lo...","robots":{"index":"index","follow":"follow","max-snippet":"max-snippet:-1","max-image-preview":"max-image-preview:large","max-video-preview":"max-video-preview:-1"},"canonical":"https:\/\/www.euroresidentes.com\/estilo-de-vida\/adolescentes\/adolescentes-y-medios-de-comunicacion\/","og_locale":"es_ES","og_type":"article","og_title":"Adolescentes y Medios de Comunicaci\u00f3n - Adolescentes","og_description":"Los medios de comunicaci\u00f3n son una de las principales fuentes de informaci\u00f3n para nuestros adolescentes hoy en d\u00eda. Es muy importante conocer qu\u00e9 es lo...","og_url":"https:\/\/www.euroresidentes.com\/estilo-de-vida\/adolescentes\/adolescentes-y-medios-de-comunicacion\/","og_site_name":"Adolescentes","article_publisher":"https:\/\/www.facebook.com\/sentir.bien.euroresidentes\/","article_author":"https:\/\/www.facebook.com\/andrea.mendezmolla?fref=ts","article_published_time":"2012-07-13T07:59:00+00:00","article_modified_time":"2022-03-24T10:57:04+00:00","og_image":[{"width":700,"height":525,"url":"https:\/\/www.euroresidentes.com\/estilo-de-vida\/adolescentes\/wp-content\/uploads\/sites\/13\/2012\/07\/adolescentes-y-medios-de-comunicacion-euroresidentes.jpg","type":"image\/jpeg"}],"author":"Andrea M\u00e9ndez","twitter_card":"summary_large_image","twitter_misc":{"Written by":"Andrea M\u00e9ndez","Est. reading time":"4 minutos"},"schema":{"@context":"https:\/\/schema.org","@graph":[{"@type":"WebPage","@id":"https:\/\/www.euroresidentes.com\/estilo-de-vida\/adolescentes\/adolescentes-y-medios-de-comunicacion\/","url":"https:\/\/www.euroresidentes.com\/estilo-de-vida\/adolescentes\/adolescentes-y-medios-de-comunicacion\/","name":"Adolescentes y Medios de Comunicaci\u00f3n - Adolescentes","isPartOf":{"@id":"https:\/\/www.euroresidentes.com\/estilo-de-vida\/adolescentes\/#website"},"primaryImageOfPage":{"@id":"https:\/\/www.euroresidentes.com\/estilo-de-vida\/adolescentes\/adolescentes-y-medios-de-comunicacion\/#primaryimage"},"image":{"@id":"https:\/\/www.euroresidentes.com\/estilo-de-vida\/adolescentes\/adolescentes-y-medios-de-comunicacion\/#primaryimage"},"thumbnailUrl":"https:\/\/www.euroresidentes.com\/estilo-de-vida\/adolescentes\/wp-content\/uploads\/sites\/13\/2012\/07\/adolescentes-y-medios-de-comunicacion-euroresidentes.jpg","datePublished":"2012-07-13T07:59:00+00:00","dateModified":"2022-03-24T10:57:04+00:00","author":{"@id":"https:\/\/www.euroresidentes.com\/estilo-de-vida\/adolescentes\/#\/schema\/person\/76d37e061b7949bad6c3f7fa5366bfcb"},"description":"Los medios de comunicaci\u00f3n son una de las principales fuentes de informaci\u00f3n para nuestros adolescentes hoy en d\u00eda. Es muy importante conocer qu\u00e9 es lo...","breadcrumb":{"@id":"https:\/\/www.euroresidentes.com\/estilo-de-vida\/adolescentes\/adolescentes-y-medios-de-comunicacion\/#breadcrumb"},"inLanguage":"es","potentialAction":[{"@type":"ReadAction","target":["https:\/\/www.euroresidentes.com\/estilo-de-vida\/adolescentes\/adolescentes-y-medios-de-comunicacion\/"]}]},{"@type":"ImageObject","inLanguage":"es","@id":"https:\/\/www.euroresidentes.com\/estilo-de-vida\/adolescentes\/adolescentes-y-medios-de-comunicacion\/#primaryimage","url":"https:\/\/www.euroresidentes.com\/estilo-de-vida\/adolescentes\/wp-content\/uploads\/sites\/13\/2012\/07\/adolescentes-y-medios-de-comunicacion-euroresidentes.jpg","contentUrl":"https:\/\/www.euroresidentes.com\/estilo-de-vida\/adolescentes\/wp-content\/uploads\/sites\/13\/2012\/07\/adolescentes-y-medios-de-comunicacion-euroresidentes.jpg","width":700,"height":525,"caption":"adolescentes y medios de comunicaci\u00f3n"},{"@type":"BreadcrumbList","@id":"https:\/\/www.euroresidentes.com\/estilo-de-vida\/adolescentes\/adolescentes-y-medios-de-comunicacion\/#breadcrumb","itemListElement":[{"@type":"ListItem","position":1,"name":"Portada","item":"https:\/\/www.euroresidentes.com\/estilo-de-vida\/adolescentes\/"},{"@type":"ListItem","position":2,"name":"Adolescentes y Medios de Comunicaci\u00f3n"}]},{"@type":"WebSite","@id":"https:\/\/www.euroresidentes.com\/estilo-de-vida\/adolescentes\/#website","url":"https:\/\/www.euroresidentes.com\/estilo-de-vida\/adolescentes\/","name":"Adolescentes","description":"Blog sobre la etapa de la adolescencia","potentialAction":[{"@type":"SearchAction","target":{"@type":"EntryPoint","urlTemplate":"https:\/\/www.euroresidentes.com\/estilo-de-vida\/adolescentes\/?s={search_term_string}"},"query-input":{"@type":"PropertyValueSpecification","valueRequired":true,"valueName":"search_term_string"}}],"inLanguage":"es"},{"@type":"Person","@id":"https:\/\/www.euroresidentes.com\/estilo-de-vida\/adolescentes\/#\/schema\/person\/76d37e061b7949bad6c3f7fa5366bfcb","name":"Andrea M\u00e9ndez","image":{"@type":"ImageObject","inLanguage":"es","@id":"https:\/\/www.euroresidentes.com\/estilo-de-vida\/adolescentes\/#\/schema\/person\/image\/","url":"https:\/\/www.euroresidentes.com\/estilo-de-vida\/adolescentes\/wp-content\/uploads\/sites\/13\/2016\/02\/foto_autora_andrea.m-150x150.jpg","contentUrl":"https:\/\/www.euroresidentes.com\/estilo-de-vida\/adolescentes\/wp-content\/uploads\/sites\/13\/2016\/02\/foto_autora_andrea.m-150x150.jpg","caption":"Andrea M\u00e9ndez"},"description":"Andrea M\u00e9ndezPsic\u00f3loga y autora de blogs orientados a la motivaci\u00f3n, el liderazgo y la superaci\u00f3n personal.","sameAs":["https:\/\/www.euroresidentes.com\/estilo-de-vida\/andrea-mendez.html","https:\/\/www.facebook.com\/andrea.mendezmolla?fref=ts"],"url":"https:\/\/www.euroresidentes.com\/estilo-de-vida\/adolescentes\/author\/andreamendez\/"}]}},"_links":{"self":[{"href":"https:\/\/www.euroresidentes.com\/estilo-de-vida\/adolescentes\/wp-json\/wp\/v2\/posts\/341","targetHints":{"allow":["GET"]}}],"collection":[{"href":"https:\/\/www.euroresidentes.com\/estilo-de-vida\/adolescentes\/wp-json\/wp\/v2\/posts"}],"about":[{"href":"https:\/\/www.euroresidentes.com\/estilo-de-vida\/adolescentes\/wp-json\/wp\/v2\/types\/post"}],"author":[{"embeddable":true,"href":"https:\/\/www.euroresidentes.com\/estilo-de-vida\/adolescentes\/wp-json\/wp\/v2\/users\/11"}],"replies":[{"embeddable":true,"href":"https:\/\/www.euroresidentes.com\/estilo-de-vida\/adolescentes\/wp-json\/wp\/v2\/comments?post=341"}],"version-history":[{"count":9,"href":"https:\/\/www.euroresidentes.com\/estilo-de-vida\/adolescentes\/wp-json\/wp\/v2\/posts\/341\/revisions"}],"predecessor-version":[{"id":5351,"href":"https:\/\/www.euroresidentes.com\/estilo-de-vida\/adolescentes\/wp-json\/wp\/v2\/posts\/341\/revisions\/5351"}],"wp:featuredmedia":[{"embeddable":true,"href":"https:\/\/www.euroresidentes.com\/estilo-de-vida\/adolescentes\/wp-json\/wp\/v2\/media\/4716"}],"wp:attachment":[{"href":"https:\/\/www.euroresidentes.com\/estilo-de-vida\/adolescentes\/wp-json\/wp\/v2\/media?parent=341"}],"wp:term":[{"taxonomy":"category","embeddable":true,"href":"https:\/\/www.euroresidentes.com\/estilo-de-vida\/adolescentes\/wp-json\/wp\/v2\/categories?post=341"},{"taxonomy":"post_tag","embeddable":true,"href":"https:\/\/www.euroresidentes.com\/estilo-de-vida\/adolescentes\/wp-json\/wp\/v2\/tags?post=341"}],"curies":[{"name":"wp","href":"https:\/\/api.w.org\/{rel}","templated":true}]}}