{"id":331,"date":"2014-03-04T13:23:00","date_gmt":"2014-03-04T12:23:00","guid":{"rendered":"http:\/\/www.euroresidentes.com\/estilo-de-vida\/adolescentes\/como-hago-para-no-malcriar-mi-hijo"},"modified":"2020-06-29T11:39:07","modified_gmt":"2020-06-29T09:39:07","slug":"como-hago-para-no-malcriar-mi-hijo","status":"publish","type":"post","link":"https:\/\/www.euroresidentes.com\/estilo-de-vida\/adolescentes\/como-hago-para-no-malcriar-mi-hijo\/","title":{"rendered":"\u00bfC\u00f3mo hago para no malcriar a mi hijo?"},"content":{"rendered":"<h3>8 Consejos para no malcriar a un hijo<\/h3>\n<p>No existe una gu\u00eda de c\u00f3mo ser el padre perfecto. <strong>Cuando somos padres nadie nos dice si estamos&nbsp;haci\u00e9ndolo bien o mal<\/strong> ni las consecuencias de nuestra forma de educar.<\/p>\n<div>Malcriar a un hijo puede desembocar en problemas&nbsp;para el futuro adulto, acarrearle dificultades que se pueden evitar desde una educaci\u00f3n sana y constructiva.&nbsp;Sigue est<strong>os 8 consejos para no malcriar a tu hijo.&nbsp;<\/strong><\/div>\n<p><!-- inserta publi --><\/p>\n<h3>1. S\u00e9 un modelo a seguir<\/h3>\n<p>La principal figura de identidad para un hijo son sus padres. <strong>Comp\u00f3rtate como quieres que tu hijo se comporte cuando sea mayor. <\/strong><\/p>\n<p>\u00bfC\u00f3mo quieres que tu hijo trate a las mujeres? \u00bfa personas desconocidas? \u00bfa otros familiares? Pues t\u00fa eres su maestro, se un buen ejemplo.<\/p>\n<h3>2. Pon l\u00edmites claros y c\u00famplelos<\/h3>\n<p><a href=\"http:\/\/www.euroresidentes.com\/estilo-de-vida\/adolescentes\/wp-content\/uploads\/sites\/13\/2014\/03\/como-hago-para-no-malcriar-mi-hijo.jpg\"><img loading=\"lazy\" decoding=\"async\" class=\"aligncenter size-full wp-image-5058\" src=\"http:\/\/www.euroresidentes.com\/estilo-de-vida\/adolescentes\/wp-content\/uploads\/sites\/13\/2014\/03\/como-hago-para-no-malcriar-mi-hijo.jpg\" alt=\"no malcriar a mi hijo\" width=\"700\" height=\"525\" srcset=\"https:\/\/www.euroresidentes.com\/estilo-de-vida\/adolescentes\/wp-content\/uploads\/sites\/13\/2014\/03\/como-hago-para-no-malcriar-mi-hijo.jpg 700w, https:\/\/www.euroresidentes.com\/estilo-de-vida\/adolescentes\/wp-content\/uploads\/sites\/13\/2014\/03\/como-hago-para-no-malcriar-mi-hijo-300x225.jpg 300w\" sizes=\"auto, (max-width: 700px) 100vw, 700px\" \/><\/a><\/p>\n<p>Los ni\u00f1os no saben hasta d\u00f3nde pueden llegar. Ellos van a intentarlo todo, y t\u00fa eres la figura que debe decir basta, y seguir a rajatabla lo que dices.<\/p>\n<p><strong>En el esquema mental del ni\u00f1o lo que m\u00e1s entiende son acciones<\/strong>. A la hora de los l\u00edmites tienes que actuar, y ser coherente con ello. S\u00e9 firme pero no duro, s\u00e9 justo pero no blando.<\/p>\n<h3>3. Fuera el chantaje emocional<\/h3>\n<p>Los ni\u00f1os juegan mucho con el chantaje emocional. No te rindas a sus s\u00faplicas, ser\u00e1 mucho peor si lo haces. <strong>Expl\u00edcale el motivo de por qu\u00e9 no se puede hacer lo que \u00e9l quiere y evita utilizar t\u00fa tambi\u00e9n el chantaje emocional. <\/strong><\/p>\n<p><em>\u00abMe vas a matar de un disgusto\u00bb. \u00abCre\u00eda que eras m\u00e1s estudioso\u00bb.<\/em> Frases como estas pueden provocar frustraciones y decepciones en el ni\u00f1o negativas para \u00e9l.<\/p>\n<h3>4. Refuerzo y Castigo<\/h3>\n<p><a href=\"http:\/\/www.euroresidentes.com\/estilo-de-vida\/adolescentes\/wp-content\/uploads\/sites\/13\/2014\/03\/consejos-no-malcriar-hijo.jpg\"><img loading=\"lazy\" decoding=\"async\" class=\"aligncenter size-full wp-image-5059\" src=\"http:\/\/www.euroresidentes.com\/estilo-de-vida\/adolescentes\/wp-content\/uploads\/sites\/13\/2014\/03\/consejos-no-malcriar-hijo.jpg\" alt=\"no malcriar a mi hijo\" width=\"700\" height=\"525\" srcset=\"https:\/\/www.euroresidentes.com\/estilo-de-vida\/adolescentes\/wp-content\/uploads\/sites\/13\/2014\/03\/consejos-no-malcriar-hijo.jpg 700w, https:\/\/www.euroresidentes.com\/estilo-de-vida\/adolescentes\/wp-content\/uploads\/sites\/13\/2014\/03\/consejos-no-malcriar-hijo-300x225.jpg 300w\" sizes=\"auto, (max-width: 700px) 100vw, 700px\" \/><\/a><\/p>\n<p>Es muy sencillo, la t\u00e9cnica que mejores resultados ha dado es<strong> refuerzo positivo y refuerzo negativo.<\/strong><\/p>\n<p>Cuando <strong>tu hijo haga algo que no est\u00e1 permitid<\/strong>o o haga algo que le has dicho que no debe hacer: qu\u00edtale algo que le gusta (esta tarde no jugar\u00e1 con los amigos, no ver\u00e1 la tele, le quitas su juguete favorito durante un d\u00eda&#8230;).<strong> Cuando tu hijo haya cumplido<\/strong> y se haya portado bien, refu\u00e9rzale d\u00e1ndole algo que le gusta (esta tarde compraremos golosinas, podr\u00e1s estar 15 minutos m\u00e1s jugando con tu amigo).<\/p>\n<p><!-- inserta publi 2 --><\/p>\n<h3>5. Pareja unida jam\u00e1s ser\u00e1 vencida<\/h3>\n<p>Es fundamental para no malcriar a tu hijo <strong>que tu pareja y t\u00fa est\u00e9is de acuerdo en las normas, refuerzos y castigos.<\/strong> Tened una charla sobre ello y aclararlo todo.<\/p>\n<h3>6. No temas decepcionarlo<\/h3>\n<p><a href=\"http:\/\/www.euroresidentes.com\/estilo-de-vida\/adolescentes\/wp-content\/uploads\/sites\/13\/2014\/03\/como-no-malcriar-hijo.jpg\"><img loading=\"lazy\" decoding=\"async\" class=\"aligncenter size-full wp-image-5060\" src=\"http:\/\/www.euroresidentes.com\/estilo-de-vida\/adolescentes\/wp-content\/uploads\/sites\/13\/2014\/03\/como-no-malcriar-hijo.jpg\" alt=\"no malcriar a mi hijo\" width=\"700\" height=\"525\" srcset=\"https:\/\/www.euroresidentes.com\/estilo-de-vida\/adolescentes\/wp-content\/uploads\/sites\/13\/2014\/03\/como-no-malcriar-hijo.jpg 700w, https:\/\/www.euroresidentes.com\/estilo-de-vida\/adolescentes\/wp-content\/uploads\/sites\/13\/2014\/03\/como-no-malcriar-hijo-300x225.jpg 300w\" sizes=\"auto, (max-width: 700px) 100vw, 700px\" \/><\/a><\/p>\n<p>Tu hijo no conoce los l\u00edmites. Va a ponerlos a prueba y cuestionarlos con el objetivo de conseguir lo que quiere, y t\u00fa no debes alimentar esa falsa necesidad.<\/p>\n<p><strong>No te sientas mal si tu hijo llora o se enfada por no conseguir lo que esper<\/strong>a. Facilitarle las cosas implica quitarles valor, y tu hijo necesita saber que el mundo no funciona as\u00ed. Las cosas se ganan con esfuerzo y voluntad y no porque s\u00ed, as\u00ed que no cedas a sus s\u00faplicas.<\/p>\n<p><strong>Por ejemplo, si tu hijo quiere una bicicleta estas Navidades,<\/strong> cr\u00e9ale un plan de refuerzos con puntos. Cuando llegue a X puntos por haber cumplido con las normas y l\u00edmites que le has impuesto podr\u00e1 disfrutar de su bici. As\u00ed, estimulas una figura de autoridad sana y adem\u00e1s le ense\u00f1as el valor de las cosas.<\/p>\n<h3>7. No alimentes falsas esperanzas<\/h3>\n<p>Prometerle cosas que no cumplir\u00e1s es devastador para tu hijo y para ti. Para tu hijo porque se siente defraudado, enga\u00f1ado y le ense\u00f1as que el esfuerzo que ha hecho es en vano. <strong>Para ti porque tu hijo ha perdido la referencia que ten\u00eda de una persona coherente, cumplidora, \u00edntegra.<\/strong> En definitiva, una persona que a \u00e9l le gustar\u00eda ser.<\/p>\n<h3>8. Ni la bella ni la bestia<\/h3>\n<p>No ense\u00f1es a tu hijo a temerte, no le amenaces. Un hijo temeroso de su padre, es un hijo que no expresa, y un hijo que no expresa es un hijo infeliz.<\/p>\n<p><strong>Un padre no es un amigo, pero tampoco un villano.<\/strong> Si tu hijo ve en ti coherencia en tus palabras y acciones, respeto a los dem\u00e1s, empat\u00eda le estar\u00e1s diciendo a tu hijo que eres un padre en el que puede confiar porque eres una persona fiel a sus principios y emociones, <strong>y eso es lo que debes ya no ense\u00f1ar a tu hijo, sino transmitir.&nbsp;<\/strong><\/p>\n<blockquote><p><em>Dime y lo olvido, ens\u00e9\u00f1ame y lo recuerdo, invol\u00facrame y lo aprendo<\/em> &#8211; Benjamin Franklin<\/p><\/blockquote>\n<p><strong>Ver m\u00e1s:<\/strong><\/p>\n<ul>\n<li>\n<p class=\"title single-title entry-title\"><a href=\"https:\/\/www.euroresidentes.com\/hogar\/consejos-trucos-remedios\/ideas-para-reducir-rabietas-de-los-2-anos\">Ideas para reducir las temibles rabietas de los 2 a\u00f1os<\/a><\/p>\n<\/li>\n<li>\n<p class=\"title single-title entry-title\"><a href=\"http:\/\/www.euroresidentes.com\/estilo-de-vida\/adolescentes\/ninos-3-consejos-antes-de-comprarles\">Antes de comprarle a tus hijos los regalos de Navidad l\u00e9ete estos 3 consejos<\/a><\/p>\n<\/li>\n<li>\n<p class=\"title single-title entry-title\"><a href=\"http:\/\/www.euroresidentes.com\/estilo-de-vida\/adolescentes\/como-criar-hijos-resilientes\">C\u00f3mo criar a un hijo resiliente<\/a><\/p>\n<\/li>\n<li><a href=\"http:\/\/www.euroresidentes.com\/estilo-de-vida\/adolescentes\/ansiedad-en-ninos-como-transformarla-y\">Ansiedad en ni\u00f1os: C\u00f3mo transformarla y protegerlos de por vida<\/a><\/li>\n<\/ul>\n","protected":false},"excerpt":{"rendered":"<p>8 Consejos para no malcriar a un hijo No existe una gu\u00eda de c\u00f3mo ser el padre perfecto. Cuando somos padres nadie nos dice si estamos&nbsp;haci\u00e9ndolo bien o mal ni las consecuencias de nuestra forma de educar. Malcriar a un hijo puede desembocar en problemas&nbsp;para el futuro adulto, acarrearle dificultades que se pueden evitar desde una educaci\u00f3n sana y constructiva.&nbsp;Sigue estos 8 consejos para no malcriar a tu hijo.&nbsp; 1. S\u00e9 un modelo a seguir La principal figura de identidad para un hijo son sus padres. Comp\u00f3rtate como quieres que tu hijo se comporte cuando sea mayor. \u00bfC\u00f3mo quieres que <\/p>\n","protected":false},"author":11,"featured_media":5058,"comment_status":"open","ping_status":"open","sticky":false,"template":"","format":"standard","meta":{"footnotes":""},"categories":[9],"tags":[],"class_list":["post-331","post","type-post","status-publish","format-standard","has-post-thumbnail","hentry","category-psicologia","has_thumb"],"yoast_head":"<!-- This site is optimized with the Yoast SEO plugin v24.1 - https:\/\/yoast.com\/wordpress\/plugins\/seo\/ -->\n<title>\u00bfC\u00f3mo hago para no malcriar a mi hijo? - Adolescentes<\/title>\n<meta name=\"description\" content=\"Con la sociedad actual es normal que todo padre se pregunte alguna vez: &quot;\u00bfqu\u00e9 puedo hacer para no malcriar a mi hijo?&quot; Pues estos 8 consejos te ayudar\u00e1n.\" \/>\n<meta name=\"robots\" content=\"index, follow, max-snippet:-1, max-image-preview:large, max-video-preview:-1\" \/>\n<link rel=\"canonical\" href=\"https:\/\/www.euroresidentes.com\/estilo-de-vida\/adolescentes\/como-hago-para-no-malcriar-mi-hijo\/\" \/>\n<meta property=\"og:locale\" content=\"es_ES\" \/>\n<meta property=\"og:type\" content=\"article\" \/>\n<meta property=\"og:title\" content=\"\u00bfC\u00f3mo hago para no malcriar a mi hijo? - Adolescentes\" \/>\n<meta property=\"og:description\" content=\"Con la sociedad actual es normal que todo padre se pregunte alguna vez: &quot;\u00bfqu\u00e9 puedo hacer para no malcriar a mi hijo?&quot; Pues estos 8 consejos te ayudar\u00e1n.\" \/>\n<meta property=\"og:url\" content=\"https:\/\/www.euroresidentes.com\/estilo-de-vida\/adolescentes\/como-hago-para-no-malcriar-mi-hijo\/\" \/>\n<meta property=\"og:site_name\" content=\"Adolescentes\" \/>\n<meta property=\"article:publisher\" content=\"https:\/\/www.facebook.com\/sentir.bien.euroresidentes\/\" \/>\n<meta property=\"article:author\" content=\"https:\/\/www.facebook.com\/andrea.mendezmolla?fref=ts\" \/>\n<meta property=\"article:published_time\" content=\"2014-03-04T12:23:00+00:00\" \/>\n<meta property=\"article:modified_time\" content=\"2020-06-29T09:39:07+00:00\" \/>\n<meta property=\"og:image\" content=\"https:\/\/www.euroresidentes.com\/estilo-de-vida\/adolescentes\/wp-content\/uploads\/sites\/13\/2014\/03\/como-hago-para-no-malcriar-mi-hijo.jpg\" \/>\n\t<meta property=\"og:image:width\" content=\"700\" \/>\n\t<meta property=\"og:image:height\" content=\"525\" \/>\n\t<meta property=\"og:image:type\" content=\"image\/jpeg\" \/>\n<meta name=\"author\" content=\"Andrea M\u00e9ndez\" \/>\n<meta name=\"twitter:card\" content=\"summary_large_image\" \/>\n<meta name=\"twitter:label1\" content=\"Written by\" \/>\n\t<meta name=\"twitter:data1\" content=\"Andrea M\u00e9ndez\" \/>\n\t<meta name=\"twitter:label2\" content=\"Est. reading time\" \/>\n\t<meta name=\"twitter:data2\" content=\"4 minutos\" \/>\n<script type=\"application\/ld+json\" class=\"yoast-schema-graph\">{\"@context\":\"https:\/\/schema.org\",\"@graph\":[{\"@type\":\"WebPage\",\"@id\":\"https:\/\/www.euroresidentes.com\/estilo-de-vida\/adolescentes\/como-hago-para-no-malcriar-mi-hijo\/\",\"url\":\"https:\/\/www.euroresidentes.com\/estilo-de-vida\/adolescentes\/como-hago-para-no-malcriar-mi-hijo\/\",\"name\":\"\u00bfC\u00f3mo hago para no malcriar a mi hijo? - Adolescentes\",\"isPartOf\":{\"@id\":\"https:\/\/www.euroresidentes.com\/estilo-de-vida\/adolescentes\/#website\"},\"primaryImageOfPage\":{\"@id\":\"https:\/\/www.euroresidentes.com\/estilo-de-vida\/adolescentes\/como-hago-para-no-malcriar-mi-hijo\/#primaryimage\"},\"image\":{\"@id\":\"https:\/\/www.euroresidentes.com\/estilo-de-vida\/adolescentes\/como-hago-para-no-malcriar-mi-hijo\/#primaryimage\"},\"thumbnailUrl\":\"https:\/\/www.euroresidentes.com\/estilo-de-vida\/adolescentes\/wp-content\/uploads\/sites\/13\/2014\/03\/como-hago-para-no-malcriar-mi-hijo.jpg\",\"datePublished\":\"2014-03-04T12:23:00+00:00\",\"dateModified\":\"2020-06-29T09:39:07+00:00\",\"author\":{\"@id\":\"https:\/\/www.euroresidentes.com\/estilo-de-vida\/adolescentes\/#\/schema\/person\/76d37e061b7949bad6c3f7fa5366bfcb\"},\"description\":\"Con la sociedad actual es normal que todo padre se pregunte alguna vez: \\\"\u00bfqu\u00e9 puedo hacer para no malcriar a mi hijo?\\\" Pues estos 8 consejos te ayudar\u00e1n.\",\"breadcrumb\":{\"@id\":\"https:\/\/www.euroresidentes.com\/estilo-de-vida\/adolescentes\/como-hago-para-no-malcriar-mi-hijo\/#breadcrumb\"},\"inLanguage\":\"es\",\"potentialAction\":[{\"@type\":\"ReadAction\",\"target\":[\"https:\/\/www.euroresidentes.com\/estilo-de-vida\/adolescentes\/como-hago-para-no-malcriar-mi-hijo\/\"]}]},{\"@type\":\"ImageObject\",\"inLanguage\":\"es\",\"@id\":\"https:\/\/www.euroresidentes.com\/estilo-de-vida\/adolescentes\/como-hago-para-no-malcriar-mi-hijo\/#primaryimage\",\"url\":\"https:\/\/www.euroresidentes.com\/estilo-de-vida\/adolescentes\/wp-content\/uploads\/sites\/13\/2014\/03\/como-hago-para-no-malcriar-mi-hijo.jpg\",\"contentUrl\":\"https:\/\/www.euroresidentes.com\/estilo-de-vida\/adolescentes\/wp-content\/uploads\/sites\/13\/2014\/03\/como-hago-para-no-malcriar-mi-hijo.jpg\",\"width\":700,\"height\":525,\"caption\":\"no malcriar a mi hijo\"},{\"@type\":\"BreadcrumbList\",\"@id\":\"https:\/\/www.euroresidentes.com\/estilo-de-vida\/adolescentes\/como-hago-para-no-malcriar-mi-hijo\/#breadcrumb\",\"itemListElement\":[{\"@type\":\"ListItem\",\"position\":1,\"name\":\"Portada\",\"item\":\"https:\/\/www.euroresidentes.com\/estilo-de-vida\/adolescentes\/\"},{\"@type\":\"ListItem\",\"position\":2,\"name\":\"\u00bfC\u00f3mo hago para no malcriar a mi hijo?\"}]},{\"@type\":\"WebSite\",\"@id\":\"https:\/\/www.euroresidentes.com\/estilo-de-vida\/adolescentes\/#website\",\"url\":\"https:\/\/www.euroresidentes.com\/estilo-de-vida\/adolescentes\/\",\"name\":\"Adolescentes\",\"description\":\"Blog sobre la etapa de la adolescencia\",\"potentialAction\":[{\"@type\":\"SearchAction\",\"target\":{\"@type\":\"EntryPoint\",\"urlTemplate\":\"https:\/\/www.euroresidentes.com\/estilo-de-vida\/adolescentes\/?s={search_term_string}\"},\"query-input\":{\"@type\":\"PropertyValueSpecification\",\"valueRequired\":true,\"valueName\":\"search_term_string\"}}],\"inLanguage\":\"es\"},{\"@type\":\"Person\",\"@id\":\"https:\/\/www.euroresidentes.com\/estilo-de-vida\/adolescentes\/#\/schema\/person\/76d37e061b7949bad6c3f7fa5366bfcb\",\"name\":\"Andrea M\u00e9ndez\",\"image\":{\"@type\":\"ImageObject\",\"inLanguage\":\"es\",\"@id\":\"https:\/\/www.euroresidentes.com\/estilo-de-vida\/adolescentes\/#\/schema\/person\/image\/\",\"url\":\"https:\/\/www.euroresidentes.com\/estilo-de-vida\/adolescentes\/wp-content\/uploads\/sites\/13\/2016\/02\/foto_autora_andrea.m-150x150.jpg\",\"contentUrl\":\"https:\/\/www.euroresidentes.com\/estilo-de-vida\/adolescentes\/wp-content\/uploads\/sites\/13\/2016\/02\/foto_autora_andrea.m-150x150.jpg\",\"caption\":\"Andrea M\u00e9ndez\"},\"description\":\"Andrea M\u00e9ndezPsic\u00f3loga y autora de blogs orientados a la motivaci\u00f3n, el liderazgo y la superaci\u00f3n personal.\",\"sameAs\":[\"https:\/\/www.euroresidentes.com\/estilo-de-vida\/andrea-mendez.html\",\"https:\/\/www.facebook.com\/andrea.mendezmolla?fref=ts\"],\"url\":\"https:\/\/www.euroresidentes.com\/estilo-de-vida\/adolescentes\/author\/andreamendez\/\"}]}<\/script>\n<!-- \/ Yoast SEO plugin. -->","yoast_head_json":{"title":"\u00bfC\u00f3mo hago para no malcriar a mi hijo? - Adolescentes","description":"Con la sociedad actual es normal que todo padre se pregunte alguna vez: \"\u00bfqu\u00e9 puedo hacer para no malcriar a mi hijo?\" Pues estos 8 consejos te ayudar\u00e1n.","robots":{"index":"index","follow":"follow","max-snippet":"max-snippet:-1","max-image-preview":"max-image-preview:large","max-video-preview":"max-video-preview:-1"},"canonical":"https:\/\/www.euroresidentes.com\/estilo-de-vida\/adolescentes\/como-hago-para-no-malcriar-mi-hijo\/","og_locale":"es_ES","og_type":"article","og_title":"\u00bfC\u00f3mo hago para no malcriar a mi hijo? - Adolescentes","og_description":"Con la sociedad actual es normal que todo padre se pregunte alguna vez: \"\u00bfqu\u00e9 puedo hacer para no malcriar a mi hijo?\" Pues estos 8 consejos te ayudar\u00e1n.","og_url":"https:\/\/www.euroresidentes.com\/estilo-de-vida\/adolescentes\/como-hago-para-no-malcriar-mi-hijo\/","og_site_name":"Adolescentes","article_publisher":"https:\/\/www.facebook.com\/sentir.bien.euroresidentes\/","article_author":"https:\/\/www.facebook.com\/andrea.mendezmolla?fref=ts","article_published_time":"2014-03-04T12:23:00+00:00","article_modified_time":"2020-06-29T09:39:07+00:00","og_image":[{"width":700,"height":525,"url":"https:\/\/www.euroresidentes.com\/estilo-de-vida\/adolescentes\/wp-content\/uploads\/sites\/13\/2014\/03\/como-hago-para-no-malcriar-mi-hijo.jpg","type":"image\/jpeg"}],"author":"Andrea M\u00e9ndez","twitter_card":"summary_large_image","twitter_misc":{"Written by":"Andrea M\u00e9ndez","Est. reading time":"4 minutos"},"schema":{"@context":"https:\/\/schema.org","@graph":[{"@type":"WebPage","@id":"https:\/\/www.euroresidentes.com\/estilo-de-vida\/adolescentes\/como-hago-para-no-malcriar-mi-hijo\/","url":"https:\/\/www.euroresidentes.com\/estilo-de-vida\/adolescentes\/como-hago-para-no-malcriar-mi-hijo\/","name":"\u00bfC\u00f3mo hago para no malcriar a mi hijo? - Adolescentes","isPartOf":{"@id":"https:\/\/www.euroresidentes.com\/estilo-de-vida\/adolescentes\/#website"},"primaryImageOfPage":{"@id":"https:\/\/www.euroresidentes.com\/estilo-de-vida\/adolescentes\/como-hago-para-no-malcriar-mi-hijo\/#primaryimage"},"image":{"@id":"https:\/\/www.euroresidentes.com\/estilo-de-vida\/adolescentes\/como-hago-para-no-malcriar-mi-hijo\/#primaryimage"},"thumbnailUrl":"https:\/\/www.euroresidentes.com\/estilo-de-vida\/adolescentes\/wp-content\/uploads\/sites\/13\/2014\/03\/como-hago-para-no-malcriar-mi-hijo.jpg","datePublished":"2014-03-04T12:23:00+00:00","dateModified":"2020-06-29T09:39:07+00:00","author":{"@id":"https:\/\/www.euroresidentes.com\/estilo-de-vida\/adolescentes\/#\/schema\/person\/76d37e061b7949bad6c3f7fa5366bfcb"},"description":"Con la sociedad actual es normal que todo padre se pregunte alguna vez: \"\u00bfqu\u00e9 puedo hacer para no malcriar a mi hijo?\" Pues estos 8 consejos te ayudar\u00e1n.","breadcrumb":{"@id":"https:\/\/www.euroresidentes.com\/estilo-de-vida\/adolescentes\/como-hago-para-no-malcriar-mi-hijo\/#breadcrumb"},"inLanguage":"es","potentialAction":[{"@type":"ReadAction","target":["https:\/\/www.euroresidentes.com\/estilo-de-vida\/adolescentes\/como-hago-para-no-malcriar-mi-hijo\/"]}]},{"@type":"ImageObject","inLanguage":"es","@id":"https:\/\/www.euroresidentes.com\/estilo-de-vida\/adolescentes\/como-hago-para-no-malcriar-mi-hijo\/#primaryimage","url":"https:\/\/www.euroresidentes.com\/estilo-de-vida\/adolescentes\/wp-content\/uploads\/sites\/13\/2014\/03\/como-hago-para-no-malcriar-mi-hijo.jpg","contentUrl":"https:\/\/www.euroresidentes.com\/estilo-de-vida\/adolescentes\/wp-content\/uploads\/sites\/13\/2014\/03\/como-hago-para-no-malcriar-mi-hijo.jpg","width":700,"height":525,"caption":"no malcriar a mi hijo"},{"@type":"BreadcrumbList","@id":"https:\/\/www.euroresidentes.com\/estilo-de-vida\/adolescentes\/como-hago-para-no-malcriar-mi-hijo\/#breadcrumb","itemListElement":[{"@type":"ListItem","position":1,"name":"Portada","item":"https:\/\/www.euroresidentes.com\/estilo-de-vida\/adolescentes\/"},{"@type":"ListItem","position":2,"name":"\u00bfC\u00f3mo hago para no malcriar a mi hijo?"}]},{"@type":"WebSite","@id":"https:\/\/www.euroresidentes.com\/estilo-de-vida\/adolescentes\/#website","url":"https:\/\/www.euroresidentes.com\/estilo-de-vida\/adolescentes\/","name":"Adolescentes","description":"Blog sobre la etapa de la adolescencia","potentialAction":[{"@type":"SearchAction","target":{"@type":"EntryPoint","urlTemplate":"https:\/\/www.euroresidentes.com\/estilo-de-vida\/adolescentes\/?s={search_term_string}"},"query-input":{"@type":"PropertyValueSpecification","valueRequired":true,"valueName":"search_term_string"}}],"inLanguage":"es"},{"@type":"Person","@id":"https:\/\/www.euroresidentes.com\/estilo-de-vida\/adolescentes\/#\/schema\/person\/76d37e061b7949bad6c3f7fa5366bfcb","name":"Andrea M\u00e9ndez","image":{"@type":"ImageObject","inLanguage":"es","@id":"https:\/\/www.euroresidentes.com\/estilo-de-vida\/adolescentes\/#\/schema\/person\/image\/","url":"https:\/\/www.euroresidentes.com\/estilo-de-vida\/adolescentes\/wp-content\/uploads\/sites\/13\/2016\/02\/foto_autora_andrea.m-150x150.jpg","contentUrl":"https:\/\/www.euroresidentes.com\/estilo-de-vida\/adolescentes\/wp-content\/uploads\/sites\/13\/2016\/02\/foto_autora_andrea.m-150x150.jpg","caption":"Andrea M\u00e9ndez"},"description":"Andrea M\u00e9ndezPsic\u00f3loga y autora de blogs orientados a la motivaci\u00f3n, el liderazgo y la superaci\u00f3n personal.","sameAs":["https:\/\/www.euroresidentes.com\/estilo-de-vida\/andrea-mendez.html","https:\/\/www.facebook.com\/andrea.mendezmolla?fref=ts"],"url":"https:\/\/www.euroresidentes.com\/estilo-de-vida\/adolescentes\/author\/andreamendez\/"}]}},"_links":{"self":[{"href":"https:\/\/www.euroresidentes.com\/estilo-de-vida\/adolescentes\/wp-json\/wp\/v2\/posts\/331","targetHints":{"allow":["GET"]}}],"collection":[{"href":"https:\/\/www.euroresidentes.com\/estilo-de-vida\/adolescentes\/wp-json\/wp\/v2\/posts"}],"about":[{"href":"https:\/\/www.euroresidentes.com\/estilo-de-vida\/adolescentes\/wp-json\/wp\/v2\/types\/post"}],"author":[{"embeddable":true,"href":"https:\/\/www.euroresidentes.com\/estilo-de-vida\/adolescentes\/wp-json\/wp\/v2\/users\/11"}],"replies":[{"embeddable":true,"href":"https:\/\/www.euroresidentes.com\/estilo-de-vida\/adolescentes\/wp-json\/wp\/v2\/comments?post=331"}],"version-history":[{"count":5,"href":"https:\/\/www.euroresidentes.com\/estilo-de-vida\/adolescentes\/wp-json\/wp\/v2\/posts\/331\/revisions"}],"predecessor-version":[{"id":5269,"href":"https:\/\/www.euroresidentes.com\/estilo-de-vida\/adolescentes\/wp-json\/wp\/v2\/posts\/331\/revisions\/5269"}],"wp:featuredmedia":[{"embeddable":true,"href":"https:\/\/www.euroresidentes.com\/estilo-de-vida\/adolescentes\/wp-json\/wp\/v2\/media\/5058"}],"wp:attachment":[{"href":"https:\/\/www.euroresidentes.com\/estilo-de-vida\/adolescentes\/wp-json\/wp\/v2\/media?parent=331"}],"wp:term":[{"taxonomy":"category","embeddable":true,"href":"https:\/\/www.euroresidentes.com\/estilo-de-vida\/adolescentes\/wp-json\/wp\/v2\/categories?post=331"},{"taxonomy":"post_tag","embeddable":true,"href":"https:\/\/www.euroresidentes.com\/estilo-de-vida\/adolescentes\/wp-json\/wp\/v2\/tags?post=331"}],"curies":[{"name":"wp","href":"https:\/\/api.w.org\/{rel}","templated":true}]}}