{"id":312,"date":"2015-02-13T14:25:00","date_gmt":"2015-02-13T13:25:00","guid":{"rendered":"http:\/\/www.euroresidentes.com\/estilo-de-vida\/adolescentes\/12-cosas-que-le-dire-mi-primer-hijo"},"modified":"2016-06-18T08:42:13","modified_gmt":"2016-06-18T06:42:13","slug":"12-cosas-que-le-dire-mi-primer-hijo","status":"publish","type":"post","link":"https:\/\/www.euroresidentes.com\/estilo-de-vida\/adolescentes\/12-cosas-que-le-dire-mi-primer-hijo\/","title":{"rendered":"\u00bfLe dir\u00edas estas 12 cosas a tu primer hijo?"},"content":{"rendered":"<div class=\"separator\" style=\"clear: both; text-align: center;\"><a style=\"margin-left: 1em; margin-right: 1em;\" href=\"http:\/\/www.euroresidentes.com\/estilo-de-vida\/adolescentes\/wp-content\/uploads\/sites\/13\/2015\/02\/12-cosas-que-le-dire-a-mi-primer-hijo.jpg\"><img decoding=\"async\" title=\"12 Cosas que le dir\u00e9 a mi primer hijo\" src=\"http:\/\/www.euroresidentes.com\/estilo-de-vida\/adolescentes\/wp-content\/uploads\/sites\/13\/2015\/02\/12-cosas-que-le-dire-a-mi-primer-hijo.jpg\" alt=\"\" border=\"0\" \/><\/a><\/div>\n<div>\u00a0<\/div>\n<p>Al menos el escritor, guionista y blogger Evan Porter s\u00ed:<\/p>\n<h4><i><b>1. Te dir\u00e9: \u00abOye, chico, no todo el mundo tiene que gustarte\u00bb<\/b>. S\u00e9 sincero. No te limites a asentir con la cabeza a todos y a todo.\u00a0<\/i><\/h4>\n<div>Lo que yo opino: O s\u00ed. Claro que no todo el mundo tiene porqu\u00e9 caerte bien o gustarte, pero la capacidad de adaptaci\u00f3n va a ser fundamental para tu felicidad. A\u00fan me acuerdo yo de lo poco que me gustaba mi profesor de Matem\u00e1ticas, \u00bfy ya simplemente por eso voy a perder la oportunidad de enriquecerme en Matem\u00e1ticas? \u00a1\u00a1NO!! No sacrifiques tus ideas y opiniones pero recuerda que la especie que sobrevive no es la m\u00e1s fuerte, sino la que sabe adaptarse.<\/div>\n<h4><i><strong>2. Te dir\u00e9: \u00abTrabaja duro en la escuela\u00bb.<\/strong> No para que ganes dinero u obtengas mejores oficios. Sino porque un d\u00eda mirar\u00e1s atr\u00e1s y te sentir\u00e1s orgulloso de lo que hiciste.<\/i><\/h4>\n<p>Lo que yo opino: O no. Einstein, Da Vinci, Galileo o Mozart son s\u00f3lo algunos ejemplos de los grandes genios de la historia que o no fueron a la escuela o se les daba muy mal. Tu orgullo no debe depender de si asististe o no a la escuela, va mucho m\u00e1s all\u00e1 que todo eso.<\/p>\n<h4><i><b>3. Te dir\u00e9: \u00abLimpia tu habitaci\u00f3n\u00bb<\/b>. Te sorprender\u00e1 ver lo bien que te sentir\u00e1s cuando termines y veas tu habitaci\u00f3n limpia y ordenada.\u00a0<\/i><\/h4>\n<div>Lo que yo opino: O no. T\u00fa eres due\u00f1o y responsable del medio que te rodea. No voy a ser yo quien ande detr\u00e1s tuya dici\u00e9ndote qu\u00e9 y c\u00f3mo debes hacer las cosas. Si el desorden te molesta t\u00fa ser\u00e1s el principal perjudicado. Las riendas de la vida las coge uno mismo. No esperes que tus padres lo hagan por ti.<\/div>\n<h4><i><strong>4. Te dir\u00e9: \u00abTermina siempre lo que empezaste\u00bb.<\/strong> Si abandonas nunca sabr\u00e1s si todo lo que hiciste sirvi\u00f3 para algo.\u00a0<\/i><\/h4>\n<div>Lo que yo opino: O no. Un abandono a tiempo es una victoria. La constancia es una maravillosa virtud, pero emplear energ\u00edas y tiempo en algo que no avanza es improductivo. No tienes porqu\u00e9 terminar todo lo has empezado, pero no te quedes con la duda de no saber qu\u00e9 pasar\u00eda si lo hubieras intentado.<\/div>\n<div>\u00a0<\/div>\n<div class=\"separator\" style=\"clear: both; text-align: center;\"><a style=\"margin-left: 1em; margin-right: 1em;\" href=\"http:\/\/www.euroresidentes.com\/estilo-de-vida\/adolescentes\/wp-content\/uploads\/sites\/13\/2015\/02\/ni\u00f1o-super-heroe.jpg\"><img decoding=\"async\" src=\"http:\/\/www.euroresidentes.com\/estilo-de-vida\/adolescentes\/wp-content\/uploads\/sites\/13\/2015\/02\/ni\u00f1o-super-heroe.jpg\" alt=\"\" border=\"0\" \/><\/a><\/div>\n<h4><i><strong>5. Te dir\u00e9: \u00abNo esperes tanto tiempo para sentirte c\u00f3modo en tu propia piel\u00bb.<\/strong> Hay una l\u00ednea muy delgada entre experimentar las cosas y quedarse atrapado por las modas. No creas que necesitas encajar en un molde para ser aceptado. Es mentira.\u00a0<\/i><\/h4>\n<div>Lo que yo opino: O s\u00ed. Pasar\u00e1s por muchas etapas en tu vida. Simplemente disfr\u00fatalas. Pasar\u00e1n.<\/div>\n<h4><i><b>6. Te dir\u00e9: \u00abCuida de tu cuerpo. S\u00f3lo tienes uno\u00bb<\/b>. Usa hilo dental. No tomes tantos refrescos ni Red Bull. No podr\u00e1s deshacerte de todo lo malo que te hacen.\u00a0<\/i><\/h4>\n<div>Lo que yo opino: El f\u00edsico no es suficiente. Cuida de tu mente y esp\u00edritu. S\u00f3lo tienes uno.<\/div>\n<h4><i><b>7. Te dir\u00e9: \u00abObl\u00edgate a experimentar cosas nuevas\u00bb<\/b>. Tienes infinidad de cosas por vivir y de las que aprender. No malgastes la vida y el tiempo que tienes.\u00a0<\/i><\/h4>\n<div><i>Lo que yo opino: O no. La vida constantemente te est\u00e1 ense\u00f1ando. Obs\u00e9rvala, detente a mirarla y experimenta siempre que te nazca. La actitud que uno tiene ante las cosas es m\u00e1s importante que las cosas en s\u00ed.<\/i><\/div>\n<h4><i><b>8. Te dir\u00e9: \u00abNo te incomodes con los vagabundos\u00bb<\/b>. No van a robarte. S\u00e9 mejor que eso. Resp\u00e9tales. C\u00f3mprales un sandwich si puedes. Y ayuda a la gente necesitada tanto como puedas.\u00a0<\/i><\/h4>\n<div><i>Lo que yo opino: \u00bfQui\u00e9n dice que lo son? No juzgues a la gente por su apariencia.<\/i><\/div>\n<h4><i><b>9. Te dir\u00e9: \u00abPresta atenci\u00f3n a la actualidad y a la pol\u00edtica\u00bb<\/b>. Presta atenci\u00f3n a lo que pasa en el mundo. A lo que pasa en tu pa\u00eds. A la situaci\u00f3n social y econ\u00f3mica. Y no te creas todo lo que sale por la tele.\u00a0<\/i><\/h4>\n<div>Lo que yo opino: No sirve de nada mirar lo que pasa a tu alrededor si no haces nada al respecto. Pasa a la acci\u00f3n. Act\u00faa.<\/div>\n<div>\u00a0<\/div>\n<div class=\"separator\" style=\"clear: both; text-align: center;\"><a style=\"margin-left: 1em; margin-right: 1em;\" href=\"http:\/\/www.euroresidentes.com\/estilo-de-vida\/adolescentes\/wp-content\/uploads\/sites\/13\/2015\/02\/ni\u00f1a-conejo-alegre-naturaleza.jpg\"><img decoding=\"async\" src=\"http:\/\/www.euroresidentes.com\/estilo-de-vida\/adolescentes\/wp-content\/uploads\/sites\/13\/2015\/02\/ni\u00f1a-conejo-alegre-naturaleza.jpg\" alt=\"\" border=\"0\" \/><\/a><\/div>\n<h4><i><b>10. Te dir\u00e9: \u00abPon a tu familia por encima de todo\u00bb<\/b>. Cuando te necesiten, estate all\u00ed. No hagas preguntas. No te quejes. Simplemente estate.\u00a0<\/i><\/h4>\n<div><i>Lo que yo opino. \u00a1No! No pongas a tu familia por encima de ti. Ponla a tu altura.\u00a0<\/i><\/div>\n<h4><i><b>11. Te dir\u00e9: \u00abNunca desees ser alguien m\u00e1s\u00bb<\/b>. Abraza tus defectos. Todo el mundo los tenemos.\u00a0<\/i><\/h4>\n<div>Lo que yo opino: O s\u00ed. Fijarse en modelos de personas que quieres llegar a ser es un excelente motivador para llevarte a conseguir qui\u00e9n quieres ser.<\/div>\n<h4><i><b>12. Te dir\u00e9: \u00abSi fallas en algo, incluso en algo de esta lista, eso est\u00e1 bien\u00bb<\/b>. Yo te seguir\u00e9 amando. Yo siempre te amar\u00e9.\u00a0<\/i><\/h4>\n<div>Lo que yo opino: Lo \u00fanico en lo que estoy de acuerdo.<\/div>\n<p>A fin de cuentas, por mucho que diga este tal Evan o por mucho que diga yo, t\u00fa sabes mejor que nadie qu\u00e9 decirle a tu hijo. As\u00ed que que no te obsesionen demasiado estas 12 cosas. T\u00fa, pap\u00e1 o mam\u00e1, sabes mejor qu\u00e9 nadie c\u00f3mo criar a tu hijo. Que no te cuenten cuentos.<\/p>\n<p> Yo, como siempre, te espero en la pr\u00f3xima. Un abrazo y un saludo, Andrea.<\/p>\n<p> <b>Lecturas recomendadas relacionadas con 12 Cosas que le dir\u00e9 a mi primer hijo:<\/b><\/p>\n<ul>\n<li><a href=\"http:\/\/adolescentes.euroresidentes.com\/2014\/05\/las-9-mejores-cosas-que-una-madre-puede.html\" target=\"_blank\">Las 9 mejores cosas que una madre puede decir a su hijo\u00a0<\/a><\/li>\n<li><a href=\"http:\/\/adolescentes.euroresidentes.com\/2014\/12\/14-cosas-que-me-habria-gustado-escuchar.html\" target=\"_blank\">14 Cosas que me habr\u00eda gustado escuchar a los 15 a\u00f1os<\/a><\/li>\n<\/ul>\n","protected":false},"excerpt":{"rendered":"<p>\u00a0 Al menos el escritor, guionista y blogger Evan Porter s\u00ed: 1. Te dir\u00e9: \u00abOye, chico, no todo el mundo tiene que gustarte\u00bb. S\u00e9 sincero. No te limites a asentir con la cabeza a todos y a todo.\u00a0 Lo que yo opino: O s\u00ed. Claro que no todo el mundo tiene porqu\u00e9 caerte bien o gustarte, pero la capacidad de adaptaci\u00f3n va a ser fundamental para tu felicidad. A\u00fan me acuerdo yo de lo poco que me gustaba mi profesor de Matem\u00e1ticas, \u00bfy ya simplemente por eso voy a perder la oportunidad de enriquecerme en Matem\u00e1ticas? \u00a1\u00a1NO!! No sacrifiques tus <\/p>\n","protected":false},"author":11,"featured_media":486,"comment_status":"open","ping_status":"open","sticky":false,"template":"","format":"standard","meta":{"footnotes":""},"categories":[12],"tags":[],"class_list":["post-312","post","type-post","status-publish","format-standard","has-post-thumbnail","hentry","category-comunicacion","has_thumb"],"yoast_head":"<!-- This site is optimized with the Yoast SEO plugin v24.1 - https:\/\/yoast.com\/wordpress\/plugins\/seo\/ -->\n<title>\u00bfLe dir\u00edas estas 12 cosas a tu primer hijo? - Adolescentes<\/title>\n<meta name=\"robots\" content=\"index, follow, max-snippet:-1, max-image-preview:large, max-video-preview:-1\" \/>\n<link rel=\"canonical\" href=\"https:\/\/www.euroresidentes.com\/estilo-de-vida\/adolescentes\/12-cosas-que-le-dire-mi-primer-hijo\/\" \/>\n<meta property=\"og:locale\" content=\"es_ES\" \/>\n<meta property=\"og:type\" content=\"article\" \/>\n<meta property=\"og:title\" content=\"\u00bfLe dir\u00edas estas 12 cosas a tu primer hijo? - Adolescentes\" \/>\n<meta property=\"og:description\" content=\"\u00a0 Al menos el escritor, guionista y blogger Evan Porter s\u00ed: 1. Te dir\u00e9: \u00abOye, chico, no todo el mundo tiene que gustarte\u00bb. S\u00e9 sincero. No te limites a asentir con la cabeza a todos y a todo.\u00a0 Lo que yo opino: O s\u00ed. Claro que no todo el mundo tiene porqu\u00e9 caerte bien o gustarte, pero la capacidad de adaptaci\u00f3n va a ser fundamental para tu felicidad. A\u00fan me acuerdo yo de lo poco que me gustaba mi profesor de Matem\u00e1ticas, \u00bfy ya simplemente por eso voy a perder la oportunidad de enriquecerme en Matem\u00e1ticas? \u00a1\u00a1NO!! No sacrifiques tus\" \/>\n<meta property=\"og:url\" content=\"https:\/\/www.euroresidentes.com\/estilo-de-vida\/adolescentes\/12-cosas-que-le-dire-mi-primer-hijo\/\" \/>\n<meta property=\"og:site_name\" content=\"Adolescentes\" \/>\n<meta property=\"article:publisher\" content=\"https:\/\/www.facebook.com\/sentir.bien.euroresidentes\/\" \/>\n<meta property=\"article:author\" content=\"https:\/\/www.facebook.com\/andrea.mendezmolla?fref=ts\" \/>\n<meta property=\"article:published_time\" content=\"2015-02-13T13:25:00+00:00\" \/>\n<meta property=\"article:modified_time\" content=\"2016-06-18T06:42:13+00:00\" \/>\n<meta property=\"og:image\" content=\"https:\/\/www.euroresidentes.com\/estilo-de-vida\/adolescentes\/wp-content\/uploads\/sites\/13\/2015\/02\/12-cosas-que-le-dire-a-mi-primer-hijo.jpg\" \/>\n\t<meta property=\"og:image:width\" content=\"600\" \/>\n\t<meta property=\"og:image:height\" content=\"450\" \/>\n\t<meta property=\"og:image:type\" content=\"image\/jpeg\" \/>\n<meta name=\"author\" content=\"Andrea M\u00e9ndez\" \/>\n<meta name=\"twitter:card\" content=\"summary_large_image\" \/>\n<meta name=\"twitter:label1\" content=\"Written by\" \/>\n\t<meta name=\"twitter:data1\" content=\"Andrea M\u00e9ndez\" \/>\n\t<meta name=\"twitter:label2\" content=\"Est. reading time\" \/>\n\t<meta name=\"twitter:data2\" content=\"5 minutos\" \/>\n<script type=\"application\/ld+json\" class=\"yoast-schema-graph\">{\"@context\":\"https:\/\/schema.org\",\"@graph\":[{\"@type\":\"WebPage\",\"@id\":\"https:\/\/www.euroresidentes.com\/estilo-de-vida\/adolescentes\/12-cosas-que-le-dire-mi-primer-hijo\/\",\"url\":\"https:\/\/www.euroresidentes.com\/estilo-de-vida\/adolescentes\/12-cosas-que-le-dire-mi-primer-hijo\/\",\"name\":\"\u00bfLe dir\u00edas estas 12 cosas a tu primer hijo? - Adolescentes\",\"isPartOf\":{\"@id\":\"https:\/\/www.euroresidentes.com\/estilo-de-vida\/adolescentes\/#website\"},\"primaryImageOfPage\":{\"@id\":\"https:\/\/www.euroresidentes.com\/estilo-de-vida\/adolescentes\/12-cosas-que-le-dire-mi-primer-hijo\/#primaryimage\"},\"image\":{\"@id\":\"https:\/\/www.euroresidentes.com\/estilo-de-vida\/adolescentes\/12-cosas-que-le-dire-mi-primer-hijo\/#primaryimage\"},\"thumbnailUrl\":\"https:\/\/www.euroresidentes.com\/estilo-de-vida\/adolescentes\/wp-content\/uploads\/sites\/13\/2015\/02\/12-cosas-que-le-dire-a-mi-primer-hijo.jpg\",\"datePublished\":\"2015-02-13T13:25:00+00:00\",\"dateModified\":\"2016-06-18T06:42:13+00:00\",\"author\":{\"@id\":\"https:\/\/www.euroresidentes.com\/estilo-de-vida\/adolescentes\/#\/schema\/person\/76d37e061b7949bad6c3f7fa5366bfcb\"},\"breadcrumb\":{\"@id\":\"https:\/\/www.euroresidentes.com\/estilo-de-vida\/adolescentes\/12-cosas-que-le-dire-mi-primer-hijo\/#breadcrumb\"},\"inLanguage\":\"es\",\"potentialAction\":[{\"@type\":\"ReadAction\",\"target\":[\"https:\/\/www.euroresidentes.com\/estilo-de-vida\/adolescentes\/12-cosas-que-le-dire-mi-primer-hijo\/\"]}]},{\"@type\":\"ImageObject\",\"inLanguage\":\"es\",\"@id\":\"https:\/\/www.euroresidentes.com\/estilo-de-vida\/adolescentes\/12-cosas-que-le-dire-mi-primer-hijo\/#primaryimage\",\"url\":\"https:\/\/www.euroresidentes.com\/estilo-de-vida\/adolescentes\/wp-content\/uploads\/sites\/13\/2015\/02\/12-cosas-que-le-dire-a-mi-primer-hijo.jpg\",\"contentUrl\":\"https:\/\/www.euroresidentes.com\/estilo-de-vida\/adolescentes\/wp-content\/uploads\/sites\/13\/2015\/02\/12-cosas-que-le-dire-a-mi-primer-hijo.jpg\",\"width\":600,\"height\":450},{\"@type\":\"BreadcrumbList\",\"@id\":\"https:\/\/www.euroresidentes.com\/estilo-de-vida\/adolescentes\/12-cosas-que-le-dire-mi-primer-hijo\/#breadcrumb\",\"itemListElement\":[{\"@type\":\"ListItem\",\"position\":1,\"name\":\"Portada\",\"item\":\"https:\/\/www.euroresidentes.com\/estilo-de-vida\/adolescentes\/\"},{\"@type\":\"ListItem\",\"position\":2,\"name\":\"\u00bfLe dir\u00edas estas 12 cosas a tu primer hijo?\"}]},{\"@type\":\"WebSite\",\"@id\":\"https:\/\/www.euroresidentes.com\/estilo-de-vida\/adolescentes\/#website\",\"url\":\"https:\/\/www.euroresidentes.com\/estilo-de-vida\/adolescentes\/\",\"name\":\"Adolescentes\",\"description\":\"Blog sobre la etapa de la adolescencia\",\"potentialAction\":[{\"@type\":\"SearchAction\",\"target\":{\"@type\":\"EntryPoint\",\"urlTemplate\":\"https:\/\/www.euroresidentes.com\/estilo-de-vida\/adolescentes\/?s={search_term_string}\"},\"query-input\":{\"@type\":\"PropertyValueSpecification\",\"valueRequired\":true,\"valueName\":\"search_term_string\"}}],\"inLanguage\":\"es\"},{\"@type\":\"Person\",\"@id\":\"https:\/\/www.euroresidentes.com\/estilo-de-vida\/adolescentes\/#\/schema\/person\/76d37e061b7949bad6c3f7fa5366bfcb\",\"name\":\"Andrea M\u00e9ndez\",\"image\":{\"@type\":\"ImageObject\",\"inLanguage\":\"es\",\"@id\":\"https:\/\/www.euroresidentes.com\/estilo-de-vida\/adolescentes\/#\/schema\/person\/image\/\",\"url\":\"https:\/\/www.euroresidentes.com\/estilo-de-vida\/adolescentes\/wp-content\/uploads\/sites\/13\/2016\/02\/foto_autora_andrea.m-150x150.jpg\",\"contentUrl\":\"https:\/\/www.euroresidentes.com\/estilo-de-vida\/adolescentes\/wp-content\/uploads\/sites\/13\/2016\/02\/foto_autora_andrea.m-150x150.jpg\",\"caption\":\"Andrea M\u00e9ndez\"},\"description\":\"Andrea M\u00e9ndezPsic\u00f3loga y autora de blogs orientados a la motivaci\u00f3n, el liderazgo y la superaci\u00f3n personal.\",\"sameAs\":[\"https:\/\/www.euroresidentes.com\/estilo-de-vida\/andrea-mendez.html\",\"https:\/\/www.facebook.com\/andrea.mendezmolla?fref=ts\"],\"url\":\"https:\/\/www.euroresidentes.com\/estilo-de-vida\/adolescentes\/author\/andreamendez\/\"}]}<\/script>\n<!-- \/ Yoast SEO plugin. -->","yoast_head_json":{"title":"\u00bfLe dir\u00edas estas 12 cosas a tu primer hijo? - Adolescentes","robots":{"index":"index","follow":"follow","max-snippet":"max-snippet:-1","max-image-preview":"max-image-preview:large","max-video-preview":"max-video-preview:-1"},"canonical":"https:\/\/www.euroresidentes.com\/estilo-de-vida\/adolescentes\/12-cosas-que-le-dire-mi-primer-hijo\/","og_locale":"es_ES","og_type":"article","og_title":"\u00bfLe dir\u00edas estas 12 cosas a tu primer hijo? - Adolescentes","og_description":"\u00a0 Al menos el escritor, guionista y blogger Evan Porter s\u00ed: 1. Te dir\u00e9: \u00abOye, chico, no todo el mundo tiene que gustarte\u00bb. S\u00e9 sincero. No te limites a asentir con la cabeza a todos y a todo.\u00a0 Lo que yo opino: O s\u00ed. Claro que no todo el mundo tiene porqu\u00e9 caerte bien o gustarte, pero la capacidad de adaptaci\u00f3n va a ser fundamental para tu felicidad. A\u00fan me acuerdo yo de lo poco que me gustaba mi profesor de Matem\u00e1ticas, \u00bfy ya simplemente por eso voy a perder la oportunidad de enriquecerme en Matem\u00e1ticas? \u00a1\u00a1NO!! No sacrifiques tus","og_url":"https:\/\/www.euroresidentes.com\/estilo-de-vida\/adolescentes\/12-cosas-que-le-dire-mi-primer-hijo\/","og_site_name":"Adolescentes","article_publisher":"https:\/\/www.facebook.com\/sentir.bien.euroresidentes\/","article_author":"https:\/\/www.facebook.com\/andrea.mendezmolla?fref=ts","article_published_time":"2015-02-13T13:25:00+00:00","article_modified_time":"2016-06-18T06:42:13+00:00","og_image":[{"width":600,"height":450,"url":"https:\/\/www.euroresidentes.com\/estilo-de-vida\/adolescentes\/wp-content\/uploads\/sites\/13\/2015\/02\/12-cosas-que-le-dire-a-mi-primer-hijo.jpg","type":"image\/jpeg"}],"author":"Andrea M\u00e9ndez","twitter_card":"summary_large_image","twitter_misc":{"Written by":"Andrea M\u00e9ndez","Est. reading time":"5 minutos"},"schema":{"@context":"https:\/\/schema.org","@graph":[{"@type":"WebPage","@id":"https:\/\/www.euroresidentes.com\/estilo-de-vida\/adolescentes\/12-cosas-que-le-dire-mi-primer-hijo\/","url":"https:\/\/www.euroresidentes.com\/estilo-de-vida\/adolescentes\/12-cosas-que-le-dire-mi-primer-hijo\/","name":"\u00bfLe dir\u00edas estas 12 cosas a tu primer hijo? - Adolescentes","isPartOf":{"@id":"https:\/\/www.euroresidentes.com\/estilo-de-vida\/adolescentes\/#website"},"primaryImageOfPage":{"@id":"https:\/\/www.euroresidentes.com\/estilo-de-vida\/adolescentes\/12-cosas-que-le-dire-mi-primer-hijo\/#primaryimage"},"image":{"@id":"https:\/\/www.euroresidentes.com\/estilo-de-vida\/adolescentes\/12-cosas-que-le-dire-mi-primer-hijo\/#primaryimage"},"thumbnailUrl":"https:\/\/www.euroresidentes.com\/estilo-de-vida\/adolescentes\/wp-content\/uploads\/sites\/13\/2015\/02\/12-cosas-que-le-dire-a-mi-primer-hijo.jpg","datePublished":"2015-02-13T13:25:00+00:00","dateModified":"2016-06-18T06:42:13+00:00","author":{"@id":"https:\/\/www.euroresidentes.com\/estilo-de-vida\/adolescentes\/#\/schema\/person\/76d37e061b7949bad6c3f7fa5366bfcb"},"breadcrumb":{"@id":"https:\/\/www.euroresidentes.com\/estilo-de-vida\/adolescentes\/12-cosas-que-le-dire-mi-primer-hijo\/#breadcrumb"},"inLanguage":"es","potentialAction":[{"@type":"ReadAction","target":["https:\/\/www.euroresidentes.com\/estilo-de-vida\/adolescentes\/12-cosas-que-le-dire-mi-primer-hijo\/"]}]},{"@type":"ImageObject","inLanguage":"es","@id":"https:\/\/www.euroresidentes.com\/estilo-de-vida\/adolescentes\/12-cosas-que-le-dire-mi-primer-hijo\/#primaryimage","url":"https:\/\/www.euroresidentes.com\/estilo-de-vida\/adolescentes\/wp-content\/uploads\/sites\/13\/2015\/02\/12-cosas-que-le-dire-a-mi-primer-hijo.jpg","contentUrl":"https:\/\/www.euroresidentes.com\/estilo-de-vida\/adolescentes\/wp-content\/uploads\/sites\/13\/2015\/02\/12-cosas-que-le-dire-a-mi-primer-hijo.jpg","width":600,"height":450},{"@type":"BreadcrumbList","@id":"https:\/\/www.euroresidentes.com\/estilo-de-vida\/adolescentes\/12-cosas-que-le-dire-mi-primer-hijo\/#breadcrumb","itemListElement":[{"@type":"ListItem","position":1,"name":"Portada","item":"https:\/\/www.euroresidentes.com\/estilo-de-vida\/adolescentes\/"},{"@type":"ListItem","position":2,"name":"\u00bfLe dir\u00edas estas 12 cosas a tu primer hijo?"}]},{"@type":"WebSite","@id":"https:\/\/www.euroresidentes.com\/estilo-de-vida\/adolescentes\/#website","url":"https:\/\/www.euroresidentes.com\/estilo-de-vida\/adolescentes\/","name":"Adolescentes","description":"Blog sobre la etapa de la adolescencia","potentialAction":[{"@type":"SearchAction","target":{"@type":"EntryPoint","urlTemplate":"https:\/\/www.euroresidentes.com\/estilo-de-vida\/adolescentes\/?s={search_term_string}"},"query-input":{"@type":"PropertyValueSpecification","valueRequired":true,"valueName":"search_term_string"}}],"inLanguage":"es"},{"@type":"Person","@id":"https:\/\/www.euroresidentes.com\/estilo-de-vida\/adolescentes\/#\/schema\/person\/76d37e061b7949bad6c3f7fa5366bfcb","name":"Andrea M\u00e9ndez","image":{"@type":"ImageObject","inLanguage":"es","@id":"https:\/\/www.euroresidentes.com\/estilo-de-vida\/adolescentes\/#\/schema\/person\/image\/","url":"https:\/\/www.euroresidentes.com\/estilo-de-vida\/adolescentes\/wp-content\/uploads\/sites\/13\/2016\/02\/foto_autora_andrea.m-150x150.jpg","contentUrl":"https:\/\/www.euroresidentes.com\/estilo-de-vida\/adolescentes\/wp-content\/uploads\/sites\/13\/2016\/02\/foto_autora_andrea.m-150x150.jpg","caption":"Andrea M\u00e9ndez"},"description":"Andrea M\u00e9ndezPsic\u00f3loga y autora de blogs orientados a la motivaci\u00f3n, el liderazgo y la superaci\u00f3n personal.","sameAs":["https:\/\/www.euroresidentes.com\/estilo-de-vida\/andrea-mendez.html","https:\/\/www.facebook.com\/andrea.mendezmolla?fref=ts"],"url":"https:\/\/www.euroresidentes.com\/estilo-de-vida\/adolescentes\/author\/andreamendez\/"}]}},"_links":{"self":[{"href":"https:\/\/www.euroresidentes.com\/estilo-de-vida\/adolescentes\/wp-json\/wp\/v2\/posts\/312","targetHints":{"allow":["GET"]}}],"collection":[{"href":"https:\/\/www.euroresidentes.com\/estilo-de-vida\/adolescentes\/wp-json\/wp\/v2\/posts"}],"about":[{"href":"https:\/\/www.euroresidentes.com\/estilo-de-vida\/adolescentes\/wp-json\/wp\/v2\/types\/post"}],"author":[{"embeddable":true,"href":"https:\/\/www.euroresidentes.com\/estilo-de-vida\/adolescentes\/wp-json\/wp\/v2\/users\/11"}],"replies":[{"embeddable":true,"href":"https:\/\/www.euroresidentes.com\/estilo-de-vida\/adolescentes\/wp-json\/wp\/v2\/comments?post=312"}],"version-history":[{"count":5,"href":"https:\/\/www.euroresidentes.com\/estilo-de-vida\/adolescentes\/wp-json\/wp\/v2\/posts\/312\/revisions"}],"predecessor-version":[{"id":4890,"href":"https:\/\/www.euroresidentes.com\/estilo-de-vida\/adolescentes\/wp-json\/wp\/v2\/posts\/312\/revisions\/4890"}],"wp:featuredmedia":[{"embeddable":true,"href":"https:\/\/www.euroresidentes.com\/estilo-de-vida\/adolescentes\/wp-json\/wp\/v2\/media\/486"}],"wp:attachment":[{"href":"https:\/\/www.euroresidentes.com\/estilo-de-vida\/adolescentes\/wp-json\/wp\/v2\/media?parent=312"}],"wp:term":[{"taxonomy":"category","embeddable":true,"href":"https:\/\/www.euroresidentes.com\/estilo-de-vida\/adolescentes\/wp-json\/wp\/v2\/categories?post=312"},{"taxonomy":"post_tag","embeddable":true,"href":"https:\/\/www.euroresidentes.com\/estilo-de-vida\/adolescentes\/wp-json\/wp\/v2\/tags?post=312"}],"curies":[{"name":"wp","href":"https:\/\/api.w.org\/{rel}","templated":true}]}}