{"id":295,"date":"2016-08-11T14:35:00","date_gmt":"2016-08-11T12:35:00","guid":{"rendered":"http:\/\/www.euroresidentes.com\/estilo-de-vida\/adolescentes\/ten-esta-conversacion-antes-de-enviar"},"modified":"2016-08-17T12:52:50","modified_gmt":"2016-08-17T10:52:50","slug":"ten-esta-conversacion-antes-de-enviar","status":"publish","type":"post","link":"https:\/\/www.euroresidentes.com\/estilo-de-vida\/adolescentes\/ten-esta-conversacion-antes-de-enviar\/","title":{"rendered":"Ten esta conversaci\u00f3n antes de enviar a tu hijo a la vuelta al cole"},"content":{"rendered":"<p>Qu\u00e9 dura es a veces la vuelta al cole.\u00a0Nuevo curso, nuevos compa\u00f1eros y profesores, m\u00e1s actividades y asignaturas m\u00e1s complejas.<\/p>\n<p>Esta conversaci\u00f3n de madre\/padre a hij@ te\u00a0ayudar\u00e1 a transmitir idea y consejos que a otros nos habr\u00eda gustado escuchar siendo ni\u00f1os.<\/p>\n<p><a href=\"http:\/\/www.euroresidentes.com\/estilo-de-vida\/adolescentes\/wp-content\/uploads\/sites\/13\/2015\/09\/vuelta-al-cole-conversacion11.jpg\"><img loading=\"lazy\" decoding=\"async\" class=\"aligncenter\" title=\"Ten esta conversaci\u00f3n antes de enviar a tu hijo a la vuelta al cole\" src=\"http:\/\/www.euroresidentes.com\/estilo-de-vida\/adolescentes\/wp-content\/uploads\/sites\/13\/2015\/09\/vuelta-al-cole-conversacion11.jpg\" alt=\"Vuelta al cole conversaci\u00f3n con tus hijos\" width=\"700\" height=\"525\" border=\"0\" \/><\/a><\/p>\n<div>\n<p><em>Ey cari\u00f1o.\u00a0<\/em><\/p>\n<p><em>Ma\u00f1ana es un gran d\u00eda. Tercer curso -wow!-.\u00a0<\/em><\/p>\n<p><em>Dani, cuando yo iba a tercero hab\u00eda un ni\u00f1o en mi clase llamado Pablo.\u00a0<\/em><\/p>\n<\/div>\n<div><em>Pablo parec\u00eda un poco diferente, llevaba ropa un poco rara y hasta a veces ol\u00eda un poco mal. Pablo no sonre\u00eda. Bajaba su cabeza y nunca miraba a nadie. Pablo nunca hac\u00eda sus deberes. No creo que sus padres le ayudaran sobre c\u00f3mo hacerlos.<strong> Los otros ni\u00f1os se burlaban mucho de Pablo. Cada vez que lo hac\u00edan, su cabeza se agachaba m\u00e1s y m\u00e1s.<\/strong> Nunca me burl\u00e9 de \u00e9l, pero tampoco hice nada para que los otros ni\u00f1os pararan de hacerlo.\u00a0<\/em><\/div>\n<p><em>Nunca habl\u00e9 con Pablo, ni una sola vez. Nunca le invit\u00e9 a sentarse a mi lado en el almuerzo o a jugar conmigo en el recreo. En su lugar, \u00e9l se sentaba y jugaba con sus cosas. <strong>Debi\u00f3 de sentirse muy solo.<\/strong>\u00a0<\/em><\/p>\n<p><em>Todav\u00eda pienso en Pablo todos los d\u00edas. Me pregunto si \u00e9l se acordar\u00e1 de m\u00ed. Probablemente no. Apuesto a que si le hubiera pedido jugar, aunque s\u00f3lo fuera una vez, hoy me recordar\u00eda.\u00a0<\/em><\/p>\n<p><em>Creo que la vida pone a personas en nuestro camino como regalos. <strong>Los ni\u00f1os y ni\u00f1as de tu clase de este a\u00f1o son regalos que la vida te ha concedido.\u00a0<\/strong><\/em><em>As\u00ed que por favor tr\u00e1talos como regalos. A todos y cada uno.\u00a0<\/em><\/p>\n<p><em>Cari\u00f1o, si ves a un ni\u00f1o que se queda fuera, le hacen da\u00f1o\u00a0o se burlan de \u00e9l, una peque\u00f1a parte de tu coraz\u00f3n te doler\u00e1 un poco. Tu padre y yo queremos que conf\u00edes en ese dolor.<strong> Queremos que toda tu vida seas consciente y conf\u00edes en ese dolor de coraz\u00f3n. Ese dolor en el coraz\u00f3n se llama compasi\u00f3n y es una se\u00f1al para que act\u00faes.<\/strong> La vida te est\u00e1 diciendo \u00ab\u00a1Dani! Despierta, haz algo para ayudar\u00bb. <\/em><\/p>\n<p><em>No te asustes cada vez que sientas compasi\u00f3n, sino todo lo contrario. Es una se\u00f1al de que la vida conf\u00eda en ti para que hagas de este mundo, tu mundo, un lugar mejor.\u00a0<\/em><\/p>\n<p><em><strong>La compasi\u00f3n podr\u00eda llevarte a decirle a un acosador que pare y luego pedir al ni\u00f1o objeto de burlas jugar al f\u00fatbol<\/strong>. Puedes invitar al ni\u00f1o que se sienta a tu lado en clase\u00a0sentarse contigo en el almuerzo. Puedes elegir el primero para tu equipo a un ni\u00f1o que suele ser al que escogen el \u00faltimo.<\/em><\/p>\n<p><a href=\"http:\/\/www.euroresidentes.com\/estilo-de-vida\/adolescentes\/wp-content\/uploads\/sites\/13\/2015\/09\/vuelta-al-cole.jpg\"><img loading=\"lazy\" decoding=\"async\" class=\"aligncenter size-full wp-image-4928\" src=\"http:\/\/www.euroresidentes.com\/estilo-de-vida\/adolescentes\/wp-content\/uploads\/sites\/13\/2015\/09\/vuelta-al-cole.jpg\" alt=\"vuelta al cole\" width=\"700\" height=\"525\" srcset=\"https:\/\/www.euroresidentes.com\/estilo-de-vida\/adolescentes\/wp-content\/uploads\/sites\/13\/2015\/09\/vuelta-al-cole.jpg 700w, https:\/\/www.euroresidentes.com\/estilo-de-vida\/adolescentes\/wp-content\/uploads\/sites\/13\/2015\/09\/vuelta-al-cole-300x225.jpg 300w\" sizes=\"auto, (max-width: 700px) 100vw, 700px\" \/><\/a><\/p>\n<h4><em>Estas cosas pueden ser dif\u00edciles de hacer, pero puedes hacer cosas dif\u00edciles.\u00a0<\/em><\/h4>\n<p><em>A veces sentir\u00e1s compasi\u00f3n pero no podr\u00e1s intervenir de inmediato. Y eso est\u00e1 bien tambi\u00e9n. Puedes optar por dec\u00edrselo a tu profesor y luego a nosotros. <strong>Estamos en tu equipo -estamos en el equipo de toda la clase<\/strong>. Pedir ayuda para alguien que est\u00e1 siendo da\u00f1ado no es chivarse, es hacer lo correcto. Si alguien de tu clase necesita ayuda, por favor, d\u00edmelo. Haremos un plan para ayudarlo juntos.<\/em><a href=\"http:\/\/www.euroresidentes.com\/estilo-de-vida\/adolescentes\/wp-content\/uploads\/sites\/13\/2015\/09\/vuelta-al-cole.jpg\"><br \/> <\/a><br \/> <em>No ignores ese dolor en el coraz\u00f3n. Ojal\u00e1 yo no lo hubiera ignorado cuando lo de Pablo. <strong>Lo recuerdo perfectamente, recuerdo sentir compasi\u00f3n, pero eleg\u00ed el miedo y no la compasi\u00f3n<\/strong>. Ojal\u00e1 no lo hubiera hecho. Pablo podr\u00eda haber tenido un amigo con el que jugar, y yo tambi\u00e9n.<\/em><\/p>\n<div><em>Dani, al pap\u00e1 y a m\u00ed no nos importa si no eres el m\u00e1s listo, el m\u00e1s r\u00e1pido o el m\u00e1s divertido. Habr\u00e1 un mont\u00f3n de concursos en el colegio, y no nos importa sino ganas ni uno de ellos, o si los ganas todos.<strong> No nos importa si consigues sobresalientes. No nos importa si las chicas piensan que eres el m\u00e1s guapo o el m\u00e1s bueno en f\u00fatbol<\/strong>. No nos importa si eres el favorito o no de tu profesor. No importa si tienes la mejor ropa o las mejores tarjetas de Pokemon. Simplemente eso no nos importa.\u00a0<\/em><\/div>\n<p><!-- inserta publi --><\/p>\n<p><em>No te mandamos al colegio para convertirte en el mejor en nada. Ya te amamos tanto como \u00a0es posible. As\u00ed que no tienes que ganar nuestro amor u orgullo, y son cosas que nunca podremos perder. Eso es as\u00ed.\u00a0<\/em><\/p>\n<h4><em>Te enviamos a la escuela para practicar el ser valiente y amable.\u00a0<\/em><\/h4>\n<div><em>La gente amable es gente valiente. La valent\u00eda no es un sentimiento al que debas esperar. Es una decisi\u00f3n. Es decidir que la compasi\u00f3n es m\u00e1s importante que el miedo, que encajar, que seguir a la multitud.\u00a0<\/em><\/div>\n<div> <em> Conf\u00eda en m\u00ed cari\u00f1o, lo es. Es m\u00e1s importante.\u00a0<strong>No trates de ser el mejor este a\u00f1o.\u00a0S\u00e9 agradecido y valiente. Eso es todo lo que necesitas ser.\u00a0<\/p>\n<p> <\/strong><\/em><\/div>\n<div><a href=\"http:\/\/www.euroresidentes.com\/estilo-de-vida\/adolescentes\/wp-content\/uploads\/sites\/13\/2015\/09\/abrazo-madre-hijo11.jpg\"><img loading=\"lazy\" decoding=\"async\" class=\"aligncenter\" src=\"http:\/\/www.euroresidentes.com\/estilo-de-vida\/adolescentes\/wp-content\/uploads\/sites\/13\/2015\/09\/abrazo-madre-hijo11.jpg\" alt=\"vuelta al cole\" width=\"700\" height=\"525\" border=\"0\" \/><\/a><\/div>\n<div><em>Cuida a tus compa\u00f1eros de clase, y de tu profesor tambi\u00e9n. Perteneces a cada uno de ellos. Eres un chico con suerte con todos estos nuevos regalos para desenvolver este a\u00f1o.\u00a0<\/em><\/div>\n<div><em>Te amo tanto que mi coraz\u00f3n podr\u00eda explotar.\u00a0Disfruta y aprecia tus regalos.\u00a0Y gracias por ser mi regalo favorito de todos los tiempos.\u00a0<\/em><\/div>\n<div> <em> Te quiere, mam\u00e1.\u00a0<\/em><\/div>\n<div><em>Sustituye el nombre de Dani por el de tu hij@ y leed esta carta juntos la noche antes de que las clases empiecen. Mucha gente me ha preguntado si pueden cambiar la palabra \u00abvida\u00bb por el nombre de su familia o Dios. Claro que s\u00ed. Esta carta es de todos nosotros. Es un honor si la utilizas para hacer un bien a tu familia.\u00a0<\/em><\/p>\n<p> Yo como siempre te espero en la pr\u00f3xima. Un gran saludo y un abrazo, Andrea.\u00a0<\/p><\/div>\n<div class=\"separator\" style=\"clear: both; text-align: left;\"><b>Seguir leyendo:<\/b>\u00a0<\/div>\n<ul>\n<li><a href=\"http:\/\/adolescentes.euroresidentes.com\/2015\/05\/por-que-la-personalidad-es-mas.html\" target=\"_blank\">Por qu\u00e9 la personalidad es m\u00e1s importante para el \u00e9xito que la inteligencia\u00a0<\/a><\/li>\n<li><a href=\"http:\/\/adolescentes.euroresidentes.com\/2015\/06\/estres-en-los-jovenes-lo-que-los-padres.html\" target=\"_blank\">Estr\u00e9s en los j\u00f3venes: Lo que los padres necesitan saber\u00a0<\/a><\/li>\n<li><a href=\"http:\/\/sentir-bien.euroresidentes.com\/2013\/07\/como-prevenir-el-bullying.html\" target=\"_blank\">C\u00f3mo prevenir el bullying<\/a><\/li>\n<\/ul>\n","protected":false},"excerpt":{"rendered":"<p>Qu\u00e9 dura es a veces la vuelta al cole.\u00a0Nuevo curso, nuevos compa\u00f1eros y profesores, m\u00e1s actividades y asignaturas m\u00e1s complejas. Esta conversaci\u00f3n de madre\/padre a hij@ te\u00a0ayudar\u00e1 a transmitir idea y consejos que a otros nos habr\u00eda gustado escuchar siendo ni\u00f1os. Ey cari\u00f1o.\u00a0 Ma\u00f1ana es un gran d\u00eda. Tercer curso -wow!-.\u00a0 Dani, cuando yo iba a tercero hab\u00eda un ni\u00f1o en mi clase llamado Pablo.\u00a0 Pablo parec\u00eda un poco diferente, llevaba ropa un poco rara y hasta a veces ol\u00eda un poco mal. Pablo no sonre\u00eda. Bajaba su cabeza y nunca miraba a nadie. Pablo nunca hac\u00eda sus deberes. No <\/p>\n","protected":false},"author":11,"featured_media":4928,"comment_status":"open","ping_status":"open","sticky":false,"template":"","format":"standard","meta":{"footnotes":""},"categories":[12,10],"tags":[],"class_list":["post-295","post","type-post","status-publish","format-standard","has-post-thumbnail","hentry","category-comunicacion","category-estudios","has_thumb"],"yoast_head":"<!-- This site is optimized with the Yoast SEO plugin v24.1 - https:\/\/yoast.com\/wordpress\/plugins\/seo\/ -->\n<title>Ten esta charla antes de enviar a tu hijo a la vuelta al cole<\/title>\n<meta name=\"description\" content=\"Qu\u00e9 dura es la vuelta al cole. Esta conversaci\u00f3n te ayudar\u00e1 a transmitir a tu hijo las ideas y consejos que a todos nos habr\u00eda gustado escuchar siendo ni\u00f1os\" \/>\n<meta name=\"robots\" content=\"index, follow, max-snippet:-1, max-image-preview:large, max-video-preview:-1\" \/>\n<link rel=\"canonical\" href=\"https:\/\/www.euroresidentes.com\/estilo-de-vida\/adolescentes\/ten-esta-conversacion-antes-de-enviar\/\" \/>\n<meta property=\"og:locale\" content=\"es_ES\" \/>\n<meta property=\"og:type\" content=\"article\" \/>\n<meta property=\"og:title\" content=\"Ten esta charla antes de enviar a tu hijo a la vuelta al cole\" \/>\n<meta property=\"og:description\" content=\"Qu\u00e9 dura es la vuelta al cole. Esta conversaci\u00f3n te ayudar\u00e1 a transmitir a tu hijo las ideas y consejos que a todos nos habr\u00eda gustado escuchar siendo ni\u00f1os\" \/>\n<meta property=\"og:url\" content=\"https:\/\/www.euroresidentes.com\/estilo-de-vida\/adolescentes\/ten-esta-conversacion-antes-de-enviar\/\" \/>\n<meta property=\"og:site_name\" content=\"Adolescentes\" \/>\n<meta property=\"article:publisher\" content=\"https:\/\/www.facebook.com\/sentir.bien.euroresidentes\/\" \/>\n<meta property=\"article:author\" content=\"https:\/\/www.facebook.com\/andrea.mendezmolla?fref=ts\" \/>\n<meta property=\"article:published_time\" content=\"2016-08-11T12:35:00+00:00\" \/>\n<meta property=\"article:modified_time\" content=\"2016-08-17T10:52:50+00:00\" \/>\n<meta property=\"og:image\" content=\"https:\/\/www.euroresidentes.com\/estilo-de-vida\/adolescentes\/wp-content\/uploads\/sites\/13\/2015\/09\/vuelta-al-cole.jpg\" \/>\n\t<meta property=\"og:image:width\" content=\"700\" \/>\n\t<meta property=\"og:image:height\" content=\"525\" \/>\n\t<meta property=\"og:image:type\" content=\"image\/jpeg\" \/>\n<meta name=\"author\" content=\"Andrea M\u00e9ndez\" \/>\n<meta name=\"twitter:card\" content=\"summary_large_image\" \/>\n<meta name=\"twitter:label1\" content=\"Written by\" \/>\n\t<meta name=\"twitter:data1\" content=\"Andrea M\u00e9ndez\" \/>\n\t<meta name=\"twitter:label2\" content=\"Est. reading time\" \/>\n\t<meta name=\"twitter:data2\" content=\"5 minutos\" \/>\n<script type=\"application\/ld+json\" class=\"yoast-schema-graph\">{\"@context\":\"https:\/\/schema.org\",\"@graph\":[{\"@type\":\"WebPage\",\"@id\":\"https:\/\/www.euroresidentes.com\/estilo-de-vida\/adolescentes\/ten-esta-conversacion-antes-de-enviar\/\",\"url\":\"https:\/\/www.euroresidentes.com\/estilo-de-vida\/adolescentes\/ten-esta-conversacion-antes-de-enviar\/\",\"name\":\"Ten esta charla antes de enviar a tu hijo a la vuelta al cole\",\"isPartOf\":{\"@id\":\"https:\/\/www.euroresidentes.com\/estilo-de-vida\/adolescentes\/#website\"},\"primaryImageOfPage\":{\"@id\":\"https:\/\/www.euroresidentes.com\/estilo-de-vida\/adolescentes\/ten-esta-conversacion-antes-de-enviar\/#primaryimage\"},\"image\":{\"@id\":\"https:\/\/www.euroresidentes.com\/estilo-de-vida\/adolescentes\/ten-esta-conversacion-antes-de-enviar\/#primaryimage\"},\"thumbnailUrl\":\"https:\/\/www.euroresidentes.com\/estilo-de-vida\/adolescentes\/wp-content\/uploads\/sites\/13\/2015\/09\/vuelta-al-cole.jpg\",\"datePublished\":\"2016-08-11T12:35:00+00:00\",\"dateModified\":\"2016-08-17T10:52:50+00:00\",\"author\":{\"@id\":\"https:\/\/www.euroresidentes.com\/estilo-de-vida\/adolescentes\/#\/schema\/person\/76d37e061b7949bad6c3f7fa5366bfcb\"},\"description\":\"Qu\u00e9 dura es la vuelta al cole. Esta conversaci\u00f3n te ayudar\u00e1 a transmitir a tu hijo las ideas y consejos que a todos nos habr\u00eda gustado escuchar siendo ni\u00f1os\",\"breadcrumb\":{\"@id\":\"https:\/\/www.euroresidentes.com\/estilo-de-vida\/adolescentes\/ten-esta-conversacion-antes-de-enviar\/#breadcrumb\"},\"inLanguage\":\"es\",\"potentialAction\":[{\"@type\":\"ReadAction\",\"target\":[\"https:\/\/www.euroresidentes.com\/estilo-de-vida\/adolescentes\/ten-esta-conversacion-antes-de-enviar\/\"]}]},{\"@type\":\"ImageObject\",\"inLanguage\":\"es\",\"@id\":\"https:\/\/www.euroresidentes.com\/estilo-de-vida\/adolescentes\/ten-esta-conversacion-antes-de-enviar\/#primaryimage\",\"url\":\"https:\/\/www.euroresidentes.com\/estilo-de-vida\/adolescentes\/wp-content\/uploads\/sites\/13\/2015\/09\/vuelta-al-cole.jpg\",\"contentUrl\":\"https:\/\/www.euroresidentes.com\/estilo-de-vida\/adolescentes\/wp-content\/uploads\/sites\/13\/2015\/09\/vuelta-al-cole.jpg\",\"width\":700,\"height\":525,\"caption\":\"vuelta al cole\"},{\"@type\":\"BreadcrumbList\",\"@id\":\"https:\/\/www.euroresidentes.com\/estilo-de-vida\/adolescentes\/ten-esta-conversacion-antes-de-enviar\/#breadcrumb\",\"itemListElement\":[{\"@type\":\"ListItem\",\"position\":1,\"name\":\"Portada\",\"item\":\"https:\/\/www.euroresidentes.com\/estilo-de-vida\/adolescentes\/\"},{\"@type\":\"ListItem\",\"position\":2,\"name\":\"Ten esta conversaci\u00f3n antes de enviar a tu hijo a la vuelta al cole\"}]},{\"@type\":\"WebSite\",\"@id\":\"https:\/\/www.euroresidentes.com\/estilo-de-vida\/adolescentes\/#website\",\"url\":\"https:\/\/www.euroresidentes.com\/estilo-de-vida\/adolescentes\/\",\"name\":\"Adolescentes\",\"description\":\"Blog sobre la etapa de la adolescencia\",\"potentialAction\":[{\"@type\":\"SearchAction\",\"target\":{\"@type\":\"EntryPoint\",\"urlTemplate\":\"https:\/\/www.euroresidentes.com\/estilo-de-vida\/adolescentes\/?s={search_term_string}\"},\"query-input\":{\"@type\":\"PropertyValueSpecification\",\"valueRequired\":true,\"valueName\":\"search_term_string\"}}],\"inLanguage\":\"es\"},{\"@type\":\"Person\",\"@id\":\"https:\/\/www.euroresidentes.com\/estilo-de-vida\/adolescentes\/#\/schema\/person\/76d37e061b7949bad6c3f7fa5366bfcb\",\"name\":\"Andrea M\u00e9ndez\",\"image\":{\"@type\":\"ImageObject\",\"inLanguage\":\"es\",\"@id\":\"https:\/\/www.euroresidentes.com\/estilo-de-vida\/adolescentes\/#\/schema\/person\/image\/\",\"url\":\"https:\/\/www.euroresidentes.com\/estilo-de-vida\/adolescentes\/wp-content\/uploads\/sites\/13\/2016\/02\/foto_autora_andrea.m-150x150.jpg\",\"contentUrl\":\"https:\/\/www.euroresidentes.com\/estilo-de-vida\/adolescentes\/wp-content\/uploads\/sites\/13\/2016\/02\/foto_autora_andrea.m-150x150.jpg\",\"caption\":\"Andrea M\u00e9ndez\"},\"description\":\"Andrea M\u00e9ndezPsic\u00f3loga y autora de blogs orientados a la motivaci\u00f3n, el liderazgo y la superaci\u00f3n personal.\",\"sameAs\":[\"https:\/\/www.euroresidentes.com\/estilo-de-vida\/andrea-mendez.html\",\"https:\/\/www.facebook.com\/andrea.mendezmolla?fref=ts\"],\"url\":\"https:\/\/www.euroresidentes.com\/estilo-de-vida\/adolescentes\/author\/andreamendez\/\"}]}<\/script>\n<!-- \/ Yoast SEO plugin. -->","yoast_head_json":{"title":"Ten esta charla antes de enviar a tu hijo a la vuelta al cole","description":"Qu\u00e9 dura es la vuelta al cole. Esta conversaci\u00f3n te ayudar\u00e1 a transmitir a tu hijo las ideas y consejos que a todos nos habr\u00eda gustado escuchar siendo ni\u00f1os","robots":{"index":"index","follow":"follow","max-snippet":"max-snippet:-1","max-image-preview":"max-image-preview:large","max-video-preview":"max-video-preview:-1"},"canonical":"https:\/\/www.euroresidentes.com\/estilo-de-vida\/adolescentes\/ten-esta-conversacion-antes-de-enviar\/","og_locale":"es_ES","og_type":"article","og_title":"Ten esta charla antes de enviar a tu hijo a la vuelta al cole","og_description":"Qu\u00e9 dura es la vuelta al cole. Esta conversaci\u00f3n te ayudar\u00e1 a transmitir a tu hijo las ideas y consejos que a todos nos habr\u00eda gustado escuchar siendo ni\u00f1os","og_url":"https:\/\/www.euroresidentes.com\/estilo-de-vida\/adolescentes\/ten-esta-conversacion-antes-de-enviar\/","og_site_name":"Adolescentes","article_publisher":"https:\/\/www.facebook.com\/sentir.bien.euroresidentes\/","article_author":"https:\/\/www.facebook.com\/andrea.mendezmolla?fref=ts","article_published_time":"2016-08-11T12:35:00+00:00","article_modified_time":"2016-08-17T10:52:50+00:00","og_image":[{"width":700,"height":525,"url":"https:\/\/www.euroresidentes.com\/estilo-de-vida\/adolescentes\/wp-content\/uploads\/sites\/13\/2015\/09\/vuelta-al-cole.jpg","type":"image\/jpeg"}],"author":"Andrea M\u00e9ndez","twitter_card":"summary_large_image","twitter_misc":{"Written by":"Andrea M\u00e9ndez","Est. reading time":"5 minutos"},"schema":{"@context":"https:\/\/schema.org","@graph":[{"@type":"WebPage","@id":"https:\/\/www.euroresidentes.com\/estilo-de-vida\/adolescentes\/ten-esta-conversacion-antes-de-enviar\/","url":"https:\/\/www.euroresidentes.com\/estilo-de-vida\/adolescentes\/ten-esta-conversacion-antes-de-enviar\/","name":"Ten esta charla antes de enviar a tu hijo a la vuelta al cole","isPartOf":{"@id":"https:\/\/www.euroresidentes.com\/estilo-de-vida\/adolescentes\/#website"},"primaryImageOfPage":{"@id":"https:\/\/www.euroresidentes.com\/estilo-de-vida\/adolescentes\/ten-esta-conversacion-antes-de-enviar\/#primaryimage"},"image":{"@id":"https:\/\/www.euroresidentes.com\/estilo-de-vida\/adolescentes\/ten-esta-conversacion-antes-de-enviar\/#primaryimage"},"thumbnailUrl":"https:\/\/www.euroresidentes.com\/estilo-de-vida\/adolescentes\/wp-content\/uploads\/sites\/13\/2015\/09\/vuelta-al-cole.jpg","datePublished":"2016-08-11T12:35:00+00:00","dateModified":"2016-08-17T10:52:50+00:00","author":{"@id":"https:\/\/www.euroresidentes.com\/estilo-de-vida\/adolescentes\/#\/schema\/person\/76d37e061b7949bad6c3f7fa5366bfcb"},"description":"Qu\u00e9 dura es la vuelta al cole. Esta conversaci\u00f3n te ayudar\u00e1 a transmitir a tu hijo las ideas y consejos que a todos nos habr\u00eda gustado escuchar siendo ni\u00f1os","breadcrumb":{"@id":"https:\/\/www.euroresidentes.com\/estilo-de-vida\/adolescentes\/ten-esta-conversacion-antes-de-enviar\/#breadcrumb"},"inLanguage":"es","potentialAction":[{"@type":"ReadAction","target":["https:\/\/www.euroresidentes.com\/estilo-de-vida\/adolescentes\/ten-esta-conversacion-antes-de-enviar\/"]}]},{"@type":"ImageObject","inLanguage":"es","@id":"https:\/\/www.euroresidentes.com\/estilo-de-vida\/adolescentes\/ten-esta-conversacion-antes-de-enviar\/#primaryimage","url":"https:\/\/www.euroresidentes.com\/estilo-de-vida\/adolescentes\/wp-content\/uploads\/sites\/13\/2015\/09\/vuelta-al-cole.jpg","contentUrl":"https:\/\/www.euroresidentes.com\/estilo-de-vida\/adolescentes\/wp-content\/uploads\/sites\/13\/2015\/09\/vuelta-al-cole.jpg","width":700,"height":525,"caption":"vuelta al cole"},{"@type":"BreadcrumbList","@id":"https:\/\/www.euroresidentes.com\/estilo-de-vida\/adolescentes\/ten-esta-conversacion-antes-de-enviar\/#breadcrumb","itemListElement":[{"@type":"ListItem","position":1,"name":"Portada","item":"https:\/\/www.euroresidentes.com\/estilo-de-vida\/adolescentes\/"},{"@type":"ListItem","position":2,"name":"Ten esta conversaci\u00f3n antes de enviar a tu hijo a la vuelta al cole"}]},{"@type":"WebSite","@id":"https:\/\/www.euroresidentes.com\/estilo-de-vida\/adolescentes\/#website","url":"https:\/\/www.euroresidentes.com\/estilo-de-vida\/adolescentes\/","name":"Adolescentes","description":"Blog sobre la etapa de la adolescencia","potentialAction":[{"@type":"SearchAction","target":{"@type":"EntryPoint","urlTemplate":"https:\/\/www.euroresidentes.com\/estilo-de-vida\/adolescentes\/?s={search_term_string}"},"query-input":{"@type":"PropertyValueSpecification","valueRequired":true,"valueName":"search_term_string"}}],"inLanguage":"es"},{"@type":"Person","@id":"https:\/\/www.euroresidentes.com\/estilo-de-vida\/adolescentes\/#\/schema\/person\/76d37e061b7949bad6c3f7fa5366bfcb","name":"Andrea M\u00e9ndez","image":{"@type":"ImageObject","inLanguage":"es","@id":"https:\/\/www.euroresidentes.com\/estilo-de-vida\/adolescentes\/#\/schema\/person\/image\/","url":"https:\/\/www.euroresidentes.com\/estilo-de-vida\/adolescentes\/wp-content\/uploads\/sites\/13\/2016\/02\/foto_autora_andrea.m-150x150.jpg","contentUrl":"https:\/\/www.euroresidentes.com\/estilo-de-vida\/adolescentes\/wp-content\/uploads\/sites\/13\/2016\/02\/foto_autora_andrea.m-150x150.jpg","caption":"Andrea M\u00e9ndez"},"description":"Andrea M\u00e9ndezPsic\u00f3loga y autora de blogs orientados a la motivaci\u00f3n, el liderazgo y la superaci\u00f3n personal.","sameAs":["https:\/\/www.euroresidentes.com\/estilo-de-vida\/andrea-mendez.html","https:\/\/www.facebook.com\/andrea.mendezmolla?fref=ts"],"url":"https:\/\/www.euroresidentes.com\/estilo-de-vida\/adolescentes\/author\/andreamendez\/"}]}},"_links":{"self":[{"href":"https:\/\/www.euroresidentes.com\/estilo-de-vida\/adolescentes\/wp-json\/wp\/v2\/posts\/295","targetHints":{"allow":["GET"]}}],"collection":[{"href":"https:\/\/www.euroresidentes.com\/estilo-de-vida\/adolescentes\/wp-json\/wp\/v2\/posts"}],"about":[{"href":"https:\/\/www.euroresidentes.com\/estilo-de-vida\/adolescentes\/wp-json\/wp\/v2\/types\/post"}],"author":[{"embeddable":true,"href":"https:\/\/www.euroresidentes.com\/estilo-de-vida\/adolescentes\/wp-json\/wp\/v2\/users\/11"}],"replies":[{"embeddable":true,"href":"https:\/\/www.euroresidentes.com\/estilo-de-vida\/adolescentes\/wp-json\/wp\/v2\/comments?post=295"}],"version-history":[{"count":5,"href":"https:\/\/www.euroresidentes.com\/estilo-de-vida\/adolescentes\/wp-json\/wp\/v2\/posts\/295\/revisions"}],"predecessor-version":[{"id":4933,"href":"https:\/\/www.euroresidentes.com\/estilo-de-vida\/adolescentes\/wp-json\/wp\/v2\/posts\/295\/revisions\/4933"}],"wp:featuredmedia":[{"embeddable":true,"href":"https:\/\/www.euroresidentes.com\/estilo-de-vida\/adolescentes\/wp-json\/wp\/v2\/media\/4928"}],"wp:attachment":[{"href":"https:\/\/www.euroresidentes.com\/estilo-de-vida\/adolescentes\/wp-json\/wp\/v2\/media?parent=295"}],"wp:term":[{"taxonomy":"category","embeddable":true,"href":"https:\/\/www.euroresidentes.com\/estilo-de-vida\/adolescentes\/wp-json\/wp\/v2\/categories?post=295"},{"taxonomy":"post_tag","embeddable":true,"href":"https:\/\/www.euroresidentes.com\/estilo-de-vida\/adolescentes\/wp-json\/wp\/v2\/tags?post=295"}],"curies":[{"name":"wp","href":"https:\/\/api.w.org\/{rel}","templated":true}]}}