{"id":203,"date":"2011-12-11T20:46:00","date_gmt":"2011-12-11T20:46:00","guid":{"rendered":"https:\/\/www.euroresidentes.com\/entretenimiento\/teatro-principal\/sintoniza-la-radio-cierra-los-ojos-y"},"modified":"2016-02-25T11:26:37","modified_gmt":"2016-02-25T11:26:37","slug":"sintoniza-la-radio-cierra-los-ojos-y","status":"publish","type":"post","link":"https:\/\/www.euroresidentes.com\/entretenimiento\/teatro-principal\/sintoniza-la-radio-cierra-los-ojos-y\/","title":{"rendered":"Teatro contempor\u00e1neo espa\u00f1ol en la radio"},"content":{"rendered":"<blockquote class=\"tr_bq\"><p>\nSintoniza la radio, cierra los ojos, y ver\u00e1s delante de ti un gran teatro&#8230;<\/p><\/blockquote>\n<p>\nDurante decenas de a\u00f1os el teatro radiof\u00f3nico ha sido <b>ese paso intermedio con una gran riqueza<\/b> entre quedarse en casa leyendo una historia, e ir a un teatro a ver una representaci\u00f3n.<\/p>\n<p>\nDe la mano <a href=\"http:\/\/www.fundacionautor.org\/story.php?id=165\" target=\"_blank\">Fundaci\u00f3n Autor<\/a> nos ha llegado esta propuesta que <b>se emitir\u00e1 en Radio3<\/b> a partir de ma\u00f1ana lunes 12 de Diciembre hasta el d\u00eda 15. Ser\u00e1n 4 las dosis de teatro contempor\u00e1neo que podr\u00e9is disfrutar:<\/p>\n<ul>\n<li>Lunes, 12 de diciembre: <b>El M\u00e9todo Le Brun<\/b> de Juan Mayorga.<\/li>\n<li>Martes, 13 de diciembre: <b>La foto del Aviador<\/b> de Alfredo Sanzol.<\/li>\n<li>Mi\u00e9rcoles, 14 de diciembre: <b>Mal Dormir<\/b> de Jos\u00e9 Sanch\u00eds Sinisterra.<\/li>\n<li>Jueves, 15 de diciembre: <b>La cortes\u00eda de los ciegos<\/b> de Vanesa Montfort.<\/li>\n<\/ul>\n<p>\nEste proyecto viene de la mano de Nicolas Jackson y contar\u00e1 con una calidad en la producci\u00f3n como se puede ir descubriendo en el siguiente audio.<\/p>\n<p>    <a href=\"http:\/\/soundcloud.com\/afonica\/tcer-trailer\">Teatro contempor\u00e1neo espa\u00f1ol en la radio.<\/a><\/p>\n<p>Yo mismo <b>me comprometo a escuchar las cuatro obras y a comentarlas<\/b>. No creo que sea el mismo d\u00eda, ya que con el nacimiento de mi ahijada voy a ir m\u00e1s liado que nunca, pero me gustar\u00eda que quedar\u00e1 recogido en este blog un buen aporte de est\u00e1 iniciativa.<\/p>\n<p>Si a ti tambi\u00e9n te apetece escucharlas, aqu\u00ed te dejo el horario y la emisora de donde podr\u00e1s hacerlo.<\/p>\n<p><\/p>\n<div class=\"separator\" style=\"clear: both; text-align: center;\">\n<a href=\"http:\/\/www.fundacionautor.org\/userfiles\/calendario-teatro-imagen.jpg\" imageanchor=\"1\" style=\"margin-left: 1em; margin-right: 1em;\"><img loading=\"lazy\" decoding=\"async\" border=\"0\" height=\"320\" src=\"http:\/\/www.fundacionautor.org\/userfiles\/calendario-teatro-imagen.jpg\" width=\"285\" \/><\/a><\/div>\n<p><\/p>\n","protected":false},"excerpt":{"rendered":"<p>Sintoniza la radio, cierra los ojos, y ver\u00e1s delante de ti un gran teatro&#8230; Durante decenas de a\u00f1os el teatro radiof\u00f3nico ha sido ese paso intermedio con una gran riqueza entre quedarse en casa leyendo una historia, e ir a un teatro a ver una representaci\u00f3n. De la mano Fundaci\u00f3n Autor nos ha llegado esta propuesta que se emitir\u00e1 en Radio3 a partir de ma\u00f1ana lunes 12 de Diciembre hasta el d\u00eda 15. Ser\u00e1n 4 las dosis de teatro contempor\u00e1neo que podr\u00e9is disfrutar: Lunes, 12 de diciembre: El M\u00e9todo Le Brun de Juan Mayorga. Martes, 13 de diciembre: La foto <\/p>\n","protected":false},"author":1,"featured_media":298,"comment_status":"open","ping_status":"open","sticky":false,"template":"","format":"standard","meta":{"footnotes":""},"categories":[1],"tags":[339,340,341,342,343,344,345,346,347,348],"class_list":["post-203","post","type-post","status-publish","format-standard","has-post-thumbnail","hentry","category-sin-categoria","tag-alfredo-sanzol","tag-el-metodo-le-brun","tag-fundacion-autor","tag-jose-sanchis-sinisterra","tag-juan-mayorga","tag-la-cortesia-de-los-ciegos","tag-la-foto-del-aviador","tag-mal-dormir","tag-teatro-radiofonico","tag-vanesa-montfort","has_thumb"],"yoast_head":"<!-- This site is optimized with the Yoast SEO plugin v24.1 - https:\/\/yoast.com\/wordpress\/plugins\/seo\/ -->\n<title>Teatro contempor\u00e1neo espa\u00f1ol en la radio - Teatro Principal<\/title>\n<meta name=\"robots\" content=\"index, follow, max-snippet:-1, max-image-preview:large, max-video-preview:-1\" \/>\n<link rel=\"canonical\" href=\"https:\/\/www.euroresidentes.com\/entretenimiento\/teatro-principal\/sintoniza-la-radio-cierra-los-ojos-y\/\" \/>\n<meta property=\"og:locale\" content=\"es_ES\" \/>\n<meta property=\"og:type\" content=\"article\" \/>\n<meta property=\"og:title\" content=\"Teatro contempor\u00e1neo espa\u00f1ol en la radio - Teatro Principal\" \/>\n<meta property=\"og:description\" content=\"Sintoniza la radio, cierra los ojos, y ver\u00e1s delante de ti un gran teatro&#8230; Durante decenas de a\u00f1os el teatro radiof\u00f3nico ha sido ese paso intermedio con una gran riqueza entre quedarse en casa leyendo una historia, e ir a un teatro a ver una representaci\u00f3n. De la mano Fundaci\u00f3n Autor nos ha llegado esta propuesta que se emitir\u00e1 en Radio3 a partir de ma\u00f1ana lunes 12 de Diciembre hasta el d\u00eda 15. Ser\u00e1n 4 las dosis de teatro contempor\u00e1neo que podr\u00e9is disfrutar: Lunes, 12 de diciembre: El M\u00e9todo Le Brun de Juan Mayorga. Martes, 13 de diciembre: La foto\" \/>\n<meta property=\"og:url\" content=\"https:\/\/www.euroresidentes.com\/entretenimiento\/teatro-principal\/sintoniza-la-radio-cierra-los-ojos-y\/\" \/>\n<meta property=\"og:site_name\" content=\"Teatro Principal\" \/>\n<meta property=\"article:published_time\" content=\"2011-12-11T20:46:00+00:00\" \/>\n<meta property=\"article:modified_time\" content=\"2016-02-25T11:26:37+00:00\" \/>\n<meta property=\"og:image\" content=\"https:\/\/www.euroresidentes.com\/entretenimiento\/teatro-principal\/wp-content\/uploads\/sites\/23\/2011\/12\/calendario-teatro-imagen.jpg\" \/>\n\t<meta property=\"og:image:width\" content=\"500\" \/>\n\t<meta property=\"og:image:height\" content=\"561\" \/>\n\t<meta property=\"og:image:type\" content=\"image\/jpeg\" \/>\n<meta name=\"author\" content=\"Euroresidentes\" \/>\n<meta name=\"twitter:card\" content=\"summary_large_image\" \/>\n<meta name=\"twitter:label1\" content=\"Written by\" \/>\n\t<meta name=\"twitter:data1\" content=\"Euroresidentes\" \/>\n\t<meta name=\"twitter:label2\" content=\"Est. reading time\" \/>\n\t<meta name=\"twitter:data2\" content=\"1 minuto\" \/>\n<script type=\"application\/ld+json\" class=\"yoast-schema-graph\">{\"@context\":\"https:\/\/schema.org\",\"@graph\":[{\"@type\":\"WebPage\",\"@id\":\"https:\/\/www.euroresidentes.com\/entretenimiento\/teatro-principal\/sintoniza-la-radio-cierra-los-ojos-y\/\",\"url\":\"https:\/\/www.euroresidentes.com\/entretenimiento\/teatro-principal\/sintoniza-la-radio-cierra-los-ojos-y\/\",\"name\":\"Teatro contempor\u00e1neo espa\u00f1ol en la radio - Teatro Principal\",\"isPartOf\":{\"@id\":\"https:\/\/www.euroresidentes.com\/entretenimiento\/teatro-principal\/#website\"},\"primaryImageOfPage\":{\"@id\":\"https:\/\/www.euroresidentes.com\/entretenimiento\/teatro-principal\/sintoniza-la-radio-cierra-los-ojos-y\/#primaryimage\"},\"image\":{\"@id\":\"https:\/\/www.euroresidentes.com\/entretenimiento\/teatro-principal\/sintoniza-la-radio-cierra-los-ojos-y\/#primaryimage\"},\"thumbnailUrl\":\"https:\/\/www.euroresidentes.com\/entretenimiento\/teatro-principal\/wp-content\/uploads\/sites\/23\/2011\/12\/calendario-teatro-imagen.jpg\",\"datePublished\":\"2011-12-11T20:46:00+00:00\",\"dateModified\":\"2016-02-25T11:26:37+00:00\",\"author\":{\"@id\":\"https:\/\/www.euroresidentes.com\/entretenimiento\/teatro-principal\/#\/schema\/person\/e41441f91af6208631ba0be4ea9c5f01\"},\"breadcrumb\":{\"@id\":\"https:\/\/www.euroresidentes.com\/entretenimiento\/teatro-principal\/sintoniza-la-radio-cierra-los-ojos-y\/#breadcrumb\"},\"inLanguage\":\"es\",\"potentialAction\":[{\"@type\":\"ReadAction\",\"target\":[\"https:\/\/www.euroresidentes.com\/entretenimiento\/teatro-principal\/sintoniza-la-radio-cierra-los-ojos-y\/\"]}]},{\"@type\":\"ImageObject\",\"inLanguage\":\"es\",\"@id\":\"https:\/\/www.euroresidentes.com\/entretenimiento\/teatro-principal\/sintoniza-la-radio-cierra-los-ojos-y\/#primaryimage\",\"url\":\"https:\/\/www.euroresidentes.com\/entretenimiento\/teatro-principal\/wp-content\/uploads\/sites\/23\/2011\/12\/calendario-teatro-imagen.jpg\",\"contentUrl\":\"https:\/\/www.euroresidentes.com\/entretenimiento\/teatro-principal\/wp-content\/uploads\/sites\/23\/2011\/12\/calendario-teatro-imagen.jpg\",\"width\":500,\"height\":561},{\"@type\":\"BreadcrumbList\",\"@id\":\"https:\/\/www.euroresidentes.com\/entretenimiento\/teatro-principal\/sintoniza-la-radio-cierra-los-ojos-y\/#breadcrumb\",\"itemListElement\":[{\"@type\":\"ListItem\",\"position\":1,\"name\":\"Portada\",\"item\":\"https:\/\/www.euroresidentes.com\/entretenimiento\/teatro-principal\/\"},{\"@type\":\"ListItem\",\"position\":2,\"name\":\"Teatro contempor\u00e1neo espa\u00f1ol en la radio\"}]},{\"@type\":\"WebSite\",\"@id\":\"https:\/\/www.euroresidentes.com\/entretenimiento\/teatro-principal\/#website\",\"url\":\"https:\/\/www.euroresidentes.com\/entretenimiento\/teatro-principal\/\",\"name\":\"Teatro Principal\",\"description\":\"Otro sitio m\u00e1s de Sitios de Entretenimiento Euroresidentes\",\"potentialAction\":[{\"@type\":\"SearchAction\",\"target\":{\"@type\":\"EntryPoint\",\"urlTemplate\":\"https:\/\/www.euroresidentes.com\/entretenimiento\/teatro-principal\/?s={search_term_string}\"},\"query-input\":{\"@type\":\"PropertyValueSpecification\",\"valueRequired\":true,\"valueName\":\"search_term_string\"}}],\"inLanguage\":\"es\"},{\"@type\":\"Person\",\"@id\":\"https:\/\/www.euroresidentes.com\/entretenimiento\/teatro-principal\/#\/schema\/person\/e41441f91af6208631ba0be4ea9c5f01\",\"name\":\"Euroresidentes\",\"image\":{\"@type\":\"ImageObject\",\"inLanguage\":\"es\",\"@id\":\"https:\/\/www.euroresidentes.com\/entretenimiento\/teatro-principal\/#\/schema\/person\/image\/\",\"url\":\"https:\/\/www.euroresidentes.com\/entretenimiento\/teatro-principal\/wp-content\/uploads\/sites\/23\/2016\/09\/logo-euroresidentes-150x150.jpg\",\"contentUrl\":\"https:\/\/www.euroresidentes.com\/entretenimiento\/teatro-principal\/wp-content\/uploads\/sites\/23\/2016\/09\/logo-euroresidentes-150x150.jpg\",\"caption\":\"Euroresidentes\"},\"description\":\"Euroresidentes\",\"sameAs\":[\"https:\/\/www.euroresidentes.com\/info.htm\"],\"url\":\"https:\/\/www.euroresidentes.com\/entretenimiento\/teatro-principal\/author\/euroresidentes\/\"}]}<\/script>\n<!-- \/ Yoast SEO plugin. -->","yoast_head_json":{"title":"Teatro contempor\u00e1neo espa\u00f1ol en la radio - Teatro Principal","robots":{"index":"index","follow":"follow","max-snippet":"max-snippet:-1","max-image-preview":"max-image-preview:large","max-video-preview":"max-video-preview:-1"},"canonical":"https:\/\/www.euroresidentes.com\/entretenimiento\/teatro-principal\/sintoniza-la-radio-cierra-los-ojos-y\/","og_locale":"es_ES","og_type":"article","og_title":"Teatro contempor\u00e1neo espa\u00f1ol en la radio - Teatro Principal","og_description":"Sintoniza la radio, cierra los ojos, y ver\u00e1s delante de ti un gran teatro&#8230; Durante decenas de a\u00f1os el teatro radiof\u00f3nico ha sido ese paso intermedio con una gran riqueza entre quedarse en casa leyendo una historia, e ir a un teatro a ver una representaci\u00f3n. De la mano Fundaci\u00f3n Autor nos ha llegado esta propuesta que se emitir\u00e1 en Radio3 a partir de ma\u00f1ana lunes 12 de Diciembre hasta el d\u00eda 15. Ser\u00e1n 4 las dosis de teatro contempor\u00e1neo que podr\u00e9is disfrutar: Lunes, 12 de diciembre: El M\u00e9todo Le Brun de Juan Mayorga. Martes, 13 de diciembre: La foto","og_url":"https:\/\/www.euroresidentes.com\/entretenimiento\/teatro-principal\/sintoniza-la-radio-cierra-los-ojos-y\/","og_site_name":"Teatro Principal","article_published_time":"2011-12-11T20:46:00+00:00","article_modified_time":"2016-02-25T11:26:37+00:00","og_image":[{"width":500,"height":561,"url":"https:\/\/www.euroresidentes.com\/entretenimiento\/teatro-principal\/wp-content\/uploads\/sites\/23\/2011\/12\/calendario-teatro-imagen.jpg","type":"image\/jpeg"}],"author":"Euroresidentes","twitter_card":"summary_large_image","twitter_misc":{"Written by":"Euroresidentes","Est. reading time":"1 minuto"},"schema":{"@context":"https:\/\/schema.org","@graph":[{"@type":"WebPage","@id":"https:\/\/www.euroresidentes.com\/entretenimiento\/teatro-principal\/sintoniza-la-radio-cierra-los-ojos-y\/","url":"https:\/\/www.euroresidentes.com\/entretenimiento\/teatro-principal\/sintoniza-la-radio-cierra-los-ojos-y\/","name":"Teatro contempor\u00e1neo espa\u00f1ol en la radio - Teatro Principal","isPartOf":{"@id":"https:\/\/www.euroresidentes.com\/entretenimiento\/teatro-principal\/#website"},"primaryImageOfPage":{"@id":"https:\/\/www.euroresidentes.com\/entretenimiento\/teatro-principal\/sintoniza-la-radio-cierra-los-ojos-y\/#primaryimage"},"image":{"@id":"https:\/\/www.euroresidentes.com\/entretenimiento\/teatro-principal\/sintoniza-la-radio-cierra-los-ojos-y\/#primaryimage"},"thumbnailUrl":"https:\/\/www.euroresidentes.com\/entretenimiento\/teatro-principal\/wp-content\/uploads\/sites\/23\/2011\/12\/calendario-teatro-imagen.jpg","datePublished":"2011-12-11T20:46:00+00:00","dateModified":"2016-02-25T11:26:37+00:00","author":{"@id":"https:\/\/www.euroresidentes.com\/entretenimiento\/teatro-principal\/#\/schema\/person\/e41441f91af6208631ba0be4ea9c5f01"},"breadcrumb":{"@id":"https:\/\/www.euroresidentes.com\/entretenimiento\/teatro-principal\/sintoniza-la-radio-cierra-los-ojos-y\/#breadcrumb"},"inLanguage":"es","potentialAction":[{"@type":"ReadAction","target":["https:\/\/www.euroresidentes.com\/entretenimiento\/teatro-principal\/sintoniza-la-radio-cierra-los-ojos-y\/"]}]},{"@type":"ImageObject","inLanguage":"es","@id":"https:\/\/www.euroresidentes.com\/entretenimiento\/teatro-principal\/sintoniza-la-radio-cierra-los-ojos-y\/#primaryimage","url":"https:\/\/www.euroresidentes.com\/entretenimiento\/teatro-principal\/wp-content\/uploads\/sites\/23\/2011\/12\/calendario-teatro-imagen.jpg","contentUrl":"https:\/\/www.euroresidentes.com\/entretenimiento\/teatro-principal\/wp-content\/uploads\/sites\/23\/2011\/12\/calendario-teatro-imagen.jpg","width":500,"height":561},{"@type":"BreadcrumbList","@id":"https:\/\/www.euroresidentes.com\/entretenimiento\/teatro-principal\/sintoniza-la-radio-cierra-los-ojos-y\/#breadcrumb","itemListElement":[{"@type":"ListItem","position":1,"name":"Portada","item":"https:\/\/www.euroresidentes.com\/entretenimiento\/teatro-principal\/"},{"@type":"ListItem","position":2,"name":"Teatro contempor\u00e1neo espa\u00f1ol en la radio"}]},{"@type":"WebSite","@id":"https:\/\/www.euroresidentes.com\/entretenimiento\/teatro-principal\/#website","url":"https:\/\/www.euroresidentes.com\/entretenimiento\/teatro-principal\/","name":"Teatro Principal","description":"Otro sitio m\u00e1s de Sitios de Entretenimiento Euroresidentes","potentialAction":[{"@type":"SearchAction","target":{"@type":"EntryPoint","urlTemplate":"https:\/\/www.euroresidentes.com\/entretenimiento\/teatro-principal\/?s={search_term_string}"},"query-input":{"@type":"PropertyValueSpecification","valueRequired":true,"valueName":"search_term_string"}}],"inLanguage":"es"},{"@type":"Person","@id":"https:\/\/www.euroresidentes.com\/entretenimiento\/teatro-principal\/#\/schema\/person\/e41441f91af6208631ba0be4ea9c5f01","name":"Euroresidentes","image":{"@type":"ImageObject","inLanguage":"es","@id":"https:\/\/www.euroresidentes.com\/entretenimiento\/teatro-principal\/#\/schema\/person\/image\/","url":"https:\/\/www.euroresidentes.com\/entretenimiento\/teatro-principal\/wp-content\/uploads\/sites\/23\/2016\/09\/logo-euroresidentes-150x150.jpg","contentUrl":"https:\/\/www.euroresidentes.com\/entretenimiento\/teatro-principal\/wp-content\/uploads\/sites\/23\/2016\/09\/logo-euroresidentes-150x150.jpg","caption":"Euroresidentes"},"description":"Euroresidentes","sameAs":["https:\/\/www.euroresidentes.com\/info.htm"],"url":"https:\/\/www.euroresidentes.com\/entretenimiento\/teatro-principal\/author\/euroresidentes\/"}]}},"_links":{"self":[{"href":"https:\/\/www.euroresidentes.com\/entretenimiento\/teatro-principal\/wp-json\/wp\/v2\/posts\/203","targetHints":{"allow":["GET"]}}],"collection":[{"href":"https:\/\/www.euroresidentes.com\/entretenimiento\/teatro-principal\/wp-json\/wp\/v2\/posts"}],"about":[{"href":"https:\/\/www.euroresidentes.com\/entretenimiento\/teatro-principal\/wp-json\/wp\/v2\/types\/post"}],"author":[{"embeddable":true,"href":"https:\/\/www.euroresidentes.com\/entretenimiento\/teatro-principal\/wp-json\/wp\/v2\/users\/1"}],"replies":[{"embeddable":true,"href":"https:\/\/www.euroresidentes.com\/entretenimiento\/teatro-principal\/wp-json\/wp\/v2\/comments?post=203"}],"version-history":[{"count":1,"href":"https:\/\/www.euroresidentes.com\/entretenimiento\/teatro-principal\/wp-json\/wp\/v2\/posts\/203\/revisions"}],"predecessor-version":[{"id":297,"href":"https:\/\/www.euroresidentes.com\/entretenimiento\/teatro-principal\/wp-json\/wp\/v2\/posts\/203\/revisions\/297"}],"wp:featuredmedia":[{"embeddable":true,"href":"https:\/\/www.euroresidentes.com\/entretenimiento\/teatro-principal\/wp-json\/wp\/v2\/media\/298"}],"wp:attachment":[{"href":"https:\/\/www.euroresidentes.com\/entretenimiento\/teatro-principal\/wp-json\/wp\/v2\/media?parent=203"}],"wp:term":[{"taxonomy":"category","embeddable":true,"href":"https:\/\/www.euroresidentes.com\/entretenimiento\/teatro-principal\/wp-json\/wp\/v2\/categories?post=203"},{"taxonomy":"post_tag","embeddable":true,"href":"https:\/\/www.euroresidentes.com\/entretenimiento\/teatro-principal\/wp-json\/wp\/v2\/tags?post=203"}],"curies":[{"name":"wp","href":"https:\/\/api.w.org\/{rel}","templated":true}]}}