{"id":181,"date":"2012-05-18T13:32:00","date_gmt":"2012-05-18T13:32:00","guid":{"rendered":"https:\/\/www.euroresidentes.com\/entretenimiento\/teatro-principal\/preparando-la-58-edicion-del-festiva"},"modified":"2016-02-25T11:26:36","modified_gmt":"2016-02-25T11:26:36","slug":"preparando-la-58-edicion-del-festiva","status":"publish","type":"post","link":"https:\/\/www.euroresidentes.com\/entretenimiento\/teatro-principal\/preparando-la-58-edicion-del-festiva\/","title":{"rendered":"Preparando la 58\u00aa Edici\u00f3n del Festival de M\u00e9rida"},"content":{"rendered":"<p><\/p>\n<div class=\"separator\" style=\"clear: both; text-align: center;\">\n<a href=\"https:\/\/www.euroresidentes.com\/entretenimiento\/teatro-principal\/wp-content\/uploads\/sites\/23\/2012\/05\/programacion-cabecera.jpg\" imageanchor=\"1\" style=\"margin-left: 1em; margin-right: 1em;\"><img decoding=\"async\" border=\"0\" src=\"https:\/\/www.euroresidentes.com\/entretenimiento\/teatro-principal\/wp-content\/uploads\/sites\/23\/2012\/05\/programacion-cabecera.jpg\" \/><\/a><\/div>\n<div class=\"MsoNormal\">\n<\/div>\n<div class=\"MsoNormal\">\nConoc\u00ed a Blanca Portillo en M\u00e9rida, justo un a\u00f1o antes de su<br \/>\npaso fugaz como directora del certamen. La recuerdo como una grande, justo<br \/>\ndespu\u00e9s de haber interpretado a Medea de la mano del gran Tomaz Pandur.<\/div>\n<div class=\"MsoNormal\">\n<\/div>\n<div class=\"MsoNormal\">\nPero ahora que Portillo se fu\u00e9 \u00bfQu\u00e9 pasar\u00e1<br \/>\neste 2012? Y justamente ayer me met\u00ed en la web del <a href=\"http:\/\/www.festivaldemerida.es\/\" target=\"_blank\">Festival de M\u00e9rida<\/a> para<br \/>\ncomprobar que este a\u00f1o <b>bajo la direcci\u00f3n de Jes\u00fas Cimarro y la organizaci\u00f3n<br \/>\n<i>Pentaci\u00f3n Espect\u00e1culos<\/i> vuelve la magia grecolatina<\/b>.<\/div>\n<div class=\"MsoNormal\">\n<\/div>\n<div class=\"MsoNormal\">\nNo voy a entrar en temas pol\u00edticos, pero lo cierto es que no<br \/>\ns\u00e9 como estar\u00e1 la situaci\u00f3n econ\u00f3mica del Festival, pero siguen apretando fuerte<br \/>\nporque <b>la pr\u00f3xima temporada que comienza el 5 de Julio y termina el 26 de Agosto<br \/>\nse invertir\u00e1 3.4 millones de Euros<\/b>.<\/div>\n<div class=\"MsoNormal\">\n<\/div>\n<div class=\"MsoNormal\">\n\u00bfQu\u00e9 podemos ver este a\u00f1o? Bajo el lema <i>Cuando cae la noche<br \/>\nempieza la magia del teatro <\/i>(poco creativo la verdad)&nbsp;la programaci\u00f3n da un cambio de sentido. En a\u00f1os<br \/>\nanteriores hemos podido ver m\u00e1s variedad de espect\u00e1culos&nbsp;contempor\u00e1neos,&nbsp;pero para este 2012<br \/>\nnos esperan obras cl\u00e1sicas donde puede sobresalir, tal vez <b>H\u00e9lade<\/b>, que ser\u00e1 el espect\u00e1culo<br \/>\noriginal. Adem\u00e1s tendremos <b>Anfitri\u00f3n, Electra, La Odisea, Bacantes, y Ayax<\/b>.<\/div>\n<div class=\"MsoNormal\">\n<\/div>\n<div class=\"MsoNormal\">\n<\/div>\n<div class=\"MsoNormal\">\nYa iremos desmenuzando un poco m\u00e1s cada uno de los montajes.<br \/>\nY para terminar unas palabras del director Jes\u00fas Cimarro que sirvan de carta de<br \/>\npresentaci\u00f3n para esta 58\u00aa Edici\u00f3n del Festival de M\u00e9rida. <\/div>\n<div class=\"MsoNormal\">\n<\/div>\n<blockquote class=\"tr_bq\"><p>\nLa Europa moderna naci\u00f3 en Grecia y ahora, como en una<br \/>\ntragedia que irremediablemente nos remite al pasado, el futuro de Europa vuelve<br \/>\na dirimirse all\u00ed. Por ello, Grecia ser\u00e1 la gran protagonista del Festival<br \/>\nInternacional de Teatro Cl\u00e1sico de M\u00e9rida 2012.<\/p><\/blockquote>\n<p>Mucha mierda al Sr. Cimarro <\/p>\n<div class=\"MsoNormal\">\n<\/div>\n","protected":false},"excerpt":{"rendered":"<p>Conoc\u00ed a Blanca Portillo en M\u00e9rida, justo un a\u00f1o antes de su paso fugaz como directora del certamen. La recuerdo como una grande, justo despu\u00e9s de haber interpretado a Medea de la mano del gran Tomaz Pandur. Pero ahora que Portillo se fu\u00e9 \u00bfQu\u00e9 pasar\u00e1 este 2012? Y justamente ayer me met\u00ed en la web del Festival de M\u00e9rida para comprobar que este a\u00f1o bajo la direcci\u00f3n de Jes\u00fas Cimarro y la organizaci\u00f3n Pentaci\u00f3n Espect\u00e1culos vuelve la magia grecolatina. No voy a entrar en temas pol\u00edticos, pero lo cierto es que no s\u00e9 como estar\u00e1 la situaci\u00f3n econ\u00f3mica del Festival, <\/p>\n","protected":false},"author":1,"featured_media":254,"comment_status":"open","ping_status":"open","sticky":false,"template":"","format":"standard","meta":{"footnotes":""},"categories":[1],"tags":[256,257,258,259,260,261,216,262,207],"class_list":["post-181","post","type-post","status-publish","format-standard","has-post-thumbnail","hentry","category-sin-categoria","tag-anfitrion","tag-ayax","tag-bacantes","tag-electra","tag-festival-de-merida","tag-helade","tag-jesus-cimarro","tag-la-odisea","tag-pentacion-espectaculos","has_thumb"],"yoast_head":"<!-- This site is optimized with the Yoast SEO plugin v24.1 - https:\/\/yoast.com\/wordpress\/plugins\/seo\/ -->\n<title>Preparando la 58\u00aa Edici\u00f3n del Festival de M\u00e9rida - Teatro Principal<\/title>\n<meta name=\"robots\" content=\"index, follow, max-snippet:-1, max-image-preview:large, max-video-preview:-1\" \/>\n<link rel=\"canonical\" href=\"https:\/\/www.euroresidentes.com\/entretenimiento\/teatro-principal\/preparando-la-58-edicion-del-festiva\/\" \/>\n<meta property=\"og:locale\" content=\"es_ES\" \/>\n<meta property=\"og:type\" content=\"article\" \/>\n<meta property=\"og:title\" content=\"Preparando la 58\u00aa Edici\u00f3n del Festival de M\u00e9rida - Teatro Principal\" \/>\n<meta property=\"og:description\" content=\"Conoc\u00ed a Blanca Portillo en M\u00e9rida, justo un a\u00f1o antes de su paso fugaz como directora del certamen. La recuerdo como una grande, justo despu\u00e9s de haber interpretado a Medea de la mano del gran Tomaz Pandur. Pero ahora que Portillo se fu\u00e9 \u00bfQu\u00e9 pasar\u00e1 este 2012? Y justamente ayer me met\u00ed en la web del Festival de M\u00e9rida para comprobar que este a\u00f1o bajo la direcci\u00f3n de Jes\u00fas Cimarro y la organizaci\u00f3n Pentaci\u00f3n Espect\u00e1culos vuelve la magia grecolatina. No voy a entrar en temas pol\u00edticos, pero lo cierto es que no s\u00e9 como estar\u00e1 la situaci\u00f3n econ\u00f3mica del Festival,\" \/>\n<meta property=\"og:url\" content=\"https:\/\/www.euroresidentes.com\/entretenimiento\/teatro-principal\/preparando-la-58-edicion-del-festiva\/\" \/>\n<meta property=\"og:site_name\" content=\"Teatro Principal\" \/>\n<meta property=\"article:published_time\" content=\"2012-05-18T13:32:00+00:00\" \/>\n<meta property=\"article:modified_time\" content=\"2016-02-25T11:26:36+00:00\" \/>\n<meta property=\"og:image\" content=\"https:\/\/www.euroresidentes.com\/entretenimiento\/teatro-principal\/wp-content\/uploads\/sites\/23\/2012\/05\/programacion-cabecera.jpg\" \/>\n\t<meta property=\"og:image:width\" content=\"544\" \/>\n\t<meta property=\"og:image:height\" content=\"229\" \/>\n\t<meta property=\"og:image:type\" content=\"image\/jpeg\" \/>\n<meta name=\"author\" content=\"Euroresidentes\" \/>\n<meta name=\"twitter:card\" content=\"summary_large_image\" \/>\n<meta name=\"twitter:label1\" content=\"Written by\" \/>\n\t<meta name=\"twitter:data1\" content=\"Euroresidentes\" \/>\n\t<meta name=\"twitter:label2\" content=\"Est. reading time\" \/>\n\t<meta name=\"twitter:data2\" content=\"2 minutos\" \/>\n<script type=\"application\/ld+json\" class=\"yoast-schema-graph\">{\"@context\":\"https:\/\/schema.org\",\"@graph\":[{\"@type\":\"WebPage\",\"@id\":\"https:\/\/www.euroresidentes.com\/entretenimiento\/teatro-principal\/preparando-la-58-edicion-del-festiva\/\",\"url\":\"https:\/\/www.euroresidentes.com\/entretenimiento\/teatro-principal\/preparando-la-58-edicion-del-festiva\/\",\"name\":\"Preparando la 58\u00aa Edici\u00f3n del Festival de M\u00e9rida - Teatro Principal\",\"isPartOf\":{\"@id\":\"https:\/\/www.euroresidentes.com\/entretenimiento\/teatro-principal\/#website\"},\"primaryImageOfPage\":{\"@id\":\"https:\/\/www.euroresidentes.com\/entretenimiento\/teatro-principal\/preparando-la-58-edicion-del-festiva\/#primaryimage\"},\"image\":{\"@id\":\"https:\/\/www.euroresidentes.com\/entretenimiento\/teatro-principal\/preparando-la-58-edicion-del-festiva\/#primaryimage\"},\"thumbnailUrl\":\"https:\/\/www.euroresidentes.com\/entretenimiento\/teatro-principal\/wp-content\/uploads\/sites\/23\/2012\/05\/programacion-cabecera.jpg\",\"datePublished\":\"2012-05-18T13:32:00+00:00\",\"dateModified\":\"2016-02-25T11:26:36+00:00\",\"author\":{\"@id\":\"https:\/\/www.euroresidentes.com\/entretenimiento\/teatro-principal\/#\/schema\/person\/e41441f91af6208631ba0be4ea9c5f01\"},\"breadcrumb\":{\"@id\":\"https:\/\/www.euroresidentes.com\/entretenimiento\/teatro-principal\/preparando-la-58-edicion-del-festiva\/#breadcrumb\"},\"inLanguage\":\"es\",\"potentialAction\":[{\"@type\":\"ReadAction\",\"target\":[\"https:\/\/www.euroresidentes.com\/entretenimiento\/teatro-principal\/preparando-la-58-edicion-del-festiva\/\"]}]},{\"@type\":\"ImageObject\",\"inLanguage\":\"es\",\"@id\":\"https:\/\/www.euroresidentes.com\/entretenimiento\/teatro-principal\/preparando-la-58-edicion-del-festiva\/#primaryimage\",\"url\":\"https:\/\/www.euroresidentes.com\/entretenimiento\/teatro-principal\/wp-content\/uploads\/sites\/23\/2012\/05\/programacion-cabecera.jpg\",\"contentUrl\":\"https:\/\/www.euroresidentes.com\/entretenimiento\/teatro-principal\/wp-content\/uploads\/sites\/23\/2012\/05\/programacion-cabecera.jpg\",\"width\":544,\"height\":229},{\"@type\":\"BreadcrumbList\",\"@id\":\"https:\/\/www.euroresidentes.com\/entretenimiento\/teatro-principal\/preparando-la-58-edicion-del-festiva\/#breadcrumb\",\"itemListElement\":[{\"@type\":\"ListItem\",\"position\":1,\"name\":\"Portada\",\"item\":\"https:\/\/www.euroresidentes.com\/entretenimiento\/teatro-principal\/\"},{\"@type\":\"ListItem\",\"position\":2,\"name\":\"Preparando la 58\u00aa Edici\u00f3n del Festival de M\u00e9rida\"}]},{\"@type\":\"WebSite\",\"@id\":\"https:\/\/www.euroresidentes.com\/entretenimiento\/teatro-principal\/#website\",\"url\":\"https:\/\/www.euroresidentes.com\/entretenimiento\/teatro-principal\/\",\"name\":\"Teatro Principal\",\"description\":\"Otro sitio m\u00e1s de Sitios de Entretenimiento Euroresidentes\",\"potentialAction\":[{\"@type\":\"SearchAction\",\"target\":{\"@type\":\"EntryPoint\",\"urlTemplate\":\"https:\/\/www.euroresidentes.com\/entretenimiento\/teatro-principal\/?s={search_term_string}\"},\"query-input\":{\"@type\":\"PropertyValueSpecification\",\"valueRequired\":true,\"valueName\":\"search_term_string\"}}],\"inLanguage\":\"es\"},{\"@type\":\"Person\",\"@id\":\"https:\/\/www.euroresidentes.com\/entretenimiento\/teatro-principal\/#\/schema\/person\/e41441f91af6208631ba0be4ea9c5f01\",\"name\":\"Euroresidentes\",\"image\":{\"@type\":\"ImageObject\",\"inLanguage\":\"es\",\"@id\":\"https:\/\/www.euroresidentes.com\/entretenimiento\/teatro-principal\/#\/schema\/person\/image\/\",\"url\":\"https:\/\/www.euroresidentes.com\/entretenimiento\/teatro-principal\/wp-content\/uploads\/sites\/23\/2016\/09\/logo-euroresidentes-150x150.jpg\",\"contentUrl\":\"https:\/\/www.euroresidentes.com\/entretenimiento\/teatro-principal\/wp-content\/uploads\/sites\/23\/2016\/09\/logo-euroresidentes-150x150.jpg\",\"caption\":\"Euroresidentes\"},\"description\":\"Euroresidentes\",\"sameAs\":[\"https:\/\/www.euroresidentes.com\/info.htm\"],\"url\":\"https:\/\/www.euroresidentes.com\/entretenimiento\/teatro-principal\/author\/euroresidentes\/\"}]}<\/script>\n<!-- \/ Yoast SEO plugin. -->","yoast_head_json":{"title":"Preparando la 58\u00aa Edici\u00f3n del Festival de M\u00e9rida - Teatro Principal","robots":{"index":"index","follow":"follow","max-snippet":"max-snippet:-1","max-image-preview":"max-image-preview:large","max-video-preview":"max-video-preview:-1"},"canonical":"https:\/\/www.euroresidentes.com\/entretenimiento\/teatro-principal\/preparando-la-58-edicion-del-festiva\/","og_locale":"es_ES","og_type":"article","og_title":"Preparando la 58\u00aa Edici\u00f3n del Festival de M\u00e9rida - Teatro Principal","og_description":"Conoc\u00ed a Blanca Portillo en M\u00e9rida, justo un a\u00f1o antes de su paso fugaz como directora del certamen. La recuerdo como una grande, justo despu\u00e9s de haber interpretado a Medea de la mano del gran Tomaz Pandur. Pero ahora que Portillo se fu\u00e9 \u00bfQu\u00e9 pasar\u00e1 este 2012? Y justamente ayer me met\u00ed en la web del Festival de M\u00e9rida para comprobar que este a\u00f1o bajo la direcci\u00f3n de Jes\u00fas Cimarro y la organizaci\u00f3n Pentaci\u00f3n Espect\u00e1culos vuelve la magia grecolatina. No voy a entrar en temas pol\u00edticos, pero lo cierto es que no s\u00e9 como estar\u00e1 la situaci\u00f3n econ\u00f3mica del Festival,","og_url":"https:\/\/www.euroresidentes.com\/entretenimiento\/teatro-principal\/preparando-la-58-edicion-del-festiva\/","og_site_name":"Teatro Principal","article_published_time":"2012-05-18T13:32:00+00:00","article_modified_time":"2016-02-25T11:26:36+00:00","og_image":[{"width":544,"height":229,"url":"https:\/\/www.euroresidentes.com\/entretenimiento\/teatro-principal\/wp-content\/uploads\/sites\/23\/2012\/05\/programacion-cabecera.jpg","type":"image\/jpeg"}],"author":"Euroresidentes","twitter_card":"summary_large_image","twitter_misc":{"Written by":"Euroresidentes","Est. reading time":"2 minutos"},"schema":{"@context":"https:\/\/schema.org","@graph":[{"@type":"WebPage","@id":"https:\/\/www.euroresidentes.com\/entretenimiento\/teatro-principal\/preparando-la-58-edicion-del-festiva\/","url":"https:\/\/www.euroresidentes.com\/entretenimiento\/teatro-principal\/preparando-la-58-edicion-del-festiva\/","name":"Preparando la 58\u00aa Edici\u00f3n del Festival de M\u00e9rida - Teatro Principal","isPartOf":{"@id":"https:\/\/www.euroresidentes.com\/entretenimiento\/teatro-principal\/#website"},"primaryImageOfPage":{"@id":"https:\/\/www.euroresidentes.com\/entretenimiento\/teatro-principal\/preparando-la-58-edicion-del-festiva\/#primaryimage"},"image":{"@id":"https:\/\/www.euroresidentes.com\/entretenimiento\/teatro-principal\/preparando-la-58-edicion-del-festiva\/#primaryimage"},"thumbnailUrl":"https:\/\/www.euroresidentes.com\/entretenimiento\/teatro-principal\/wp-content\/uploads\/sites\/23\/2012\/05\/programacion-cabecera.jpg","datePublished":"2012-05-18T13:32:00+00:00","dateModified":"2016-02-25T11:26:36+00:00","author":{"@id":"https:\/\/www.euroresidentes.com\/entretenimiento\/teatro-principal\/#\/schema\/person\/e41441f91af6208631ba0be4ea9c5f01"},"breadcrumb":{"@id":"https:\/\/www.euroresidentes.com\/entretenimiento\/teatro-principal\/preparando-la-58-edicion-del-festiva\/#breadcrumb"},"inLanguage":"es","potentialAction":[{"@type":"ReadAction","target":["https:\/\/www.euroresidentes.com\/entretenimiento\/teatro-principal\/preparando-la-58-edicion-del-festiva\/"]}]},{"@type":"ImageObject","inLanguage":"es","@id":"https:\/\/www.euroresidentes.com\/entretenimiento\/teatro-principal\/preparando-la-58-edicion-del-festiva\/#primaryimage","url":"https:\/\/www.euroresidentes.com\/entretenimiento\/teatro-principal\/wp-content\/uploads\/sites\/23\/2012\/05\/programacion-cabecera.jpg","contentUrl":"https:\/\/www.euroresidentes.com\/entretenimiento\/teatro-principal\/wp-content\/uploads\/sites\/23\/2012\/05\/programacion-cabecera.jpg","width":544,"height":229},{"@type":"BreadcrumbList","@id":"https:\/\/www.euroresidentes.com\/entretenimiento\/teatro-principal\/preparando-la-58-edicion-del-festiva\/#breadcrumb","itemListElement":[{"@type":"ListItem","position":1,"name":"Portada","item":"https:\/\/www.euroresidentes.com\/entretenimiento\/teatro-principal\/"},{"@type":"ListItem","position":2,"name":"Preparando la 58\u00aa Edici\u00f3n del Festival de M\u00e9rida"}]},{"@type":"WebSite","@id":"https:\/\/www.euroresidentes.com\/entretenimiento\/teatro-principal\/#website","url":"https:\/\/www.euroresidentes.com\/entretenimiento\/teatro-principal\/","name":"Teatro Principal","description":"Otro sitio m\u00e1s de Sitios de Entretenimiento Euroresidentes","potentialAction":[{"@type":"SearchAction","target":{"@type":"EntryPoint","urlTemplate":"https:\/\/www.euroresidentes.com\/entretenimiento\/teatro-principal\/?s={search_term_string}"},"query-input":{"@type":"PropertyValueSpecification","valueRequired":true,"valueName":"search_term_string"}}],"inLanguage":"es"},{"@type":"Person","@id":"https:\/\/www.euroresidentes.com\/entretenimiento\/teatro-principal\/#\/schema\/person\/e41441f91af6208631ba0be4ea9c5f01","name":"Euroresidentes","image":{"@type":"ImageObject","inLanguage":"es","@id":"https:\/\/www.euroresidentes.com\/entretenimiento\/teatro-principal\/#\/schema\/person\/image\/","url":"https:\/\/www.euroresidentes.com\/entretenimiento\/teatro-principal\/wp-content\/uploads\/sites\/23\/2016\/09\/logo-euroresidentes-150x150.jpg","contentUrl":"https:\/\/www.euroresidentes.com\/entretenimiento\/teatro-principal\/wp-content\/uploads\/sites\/23\/2016\/09\/logo-euroresidentes-150x150.jpg","caption":"Euroresidentes"},"description":"Euroresidentes","sameAs":["https:\/\/www.euroresidentes.com\/info.htm"],"url":"https:\/\/www.euroresidentes.com\/entretenimiento\/teatro-principal\/author\/euroresidentes\/"}]}},"_links":{"self":[{"href":"https:\/\/www.euroresidentes.com\/entretenimiento\/teatro-principal\/wp-json\/wp\/v2\/posts\/181","targetHints":{"allow":["GET"]}}],"collection":[{"href":"https:\/\/www.euroresidentes.com\/entretenimiento\/teatro-principal\/wp-json\/wp\/v2\/posts"}],"about":[{"href":"https:\/\/www.euroresidentes.com\/entretenimiento\/teatro-principal\/wp-json\/wp\/v2\/types\/post"}],"author":[{"embeddable":true,"href":"https:\/\/www.euroresidentes.com\/entretenimiento\/teatro-principal\/wp-json\/wp\/v2\/users\/1"}],"replies":[{"embeddable":true,"href":"https:\/\/www.euroresidentes.com\/entretenimiento\/teatro-principal\/wp-json\/wp\/v2\/comments?post=181"}],"version-history":[{"count":1,"href":"https:\/\/www.euroresidentes.com\/entretenimiento\/teatro-principal\/wp-json\/wp\/v2\/posts\/181\/revisions"}],"predecessor-version":[{"id":255,"href":"https:\/\/www.euroresidentes.com\/entretenimiento\/teatro-principal\/wp-json\/wp\/v2\/posts\/181\/revisions\/255"}],"wp:featuredmedia":[{"embeddable":true,"href":"https:\/\/www.euroresidentes.com\/entretenimiento\/teatro-principal\/wp-json\/wp\/v2\/media\/254"}],"wp:attachment":[{"href":"https:\/\/www.euroresidentes.com\/entretenimiento\/teatro-principal\/wp-json\/wp\/v2\/media?parent=181"}],"wp:term":[{"taxonomy":"category","embeddable":true,"href":"https:\/\/www.euroresidentes.com\/entretenimiento\/teatro-principal\/wp-json\/wp\/v2\/categories?post=181"},{"taxonomy":"post_tag","embeddable":true,"href":"https:\/\/www.euroresidentes.com\/entretenimiento\/teatro-principal\/wp-json\/wp\/v2\/tags?post=181"}],"curies":[{"name":"wp","href":"https:\/\/api.w.org\/{rel}","templated":true}]}}