{"id":174,"date":"2012-07-19T16:02:00","date_gmt":"2012-07-19T16:02:00","guid":{"rendered":"https:\/\/www.euroresidentes.com\/entretenimiento\/teatro-principal\/subida-del-iva-en-teatro"},"modified":"2016-02-25T11:26:36","modified_gmt":"2016-02-25T11:26:36","slug":"subida-del-iva-en-teatro","status":"publish","type":"post","link":"https:\/\/www.euroresidentes.com\/entretenimiento\/teatro-principal\/subida-del-iva-en-teatro\/","title":{"rendered":"Subida del IVA en Teatro"},"content":{"rendered":"<p>Leyendo y leyendo la prensa y las redes sociales estos d\u00edas me doy cuenta de lo <b>preocupado que esta el sector del Teatro acerca de la subida del IVA<\/b> que se va a producir el pr\u00f3ximo mes de Septiembre. <\/p>\n<p><img loading=\"lazy\" decoding=\"async\" alt=\"\" class=\"biv-img alignleft\" height=\"331\" id=\"blogsy-1342713857058.1152\" src=\"https:\/\/www.euroresidentes.com\/entretenimiento\/teatro-principal\/wp-content\/uploads\/sites\/23\/2012\/07\/iva-21.jpg\" width=\"480\" \/><\/p>\n<p>\nHoy mismo, el gran Miguel del Arco ha colgado en su Facebook: <\/p>\n<blockquote class=\"tr_bq\"><p>\nMANIFESTACI\u00d3N, Plaza del Rey, frente al ministerio de cultura. Hoy a las 19,00. Esta claro lo que este gobierno piensa sobre la cultura. A la calle por la dignidad de nuestra profesi\u00f3n. No permitamos que nos conviertan en un pa\u00eds mas pobre, mas inculto y si ninguna visi\u00f3n de futuro. <\/p><\/blockquote>\n<p>\nMe he puesto manos a la obra en la b\u00fasqueda de estos ajustes en cultura.<\/p>\n<p>As\u00ed lo mas importante y lo que ha desatado la ira del sector es la <b>subida del IVA del 8% al 21% en las entradas de teatro<\/b>. Para poner un ejemplo si el Teatro de Alicante repercutiera toda la subida del IVA al consumidor, <b>la entrada que costaba 16 Euros hasta ahora, pasara a ser de 17.81 Euros<\/b>. <\/p>\n<p>\u00bfPero suceder\u00e1 esto? Pues existen varias opciones, puede ocurrir que suban el precio de la entrada, pero tambi\u00e9n que los Teatros y los empresarios no cambien los precios y disminuyan sus beneficios. Si sucediera esto, no deber\u00eda de bajar la demanda de Teatro.<\/p>\n<p>Hace dos d\u00edas, la directora de la Compa\u00f1\u00eda Nacional de Teatro Cl\u00e1sico, Helena Pimienta se\u00f1alo dos cosas, que <b>Espa\u00f1a tenis una buena salud teatral<\/b>, y que esta subida de IVA era un golpe muy duro. Pero lo que mas me gust\u00f3 fueron sus palabras finales.<\/p>\n<blockquote class=\"tr_bq\"><p>\nEl teatro siempre ha sido un arte de resistencia. Siempre nos hemos manejado con poca cosa. <\/p><\/blockquote>\n<p>\n<b>Por un lado la SGAE afirma que \u00abse nota que la cultura es ornamental\u00bb, por otro Mario Gas dice que \u00abEsto es una aberraci\u00f3n descomunal\u00bb.<\/b><\/p>\n<p>Sinceramente pienso que aquellos teatros que quieran mantener su publico deber\u00e1n asumir esta subida del IVA para poder seguir creciendo. E incluso bajar mas los precios con la finalidad de llenar las salas, tal vez diversificando mas los precios.<\/p>\n","protected":false},"excerpt":{"rendered":"<p>Leyendo y leyendo la prensa y las redes sociales estos d\u00edas me doy cuenta de lo preocupado que esta el sector del Teatro acerca de la subida del IVA que se va a producir el pr\u00f3ximo mes de Septiembre. Hoy mismo, el gran Miguel del Arco ha colgado en su Facebook: MANIFESTACI\u00d3N, Plaza del Rey, frente al ministerio de cultura. Hoy a las 19,00. Esta claro lo que este gobierno piensa sobre la cultura. A la calle por la dignidad de nuestra profesi\u00f3n. No permitamos que nos conviertan en un pa\u00eds mas pobre, mas inculto y si ninguna visi\u00f3n de <\/p>\n","protected":false},"author":1,"featured_media":232,"comment_status":"open","ping_status":"open","sticky":false,"template":"","format":"standard","meta":{"footnotes":""},"categories":[1],"tags":[219,220,221,222,223],"class_list":["post-174","post","type-post","status-publish","format-standard","has-post-thumbnail","hentry","category-sin-categoria","tag-helena-pimienta","tag-iva","tag-mario-gas","tag-miguel-del-arco","tag-sgae","has_thumb"],"yoast_head":"<!-- This site is optimized with the Yoast SEO plugin v24.1 - https:\/\/yoast.com\/wordpress\/plugins\/seo\/ -->\n<title>Subida del IVA en Teatro - Teatro Principal<\/title>\n<meta name=\"robots\" content=\"index, follow, max-snippet:-1, max-image-preview:large, max-video-preview:-1\" \/>\n<link rel=\"canonical\" href=\"https:\/\/www.euroresidentes.com\/entretenimiento\/teatro-principal\/subida-del-iva-en-teatro\/\" \/>\n<meta property=\"og:locale\" content=\"es_ES\" \/>\n<meta property=\"og:type\" content=\"article\" \/>\n<meta property=\"og:title\" content=\"Subida del IVA en Teatro - Teatro Principal\" \/>\n<meta property=\"og:description\" content=\"Leyendo y leyendo la prensa y las redes sociales estos d\u00edas me doy cuenta de lo preocupado que esta el sector del Teatro acerca de la subida del IVA que se va a producir el pr\u00f3ximo mes de Septiembre. Hoy mismo, el gran Miguel del Arco ha colgado en su Facebook: MANIFESTACI\u00d3N, Plaza del Rey, frente al ministerio de cultura. Hoy a las 19,00. Esta claro lo que este gobierno piensa sobre la cultura. A la calle por la dignidad de nuestra profesi\u00f3n. No permitamos que nos conviertan en un pa\u00eds mas pobre, mas inculto y si ninguna visi\u00f3n de\" \/>\n<meta property=\"og:url\" content=\"https:\/\/www.euroresidentes.com\/entretenimiento\/teatro-principal\/subida-del-iva-en-teatro\/\" \/>\n<meta property=\"og:site_name\" content=\"Teatro Principal\" \/>\n<meta property=\"article:published_time\" content=\"2012-07-19T16:02:00+00:00\" \/>\n<meta property=\"article:modified_time\" content=\"2016-02-25T11:26:36+00:00\" \/>\n<meta property=\"og:image\" content=\"https:\/\/www.euroresidentes.com\/entretenimiento\/teatro-principal\/wp-content\/uploads\/sites\/23\/2012\/07\/iva-21.jpg\" \/>\n\t<meta property=\"og:image:width\" content=\"800\" \/>\n\t<meta property=\"og:image:height\" content=\"553\" \/>\n\t<meta property=\"og:image:type\" content=\"image\/jpeg\" \/>\n<meta name=\"author\" content=\"Euroresidentes\" \/>\n<meta name=\"twitter:card\" content=\"summary_large_image\" \/>\n<meta name=\"twitter:label1\" content=\"Written by\" \/>\n\t<meta name=\"twitter:data1\" content=\"Euroresidentes\" \/>\n\t<meta name=\"twitter:label2\" content=\"Est. reading time\" \/>\n\t<meta name=\"twitter:data2\" content=\"2 minutos\" \/>\n<script type=\"application\/ld+json\" class=\"yoast-schema-graph\">{\"@context\":\"https:\/\/schema.org\",\"@graph\":[{\"@type\":\"WebPage\",\"@id\":\"https:\/\/www.euroresidentes.com\/entretenimiento\/teatro-principal\/subida-del-iva-en-teatro\/\",\"url\":\"https:\/\/www.euroresidentes.com\/entretenimiento\/teatro-principal\/subida-del-iva-en-teatro\/\",\"name\":\"Subida del IVA en Teatro - Teatro Principal\",\"isPartOf\":{\"@id\":\"https:\/\/www.euroresidentes.com\/entretenimiento\/teatro-principal\/#website\"},\"primaryImageOfPage\":{\"@id\":\"https:\/\/www.euroresidentes.com\/entretenimiento\/teatro-principal\/subida-del-iva-en-teatro\/#primaryimage\"},\"image\":{\"@id\":\"https:\/\/www.euroresidentes.com\/entretenimiento\/teatro-principal\/subida-del-iva-en-teatro\/#primaryimage\"},\"thumbnailUrl\":\"https:\/\/www.euroresidentes.com\/entretenimiento\/teatro-principal\/wp-content\/uploads\/sites\/23\/2012\/07\/iva-21.jpg\",\"datePublished\":\"2012-07-19T16:02:00+00:00\",\"dateModified\":\"2016-02-25T11:26:36+00:00\",\"author\":{\"@id\":\"https:\/\/www.euroresidentes.com\/entretenimiento\/teatro-principal\/#\/schema\/person\/e41441f91af6208631ba0be4ea9c5f01\"},\"breadcrumb\":{\"@id\":\"https:\/\/www.euroresidentes.com\/entretenimiento\/teatro-principal\/subida-del-iva-en-teatro\/#breadcrumb\"},\"inLanguage\":\"es\",\"potentialAction\":[{\"@type\":\"ReadAction\",\"target\":[\"https:\/\/www.euroresidentes.com\/entretenimiento\/teatro-principal\/subida-del-iva-en-teatro\/\"]}]},{\"@type\":\"ImageObject\",\"inLanguage\":\"es\",\"@id\":\"https:\/\/www.euroresidentes.com\/entretenimiento\/teatro-principal\/subida-del-iva-en-teatro\/#primaryimage\",\"url\":\"https:\/\/www.euroresidentes.com\/entretenimiento\/teatro-principal\/wp-content\/uploads\/sites\/23\/2012\/07\/iva-21.jpg\",\"contentUrl\":\"https:\/\/www.euroresidentes.com\/entretenimiento\/teatro-principal\/wp-content\/uploads\/sites\/23\/2012\/07\/iva-21.jpg\",\"width\":800,\"height\":553},{\"@type\":\"BreadcrumbList\",\"@id\":\"https:\/\/www.euroresidentes.com\/entretenimiento\/teatro-principal\/subida-del-iva-en-teatro\/#breadcrumb\",\"itemListElement\":[{\"@type\":\"ListItem\",\"position\":1,\"name\":\"Portada\",\"item\":\"https:\/\/www.euroresidentes.com\/entretenimiento\/teatro-principal\/\"},{\"@type\":\"ListItem\",\"position\":2,\"name\":\"Subida del IVA en Teatro\"}]},{\"@type\":\"WebSite\",\"@id\":\"https:\/\/www.euroresidentes.com\/entretenimiento\/teatro-principal\/#website\",\"url\":\"https:\/\/www.euroresidentes.com\/entretenimiento\/teatro-principal\/\",\"name\":\"Teatro Principal\",\"description\":\"Otro sitio m\u00e1s de Sitios de Entretenimiento Euroresidentes\",\"potentialAction\":[{\"@type\":\"SearchAction\",\"target\":{\"@type\":\"EntryPoint\",\"urlTemplate\":\"https:\/\/www.euroresidentes.com\/entretenimiento\/teatro-principal\/?s={search_term_string}\"},\"query-input\":{\"@type\":\"PropertyValueSpecification\",\"valueRequired\":true,\"valueName\":\"search_term_string\"}}],\"inLanguage\":\"es\"},{\"@type\":\"Person\",\"@id\":\"https:\/\/www.euroresidentes.com\/entretenimiento\/teatro-principal\/#\/schema\/person\/e41441f91af6208631ba0be4ea9c5f01\",\"name\":\"Euroresidentes\",\"image\":{\"@type\":\"ImageObject\",\"inLanguage\":\"es\",\"@id\":\"https:\/\/www.euroresidentes.com\/entretenimiento\/teatro-principal\/#\/schema\/person\/image\/\",\"url\":\"https:\/\/www.euroresidentes.com\/entretenimiento\/teatro-principal\/wp-content\/uploads\/sites\/23\/2016\/09\/logo-euroresidentes-150x150.jpg\",\"contentUrl\":\"https:\/\/www.euroresidentes.com\/entretenimiento\/teatro-principal\/wp-content\/uploads\/sites\/23\/2016\/09\/logo-euroresidentes-150x150.jpg\",\"caption\":\"Euroresidentes\"},\"description\":\"Euroresidentes\",\"sameAs\":[\"https:\/\/www.euroresidentes.com\/info.htm\"],\"url\":\"https:\/\/www.euroresidentes.com\/entretenimiento\/teatro-principal\/author\/euroresidentes\/\"}]}<\/script>\n<!-- \/ Yoast SEO plugin. -->","yoast_head_json":{"title":"Subida del IVA en Teatro - Teatro Principal","robots":{"index":"index","follow":"follow","max-snippet":"max-snippet:-1","max-image-preview":"max-image-preview:large","max-video-preview":"max-video-preview:-1"},"canonical":"https:\/\/www.euroresidentes.com\/entretenimiento\/teatro-principal\/subida-del-iva-en-teatro\/","og_locale":"es_ES","og_type":"article","og_title":"Subida del IVA en Teatro - Teatro Principal","og_description":"Leyendo y leyendo la prensa y las redes sociales estos d\u00edas me doy cuenta de lo preocupado que esta el sector del Teatro acerca de la subida del IVA que se va a producir el pr\u00f3ximo mes de Septiembre. Hoy mismo, el gran Miguel del Arco ha colgado en su Facebook: MANIFESTACI\u00d3N, Plaza del Rey, frente al ministerio de cultura. Hoy a las 19,00. Esta claro lo que este gobierno piensa sobre la cultura. A la calle por la dignidad de nuestra profesi\u00f3n. No permitamos que nos conviertan en un pa\u00eds mas pobre, mas inculto y si ninguna visi\u00f3n de","og_url":"https:\/\/www.euroresidentes.com\/entretenimiento\/teatro-principal\/subida-del-iva-en-teatro\/","og_site_name":"Teatro Principal","article_published_time":"2012-07-19T16:02:00+00:00","article_modified_time":"2016-02-25T11:26:36+00:00","og_image":[{"width":800,"height":553,"url":"https:\/\/www.euroresidentes.com\/entretenimiento\/teatro-principal\/wp-content\/uploads\/sites\/23\/2012\/07\/iva-21.jpg","type":"image\/jpeg"}],"author":"Euroresidentes","twitter_card":"summary_large_image","twitter_misc":{"Written by":"Euroresidentes","Est. reading time":"2 minutos"},"schema":{"@context":"https:\/\/schema.org","@graph":[{"@type":"WebPage","@id":"https:\/\/www.euroresidentes.com\/entretenimiento\/teatro-principal\/subida-del-iva-en-teatro\/","url":"https:\/\/www.euroresidentes.com\/entretenimiento\/teatro-principal\/subida-del-iva-en-teatro\/","name":"Subida del IVA en Teatro - Teatro Principal","isPartOf":{"@id":"https:\/\/www.euroresidentes.com\/entretenimiento\/teatro-principal\/#website"},"primaryImageOfPage":{"@id":"https:\/\/www.euroresidentes.com\/entretenimiento\/teatro-principal\/subida-del-iva-en-teatro\/#primaryimage"},"image":{"@id":"https:\/\/www.euroresidentes.com\/entretenimiento\/teatro-principal\/subida-del-iva-en-teatro\/#primaryimage"},"thumbnailUrl":"https:\/\/www.euroresidentes.com\/entretenimiento\/teatro-principal\/wp-content\/uploads\/sites\/23\/2012\/07\/iva-21.jpg","datePublished":"2012-07-19T16:02:00+00:00","dateModified":"2016-02-25T11:26:36+00:00","author":{"@id":"https:\/\/www.euroresidentes.com\/entretenimiento\/teatro-principal\/#\/schema\/person\/e41441f91af6208631ba0be4ea9c5f01"},"breadcrumb":{"@id":"https:\/\/www.euroresidentes.com\/entretenimiento\/teatro-principal\/subida-del-iva-en-teatro\/#breadcrumb"},"inLanguage":"es","potentialAction":[{"@type":"ReadAction","target":["https:\/\/www.euroresidentes.com\/entretenimiento\/teatro-principal\/subida-del-iva-en-teatro\/"]}]},{"@type":"ImageObject","inLanguage":"es","@id":"https:\/\/www.euroresidentes.com\/entretenimiento\/teatro-principal\/subida-del-iva-en-teatro\/#primaryimage","url":"https:\/\/www.euroresidentes.com\/entretenimiento\/teatro-principal\/wp-content\/uploads\/sites\/23\/2012\/07\/iva-21.jpg","contentUrl":"https:\/\/www.euroresidentes.com\/entretenimiento\/teatro-principal\/wp-content\/uploads\/sites\/23\/2012\/07\/iva-21.jpg","width":800,"height":553},{"@type":"BreadcrumbList","@id":"https:\/\/www.euroresidentes.com\/entretenimiento\/teatro-principal\/subida-del-iva-en-teatro\/#breadcrumb","itemListElement":[{"@type":"ListItem","position":1,"name":"Portada","item":"https:\/\/www.euroresidentes.com\/entretenimiento\/teatro-principal\/"},{"@type":"ListItem","position":2,"name":"Subida del IVA en Teatro"}]},{"@type":"WebSite","@id":"https:\/\/www.euroresidentes.com\/entretenimiento\/teatro-principal\/#website","url":"https:\/\/www.euroresidentes.com\/entretenimiento\/teatro-principal\/","name":"Teatro Principal","description":"Otro sitio m\u00e1s de Sitios de Entretenimiento Euroresidentes","potentialAction":[{"@type":"SearchAction","target":{"@type":"EntryPoint","urlTemplate":"https:\/\/www.euroresidentes.com\/entretenimiento\/teatro-principal\/?s={search_term_string}"},"query-input":{"@type":"PropertyValueSpecification","valueRequired":true,"valueName":"search_term_string"}}],"inLanguage":"es"},{"@type":"Person","@id":"https:\/\/www.euroresidentes.com\/entretenimiento\/teatro-principal\/#\/schema\/person\/e41441f91af6208631ba0be4ea9c5f01","name":"Euroresidentes","image":{"@type":"ImageObject","inLanguage":"es","@id":"https:\/\/www.euroresidentes.com\/entretenimiento\/teatro-principal\/#\/schema\/person\/image\/","url":"https:\/\/www.euroresidentes.com\/entretenimiento\/teatro-principal\/wp-content\/uploads\/sites\/23\/2016\/09\/logo-euroresidentes-150x150.jpg","contentUrl":"https:\/\/www.euroresidentes.com\/entretenimiento\/teatro-principal\/wp-content\/uploads\/sites\/23\/2016\/09\/logo-euroresidentes-150x150.jpg","caption":"Euroresidentes"},"description":"Euroresidentes","sameAs":["https:\/\/www.euroresidentes.com\/info.htm"],"url":"https:\/\/www.euroresidentes.com\/entretenimiento\/teatro-principal\/author\/euroresidentes\/"}]}},"_links":{"self":[{"href":"https:\/\/www.euroresidentes.com\/entretenimiento\/teatro-principal\/wp-json\/wp\/v2\/posts\/174","targetHints":{"allow":["GET"]}}],"collection":[{"href":"https:\/\/www.euroresidentes.com\/entretenimiento\/teatro-principal\/wp-json\/wp\/v2\/posts"}],"about":[{"href":"https:\/\/www.euroresidentes.com\/entretenimiento\/teatro-principal\/wp-json\/wp\/v2\/types\/post"}],"author":[{"embeddable":true,"href":"https:\/\/www.euroresidentes.com\/entretenimiento\/teatro-principal\/wp-json\/wp\/v2\/users\/1"}],"replies":[{"embeddable":true,"href":"https:\/\/www.euroresidentes.com\/entretenimiento\/teatro-principal\/wp-json\/wp\/v2\/comments?post=174"}],"version-history":[{"count":1,"href":"https:\/\/www.euroresidentes.com\/entretenimiento\/teatro-principal\/wp-json\/wp\/v2\/posts\/174\/revisions"}],"predecessor-version":[{"id":233,"href":"https:\/\/www.euroresidentes.com\/entretenimiento\/teatro-principal\/wp-json\/wp\/v2\/posts\/174\/revisions\/233"}],"wp:featuredmedia":[{"embeddable":true,"href":"https:\/\/www.euroresidentes.com\/entretenimiento\/teatro-principal\/wp-json\/wp\/v2\/media\/232"}],"wp:attachment":[{"href":"https:\/\/www.euroresidentes.com\/entretenimiento\/teatro-principal\/wp-json\/wp\/v2\/media?parent=174"}],"wp:term":[{"taxonomy":"category","embeddable":true,"href":"https:\/\/www.euroresidentes.com\/entretenimiento\/teatro-principal\/wp-json\/wp\/v2\/categories?post=174"},{"taxonomy":"post_tag","embeddable":true,"href":"https:\/\/www.euroresidentes.com\/entretenimiento\/teatro-principal\/wp-json\/wp\/v2\/tags?post=174"}],"curies":[{"name":"wp","href":"https:\/\/api.w.org\/{rel}","templated":true}]}}