{"id":172,"date":"2013-01-22T07:38:00","date_gmt":"2013-01-22T07:38:00","guid":{"rendered":"https:\/\/www.euroresidentes.com\/entretenimiento\/teatro-principal\/la-loba-con-nuria-esper"},"modified":"2016-02-25T11:26:36","modified_gmt":"2016-02-25T11:26:36","slug":"la-loba-con-nuria-esper","status":"publish","type":"post","link":"https:\/\/www.euroresidentes.com\/entretenimiento\/teatro-principal\/la-loba-con-nuria-esper\/","title":{"rendered":"La Loba con Nuria Espert"},"content":{"rendered":"<p><\/p>\n<div class=\"MsoNormal\">\nVuelvo a este, mi teatro principal, con muchas cosas de las<br \/>\nque hablar. Me va a tocar quitar el polvo al tel\u00f3n, ya que desde Julio estoy<br \/>\nsin escribir. Que no es que haya dejado de ver teatro, todo lo contrario, pero<br \/>\nalgunas veces uno no encuentra motivaci\u00f3n suficiente para compartirlas<br \/>\nexperiencias en este blog. <\/div>\n<div class=\"MsoNormal\">\n<\/div>\n<div class=\"MsoNormal\">\nPero he vuelto, me he sentado en una de estas butacas para&nbsp;hablaros&nbsp;de La Loba y su paso por el Teatro Principal de Alicante. Dentro de la programaci\u00f3n este<br \/>\nmontaje ha sido estrella. Yo creo que la funci\u00f3n m\u00e1s vendida si hablamos de<br \/>\nTeatro. \u00bfEl motivo? Nuria Espert.&nbsp;<\/div>\n<div class=\"separator\" style=\"clear: both; text-align: center;\">\n<a href=\"http:\/\/3.bp.blogspot.com\/-9g7crDZWRkY\/UMIRZGaMAkI\/AAAAAAAACZI\/CXbc8WwRK0Y\/s1600\/Cartel-la-loba-Nuria-Espert.JPG\" imageanchor=\"1\" style=\"margin-left: 1em; margin-right: 1em;\"><img loading=\"lazy\" decoding=\"async\" border=\"0\" height=\"320\" src=\"https:\/\/www.euroresidentes.com\/entretenimiento\/teatro-principal\/wp-content\/uploads\/sites\/23\/2013\/01\/Cartel-la-loba-Nuria-Espert.jpg\" width=\"225\" \/><\/a><\/div>\n<div class=\"MsoNormal\">\n<\/div>\n<div class=\"MsoNormal\">\n<\/div>\n<div class=\"MsoNormal\">\nLa primera vez que vi en un escenario a Nuria fue con la adaptaci\u00f3n de Miguel del Arco para el Texto de La Violaci\u00f3n de Lucrecia. En ese montaje aprend\u00ed que para ir a ver un cl\u00e1sico hay que&nbsp;hab\u00e9rselo&nbsp;trabajado antes, si no muchas cosas se escapan.&nbsp;<\/div>\n<div class=\"MsoNormal\">\n<\/div>\n<div class=\"MsoNormal\">\n<b>Nuria Espert estuvo&nbsp;majestuosa&nbsp;demostrando la gran Diva que es.<\/b> La voz, el movimiento, el cuerpo, la interpretaci\u00f3n&#8230; lo tuvo todo.&nbsp;<\/div>\n<div class=\"MsoNormal\">\n<\/div>\n<div class=\"MsoNormal\">\nMi impresi\u00f3n acerca de la Loba es de un montaje hecho por y para Nuria Espert. Mucho se ha hablado acerca del montaje: que si el reparto no es el adecuado, que si Nuria es muy mayor para el papel, que si deber\u00eda ser mucho m\u00e1s gritona&#8230;<\/div>\n<div class=\"MsoNormal\">\n<\/div>\n<div class=\"MsoNormal\">\nLa Loba tiene un concepto muy claro, y es la ambici\u00f3n con nombre de animal, sin sentimientos y cuyo \u00fanico consuelo es volar en libertad.&nbsp;<\/div>\n<div class=\"MsoNormal\">\n<\/div>\n<div class=\"MsoNormal\">\nHe coincidido con muchos conocidos en que el mejor momento interpretativo y emocionante del montaje se trata de <b>una escena hac\u00eda el final protagonizada por&nbsp;Jeannine Mestre<\/b>. Fue impresionante como supo contar la historia, su propia historia&#8230; Sin lugar a dudas el mejor momento.&nbsp;<\/div>\n<div class=\"MsoNormal\">\n<\/div>\n<div class=\"MsoNormal\">\nDe la escenograf\u00eda no puedo decir nada m\u00e1s que fue impresionante.&nbsp;<\/div>\n<div class=\"separator\" style=\"clear: both; text-align: center;\">\n<a href=\"http:\/\/3.bp.blogspot.com\/-kP2omf0vSRc\/UMIP9t9dPmI\/AAAAAAAACY8\/_VHtX95cvBo\/s1600\/escenografia-la-loba.jpg\" imageanchor=\"1\" style=\"margin-left: 1em; margin-right: 1em;\"><img loading=\"lazy\" decoding=\"async\" border=\"0\" height=\"164\" src=\"https:\/\/www.euroresidentes.com\/entretenimiento\/teatro-principal\/wp-content\/uploads\/sites\/23\/2013\/01\/escenografia-la-loba.jpg\" width=\"320\" \/><\/a><\/div>\n<div class=\"MsoNormal\">\nMe gusto especialmente la <b>creaci\u00f3n de diferentes ambientes que&nbsp;hicieron&nbsp;utilizando una pared semitransparente<\/b>. Si os&nbsp;fij\u00e1is&nbsp;en la imagen la lampara que se ve, est\u00e1 justamente&nbsp;detr\u00e1s&nbsp;de la pared, que dejaba ver una mesa de comedor. Otra cosa que me encanto fue la escalera, preciosa.&nbsp;<\/div>\n","protected":false},"excerpt":{"rendered":"<p>Vuelvo a este, mi teatro principal, con muchas cosas de las que hablar. Me va a tocar quitar el polvo al tel\u00f3n, ya que desde Julio estoy sin escribir. Que no es que haya dejado de ver teatro, todo lo contrario, pero algunas veces uno no encuentra motivaci\u00f3n suficiente para compartirlas experiencias en este blog. Pero he vuelto, me he sentado en una de estas butacas para&nbsp;hablaros&nbsp;de La Loba y su paso por el Teatro Principal de Alicante. Dentro de la programaci\u00f3n este montaje ha sido estrella. Yo creo que la funci\u00f3n m\u00e1s vendida si hablamos de Teatro. \u00bfEl motivo? <\/p>\n","protected":false},"author":1,"featured_media":225,"comment_status":"open","ping_status":"open","sticky":false,"template":"","format":"standard","meta":{"footnotes":""},"categories":[1],"tags":[210,211],"class_list":["post-172","post","type-post","status-publish","format-standard","has-post-thumbnail","hentry","category-sin-categoria","tag-jeannine-mestre","tag-nuria-espert","has_thumb"],"yoast_head":"<!-- This site is optimized with the Yoast SEO plugin v24.1 - https:\/\/yoast.com\/wordpress\/plugins\/seo\/ -->\n<title>La Loba con Nuria Espert - Teatro Principal<\/title>\n<meta name=\"robots\" content=\"index, follow, max-snippet:-1, max-image-preview:large, max-video-preview:-1\" \/>\n<link rel=\"canonical\" href=\"https:\/\/www.euroresidentes.com\/entretenimiento\/teatro-principal\/la-loba-con-nuria-esper\/\" \/>\n<meta property=\"og:locale\" content=\"es_ES\" \/>\n<meta property=\"og:type\" content=\"article\" \/>\n<meta property=\"og:title\" content=\"La Loba con Nuria Espert - Teatro Principal\" \/>\n<meta property=\"og:description\" content=\"Vuelvo a este, mi teatro principal, con muchas cosas de las que hablar. Me va a tocar quitar el polvo al tel\u00f3n, ya que desde Julio estoy sin escribir. Que no es que haya dejado de ver teatro, todo lo contrario, pero algunas veces uno no encuentra motivaci\u00f3n suficiente para compartirlas experiencias en este blog. Pero he vuelto, me he sentado en una de estas butacas para&nbsp;hablaros&nbsp;de La Loba y su paso por el Teatro Principal de Alicante. Dentro de la programaci\u00f3n este montaje ha sido estrella. Yo creo que la funci\u00f3n m\u00e1s vendida si hablamos de Teatro. \u00bfEl motivo?\" \/>\n<meta property=\"og:url\" content=\"https:\/\/www.euroresidentes.com\/entretenimiento\/teatro-principal\/la-loba-con-nuria-esper\/\" \/>\n<meta property=\"og:site_name\" content=\"Teatro Principal\" \/>\n<meta property=\"article:published_time\" content=\"2013-01-22T07:38:00+00:00\" \/>\n<meta property=\"article:modified_time\" content=\"2016-02-25T11:26:36+00:00\" \/>\n<meta property=\"og:image\" content=\"https:\/\/www.euroresidentes.com\/entretenimiento\/teatro-principal\/wp-content\/uploads\/sites\/23\/2013\/01\/Cartel-la-loba-Nuria-Espert.jpg\" \/>\n\t<meta property=\"og:image:width\" content=\"226\" \/>\n\t<meta property=\"og:image:height\" content=\"320\" \/>\n\t<meta property=\"og:image:type\" content=\"image\/jpeg\" \/>\n<meta name=\"author\" content=\"Euroresidentes\" \/>\n<meta name=\"twitter:card\" content=\"summary_large_image\" \/>\n<meta name=\"twitter:label1\" content=\"Written by\" \/>\n\t<meta name=\"twitter:data1\" content=\"Euroresidentes\" \/>\n\t<meta name=\"twitter:label2\" content=\"Est. reading time\" \/>\n\t<meta name=\"twitter:data2\" content=\"2 minutos\" \/>\n<script type=\"application\/ld+json\" class=\"yoast-schema-graph\">{\"@context\":\"https:\/\/schema.org\",\"@graph\":[{\"@type\":\"WebPage\",\"@id\":\"https:\/\/www.euroresidentes.com\/entretenimiento\/teatro-principal\/la-loba-con-nuria-esper\/\",\"url\":\"https:\/\/www.euroresidentes.com\/entretenimiento\/teatro-principal\/la-loba-con-nuria-esper\/\",\"name\":\"La Loba con Nuria Espert - Teatro Principal\",\"isPartOf\":{\"@id\":\"https:\/\/www.euroresidentes.com\/entretenimiento\/teatro-principal\/#website\"},\"primaryImageOfPage\":{\"@id\":\"https:\/\/www.euroresidentes.com\/entretenimiento\/teatro-principal\/la-loba-con-nuria-esper\/#primaryimage\"},\"image\":{\"@id\":\"https:\/\/www.euroresidentes.com\/entretenimiento\/teatro-principal\/la-loba-con-nuria-esper\/#primaryimage\"},\"thumbnailUrl\":\"https:\/\/www.euroresidentes.com\/entretenimiento\/teatro-principal\/wp-content\/uploads\/sites\/23\/2013\/01\/Cartel-la-loba-Nuria-Espert.jpg\",\"datePublished\":\"2013-01-22T07:38:00+00:00\",\"dateModified\":\"2016-02-25T11:26:36+00:00\",\"author\":{\"@id\":\"https:\/\/www.euroresidentes.com\/entretenimiento\/teatro-principal\/#\/schema\/person\/e41441f91af6208631ba0be4ea9c5f01\"},\"breadcrumb\":{\"@id\":\"https:\/\/www.euroresidentes.com\/entretenimiento\/teatro-principal\/la-loba-con-nuria-esper\/#breadcrumb\"},\"inLanguage\":\"es\",\"potentialAction\":[{\"@type\":\"ReadAction\",\"target\":[\"https:\/\/www.euroresidentes.com\/entretenimiento\/teatro-principal\/la-loba-con-nuria-esper\/\"]}]},{\"@type\":\"ImageObject\",\"inLanguage\":\"es\",\"@id\":\"https:\/\/www.euroresidentes.com\/entretenimiento\/teatro-principal\/la-loba-con-nuria-esper\/#primaryimage\",\"url\":\"https:\/\/www.euroresidentes.com\/entretenimiento\/teatro-principal\/wp-content\/uploads\/sites\/23\/2013\/01\/Cartel-la-loba-Nuria-Espert.jpg\",\"contentUrl\":\"https:\/\/www.euroresidentes.com\/entretenimiento\/teatro-principal\/wp-content\/uploads\/sites\/23\/2013\/01\/Cartel-la-loba-Nuria-Espert.jpg\",\"width\":226,\"height\":320},{\"@type\":\"BreadcrumbList\",\"@id\":\"https:\/\/www.euroresidentes.com\/entretenimiento\/teatro-principal\/la-loba-con-nuria-esper\/#breadcrumb\",\"itemListElement\":[{\"@type\":\"ListItem\",\"position\":1,\"name\":\"Portada\",\"item\":\"https:\/\/www.euroresidentes.com\/entretenimiento\/teatro-principal\/\"},{\"@type\":\"ListItem\",\"position\":2,\"name\":\"La Loba con Nuria Espert\"}]},{\"@type\":\"WebSite\",\"@id\":\"https:\/\/www.euroresidentes.com\/entretenimiento\/teatro-principal\/#website\",\"url\":\"https:\/\/www.euroresidentes.com\/entretenimiento\/teatro-principal\/\",\"name\":\"Teatro Principal\",\"description\":\"Otro sitio m\u00e1s de Sitios de Entretenimiento Euroresidentes\",\"potentialAction\":[{\"@type\":\"SearchAction\",\"target\":{\"@type\":\"EntryPoint\",\"urlTemplate\":\"https:\/\/www.euroresidentes.com\/entretenimiento\/teatro-principal\/?s={search_term_string}\"},\"query-input\":{\"@type\":\"PropertyValueSpecification\",\"valueRequired\":true,\"valueName\":\"search_term_string\"}}],\"inLanguage\":\"es\"},{\"@type\":\"Person\",\"@id\":\"https:\/\/www.euroresidentes.com\/entretenimiento\/teatro-principal\/#\/schema\/person\/e41441f91af6208631ba0be4ea9c5f01\",\"name\":\"Euroresidentes\",\"image\":{\"@type\":\"ImageObject\",\"inLanguage\":\"es\",\"@id\":\"https:\/\/www.euroresidentes.com\/entretenimiento\/teatro-principal\/#\/schema\/person\/image\/\",\"url\":\"https:\/\/www.euroresidentes.com\/entretenimiento\/teatro-principal\/wp-content\/uploads\/sites\/23\/2016\/09\/logo-euroresidentes-150x150.jpg\",\"contentUrl\":\"https:\/\/www.euroresidentes.com\/entretenimiento\/teatro-principal\/wp-content\/uploads\/sites\/23\/2016\/09\/logo-euroresidentes-150x150.jpg\",\"caption\":\"Euroresidentes\"},\"description\":\"Euroresidentes\",\"sameAs\":[\"https:\/\/www.euroresidentes.com\/info.htm\"],\"url\":\"https:\/\/www.euroresidentes.com\/entretenimiento\/teatro-principal\/author\/euroresidentes\/\"}]}<\/script>\n<!-- \/ Yoast SEO plugin. -->","yoast_head_json":{"title":"La Loba con Nuria Espert - Teatro Principal","robots":{"index":"index","follow":"follow","max-snippet":"max-snippet:-1","max-image-preview":"max-image-preview:large","max-video-preview":"max-video-preview:-1"},"canonical":"https:\/\/www.euroresidentes.com\/entretenimiento\/teatro-principal\/la-loba-con-nuria-esper\/","og_locale":"es_ES","og_type":"article","og_title":"La Loba con Nuria Espert - Teatro Principal","og_description":"Vuelvo a este, mi teatro principal, con muchas cosas de las que hablar. Me va a tocar quitar el polvo al tel\u00f3n, ya que desde Julio estoy sin escribir. Que no es que haya dejado de ver teatro, todo lo contrario, pero algunas veces uno no encuentra motivaci\u00f3n suficiente para compartirlas experiencias en este blog. Pero he vuelto, me he sentado en una de estas butacas para&nbsp;hablaros&nbsp;de La Loba y su paso por el Teatro Principal de Alicante. Dentro de la programaci\u00f3n este montaje ha sido estrella. Yo creo que la funci\u00f3n m\u00e1s vendida si hablamos de Teatro. \u00bfEl motivo?","og_url":"https:\/\/www.euroresidentes.com\/entretenimiento\/teatro-principal\/la-loba-con-nuria-esper\/","og_site_name":"Teatro Principal","article_published_time":"2013-01-22T07:38:00+00:00","article_modified_time":"2016-02-25T11:26:36+00:00","og_image":[{"width":226,"height":320,"url":"https:\/\/www.euroresidentes.com\/entretenimiento\/teatro-principal\/wp-content\/uploads\/sites\/23\/2013\/01\/Cartel-la-loba-Nuria-Espert.jpg","type":"image\/jpeg"}],"author":"Euroresidentes","twitter_card":"summary_large_image","twitter_misc":{"Written by":"Euroresidentes","Est. reading time":"2 minutos"},"schema":{"@context":"https:\/\/schema.org","@graph":[{"@type":"WebPage","@id":"https:\/\/www.euroresidentes.com\/entretenimiento\/teatro-principal\/la-loba-con-nuria-esper\/","url":"https:\/\/www.euroresidentes.com\/entretenimiento\/teatro-principal\/la-loba-con-nuria-esper\/","name":"La Loba con Nuria Espert - Teatro Principal","isPartOf":{"@id":"https:\/\/www.euroresidentes.com\/entretenimiento\/teatro-principal\/#website"},"primaryImageOfPage":{"@id":"https:\/\/www.euroresidentes.com\/entretenimiento\/teatro-principal\/la-loba-con-nuria-esper\/#primaryimage"},"image":{"@id":"https:\/\/www.euroresidentes.com\/entretenimiento\/teatro-principal\/la-loba-con-nuria-esper\/#primaryimage"},"thumbnailUrl":"https:\/\/www.euroresidentes.com\/entretenimiento\/teatro-principal\/wp-content\/uploads\/sites\/23\/2013\/01\/Cartel-la-loba-Nuria-Espert.jpg","datePublished":"2013-01-22T07:38:00+00:00","dateModified":"2016-02-25T11:26:36+00:00","author":{"@id":"https:\/\/www.euroresidentes.com\/entretenimiento\/teatro-principal\/#\/schema\/person\/e41441f91af6208631ba0be4ea9c5f01"},"breadcrumb":{"@id":"https:\/\/www.euroresidentes.com\/entretenimiento\/teatro-principal\/la-loba-con-nuria-esper\/#breadcrumb"},"inLanguage":"es","potentialAction":[{"@type":"ReadAction","target":["https:\/\/www.euroresidentes.com\/entretenimiento\/teatro-principal\/la-loba-con-nuria-esper\/"]}]},{"@type":"ImageObject","inLanguage":"es","@id":"https:\/\/www.euroresidentes.com\/entretenimiento\/teatro-principal\/la-loba-con-nuria-esper\/#primaryimage","url":"https:\/\/www.euroresidentes.com\/entretenimiento\/teatro-principal\/wp-content\/uploads\/sites\/23\/2013\/01\/Cartel-la-loba-Nuria-Espert.jpg","contentUrl":"https:\/\/www.euroresidentes.com\/entretenimiento\/teatro-principal\/wp-content\/uploads\/sites\/23\/2013\/01\/Cartel-la-loba-Nuria-Espert.jpg","width":226,"height":320},{"@type":"BreadcrumbList","@id":"https:\/\/www.euroresidentes.com\/entretenimiento\/teatro-principal\/la-loba-con-nuria-esper\/#breadcrumb","itemListElement":[{"@type":"ListItem","position":1,"name":"Portada","item":"https:\/\/www.euroresidentes.com\/entretenimiento\/teatro-principal\/"},{"@type":"ListItem","position":2,"name":"La Loba con Nuria Espert"}]},{"@type":"WebSite","@id":"https:\/\/www.euroresidentes.com\/entretenimiento\/teatro-principal\/#website","url":"https:\/\/www.euroresidentes.com\/entretenimiento\/teatro-principal\/","name":"Teatro Principal","description":"Otro sitio m\u00e1s de Sitios de Entretenimiento Euroresidentes","potentialAction":[{"@type":"SearchAction","target":{"@type":"EntryPoint","urlTemplate":"https:\/\/www.euroresidentes.com\/entretenimiento\/teatro-principal\/?s={search_term_string}"},"query-input":{"@type":"PropertyValueSpecification","valueRequired":true,"valueName":"search_term_string"}}],"inLanguage":"es"},{"@type":"Person","@id":"https:\/\/www.euroresidentes.com\/entretenimiento\/teatro-principal\/#\/schema\/person\/e41441f91af6208631ba0be4ea9c5f01","name":"Euroresidentes","image":{"@type":"ImageObject","inLanguage":"es","@id":"https:\/\/www.euroresidentes.com\/entretenimiento\/teatro-principal\/#\/schema\/person\/image\/","url":"https:\/\/www.euroresidentes.com\/entretenimiento\/teatro-principal\/wp-content\/uploads\/sites\/23\/2016\/09\/logo-euroresidentes-150x150.jpg","contentUrl":"https:\/\/www.euroresidentes.com\/entretenimiento\/teatro-principal\/wp-content\/uploads\/sites\/23\/2016\/09\/logo-euroresidentes-150x150.jpg","caption":"Euroresidentes"},"description":"Euroresidentes","sameAs":["https:\/\/www.euroresidentes.com\/info.htm"],"url":"https:\/\/www.euroresidentes.com\/entretenimiento\/teatro-principal\/author\/euroresidentes\/"}]}},"_links":{"self":[{"href":"https:\/\/www.euroresidentes.com\/entretenimiento\/teatro-principal\/wp-json\/wp\/v2\/posts\/172","targetHints":{"allow":["GET"]}}],"collection":[{"href":"https:\/\/www.euroresidentes.com\/entretenimiento\/teatro-principal\/wp-json\/wp\/v2\/posts"}],"about":[{"href":"https:\/\/www.euroresidentes.com\/entretenimiento\/teatro-principal\/wp-json\/wp\/v2\/types\/post"}],"author":[{"embeddable":true,"href":"https:\/\/www.euroresidentes.com\/entretenimiento\/teatro-principal\/wp-json\/wp\/v2\/users\/1"}],"replies":[{"embeddable":true,"href":"https:\/\/www.euroresidentes.com\/entretenimiento\/teatro-principal\/wp-json\/wp\/v2\/comments?post=172"}],"version-history":[{"count":1,"href":"https:\/\/www.euroresidentes.com\/entretenimiento\/teatro-principal\/wp-json\/wp\/v2\/posts\/172\/revisions"}],"predecessor-version":[{"id":227,"href":"https:\/\/www.euroresidentes.com\/entretenimiento\/teatro-principal\/wp-json\/wp\/v2\/posts\/172\/revisions\/227"}],"wp:featuredmedia":[{"embeddable":true,"href":"https:\/\/www.euroresidentes.com\/entretenimiento\/teatro-principal\/wp-json\/wp\/v2\/media\/225"}],"wp:attachment":[{"href":"https:\/\/www.euroresidentes.com\/entretenimiento\/teatro-principal\/wp-json\/wp\/v2\/media?parent=172"}],"wp:term":[{"taxonomy":"category","embeddable":true,"href":"https:\/\/www.euroresidentes.com\/entretenimiento\/teatro-principal\/wp-json\/wp\/v2\/categories?post=172"},{"taxonomy":"post_tag","embeddable":true,"href":"https:\/\/www.euroresidentes.com\/entretenimiento\/teatro-principal\/wp-json\/wp\/v2\/tags?post=172"}],"curies":[{"name":"wp","href":"https:\/\/api.w.org\/{rel}","templated":true}]}}