{"id":5910,"date":"2020-04-22T12:39:47","date_gmt":"2020-04-22T10:39:47","guid":{"rendered":"https:\/\/www.euroresidentes.com\/entretenimiento\/ocio-y-tiempo-libre\/?p=5910"},"modified":"2021-04-19T10:13:49","modified_gmt":"2021-04-19T08:13:49","slug":"dia-la-tierra-22-abril","status":"publish","type":"post","link":"https:\/\/www.euroresidentes.com\/entretenimiento\/ocio-y-tiempo-libre\/dia-la-tierra-22-abril\/","title":{"rendered":"D\u00eda de la Tierra &#8211; 22 de abril"},"content":{"rendered":"<p>Hoy 22 de abril se conmemora el d\u00eda en el que m\u00e1s de 20 millones de personas salieron a las calles de Estados Unidos a manifestarse a favor del medio ambiente.<\/p>\n<p>En 1970 la gente comenzaba a ser consciente de que el medioambiente estaba sufriendo, pero a\u00fan as\u00ed el senador Gaylord Nelson no consigui\u00f3 recibir apoyo para sus propuestas medioambientales, ni por parte de la ciudadan\u00eda ni por parte del gobierno. Nelson tom\u00f3 la decisi\u00f3n de <strong>convocar una manifestaci\u00f3n ante la pasividad que observaba por el cuidado del medioambiente<\/strong> y reclut\u00f3 para ello al activista Denis Hayes, conocido hoy en d\u00eda como el precursor del movimiento ecologista moderno. <strong>Esa manifestaci\u00f3n consigui\u00f3 sacar a las calles a 20 millones de personas<\/strong> y tras ella se consigui\u00f3 poner como tema de discusi\u00f3n en la agenda publica el tema ambiental. Adem\u00e1s, a finales de <strong>ese mismo a\u00f1o naci\u00f3 la Agencia de Protecci\u00f3n Medioambiental<\/strong> en EE.UU.<\/p>\n<p><img loading=\"lazy\" decoding=\"async\" class=\"aligncenter wp-image-5911\" src=\"https:\/\/www.euroresidentes.com\/entretenimiento\/ocio-y-tiempo-libre\/wp-content\/uploads\/sites\/22\/2020\/04\/d\u00eda-de-la-tierra.jpg\" alt=\"\" width=\"700\" height=\"700\" srcset=\"https:\/\/www.euroresidentes.com\/entretenimiento\/ocio-y-tiempo-libre\/wp-content\/uploads\/sites\/22\/2020\/04\/d\u00eda-de-la-tierra.jpg 1080w, https:\/\/www.euroresidentes.com\/entretenimiento\/ocio-y-tiempo-libre\/wp-content\/uploads\/sites\/22\/2020\/04\/d\u00eda-de-la-tierra-300x300.jpg 300w, https:\/\/www.euroresidentes.com\/entretenimiento\/ocio-y-tiempo-libre\/wp-content\/uploads\/sites\/22\/2020\/04\/d\u00eda-de-la-tierra-1024x1024.jpg 1024w, https:\/\/www.euroresidentes.com\/entretenimiento\/ocio-y-tiempo-libre\/wp-content\/uploads\/sites\/22\/2020\/04\/d\u00eda-de-la-tierra-150x150.jpg 150w, https:\/\/www.euroresidentes.com\/entretenimiento\/ocio-y-tiempo-libre\/wp-content\/uploads\/sites\/22\/2020\/04\/d\u00eda-de-la-tierra-768x768.jpg 768w, https:\/\/www.euroresidentes.com\/entretenimiento\/ocio-y-tiempo-libre\/wp-content\/uploads\/sites\/22\/2020\/04\/d\u00eda-de-la-tierra-297x297.jpg 297w, https:\/\/www.euroresidentes.com\/entretenimiento\/ocio-y-tiempo-libre\/wp-content\/uploads\/sites\/22\/2020\/04\/d\u00eda-de-la-tierra-75x75.jpg 75w\" sizes=\"auto, (max-width: 700px) 100vw, 700px\" \/><\/p>\n<p>Por esto el d\u00eda <strong>22 de abril de 1970, fue considerado el primer D\u00eda de la Tierra<\/strong>, para rendir homenaje a nuestro planeta y aumentar la conciencia colectiva acerca del cuidado del medioambiente.<\/p>\n<p>Dos a\u00f1os despu\u00e9s de este acontecimiento la <strong>ONU<\/strong>, realiz\u00f3 una conferencia (la <strong>Conferencia de Estocolmo<\/strong>), d\u00f3nde impuls\u00f3 a nivel global la conciencia ambiental e involucraci\u00f3n de los gobiernos. En el 1992 la ONU desarroll\u00f3 la<strong> Declaraci\u00f3n del R\u00edo<\/strong>, d\u00f3nde incit\u00f3 a los gobiernos a comprometerse y cooperar para proteger la naturaleza y los recursos naturales. Finalmente en 1997, se firm\u00f3 el <strong>Protocolo de Kioto<\/strong>, d\u00f3nde se establec\u00edan medidas para combatir el cambio clim\u00e1tico.<\/p>\n<p>Este Protocolo de Kioto llega a su fin en 2020 y ser\u00e1 sustituido por el <strong>Acuerdo de Par\u00eds<\/strong>, que tuvo lugar en 2015, y tiene un objetivo similar de actuaci\u00f3n contra el cambio clim\u00e1tico.<\/p>\n<p>De esta forma la ONU estableci\u00f3 dos d\u00edas m\u00e1s, adem\u00e1s del 22 de abril como D\u00eda de la Tierra, siendo el <strong>3 de marzo el D\u00eda Mundial de la Naturaleza y el 5 de junio el D\u00eda Mundial del Medio Ambiente<\/strong>.<\/p>\n<p>Lecturas relacionadas:<\/p>\n<ul>\n<li><a href=\"https:\/\/www.euroresidentes.com\/hogar\/consejos-trucos-remedios\/formas-de-cuidar-nuestro-planeta\">8 peque\u00f1as grandes ideas para cuidar nuestro planeta<\/a><\/li>\n<\/ul>\n","protected":false},"excerpt":{"rendered":"<p>Hoy 22 de abril se conmemora el d\u00eda en el que m\u00e1s de 20 millones de personas salieron a las calles de Estados Unidos a manifestarse a favor del medio ambiente. En 1970 la gente comenzaba a ser consciente de que el medioambiente estaba sufriendo, pero a\u00fan as\u00ed el senador Gaylord Nelson no consigui\u00f3 recibir apoyo para sus propuestas medioambientales, ni por parte de la ciudadan\u00eda ni por parte del gobierno. Nelson tom\u00f3 la decisi\u00f3n de convocar una manifestaci\u00f3n ante la pasividad que observaba por el cuidado del medioambiente y reclut\u00f3 para ello al activista Denis Hayes, conocido hoy en <\/p>\n","protected":false},"author":40,"featured_media":5911,"comment_status":"open","ping_status":"closed","sticky":false,"template":"","format":"standard","meta":{"footnotes":""},"categories":[1,51],"tags":[],"class_list":["post-5910","post","type-post","status-publish","format-standard","has-post-thumbnail","hentry","category-general","category-salud-y-belleza","has_thumb"],"yoast_head":"<!-- This site is optimized with the Yoast SEO plugin v24.1 - https:\/\/yoast.com\/wordpress\/plugins\/seo\/ -->\n<title>D\u00eda de la Tierra - 22 de abril<\/title>\n<meta name=\"description\" content=\"...por esto el d\u00eda 22 de abril de 1970, fue considerado el primer D\u00eda de la Tierra, para rendir homenaje a nuestro planeta y aumentar la conciencia...\" \/>\n<meta name=\"robots\" content=\"index, follow, max-snippet:-1, max-image-preview:large, max-video-preview:-1\" \/>\n<link rel=\"canonical\" href=\"https:\/\/www.euroresidentes.com\/entretenimiento\/ocio-y-tiempo-libre\/dia-la-tierra-22-abril\/\" \/>\n<meta property=\"og:locale\" content=\"es_ES\" \/>\n<meta property=\"og:type\" content=\"article\" \/>\n<meta property=\"og:title\" content=\"D\u00eda de la Tierra - 22 de abril\" \/>\n<meta property=\"og:description\" content=\"...por esto el d\u00eda 22 de abril de 1970, fue considerado el primer D\u00eda de la Tierra, para rendir homenaje a nuestro planeta y aumentar la conciencia...\" \/>\n<meta property=\"og:url\" content=\"https:\/\/www.euroresidentes.com\/entretenimiento\/ocio-y-tiempo-libre\/dia-la-tierra-22-abril\/\" \/>\n<meta property=\"og:site_name\" content=\"Ocio y tiempo libre\" \/>\n<meta property=\"article:publisher\" content=\"https:\/\/www.facebook.com\/euroresidentes\/\" \/>\n<meta property=\"article:published_time\" content=\"2020-04-22T10:39:47+00:00\" \/>\n<meta property=\"article:modified_time\" content=\"2021-04-19T08:13:49+00:00\" \/>\n<meta property=\"og:image\" content=\"https:\/\/www.euroresidentes.com\/entretenimiento\/ocio-y-tiempo-libre\/wp-content\/uploads\/sites\/22\/2020\/04\/d\u00eda-de-la-tierra.jpg\" \/>\n\t<meta property=\"og:image:width\" content=\"1080\" \/>\n\t<meta property=\"og:image:height\" content=\"1080\" \/>\n\t<meta property=\"og:image:type\" content=\"image\/jpeg\" \/>\n<meta name=\"author\" content=\"Laura Server\" \/>\n<meta name=\"twitter:card\" content=\"summary_large_image\" \/>\n<meta name=\"twitter:label1\" content=\"Written by\" \/>\n\t<meta name=\"twitter:data1\" content=\"Laura Server\" \/>\n\t<meta name=\"twitter:label2\" content=\"Est. reading time\" \/>\n\t<meta name=\"twitter:data2\" content=\"2 minutos\" \/>\n<script type=\"application\/ld+json\" class=\"yoast-schema-graph\">{\"@context\":\"https:\/\/schema.org\",\"@graph\":[{\"@type\":\"WebPage\",\"@id\":\"https:\/\/www.euroresidentes.com\/entretenimiento\/ocio-y-tiempo-libre\/dia-la-tierra-22-abril\/\",\"url\":\"https:\/\/www.euroresidentes.com\/entretenimiento\/ocio-y-tiempo-libre\/dia-la-tierra-22-abril\/\",\"name\":\"D\u00eda de la Tierra - 22 de abril\",\"isPartOf\":{\"@id\":\"https:\/\/www.euroresidentes.com\/entretenimiento\/ocio-y-tiempo-libre\/#website\"},\"primaryImageOfPage\":{\"@id\":\"https:\/\/www.euroresidentes.com\/entretenimiento\/ocio-y-tiempo-libre\/dia-la-tierra-22-abril\/#primaryimage\"},\"image\":{\"@id\":\"https:\/\/www.euroresidentes.com\/entretenimiento\/ocio-y-tiempo-libre\/dia-la-tierra-22-abril\/#primaryimage\"},\"thumbnailUrl\":\"https:\/\/www.euroresidentes.com\/entretenimiento\/ocio-y-tiempo-libre\/wp-content\/uploads\/sites\/22\/2020\/04\/d\u00eda-de-la-tierra.jpg\",\"datePublished\":\"2020-04-22T10:39:47+00:00\",\"dateModified\":\"2021-04-19T08:13:49+00:00\",\"author\":{\"@id\":\"https:\/\/www.euroresidentes.com\/entretenimiento\/ocio-y-tiempo-libre\/#\/schema\/person\/f01012c138718f74e06bbd8906838ff9\"},\"description\":\"...por esto el d\u00eda 22 de abril de 1970, fue considerado el primer D\u00eda de la Tierra, para rendir homenaje a nuestro planeta y aumentar la conciencia...\",\"breadcrumb\":{\"@id\":\"https:\/\/www.euroresidentes.com\/entretenimiento\/ocio-y-tiempo-libre\/dia-la-tierra-22-abril\/#breadcrumb\"},\"inLanguage\":\"es\",\"potentialAction\":[{\"@type\":\"ReadAction\",\"target\":[\"https:\/\/www.euroresidentes.com\/entretenimiento\/ocio-y-tiempo-libre\/dia-la-tierra-22-abril\/\"]}]},{\"@type\":\"ImageObject\",\"inLanguage\":\"es\",\"@id\":\"https:\/\/www.euroresidentes.com\/entretenimiento\/ocio-y-tiempo-libre\/dia-la-tierra-22-abril\/#primaryimage\",\"url\":\"https:\/\/www.euroresidentes.com\/entretenimiento\/ocio-y-tiempo-libre\/wp-content\/uploads\/sites\/22\/2020\/04\/d\u00eda-de-la-tierra.jpg\",\"contentUrl\":\"https:\/\/www.euroresidentes.com\/entretenimiento\/ocio-y-tiempo-libre\/wp-content\/uploads\/sites\/22\/2020\/04\/d\u00eda-de-la-tierra.jpg\",\"width\":1080,\"height\":1080},{\"@type\":\"BreadcrumbList\",\"@id\":\"https:\/\/www.euroresidentes.com\/entretenimiento\/ocio-y-tiempo-libre\/dia-la-tierra-22-abril\/#breadcrumb\",\"itemListElement\":[{\"@type\":\"ListItem\",\"position\":1,\"name\":\"Portada\",\"item\":\"https:\/\/www.euroresidentes.com\/entretenimiento\/ocio-y-tiempo-libre\/\"},{\"@type\":\"ListItem\",\"position\":2,\"name\":\"D\u00eda de la Tierra &#8211; 22 de abril\"}]},{\"@type\":\"WebSite\",\"@id\":\"https:\/\/www.euroresidentes.com\/entretenimiento\/ocio-y-tiempo-libre\/#website\",\"url\":\"https:\/\/www.euroresidentes.com\/entretenimiento\/ocio-y-tiempo-libre\/\",\"name\":\"Ocio y tiempo libre\",\"description\":\"Euroresidentes\",\"potentialAction\":[{\"@type\":\"SearchAction\",\"target\":{\"@type\":\"EntryPoint\",\"urlTemplate\":\"https:\/\/www.euroresidentes.com\/entretenimiento\/ocio-y-tiempo-libre\/?s={search_term_string}\"},\"query-input\":{\"@type\":\"PropertyValueSpecification\",\"valueRequired\":true,\"valueName\":\"search_term_string\"}}],\"inLanguage\":\"es\"},{\"@type\":\"Person\",\"@id\":\"https:\/\/www.euroresidentes.com\/entretenimiento\/ocio-y-tiempo-libre\/#\/schema\/person\/f01012c138718f74e06bbd8906838ff9\",\"name\":\"Laura Server\",\"image\":{\"@type\":\"ImageObject\",\"inLanguage\":\"es\",\"@id\":\"https:\/\/www.euroresidentes.com\/entretenimiento\/ocio-y-tiempo-libre\/#\/schema\/person\/image\/\",\"url\":\"https:\/\/www.euroresidentes.com\/entretenimiento\/ocio-y-tiempo-libre\/wp-content\/uploads\/sites\/22\/2020\/03\/IMG-20190407-WA0038-150x150.jpg\",\"contentUrl\":\"https:\/\/www.euroresidentes.com\/entretenimiento\/ocio-y-tiempo-libre\/wp-content\/uploads\/sites\/22\/2020\/03\/IMG-20190407-WA0038-150x150.jpg\",\"caption\":\"Laura Server\"},\"url\":\"https:\/\/www.euroresidentes.com\/entretenimiento\/ocio-y-tiempo-libre\/author\/lauraserver\/\"}]}<\/script>\n<!-- \/ Yoast SEO plugin. -->","yoast_head_json":{"title":"D\u00eda de la Tierra - 22 de abril","description":"...por esto el d\u00eda 22 de abril de 1970, fue considerado el primer D\u00eda de la Tierra, para rendir homenaje a nuestro planeta y aumentar la conciencia...","robots":{"index":"index","follow":"follow","max-snippet":"max-snippet:-1","max-image-preview":"max-image-preview:large","max-video-preview":"max-video-preview:-1"},"canonical":"https:\/\/www.euroresidentes.com\/entretenimiento\/ocio-y-tiempo-libre\/dia-la-tierra-22-abril\/","og_locale":"es_ES","og_type":"article","og_title":"D\u00eda de la Tierra - 22 de abril","og_description":"...por esto el d\u00eda 22 de abril de 1970, fue considerado el primer D\u00eda de la Tierra, para rendir homenaje a nuestro planeta y aumentar la conciencia...","og_url":"https:\/\/www.euroresidentes.com\/entretenimiento\/ocio-y-tiempo-libre\/dia-la-tierra-22-abril\/","og_site_name":"Ocio y tiempo libre","article_publisher":"https:\/\/www.facebook.com\/euroresidentes\/","article_published_time":"2020-04-22T10:39:47+00:00","article_modified_time":"2021-04-19T08:13:49+00:00","og_image":[{"width":1080,"height":1080,"url":"https:\/\/www.euroresidentes.com\/entretenimiento\/ocio-y-tiempo-libre\/wp-content\/uploads\/sites\/22\/2020\/04\/d\u00eda-de-la-tierra.jpg","type":"image\/jpeg"}],"author":"Laura Server","twitter_card":"summary_large_image","twitter_misc":{"Written by":"Laura Server","Est. reading time":"2 minutos"},"schema":{"@context":"https:\/\/schema.org","@graph":[{"@type":"WebPage","@id":"https:\/\/www.euroresidentes.com\/entretenimiento\/ocio-y-tiempo-libre\/dia-la-tierra-22-abril\/","url":"https:\/\/www.euroresidentes.com\/entretenimiento\/ocio-y-tiempo-libre\/dia-la-tierra-22-abril\/","name":"D\u00eda de la Tierra - 22 de abril","isPartOf":{"@id":"https:\/\/www.euroresidentes.com\/entretenimiento\/ocio-y-tiempo-libre\/#website"},"primaryImageOfPage":{"@id":"https:\/\/www.euroresidentes.com\/entretenimiento\/ocio-y-tiempo-libre\/dia-la-tierra-22-abril\/#primaryimage"},"image":{"@id":"https:\/\/www.euroresidentes.com\/entretenimiento\/ocio-y-tiempo-libre\/dia-la-tierra-22-abril\/#primaryimage"},"thumbnailUrl":"https:\/\/www.euroresidentes.com\/entretenimiento\/ocio-y-tiempo-libre\/wp-content\/uploads\/sites\/22\/2020\/04\/d\u00eda-de-la-tierra.jpg","datePublished":"2020-04-22T10:39:47+00:00","dateModified":"2021-04-19T08:13:49+00:00","author":{"@id":"https:\/\/www.euroresidentes.com\/entretenimiento\/ocio-y-tiempo-libre\/#\/schema\/person\/f01012c138718f74e06bbd8906838ff9"},"description":"...por esto el d\u00eda 22 de abril de 1970, fue considerado el primer D\u00eda de la Tierra, para rendir homenaje a nuestro planeta y aumentar la conciencia...","breadcrumb":{"@id":"https:\/\/www.euroresidentes.com\/entretenimiento\/ocio-y-tiempo-libre\/dia-la-tierra-22-abril\/#breadcrumb"},"inLanguage":"es","potentialAction":[{"@type":"ReadAction","target":["https:\/\/www.euroresidentes.com\/entretenimiento\/ocio-y-tiempo-libre\/dia-la-tierra-22-abril\/"]}]},{"@type":"ImageObject","inLanguage":"es","@id":"https:\/\/www.euroresidentes.com\/entretenimiento\/ocio-y-tiempo-libre\/dia-la-tierra-22-abril\/#primaryimage","url":"https:\/\/www.euroresidentes.com\/entretenimiento\/ocio-y-tiempo-libre\/wp-content\/uploads\/sites\/22\/2020\/04\/d\u00eda-de-la-tierra.jpg","contentUrl":"https:\/\/www.euroresidentes.com\/entretenimiento\/ocio-y-tiempo-libre\/wp-content\/uploads\/sites\/22\/2020\/04\/d\u00eda-de-la-tierra.jpg","width":1080,"height":1080},{"@type":"BreadcrumbList","@id":"https:\/\/www.euroresidentes.com\/entretenimiento\/ocio-y-tiempo-libre\/dia-la-tierra-22-abril\/#breadcrumb","itemListElement":[{"@type":"ListItem","position":1,"name":"Portada","item":"https:\/\/www.euroresidentes.com\/entretenimiento\/ocio-y-tiempo-libre\/"},{"@type":"ListItem","position":2,"name":"D\u00eda de la Tierra &#8211; 22 de abril"}]},{"@type":"WebSite","@id":"https:\/\/www.euroresidentes.com\/entretenimiento\/ocio-y-tiempo-libre\/#website","url":"https:\/\/www.euroresidentes.com\/entretenimiento\/ocio-y-tiempo-libre\/","name":"Ocio y tiempo libre","description":"Euroresidentes","potentialAction":[{"@type":"SearchAction","target":{"@type":"EntryPoint","urlTemplate":"https:\/\/www.euroresidentes.com\/entretenimiento\/ocio-y-tiempo-libre\/?s={search_term_string}"},"query-input":{"@type":"PropertyValueSpecification","valueRequired":true,"valueName":"search_term_string"}}],"inLanguage":"es"},{"@type":"Person","@id":"https:\/\/www.euroresidentes.com\/entretenimiento\/ocio-y-tiempo-libre\/#\/schema\/person\/f01012c138718f74e06bbd8906838ff9","name":"Laura Server","image":{"@type":"ImageObject","inLanguage":"es","@id":"https:\/\/www.euroresidentes.com\/entretenimiento\/ocio-y-tiempo-libre\/#\/schema\/person\/image\/","url":"https:\/\/www.euroresidentes.com\/entretenimiento\/ocio-y-tiempo-libre\/wp-content\/uploads\/sites\/22\/2020\/03\/IMG-20190407-WA0038-150x150.jpg","contentUrl":"https:\/\/www.euroresidentes.com\/entretenimiento\/ocio-y-tiempo-libre\/wp-content\/uploads\/sites\/22\/2020\/03\/IMG-20190407-WA0038-150x150.jpg","caption":"Laura Server"},"url":"https:\/\/www.euroresidentes.com\/entretenimiento\/ocio-y-tiempo-libre\/author\/lauraserver\/"}]}},"_links":{"self":[{"href":"https:\/\/www.euroresidentes.com\/entretenimiento\/ocio-y-tiempo-libre\/wp-json\/wp\/v2\/posts\/5910","targetHints":{"allow":["GET"]}}],"collection":[{"href":"https:\/\/www.euroresidentes.com\/entretenimiento\/ocio-y-tiempo-libre\/wp-json\/wp\/v2\/posts"}],"about":[{"href":"https:\/\/www.euroresidentes.com\/entretenimiento\/ocio-y-tiempo-libre\/wp-json\/wp\/v2\/types\/post"}],"author":[{"embeddable":true,"href":"https:\/\/www.euroresidentes.com\/entretenimiento\/ocio-y-tiempo-libre\/wp-json\/wp\/v2\/users\/40"}],"replies":[{"embeddable":true,"href":"https:\/\/www.euroresidentes.com\/entretenimiento\/ocio-y-tiempo-libre\/wp-json\/wp\/v2\/comments?post=5910"}],"version-history":[{"count":6,"href":"https:\/\/www.euroresidentes.com\/entretenimiento\/ocio-y-tiempo-libre\/wp-json\/wp\/v2\/posts\/5910\/revisions"}],"predecessor-version":[{"id":6161,"href":"https:\/\/www.euroresidentes.com\/entretenimiento\/ocio-y-tiempo-libre\/wp-json\/wp\/v2\/posts\/5910\/revisions\/6161"}],"wp:featuredmedia":[{"embeddable":true,"href":"https:\/\/www.euroresidentes.com\/entretenimiento\/ocio-y-tiempo-libre\/wp-json\/wp\/v2\/media\/5911"}],"wp:attachment":[{"href":"https:\/\/www.euroresidentes.com\/entretenimiento\/ocio-y-tiempo-libre\/wp-json\/wp\/v2\/media?parent=5910"}],"wp:term":[{"taxonomy":"category","embeddable":true,"href":"https:\/\/www.euroresidentes.com\/entretenimiento\/ocio-y-tiempo-libre\/wp-json\/wp\/v2\/categories?post=5910"},{"taxonomy":"post_tag","embeddable":true,"href":"https:\/\/www.euroresidentes.com\/entretenimiento\/ocio-y-tiempo-libre\/wp-json\/wp\/v2\/tags?post=5910"}],"curies":[{"name":"wp","href":"https:\/\/api.w.org\/{rel}","templated":true}]}}