{"id":93,"date":"2007-06-04T10:10:00","date_gmt":"2007-06-04T10:10:00","guid":{"rendered":"https:\/\/www.euroresidentes.com\/entretenimiento\/musica-clasica\/2007\/06\/daniel-barenboim.html"},"modified":"2007-06-04T10:10:00","modified_gmt":"2007-06-04T10:10:00","slug":"daniel-barenboim","status":"publish","type":"post","link":"https:\/\/www.euroresidentes.com\/entretenimiento\/musica-clasica\/daniel-barenboim\/","title":{"rendered":"Daniel Barenboim"},"content":{"rendered":"<p>Barenboim es Ruso-Jud\u00edo y naci\u00f3 en Argentina en 1942. Ha tenido una vida profesional excepcional hasta ahora. Hizo su debut como pianista en Viena y Roma cuando solo tenia diez a\u00f1os y durante los 3 a\u00f1os siguientes toco en Paris, Londres y New York. Hizo su primer grabaci\u00f3n en 1954. Ha grabado todas las sonatas y conciertos de Mozart, los conciertos de Beethoven (dos veces) y los conciertos de Brahms y Bartok. Pero despu\u00e9s cambio de direcci\u00f3n, algo que hemos visto con otros artistas. Dirigi\u00f3 la Orquesta Filarmon\u00eda de Londres por primera vez en 1967 y despu\u00e9s fue invitado a dirigir muchas de las grandes orquestas de Europa y Norte Am\u00e9rica.<\/p>\n<p>Fue director de la Orquesta de Paris y en 1981 dirigi\u00f3 Wagner en Bayreuth. Tambi\u00e9n ha sido director de la Orquesta Sinf\u00f3nica de Chicago y la compa\u00f1\u00eda de Opera de Berlin (Berlin State Opera) de lo cual ahora tiene el titulo de director para toda su vida. El a\u00f1o pasado fue nombrado como director invitado del teatro de opera \u2018la Scala\u2019 en Milan.<\/p>\n<p>En 2004 Barenboim gano el premio anual de la Fundaci\u00f3n Wolf. Es un premio que se otorga a artistas y cient\u00edficos vivos para sus contribuciones a la humanidad y las relaciones amistosas entre la gente. La ceremonia tuvo lugar en el Knesset (el parlamento Israeli) y fue grabado para el documental sobre la orquesta West-Eastern Divan. Despu\u00e9s de la presentaci\u00f3n del premio Barenboim dio un peque\u00f1o discurso y recordaba a la gente que la declaraci\u00f3n de independencia de Israel esta basada en \u2018la libertad, la justicia y la paz sin tener en cuenta la religi\u00f3n, la raza o el genero. La ministra de Educaci\u00f3n Israel\u00ed enfureci\u00f3 con esta situaci\u00f3n y se levanto para decir que no estaban de acuerdo de que Barenboim deber\u00eda recibir el premio. Ella hab\u00eda estado en contra de la decisi\u00f3n por lo que ella consideraba un \u2018ataque contra el estado de Israel\u2019. Barenboim contesto que no hab\u00eda ning\u00fan ataque pero solo un deseo para llamar la atenci\u00f3n al contraste entre los preceptos y la realidad de la pol\u00edtica.<\/p>\n<p>Barenboim es un humanista de primer orden. Dio la Conferencia Reith 2006 (su amigo  Edward Said tambi\u00e9n lo hab\u00eda hecho en 1993). Ha hablado en varias ciudades sobre el tema \u2018Al inicio hubo sonidos&#8230;\u2019 He escuchado algunos de sus discursos en directo y me parece que es un hombre con mucha distincion. Se puede escuchar algunos sus discursos a trav\u00e9s de la pagina web de la BBC.<\/p>\n<p>Barenboim es un esp\u00edritu libre en una edad de mentes cerradas. Sus ideas y valores deber\u00edan ser honorados y respetados por todos los interesados en la libertad y la justicia. <\/p>\n<p>B.R.<\/p>\n","protected":false},"excerpt":{"rendered":"<p>Barenboim es Ruso-Jud\u00edo y naci\u00f3 en Argentina en 1942. Ha tenido una vida profesional excepcional hasta ahora. Hizo su debut como pianista en Viena y Roma cuando solo tenia diez a\u00f1os y durante los 3 a\u00f1os siguientes toco en Paris, Londres y New York. Hizo su primer grabaci\u00f3n en 1954. Ha grabado todas las sonatas y conciertos de Mozart, los conciertos de Beethoven (dos veces) y los conciertos de Brahms y Bartok. Pero despu\u00e9s cambio de direcci\u00f3n, algo que hemos visto con otros artistas. Dirigi\u00f3 la Orquesta Filarmon\u00eda de Londres por primera vez en 1967 y despu\u00e9s fue invitado a <\/p>\n","protected":false},"author":1,"featured_media":0,"comment_status":"open","ping_status":"open","sticky":false,"template":"","format":"standard","meta":{"footnotes":""},"categories":[1],"tags":[],"class_list":["post-93","post","type-post","status-publish","format-standard","hentry","category-sin-categoria"],"yoast_head":"<!-- This site is optimized with the Yoast SEO plugin v24.1 - https:\/\/yoast.com\/wordpress\/plugins\/seo\/ -->\n<title>Daniel Barenboim - M\u00fasica cl\u00e1sica<\/title>\n<meta name=\"robots\" content=\"index, follow, max-snippet:-1, max-image-preview:large, max-video-preview:-1\" \/>\n<link rel=\"canonical\" href=\"https:\/\/www.euroresidentes.com\/entretenimiento\/musica-clasica\/daniel-barenboim\/\" \/>\n<meta property=\"og:locale\" content=\"es_ES\" \/>\n<meta property=\"og:type\" content=\"article\" \/>\n<meta property=\"og:title\" content=\"Daniel Barenboim - M\u00fasica cl\u00e1sica\" \/>\n<meta property=\"og:description\" content=\"Barenboim es Ruso-Jud\u00edo y naci\u00f3 en Argentina en 1942. Ha tenido una vida profesional excepcional hasta ahora. Hizo su debut como pianista en Viena y Roma cuando solo tenia diez a\u00f1os y durante los 3 a\u00f1os siguientes toco en Paris, Londres y New York. Hizo su primer grabaci\u00f3n en 1954. Ha grabado todas las sonatas y conciertos de Mozart, los conciertos de Beethoven (dos veces) y los conciertos de Brahms y Bartok. Pero despu\u00e9s cambio de direcci\u00f3n, algo que hemos visto con otros artistas. Dirigi\u00f3 la Orquesta Filarmon\u00eda de Londres por primera vez en 1967 y despu\u00e9s fue invitado a\" \/>\n<meta property=\"og:url\" content=\"https:\/\/www.euroresidentes.com\/entretenimiento\/musica-clasica\/daniel-barenboim\/\" \/>\n<meta property=\"og:site_name\" content=\"M\u00fasica cl\u00e1sica\" \/>\n<meta property=\"article:published_time\" content=\"2007-06-04T10:10:00+00:00\" \/>\n<meta name=\"author\" content=\"Euroresidentes\" \/>\n<meta name=\"twitter:card\" content=\"summary_large_image\" \/>\n<meta name=\"twitter:label1\" content=\"Written by\" \/>\n\t<meta name=\"twitter:data1\" content=\"Euroresidentes\" \/>\n\t<meta name=\"twitter:label2\" content=\"Est. reading time\" \/>\n\t<meta name=\"twitter:data2\" content=\"2 minutos\" \/>\n<script type=\"application\/ld+json\" class=\"yoast-schema-graph\">{\"@context\":\"https:\/\/schema.org\",\"@graph\":[{\"@type\":\"WebPage\",\"@id\":\"https:\/\/www.euroresidentes.com\/entretenimiento\/musica-clasica\/daniel-barenboim\/\",\"url\":\"https:\/\/www.euroresidentes.com\/entretenimiento\/musica-clasica\/daniel-barenboim\/\",\"name\":\"Daniel Barenboim - M\u00fasica cl\u00e1sica\",\"isPartOf\":{\"@id\":\"https:\/\/www.euroresidentes.com\/entretenimiento\/musica-clasica\/#website\"},\"datePublished\":\"2007-06-04T10:10:00+00:00\",\"dateModified\":\"2007-06-04T10:10:00+00:00\",\"author\":{\"@id\":\"https:\/\/www.euroresidentes.com\/entretenimiento\/musica-clasica\/#\/schema\/person\/e41441f91af6208631ba0be4ea9c5f01\"},\"breadcrumb\":{\"@id\":\"https:\/\/www.euroresidentes.com\/entretenimiento\/musica-clasica\/daniel-barenboim\/#breadcrumb\"},\"inLanguage\":\"es\",\"potentialAction\":[{\"@type\":\"ReadAction\",\"target\":[\"https:\/\/www.euroresidentes.com\/entretenimiento\/musica-clasica\/daniel-barenboim\/\"]}]},{\"@type\":\"BreadcrumbList\",\"@id\":\"https:\/\/www.euroresidentes.com\/entretenimiento\/musica-clasica\/daniel-barenboim\/#breadcrumb\",\"itemListElement\":[{\"@type\":\"ListItem\",\"position\":1,\"name\":\"Portada\",\"item\":\"https:\/\/www.euroresidentes.com\/entretenimiento\/musica-clasica\/\"},{\"@type\":\"ListItem\",\"position\":2,\"name\":\"Daniel Barenboim\"}]},{\"@type\":\"WebSite\",\"@id\":\"https:\/\/www.euroresidentes.com\/entretenimiento\/musica-clasica\/#website\",\"url\":\"https:\/\/www.euroresidentes.com\/entretenimiento\/musica-clasica\/\",\"name\":\"M\u00fasica cl\u00e1sica\",\"description\":\"Euroresidentes\",\"potentialAction\":[{\"@type\":\"SearchAction\",\"target\":{\"@type\":\"EntryPoint\",\"urlTemplate\":\"https:\/\/www.euroresidentes.com\/entretenimiento\/musica-clasica\/?s={search_term_string}\"},\"query-input\":{\"@type\":\"PropertyValueSpecification\",\"valueRequired\":true,\"valueName\":\"search_term_string\"}}],\"inLanguage\":\"es\"},{\"@type\":\"Person\",\"@id\":\"https:\/\/www.euroresidentes.com\/entretenimiento\/musica-clasica\/#\/schema\/person\/e41441f91af6208631ba0be4ea9c5f01\",\"name\":\"Euroresidentes\",\"image\":{\"@type\":\"ImageObject\",\"inLanguage\":\"es\",\"@id\":\"https:\/\/www.euroresidentes.com\/entretenimiento\/musica-clasica\/#\/schema\/person\/image\/\",\"url\":\"https:\/\/www.euroresidentes.com\/entretenimiento\/musica-clasica\/wp-content\/uploads\/sites\/20\/2016\/09\/logo-euroresidentes-150x150.jpg\",\"contentUrl\":\"https:\/\/www.euroresidentes.com\/entretenimiento\/musica-clasica\/wp-content\/uploads\/sites\/20\/2016\/09\/logo-euroresidentes-150x150.jpg\",\"caption\":\"Euroresidentes\"},\"description\":\"Euroresidentes\",\"sameAs\":[\"https:\/\/www.euroresidentes.com\/info.htm\"],\"url\":\"https:\/\/www.euroresidentes.com\/entretenimiento\/musica-clasica\/author\/euroresidentes\/\"}]}<\/script>\n<!-- \/ Yoast SEO plugin. -->","yoast_head_json":{"title":"Daniel Barenboim - M\u00fasica cl\u00e1sica","robots":{"index":"index","follow":"follow","max-snippet":"max-snippet:-1","max-image-preview":"max-image-preview:large","max-video-preview":"max-video-preview:-1"},"canonical":"https:\/\/www.euroresidentes.com\/entretenimiento\/musica-clasica\/daniel-barenboim\/","og_locale":"es_ES","og_type":"article","og_title":"Daniel Barenboim - M\u00fasica cl\u00e1sica","og_description":"Barenboim es Ruso-Jud\u00edo y naci\u00f3 en Argentina en 1942. Ha tenido una vida profesional excepcional hasta ahora. Hizo su debut como pianista en Viena y Roma cuando solo tenia diez a\u00f1os y durante los 3 a\u00f1os siguientes toco en Paris, Londres y New York. Hizo su primer grabaci\u00f3n en 1954. Ha grabado todas las sonatas y conciertos de Mozart, los conciertos de Beethoven (dos veces) y los conciertos de Brahms y Bartok. Pero despu\u00e9s cambio de direcci\u00f3n, algo que hemos visto con otros artistas. Dirigi\u00f3 la Orquesta Filarmon\u00eda de Londres por primera vez en 1967 y despu\u00e9s fue invitado a","og_url":"https:\/\/www.euroresidentes.com\/entretenimiento\/musica-clasica\/daniel-barenboim\/","og_site_name":"M\u00fasica cl\u00e1sica","article_published_time":"2007-06-04T10:10:00+00:00","author":"Euroresidentes","twitter_card":"summary_large_image","twitter_misc":{"Written by":"Euroresidentes","Est. reading time":"2 minutos"},"schema":{"@context":"https:\/\/schema.org","@graph":[{"@type":"WebPage","@id":"https:\/\/www.euroresidentes.com\/entretenimiento\/musica-clasica\/daniel-barenboim\/","url":"https:\/\/www.euroresidentes.com\/entretenimiento\/musica-clasica\/daniel-barenboim\/","name":"Daniel Barenboim - M\u00fasica cl\u00e1sica","isPartOf":{"@id":"https:\/\/www.euroresidentes.com\/entretenimiento\/musica-clasica\/#website"},"datePublished":"2007-06-04T10:10:00+00:00","dateModified":"2007-06-04T10:10:00+00:00","author":{"@id":"https:\/\/www.euroresidentes.com\/entretenimiento\/musica-clasica\/#\/schema\/person\/e41441f91af6208631ba0be4ea9c5f01"},"breadcrumb":{"@id":"https:\/\/www.euroresidentes.com\/entretenimiento\/musica-clasica\/daniel-barenboim\/#breadcrumb"},"inLanguage":"es","potentialAction":[{"@type":"ReadAction","target":["https:\/\/www.euroresidentes.com\/entretenimiento\/musica-clasica\/daniel-barenboim\/"]}]},{"@type":"BreadcrumbList","@id":"https:\/\/www.euroresidentes.com\/entretenimiento\/musica-clasica\/daniel-barenboim\/#breadcrumb","itemListElement":[{"@type":"ListItem","position":1,"name":"Portada","item":"https:\/\/www.euroresidentes.com\/entretenimiento\/musica-clasica\/"},{"@type":"ListItem","position":2,"name":"Daniel Barenboim"}]},{"@type":"WebSite","@id":"https:\/\/www.euroresidentes.com\/entretenimiento\/musica-clasica\/#website","url":"https:\/\/www.euroresidentes.com\/entretenimiento\/musica-clasica\/","name":"M\u00fasica cl\u00e1sica","description":"Euroresidentes","potentialAction":[{"@type":"SearchAction","target":{"@type":"EntryPoint","urlTemplate":"https:\/\/www.euroresidentes.com\/entretenimiento\/musica-clasica\/?s={search_term_string}"},"query-input":{"@type":"PropertyValueSpecification","valueRequired":true,"valueName":"search_term_string"}}],"inLanguage":"es"},{"@type":"Person","@id":"https:\/\/www.euroresidentes.com\/entretenimiento\/musica-clasica\/#\/schema\/person\/e41441f91af6208631ba0be4ea9c5f01","name":"Euroresidentes","image":{"@type":"ImageObject","inLanguage":"es","@id":"https:\/\/www.euroresidentes.com\/entretenimiento\/musica-clasica\/#\/schema\/person\/image\/","url":"https:\/\/www.euroresidentes.com\/entretenimiento\/musica-clasica\/wp-content\/uploads\/sites\/20\/2016\/09\/logo-euroresidentes-150x150.jpg","contentUrl":"https:\/\/www.euroresidentes.com\/entretenimiento\/musica-clasica\/wp-content\/uploads\/sites\/20\/2016\/09\/logo-euroresidentes-150x150.jpg","caption":"Euroresidentes"},"description":"Euroresidentes","sameAs":["https:\/\/www.euroresidentes.com\/info.htm"],"url":"https:\/\/www.euroresidentes.com\/entretenimiento\/musica-clasica\/author\/euroresidentes\/"}]}},"_links":{"self":[{"href":"https:\/\/www.euroresidentes.com\/entretenimiento\/musica-clasica\/wp-json\/wp\/v2\/posts\/93","targetHints":{"allow":["GET"]}}],"collection":[{"href":"https:\/\/www.euroresidentes.com\/entretenimiento\/musica-clasica\/wp-json\/wp\/v2\/posts"}],"about":[{"href":"https:\/\/www.euroresidentes.com\/entretenimiento\/musica-clasica\/wp-json\/wp\/v2\/types\/post"}],"author":[{"embeddable":true,"href":"https:\/\/www.euroresidentes.com\/entretenimiento\/musica-clasica\/wp-json\/wp\/v2\/users\/1"}],"replies":[{"embeddable":true,"href":"https:\/\/www.euroresidentes.com\/entretenimiento\/musica-clasica\/wp-json\/wp\/v2\/comments?post=93"}],"version-history":[{"count":0,"href":"https:\/\/www.euroresidentes.com\/entretenimiento\/musica-clasica\/wp-json\/wp\/v2\/posts\/93\/revisions"}],"wp:attachment":[{"href":"https:\/\/www.euroresidentes.com\/entretenimiento\/musica-clasica\/wp-json\/wp\/v2\/media?parent=93"}],"wp:term":[{"taxonomy":"category","embeddable":true,"href":"https:\/\/www.euroresidentes.com\/entretenimiento\/musica-clasica\/wp-json\/wp\/v2\/categories?post=93"},{"taxonomy":"post_tag","embeddable":true,"href":"https:\/\/www.euroresidentes.com\/entretenimiento\/musica-clasica\/wp-json\/wp\/v2\/tags?post=93"}],"curies":[{"name":"wp","href":"https:\/\/api.w.org\/{rel}","templated":true}]}}