{"id":87,"date":"2007-09-12T07:02:00","date_gmt":"2007-09-12T07:02:00","guid":{"rendered":"https:\/\/www.euroresidentes.com\/entretenimiento\/musica-clasica\/2007\/09\/samuel-barber-1910-81.html"},"modified":"2007-09-12T07:02:00","modified_gmt":"2007-09-12T07:02:00","slug":"samuel-barber-1910-81","status":"publish","type":"post","link":"https:\/\/www.euroresidentes.com\/entretenimiento\/musica-clasica\/samuel-barber-1910-81\/","title":{"rendered":"Samuel Barber (1910-81)"},"content":{"rendered":"<p>Tengo un CD de este compositor desde hace mucho tiempo. Lo he escuchado a menudo y disfruto mucho de su lirismo y talento excelente. Fue un placer escuchar una interpretaci\u00f3n de su concierto para el viol\u00edn esta semana en un concierto de los Proms en Londres. Fue interpretado por un violinista Canadiense llamado James Ehnes. Es una obra hermosa y la melod\u00eda del primer movimiento, que a veces parece un dueto con la flauta y el viol\u00edn se me ha quedado en mi mente desde entonces. El segundo movimiento es apasionante y la ultima es maravilloso lleno de esp\u00edritu y muy dif\u00edcil de interpretar para el solista.<\/p>\n<p>Barber fue influenciado por la tradiciones del Europa de siglo XIX tanto como por sus ra\u00edces Americanas aunque no fue limitado por las tendencias de su \u00e9poca. Italia fue su segundo pa\u00eds y paso la mayor\u00eda de sus a\u00f1os all\u00ed con su compa\u00f1ero, el compositor Gian Carlo Menotti. Una vez dijo que cuando escrib\u00eda los l\u00edricos para m\u00fasica se dejaba llevar por las palabras y la m\u00fasica sal\u00eda de ella. Dijo que cuando compon\u00eda una sonata para el piano o un concierto sol\u00eda escribir lo que  sent\u00eda sin complejos. Tambi\u00e9n dijo que no le molestaba que algunos dijeron que no tenia estilo y que seguir\u00eda haciendo lo suyo aunque le har\u00eda falta mucho coraje para ello. Esta claro que era un rom\u00e1ntico durante una \u00e9poca en la cual el \u2018avant garde\u2019 dictaba muchas de las formas de la m\u00fasica contempor\u00e1nea de entonces. <\/p>\n<p>El concierto que tambi\u00e9n inclu\u00eda otra obra Americana, la tercera sinfon\u00eda de  Aaron Copland, fue dirigida por Marin Alsop y interpretado por su propia orquesta \u2013 la orquesta sinf\u00f3nica de Bournemouth. Tocaron con mucho esp\u00edritu, los instrumentos de viento y la secci\u00f3n de metales fueron estupendos en la obra de Copland, lo cual necesitaba una orquesta enorme. Fue una interpretaci\u00f3n excelente y la orquesta tanto como la directora recibieron muchos aplausos al final. Una critica del peri\u00f3dico el Guardian dice que la interpretaci\u00f3n fue extraordinaria por su humanidad\u2026un viaje sentimental hecho con dignidad y elegancia\u2019.<\/p>\n<p>Con esto estoy de acuerdo.<br \/>B.R.<\/p>\n","protected":false},"excerpt":{"rendered":"<p>Tengo un CD de este compositor desde hace mucho tiempo. Lo he escuchado a menudo y disfruto mucho de su lirismo y talento excelente. Fue un placer escuchar una interpretaci\u00f3n de su concierto para el viol\u00edn esta semana en un concierto de los Proms en Londres. Fue interpretado por un violinista Canadiense llamado James Ehnes. Es una obra hermosa y la melod\u00eda del primer movimiento, que a veces parece un dueto con la flauta y el viol\u00edn se me ha quedado en mi mente desde entonces. El segundo movimiento es apasionante y la ultima es maravilloso lleno de esp\u00edritu y <\/p>\n","protected":false},"author":1,"featured_media":0,"comment_status":"open","ping_status":"open","sticky":false,"template":"","format":"standard","meta":{"footnotes":""},"categories":[1],"tags":[],"class_list":["post-87","post","type-post","status-publish","format-standard","hentry","category-sin-categoria"],"yoast_head":"<!-- This site is optimized with the Yoast SEO plugin v24.1 - https:\/\/yoast.com\/wordpress\/plugins\/seo\/ -->\n<title>Samuel Barber (1910-81) - M\u00fasica cl\u00e1sica<\/title>\n<meta name=\"robots\" content=\"index, follow, max-snippet:-1, max-image-preview:large, max-video-preview:-1\" \/>\n<link rel=\"canonical\" href=\"https:\/\/www.euroresidentes.com\/entretenimiento\/musica-clasica\/samuel-barber-1910-81\/\" \/>\n<meta property=\"og:locale\" content=\"es_ES\" \/>\n<meta property=\"og:type\" content=\"article\" \/>\n<meta property=\"og:title\" content=\"Samuel Barber (1910-81) - M\u00fasica cl\u00e1sica\" \/>\n<meta property=\"og:description\" content=\"Tengo un CD de este compositor desde hace mucho tiempo. Lo he escuchado a menudo y disfruto mucho de su lirismo y talento excelente. Fue un placer escuchar una interpretaci\u00f3n de su concierto para el viol\u00edn esta semana en un concierto de los Proms en Londres. Fue interpretado por un violinista Canadiense llamado James Ehnes. Es una obra hermosa y la melod\u00eda del primer movimiento, que a veces parece un dueto con la flauta y el viol\u00edn se me ha quedado en mi mente desde entonces. El segundo movimiento es apasionante y la ultima es maravilloso lleno de esp\u00edritu y\" \/>\n<meta property=\"og:url\" content=\"https:\/\/www.euroresidentes.com\/entretenimiento\/musica-clasica\/samuel-barber-1910-81\/\" \/>\n<meta property=\"og:site_name\" content=\"M\u00fasica cl\u00e1sica\" \/>\n<meta property=\"article:published_time\" content=\"2007-09-12T07:02:00+00:00\" \/>\n<meta name=\"author\" content=\"Euroresidentes\" \/>\n<meta name=\"twitter:card\" content=\"summary_large_image\" \/>\n<meta name=\"twitter:label1\" content=\"Written by\" \/>\n\t<meta name=\"twitter:data1\" content=\"Euroresidentes\" \/>\n\t<meta name=\"twitter:label2\" content=\"Est. reading time\" \/>\n\t<meta name=\"twitter:data2\" content=\"2 minutos\" \/>\n<script type=\"application\/ld+json\" class=\"yoast-schema-graph\">{\"@context\":\"https:\/\/schema.org\",\"@graph\":[{\"@type\":\"WebPage\",\"@id\":\"https:\/\/www.euroresidentes.com\/entretenimiento\/musica-clasica\/samuel-barber-1910-81\/\",\"url\":\"https:\/\/www.euroresidentes.com\/entretenimiento\/musica-clasica\/samuel-barber-1910-81\/\",\"name\":\"Samuel Barber (1910-81) - M\u00fasica cl\u00e1sica\",\"isPartOf\":{\"@id\":\"https:\/\/www.euroresidentes.com\/entretenimiento\/musica-clasica\/#website\"},\"datePublished\":\"2007-09-12T07:02:00+00:00\",\"dateModified\":\"2007-09-12T07:02:00+00:00\",\"author\":{\"@id\":\"https:\/\/www.euroresidentes.com\/entretenimiento\/musica-clasica\/#\/schema\/person\/e41441f91af6208631ba0be4ea9c5f01\"},\"breadcrumb\":{\"@id\":\"https:\/\/www.euroresidentes.com\/entretenimiento\/musica-clasica\/samuel-barber-1910-81\/#breadcrumb\"},\"inLanguage\":\"es\",\"potentialAction\":[{\"@type\":\"ReadAction\",\"target\":[\"https:\/\/www.euroresidentes.com\/entretenimiento\/musica-clasica\/samuel-barber-1910-81\/\"]}]},{\"@type\":\"BreadcrumbList\",\"@id\":\"https:\/\/www.euroresidentes.com\/entretenimiento\/musica-clasica\/samuel-barber-1910-81\/#breadcrumb\",\"itemListElement\":[{\"@type\":\"ListItem\",\"position\":1,\"name\":\"Portada\",\"item\":\"https:\/\/www.euroresidentes.com\/entretenimiento\/musica-clasica\/\"},{\"@type\":\"ListItem\",\"position\":2,\"name\":\"Samuel Barber (1910-81)\"}]},{\"@type\":\"WebSite\",\"@id\":\"https:\/\/www.euroresidentes.com\/entretenimiento\/musica-clasica\/#website\",\"url\":\"https:\/\/www.euroresidentes.com\/entretenimiento\/musica-clasica\/\",\"name\":\"M\u00fasica cl\u00e1sica\",\"description\":\"Euroresidentes\",\"potentialAction\":[{\"@type\":\"SearchAction\",\"target\":{\"@type\":\"EntryPoint\",\"urlTemplate\":\"https:\/\/www.euroresidentes.com\/entretenimiento\/musica-clasica\/?s={search_term_string}\"},\"query-input\":{\"@type\":\"PropertyValueSpecification\",\"valueRequired\":true,\"valueName\":\"search_term_string\"}}],\"inLanguage\":\"es\"},{\"@type\":\"Person\",\"@id\":\"https:\/\/www.euroresidentes.com\/entretenimiento\/musica-clasica\/#\/schema\/person\/e41441f91af6208631ba0be4ea9c5f01\",\"name\":\"Euroresidentes\",\"image\":{\"@type\":\"ImageObject\",\"inLanguage\":\"es\",\"@id\":\"https:\/\/www.euroresidentes.com\/entretenimiento\/musica-clasica\/#\/schema\/person\/image\/\",\"url\":\"https:\/\/www.euroresidentes.com\/entretenimiento\/musica-clasica\/wp-content\/uploads\/sites\/20\/2016\/09\/logo-euroresidentes-150x150.jpg\",\"contentUrl\":\"https:\/\/www.euroresidentes.com\/entretenimiento\/musica-clasica\/wp-content\/uploads\/sites\/20\/2016\/09\/logo-euroresidentes-150x150.jpg\",\"caption\":\"Euroresidentes\"},\"description\":\"Euroresidentes\",\"sameAs\":[\"https:\/\/www.euroresidentes.com\/info.htm\"],\"url\":\"https:\/\/www.euroresidentes.com\/entretenimiento\/musica-clasica\/author\/euroresidentes\/\"}]}<\/script>\n<!-- \/ Yoast SEO plugin. -->","yoast_head_json":{"title":"Samuel Barber (1910-81) - M\u00fasica cl\u00e1sica","robots":{"index":"index","follow":"follow","max-snippet":"max-snippet:-1","max-image-preview":"max-image-preview:large","max-video-preview":"max-video-preview:-1"},"canonical":"https:\/\/www.euroresidentes.com\/entretenimiento\/musica-clasica\/samuel-barber-1910-81\/","og_locale":"es_ES","og_type":"article","og_title":"Samuel Barber (1910-81) - M\u00fasica cl\u00e1sica","og_description":"Tengo un CD de este compositor desde hace mucho tiempo. Lo he escuchado a menudo y disfruto mucho de su lirismo y talento excelente. Fue un placer escuchar una interpretaci\u00f3n de su concierto para el viol\u00edn esta semana en un concierto de los Proms en Londres. Fue interpretado por un violinista Canadiense llamado James Ehnes. Es una obra hermosa y la melod\u00eda del primer movimiento, que a veces parece un dueto con la flauta y el viol\u00edn se me ha quedado en mi mente desde entonces. El segundo movimiento es apasionante y la ultima es maravilloso lleno de esp\u00edritu y","og_url":"https:\/\/www.euroresidentes.com\/entretenimiento\/musica-clasica\/samuel-barber-1910-81\/","og_site_name":"M\u00fasica cl\u00e1sica","article_published_time":"2007-09-12T07:02:00+00:00","author":"Euroresidentes","twitter_card":"summary_large_image","twitter_misc":{"Written by":"Euroresidentes","Est. reading time":"2 minutos"},"schema":{"@context":"https:\/\/schema.org","@graph":[{"@type":"WebPage","@id":"https:\/\/www.euroresidentes.com\/entretenimiento\/musica-clasica\/samuel-barber-1910-81\/","url":"https:\/\/www.euroresidentes.com\/entretenimiento\/musica-clasica\/samuel-barber-1910-81\/","name":"Samuel Barber (1910-81) - M\u00fasica cl\u00e1sica","isPartOf":{"@id":"https:\/\/www.euroresidentes.com\/entretenimiento\/musica-clasica\/#website"},"datePublished":"2007-09-12T07:02:00+00:00","dateModified":"2007-09-12T07:02:00+00:00","author":{"@id":"https:\/\/www.euroresidentes.com\/entretenimiento\/musica-clasica\/#\/schema\/person\/e41441f91af6208631ba0be4ea9c5f01"},"breadcrumb":{"@id":"https:\/\/www.euroresidentes.com\/entretenimiento\/musica-clasica\/samuel-barber-1910-81\/#breadcrumb"},"inLanguage":"es","potentialAction":[{"@type":"ReadAction","target":["https:\/\/www.euroresidentes.com\/entretenimiento\/musica-clasica\/samuel-barber-1910-81\/"]}]},{"@type":"BreadcrumbList","@id":"https:\/\/www.euroresidentes.com\/entretenimiento\/musica-clasica\/samuel-barber-1910-81\/#breadcrumb","itemListElement":[{"@type":"ListItem","position":1,"name":"Portada","item":"https:\/\/www.euroresidentes.com\/entretenimiento\/musica-clasica\/"},{"@type":"ListItem","position":2,"name":"Samuel Barber (1910-81)"}]},{"@type":"WebSite","@id":"https:\/\/www.euroresidentes.com\/entretenimiento\/musica-clasica\/#website","url":"https:\/\/www.euroresidentes.com\/entretenimiento\/musica-clasica\/","name":"M\u00fasica cl\u00e1sica","description":"Euroresidentes","potentialAction":[{"@type":"SearchAction","target":{"@type":"EntryPoint","urlTemplate":"https:\/\/www.euroresidentes.com\/entretenimiento\/musica-clasica\/?s={search_term_string}"},"query-input":{"@type":"PropertyValueSpecification","valueRequired":true,"valueName":"search_term_string"}}],"inLanguage":"es"},{"@type":"Person","@id":"https:\/\/www.euroresidentes.com\/entretenimiento\/musica-clasica\/#\/schema\/person\/e41441f91af6208631ba0be4ea9c5f01","name":"Euroresidentes","image":{"@type":"ImageObject","inLanguage":"es","@id":"https:\/\/www.euroresidentes.com\/entretenimiento\/musica-clasica\/#\/schema\/person\/image\/","url":"https:\/\/www.euroresidentes.com\/entretenimiento\/musica-clasica\/wp-content\/uploads\/sites\/20\/2016\/09\/logo-euroresidentes-150x150.jpg","contentUrl":"https:\/\/www.euroresidentes.com\/entretenimiento\/musica-clasica\/wp-content\/uploads\/sites\/20\/2016\/09\/logo-euroresidentes-150x150.jpg","caption":"Euroresidentes"},"description":"Euroresidentes","sameAs":["https:\/\/www.euroresidentes.com\/info.htm"],"url":"https:\/\/www.euroresidentes.com\/entretenimiento\/musica-clasica\/author\/euroresidentes\/"}]}},"_links":{"self":[{"href":"https:\/\/www.euroresidentes.com\/entretenimiento\/musica-clasica\/wp-json\/wp\/v2\/posts\/87","targetHints":{"allow":["GET"]}}],"collection":[{"href":"https:\/\/www.euroresidentes.com\/entretenimiento\/musica-clasica\/wp-json\/wp\/v2\/posts"}],"about":[{"href":"https:\/\/www.euroresidentes.com\/entretenimiento\/musica-clasica\/wp-json\/wp\/v2\/types\/post"}],"author":[{"embeddable":true,"href":"https:\/\/www.euroresidentes.com\/entretenimiento\/musica-clasica\/wp-json\/wp\/v2\/users\/1"}],"replies":[{"embeddable":true,"href":"https:\/\/www.euroresidentes.com\/entretenimiento\/musica-clasica\/wp-json\/wp\/v2\/comments?post=87"}],"version-history":[{"count":0,"href":"https:\/\/www.euroresidentes.com\/entretenimiento\/musica-clasica\/wp-json\/wp\/v2\/posts\/87\/revisions"}],"wp:attachment":[{"href":"https:\/\/www.euroresidentes.com\/entretenimiento\/musica-clasica\/wp-json\/wp\/v2\/media?parent=87"}],"wp:term":[{"taxonomy":"category","embeddable":true,"href":"https:\/\/www.euroresidentes.com\/entretenimiento\/musica-clasica\/wp-json\/wp\/v2\/categories?post=87"},{"taxonomy":"post_tag","embeddable":true,"href":"https:\/\/www.euroresidentes.com\/entretenimiento\/musica-clasica\/wp-json\/wp\/v2\/tags?post=87"}],"curies":[{"name":"wp","href":"https:\/\/api.w.org\/{rel}","templated":true}]}}