{"id":8,"date":"2013-10-14T19:41:00","date_gmt":"2013-10-14T19:41:00","guid":{"rendered":""},"modified":"2015-12-22T11:30:26","modified_gmt":"2015-12-22T11:30:26","slug":"fin-de-los-proms-2013","status":"publish","type":"post","link":"https:\/\/www.euroresidentes.com\/entretenimiento\/musica-clasica\/fin-de-los-proms-2013\/","title":{"rendered":"Fin de los Proms 2013"},"content":{"rendered":"<h3><\/h3>\n<div style=\"margin-bottom: 0cm\"><b>Un a\u00f1o m\u00e1s, los Proms han llegado a su fin.<\/b><\/p>\n<p>Ha sido una extraordinaria temporada, que se termin\u00f3 la semana pasada con el entusiasmo habitual. El gran innovador Henry Wood, fundador de los Proms, podr\u00eda haber encontrado irreconocible el programa de este a\u00f1o, el 118\u00ba de su sucesi\u00f3n. En aquel entonces, por ejemplo, \u00e9l y la Queen\u2019s Hall Orchestra fueron los responsables de todos los conciertos. Sin embargo, este a\u00f1o ha habido treinta y ocho orquestas y cincuenta y dos directores. Durante la primera semana, el talentoso Daniel Baranboim dirigi\u00f3 las cuatro \u00f3peras del ciclo del Anillo de Wagner. S\u00f3lo as\u00ed.<\/p>\n<p>Salari Oramo celebr\u00f3 su nuevo nombramiento al frente de la Orquesta Sinf\u00f3nica de la BBC con una maravillosa interpretaci\u00f3n de la Sinfon\u00eda del Mar de Vaughan Williams. Entre una galaxia de conductores, Valery Gergiev, Charles Dutoit, Elsa-Pekka Salonen y las orquestas asociadas a ellos interpretaron conciertos memorables. Sin embargo, de todos los directores, s\u00f3lo cinco eran mujeres.<\/p>\n<p>Vassily Petrenko fue noticia, no tanto por su interpretaci\u00f3n, sino por un comentario fuera de lugar que, posteriormente, al reflexionar, debe haber lamentado. Las directoras, dijo, son una distracci\u00f3n. \u00abUna chica bonita en un escenario hace que los m\u00fasicos piensen en otras cosas\u00bb (Fiona Maddocks, cr\u00edtica musical de <i>The Guardian<\/i>, coment\u00f3 que en lo que se refiere a ser atractivo en el escenario, el propio joven Petrenko podr\u00eda ser una distracci\u00f3n).<\/p>\n<p>La escasez de mujeres -bonitas o no- se convirti\u00f3 en un tema central cuando la brillante Marin Alsop (que ya hab\u00eda dirigido la Orquesta y el Coro de la \u00c9poca de la Ilustraci\u00f3n) dirigi\u00f3 la \u00faltima noche de los Proms. Se hab\u00eda hablado mucho -y hecho mucha publicidad- sobre el hecho de que fuese la primera mujer en dirigir la \u00faltima noche. Ahora a cargo de las orquestas de San Paulo y Baltimore y consagrada como antigua directora principal de la Sinf\u00f3nica de Bournemouth, en su discurso de clausura se refiri\u00f3 brevemente a Petrenko y lament\u00f3 la falta de mujeres. Es hora de que deje de haber \u00abprimeras veces\u00bb, dijo, recibiendo el aplauso del p\u00fablico (que se comport\u00f3 mucho mejor que otros a\u00f1os).<\/p>\n<p>Todo un reto para los Proms del pr\u00f3ximo a\u00f1o. Ya veremos. B.R.<\/p><\/div>\n<div style=\"margin-bottom: 0cm\"><\/div>\n","protected":false},"excerpt":{"rendered":"<p>Un a\u00f1o m\u00e1s, los Proms han llegado a su fin. Ha sido una extraordinaria temporada, que se termin\u00f3 la semana pasada con el entusiasmo habitual. El gran innovador Henry Wood, fundador de los Proms, podr\u00eda haber encontrado irreconocible el programa de este a\u00f1o, el 118\u00ba de su sucesi\u00f3n. En aquel entonces, por ejemplo, \u00e9l y la Queen\u2019s Hall Orchestra fueron los responsables de todos los conciertos. Sin embargo, este a\u00f1o ha habido treinta y ocho orquestas y cincuenta y dos directores. Durante la primera semana, el talentoso Daniel Baranboim dirigi\u00f3 las cuatro \u00f3peras del ciclo del Anillo de Wagner. S\u00f3lo <\/p>\n","protected":false},"author":1,"featured_media":0,"comment_status":"open","ping_status":"open","sticky":false,"template":"","format":"standard","meta":{"footnotes":""},"categories":[1],"tags":[],"class_list":["post-8","post","type-post","status-publish","format-standard","hentry","category-sin-categoria"],"yoast_head":"<!-- This site is optimized with the Yoast SEO plugin v24.1 - https:\/\/yoast.com\/wordpress\/plugins\/seo\/ -->\n<title>Fin de los Proms 2013 - M\u00fasica cl\u00e1sica<\/title>\n<meta name=\"robots\" content=\"index, follow, max-snippet:-1, max-image-preview:large, max-video-preview:-1\" \/>\n<link rel=\"canonical\" href=\"https:\/\/www.euroresidentes.com\/entretenimiento\/musica-clasica\/fin-de-los-proms-2013\/\" \/>\n<meta property=\"og:locale\" content=\"es_ES\" \/>\n<meta property=\"og:type\" content=\"article\" \/>\n<meta property=\"og:title\" content=\"Fin de los Proms 2013 - M\u00fasica cl\u00e1sica\" \/>\n<meta property=\"og:description\" content=\"Un a\u00f1o m\u00e1s, los Proms han llegado a su fin. Ha sido una extraordinaria temporada, que se termin\u00f3 la semana pasada con el entusiasmo habitual. El gran innovador Henry Wood, fundador de los Proms, podr\u00eda haber encontrado irreconocible el programa de este a\u00f1o, el 118\u00ba de su sucesi\u00f3n. En aquel entonces, por ejemplo, \u00e9l y la Queen\u2019s Hall Orchestra fueron los responsables de todos los conciertos. Sin embargo, este a\u00f1o ha habido treinta y ocho orquestas y cincuenta y dos directores. Durante la primera semana, el talentoso Daniel Baranboim dirigi\u00f3 las cuatro \u00f3peras del ciclo del Anillo de Wagner. S\u00f3lo\" \/>\n<meta property=\"og:url\" content=\"https:\/\/www.euroresidentes.com\/entretenimiento\/musica-clasica\/fin-de-los-proms-2013\/\" \/>\n<meta property=\"og:site_name\" content=\"M\u00fasica cl\u00e1sica\" \/>\n<meta property=\"article:published_time\" content=\"2013-10-14T19:41:00+00:00\" \/>\n<meta property=\"article:modified_time\" content=\"2015-12-22T11:30:26+00:00\" \/>\n<meta name=\"author\" content=\"Euroresidentes\" \/>\n<meta name=\"twitter:card\" content=\"summary_large_image\" \/>\n<meta name=\"twitter:label1\" content=\"Written by\" \/>\n\t<meta name=\"twitter:data1\" content=\"Euroresidentes\" \/>\n\t<meta name=\"twitter:label2\" content=\"Est. reading time\" \/>\n\t<meta name=\"twitter:data2\" content=\"2 minutos\" \/>\n<script type=\"application\/ld+json\" class=\"yoast-schema-graph\">{\"@context\":\"https:\/\/schema.org\",\"@graph\":[{\"@type\":\"WebPage\",\"@id\":\"https:\/\/www.euroresidentes.com\/entretenimiento\/musica-clasica\/fin-de-los-proms-2013\/\",\"url\":\"https:\/\/www.euroresidentes.com\/entretenimiento\/musica-clasica\/fin-de-los-proms-2013\/\",\"name\":\"Fin de los Proms 2013 - M\u00fasica cl\u00e1sica\",\"isPartOf\":{\"@id\":\"https:\/\/www.euroresidentes.com\/entretenimiento\/musica-clasica\/#website\"},\"datePublished\":\"2013-10-14T19:41:00+00:00\",\"dateModified\":\"2015-12-22T11:30:26+00:00\",\"author\":{\"@id\":\"https:\/\/www.euroresidentes.com\/entretenimiento\/musica-clasica\/#\/schema\/person\/e41441f91af6208631ba0be4ea9c5f01\"},\"breadcrumb\":{\"@id\":\"https:\/\/www.euroresidentes.com\/entretenimiento\/musica-clasica\/fin-de-los-proms-2013\/#breadcrumb\"},\"inLanguage\":\"es\",\"potentialAction\":[{\"@type\":\"ReadAction\",\"target\":[\"https:\/\/www.euroresidentes.com\/entretenimiento\/musica-clasica\/fin-de-los-proms-2013\/\"]}]},{\"@type\":\"BreadcrumbList\",\"@id\":\"https:\/\/www.euroresidentes.com\/entretenimiento\/musica-clasica\/fin-de-los-proms-2013\/#breadcrumb\",\"itemListElement\":[{\"@type\":\"ListItem\",\"position\":1,\"name\":\"Portada\",\"item\":\"https:\/\/www.euroresidentes.com\/entretenimiento\/musica-clasica\/\"},{\"@type\":\"ListItem\",\"position\":2,\"name\":\"Fin de los Proms 2013\"}]},{\"@type\":\"WebSite\",\"@id\":\"https:\/\/www.euroresidentes.com\/entretenimiento\/musica-clasica\/#website\",\"url\":\"https:\/\/www.euroresidentes.com\/entretenimiento\/musica-clasica\/\",\"name\":\"M\u00fasica cl\u00e1sica\",\"description\":\"Euroresidentes\",\"potentialAction\":[{\"@type\":\"SearchAction\",\"target\":{\"@type\":\"EntryPoint\",\"urlTemplate\":\"https:\/\/www.euroresidentes.com\/entretenimiento\/musica-clasica\/?s={search_term_string}\"},\"query-input\":{\"@type\":\"PropertyValueSpecification\",\"valueRequired\":true,\"valueName\":\"search_term_string\"}}],\"inLanguage\":\"es\"},{\"@type\":\"Person\",\"@id\":\"https:\/\/www.euroresidentes.com\/entretenimiento\/musica-clasica\/#\/schema\/person\/e41441f91af6208631ba0be4ea9c5f01\",\"name\":\"Euroresidentes\",\"image\":{\"@type\":\"ImageObject\",\"inLanguage\":\"es\",\"@id\":\"https:\/\/www.euroresidentes.com\/entretenimiento\/musica-clasica\/#\/schema\/person\/image\/\",\"url\":\"https:\/\/www.euroresidentes.com\/entretenimiento\/musica-clasica\/wp-content\/uploads\/sites\/20\/2016\/09\/logo-euroresidentes-150x150.jpg\",\"contentUrl\":\"https:\/\/www.euroresidentes.com\/entretenimiento\/musica-clasica\/wp-content\/uploads\/sites\/20\/2016\/09\/logo-euroresidentes-150x150.jpg\",\"caption\":\"Euroresidentes\"},\"description\":\"Euroresidentes\",\"sameAs\":[\"https:\/\/www.euroresidentes.com\/info.htm\"],\"url\":\"https:\/\/www.euroresidentes.com\/entretenimiento\/musica-clasica\/author\/euroresidentes\/\"}]}<\/script>\n<!-- \/ Yoast SEO plugin. -->","yoast_head_json":{"title":"Fin de los Proms 2013 - M\u00fasica cl\u00e1sica","robots":{"index":"index","follow":"follow","max-snippet":"max-snippet:-1","max-image-preview":"max-image-preview:large","max-video-preview":"max-video-preview:-1"},"canonical":"https:\/\/www.euroresidentes.com\/entretenimiento\/musica-clasica\/fin-de-los-proms-2013\/","og_locale":"es_ES","og_type":"article","og_title":"Fin de los Proms 2013 - M\u00fasica cl\u00e1sica","og_description":"Un a\u00f1o m\u00e1s, los Proms han llegado a su fin. Ha sido una extraordinaria temporada, que se termin\u00f3 la semana pasada con el entusiasmo habitual. El gran innovador Henry Wood, fundador de los Proms, podr\u00eda haber encontrado irreconocible el programa de este a\u00f1o, el 118\u00ba de su sucesi\u00f3n. En aquel entonces, por ejemplo, \u00e9l y la Queen\u2019s Hall Orchestra fueron los responsables de todos los conciertos. Sin embargo, este a\u00f1o ha habido treinta y ocho orquestas y cincuenta y dos directores. Durante la primera semana, el talentoso Daniel Baranboim dirigi\u00f3 las cuatro \u00f3peras del ciclo del Anillo de Wagner. S\u00f3lo","og_url":"https:\/\/www.euroresidentes.com\/entretenimiento\/musica-clasica\/fin-de-los-proms-2013\/","og_site_name":"M\u00fasica cl\u00e1sica","article_published_time":"2013-10-14T19:41:00+00:00","article_modified_time":"2015-12-22T11:30:26+00:00","author":"Euroresidentes","twitter_card":"summary_large_image","twitter_misc":{"Written by":"Euroresidentes","Est. reading time":"2 minutos"},"schema":{"@context":"https:\/\/schema.org","@graph":[{"@type":"WebPage","@id":"https:\/\/www.euroresidentes.com\/entretenimiento\/musica-clasica\/fin-de-los-proms-2013\/","url":"https:\/\/www.euroresidentes.com\/entretenimiento\/musica-clasica\/fin-de-los-proms-2013\/","name":"Fin de los Proms 2013 - M\u00fasica cl\u00e1sica","isPartOf":{"@id":"https:\/\/www.euroresidentes.com\/entretenimiento\/musica-clasica\/#website"},"datePublished":"2013-10-14T19:41:00+00:00","dateModified":"2015-12-22T11:30:26+00:00","author":{"@id":"https:\/\/www.euroresidentes.com\/entretenimiento\/musica-clasica\/#\/schema\/person\/e41441f91af6208631ba0be4ea9c5f01"},"breadcrumb":{"@id":"https:\/\/www.euroresidentes.com\/entretenimiento\/musica-clasica\/fin-de-los-proms-2013\/#breadcrumb"},"inLanguage":"es","potentialAction":[{"@type":"ReadAction","target":["https:\/\/www.euroresidentes.com\/entretenimiento\/musica-clasica\/fin-de-los-proms-2013\/"]}]},{"@type":"BreadcrumbList","@id":"https:\/\/www.euroresidentes.com\/entretenimiento\/musica-clasica\/fin-de-los-proms-2013\/#breadcrumb","itemListElement":[{"@type":"ListItem","position":1,"name":"Portada","item":"https:\/\/www.euroresidentes.com\/entretenimiento\/musica-clasica\/"},{"@type":"ListItem","position":2,"name":"Fin de los Proms 2013"}]},{"@type":"WebSite","@id":"https:\/\/www.euroresidentes.com\/entretenimiento\/musica-clasica\/#website","url":"https:\/\/www.euroresidentes.com\/entretenimiento\/musica-clasica\/","name":"M\u00fasica cl\u00e1sica","description":"Euroresidentes","potentialAction":[{"@type":"SearchAction","target":{"@type":"EntryPoint","urlTemplate":"https:\/\/www.euroresidentes.com\/entretenimiento\/musica-clasica\/?s={search_term_string}"},"query-input":{"@type":"PropertyValueSpecification","valueRequired":true,"valueName":"search_term_string"}}],"inLanguage":"es"},{"@type":"Person","@id":"https:\/\/www.euroresidentes.com\/entretenimiento\/musica-clasica\/#\/schema\/person\/e41441f91af6208631ba0be4ea9c5f01","name":"Euroresidentes","image":{"@type":"ImageObject","inLanguage":"es","@id":"https:\/\/www.euroresidentes.com\/entretenimiento\/musica-clasica\/#\/schema\/person\/image\/","url":"https:\/\/www.euroresidentes.com\/entretenimiento\/musica-clasica\/wp-content\/uploads\/sites\/20\/2016\/09\/logo-euroresidentes-150x150.jpg","contentUrl":"https:\/\/www.euroresidentes.com\/entretenimiento\/musica-clasica\/wp-content\/uploads\/sites\/20\/2016\/09\/logo-euroresidentes-150x150.jpg","caption":"Euroresidentes"},"description":"Euroresidentes","sameAs":["https:\/\/www.euroresidentes.com\/info.htm"],"url":"https:\/\/www.euroresidentes.com\/entretenimiento\/musica-clasica\/author\/euroresidentes\/"}]}},"_links":{"self":[{"href":"https:\/\/www.euroresidentes.com\/entretenimiento\/musica-clasica\/wp-json\/wp\/v2\/posts\/8","targetHints":{"allow":["GET"]}}],"collection":[{"href":"https:\/\/www.euroresidentes.com\/entretenimiento\/musica-clasica\/wp-json\/wp\/v2\/posts"}],"about":[{"href":"https:\/\/www.euroresidentes.com\/entretenimiento\/musica-clasica\/wp-json\/wp\/v2\/types\/post"}],"author":[{"embeddable":true,"href":"https:\/\/www.euroresidentes.com\/entretenimiento\/musica-clasica\/wp-json\/wp\/v2\/users\/1"}],"replies":[{"embeddable":true,"href":"https:\/\/www.euroresidentes.com\/entretenimiento\/musica-clasica\/wp-json\/wp\/v2\/comments?post=8"}],"version-history":[{"count":1,"href":"https:\/\/www.euroresidentes.com\/entretenimiento\/musica-clasica\/wp-json\/wp\/v2\/posts\/8\/revisions"}],"predecessor-version":[{"id":204,"href":"https:\/\/www.euroresidentes.com\/entretenimiento\/musica-clasica\/wp-json\/wp\/v2\/posts\/8\/revisions\/204"}],"wp:attachment":[{"href":"https:\/\/www.euroresidentes.com\/entretenimiento\/musica-clasica\/wp-json\/wp\/v2\/media?parent=8"}],"wp:term":[{"taxonomy":"category","embeddable":true,"href":"https:\/\/www.euroresidentes.com\/entretenimiento\/musica-clasica\/wp-json\/wp\/v2\/categories?post=8"},{"taxonomy":"post_tag","embeddable":true,"href":"https:\/\/www.euroresidentes.com\/entretenimiento\/musica-clasica\/wp-json\/wp\/v2\/tags?post=8"}],"curies":[{"name":"wp","href":"https:\/\/api.w.org\/{rel}","templated":true}]}}