{"id":77,"date":"2007-12-16T19:19:00","date_gmt":"2007-12-16T19:19:00","guid":{"rendered":"https:\/\/www.euroresidentes.com\/entretenimiento\/musica-clasica\/2007\/12\/los-villancicos-navidenos.html"},"modified":"2007-12-16T19:19:00","modified_gmt":"2007-12-16T19:19:00","slug":"los-villancicos-navidenos","status":"publish","type":"post","link":"https:\/\/www.euroresidentes.com\/entretenimiento\/musica-clasica\/los-villancicos-navidenos\/","title":{"rendered":"Los Villancicos Navide\u00f1os"},"content":{"rendered":"<p>Cantar villancicos navide\u00f1os en la calle es una tradici\u00f3n en algunos lugares de Inglaterra aunque ya no es tan popular como antes debido al numero de ni\u00f1os que llaman a tu puerta para cantar canciones navide\u00f1os con la esperanza de incrementar sus fondos para las fiestas&#8230; \u2018Y ahora puedes cantar un villancico?\u2019 pregunte a unos ayer. Me contestaron que no conoc\u00edan ninguno&#8230;<\/p>\n<p>La palabra Inglesa para villancico es carol y viene de una baile Griego llamado Choraulein, el cual fue acompa\u00f1ado por m\u00fasica de flauta. Mas tarde el baile fue conocido en el resto de Europa y fue especialmente popular con los Franceses quienes reemplazaron la m\u00fasica de flauta con canciones. Originalmente los villancicos fueron cantados en varias ocasiones durante todo el a\u00f1o. En el siglo XVI el nacimiento de Jes\u00fas fue el tema de los canciones y navidad fue la ocasi\u00f3n en que se cantaron los villancicos.<\/p>\n<p>La mayor\u00eda de los villancicos mas populares que cantamos hoy en d\u00eda fueron compuestos en los siglos XVII y XVIII aunque la m\u00fasica que los acompa\u00f1a procede de \u00e9pocas anteriores. Las palabras del villancico \u2018Noche de Paz\u2019 fueron escritos en noche buena en 1818 en Oberndorf, Bavaria. Aparentemente el \u00f3rgano de la iglesia en Oberndorf se habia roto y la villa estaba cortada por culpa de la nieve. El cura Joseph Mohr, escribi\u00f3 los l\u00edricos aquella noche y los dio al organista Franz Gruber, quien compuso la melod\u00eda original para dos voces y el coro con acompa\u00f1amiento de la guitarra \u00a1y todo esto justo antes de la misa del gallo! En 1955 \u2018Noche de Paz\u2019 fue la canci\u00f3n mas grabada jam\u00e1s aunque quiz\u00e1s ahora ya no sea.<\/p>\n<p>Algunos de los im\u00e1genes empleados en villancicos tienen ra\u00edces paganas como navidad en el norte de Europa.  Por ejemplo el villancico Brit\u00e1nico llamado \u2018The Holly and the Ivy\u2019, en la cual casi todos los im\u00e1genes se tratan de nacimiento y de renacimiento. \u00abWhat Child Is This?\u00bb es otro. Para muchos navidad no es lo mismo sin villancicos y la mayor\u00eda de las iglesias en el Reino Unido celebran las fiestas navide\u00f1as con representaciones de villancicos antiguos y nuevos todos los a\u00f1os.<\/p>\n<p>B.R.<\/p>\n","protected":false},"excerpt":{"rendered":"<p>Cantar villancicos navide\u00f1os en la calle es una tradici\u00f3n en algunos lugares de Inglaterra aunque ya no es tan popular como antes debido al numero de ni\u00f1os que llaman a tu puerta para cantar canciones navide\u00f1os con la esperanza de incrementar sus fondos para las fiestas&#8230; \u2018Y ahora puedes cantar un villancico?\u2019 pregunte a unos ayer. Me contestaron que no conoc\u00edan ninguno&#8230; La palabra Inglesa para villancico es carol y viene de una baile Griego llamado Choraulein, el cual fue acompa\u00f1ado por m\u00fasica de flauta. Mas tarde el baile fue conocido en el resto de Europa y fue especialmente popular <\/p>\n","protected":false},"author":1,"featured_media":0,"comment_status":"open","ping_status":"open","sticky":false,"template":"","format":"standard","meta":{"footnotes":""},"categories":[1],"tags":[],"class_list":["post-77","post","type-post","status-publish","format-standard","hentry","category-sin-categoria"],"yoast_head":"<!-- This site is optimized with the Yoast SEO plugin v24.1 - https:\/\/yoast.com\/wordpress\/plugins\/seo\/ -->\n<title>Los Villancicos Navide\u00f1os - M\u00fasica cl\u00e1sica<\/title>\n<meta name=\"robots\" content=\"index, follow, max-snippet:-1, max-image-preview:large, max-video-preview:-1\" \/>\n<link rel=\"canonical\" href=\"https:\/\/www.euroresidentes.com\/entretenimiento\/musica-clasica\/los-villancicos-navidenos\/\" \/>\n<meta property=\"og:locale\" content=\"es_ES\" \/>\n<meta property=\"og:type\" content=\"article\" \/>\n<meta property=\"og:title\" content=\"Los Villancicos Navide\u00f1os - M\u00fasica cl\u00e1sica\" \/>\n<meta property=\"og:description\" content=\"Cantar villancicos navide\u00f1os en la calle es una tradici\u00f3n en algunos lugares de Inglaterra aunque ya no es tan popular como antes debido al numero de ni\u00f1os que llaman a tu puerta para cantar canciones navide\u00f1os con la esperanza de incrementar sus fondos para las fiestas&#8230; \u2018Y ahora puedes cantar un villancico?\u2019 pregunte a unos ayer. Me contestaron que no conoc\u00edan ninguno&#8230; La palabra Inglesa para villancico es carol y viene de una baile Griego llamado Choraulein, el cual fue acompa\u00f1ado por m\u00fasica de flauta. Mas tarde el baile fue conocido en el resto de Europa y fue especialmente popular\" \/>\n<meta property=\"og:url\" content=\"https:\/\/www.euroresidentes.com\/entretenimiento\/musica-clasica\/los-villancicos-navidenos\/\" \/>\n<meta property=\"og:site_name\" content=\"M\u00fasica cl\u00e1sica\" \/>\n<meta property=\"article:published_time\" content=\"2007-12-16T19:19:00+00:00\" \/>\n<meta name=\"author\" content=\"Euroresidentes\" \/>\n<meta name=\"twitter:card\" content=\"summary_large_image\" \/>\n<meta name=\"twitter:label1\" content=\"Written by\" \/>\n\t<meta name=\"twitter:data1\" content=\"Euroresidentes\" \/>\n\t<meta name=\"twitter:label2\" content=\"Est. reading time\" \/>\n\t<meta name=\"twitter:data2\" content=\"2 minutos\" \/>\n<script type=\"application\/ld+json\" class=\"yoast-schema-graph\">{\"@context\":\"https:\/\/schema.org\",\"@graph\":[{\"@type\":\"WebPage\",\"@id\":\"https:\/\/www.euroresidentes.com\/entretenimiento\/musica-clasica\/los-villancicos-navidenos\/\",\"url\":\"https:\/\/www.euroresidentes.com\/entretenimiento\/musica-clasica\/los-villancicos-navidenos\/\",\"name\":\"Los Villancicos Navide\u00f1os - M\u00fasica cl\u00e1sica\",\"isPartOf\":{\"@id\":\"https:\/\/www.euroresidentes.com\/entretenimiento\/musica-clasica\/#website\"},\"datePublished\":\"2007-12-16T19:19:00+00:00\",\"dateModified\":\"2007-12-16T19:19:00+00:00\",\"author\":{\"@id\":\"https:\/\/www.euroresidentes.com\/entretenimiento\/musica-clasica\/#\/schema\/person\/e41441f91af6208631ba0be4ea9c5f01\"},\"breadcrumb\":{\"@id\":\"https:\/\/www.euroresidentes.com\/entretenimiento\/musica-clasica\/los-villancicos-navidenos\/#breadcrumb\"},\"inLanguage\":\"es\",\"potentialAction\":[{\"@type\":\"ReadAction\",\"target\":[\"https:\/\/www.euroresidentes.com\/entretenimiento\/musica-clasica\/los-villancicos-navidenos\/\"]}]},{\"@type\":\"BreadcrumbList\",\"@id\":\"https:\/\/www.euroresidentes.com\/entretenimiento\/musica-clasica\/los-villancicos-navidenos\/#breadcrumb\",\"itemListElement\":[{\"@type\":\"ListItem\",\"position\":1,\"name\":\"Portada\",\"item\":\"https:\/\/www.euroresidentes.com\/entretenimiento\/musica-clasica\/\"},{\"@type\":\"ListItem\",\"position\":2,\"name\":\"Los Villancicos Navide\u00f1os\"}]},{\"@type\":\"WebSite\",\"@id\":\"https:\/\/www.euroresidentes.com\/entretenimiento\/musica-clasica\/#website\",\"url\":\"https:\/\/www.euroresidentes.com\/entretenimiento\/musica-clasica\/\",\"name\":\"M\u00fasica cl\u00e1sica\",\"description\":\"Euroresidentes\",\"potentialAction\":[{\"@type\":\"SearchAction\",\"target\":{\"@type\":\"EntryPoint\",\"urlTemplate\":\"https:\/\/www.euroresidentes.com\/entretenimiento\/musica-clasica\/?s={search_term_string}\"},\"query-input\":{\"@type\":\"PropertyValueSpecification\",\"valueRequired\":true,\"valueName\":\"search_term_string\"}}],\"inLanguage\":\"es\"},{\"@type\":\"Person\",\"@id\":\"https:\/\/www.euroresidentes.com\/entretenimiento\/musica-clasica\/#\/schema\/person\/e41441f91af6208631ba0be4ea9c5f01\",\"name\":\"Euroresidentes\",\"image\":{\"@type\":\"ImageObject\",\"inLanguage\":\"es\",\"@id\":\"https:\/\/www.euroresidentes.com\/entretenimiento\/musica-clasica\/#\/schema\/person\/image\/\",\"url\":\"https:\/\/www.euroresidentes.com\/entretenimiento\/musica-clasica\/wp-content\/uploads\/sites\/20\/2016\/09\/logo-euroresidentes-150x150.jpg\",\"contentUrl\":\"https:\/\/www.euroresidentes.com\/entretenimiento\/musica-clasica\/wp-content\/uploads\/sites\/20\/2016\/09\/logo-euroresidentes-150x150.jpg\",\"caption\":\"Euroresidentes\"},\"description\":\"Euroresidentes\",\"sameAs\":[\"https:\/\/www.euroresidentes.com\/info.htm\"],\"url\":\"https:\/\/www.euroresidentes.com\/entretenimiento\/musica-clasica\/author\/euroresidentes\/\"}]}<\/script>\n<!-- \/ Yoast SEO plugin. -->","yoast_head_json":{"title":"Los Villancicos Navide\u00f1os - M\u00fasica cl\u00e1sica","robots":{"index":"index","follow":"follow","max-snippet":"max-snippet:-1","max-image-preview":"max-image-preview:large","max-video-preview":"max-video-preview:-1"},"canonical":"https:\/\/www.euroresidentes.com\/entretenimiento\/musica-clasica\/los-villancicos-navidenos\/","og_locale":"es_ES","og_type":"article","og_title":"Los Villancicos Navide\u00f1os - M\u00fasica cl\u00e1sica","og_description":"Cantar villancicos navide\u00f1os en la calle es una tradici\u00f3n en algunos lugares de Inglaterra aunque ya no es tan popular como antes debido al numero de ni\u00f1os que llaman a tu puerta para cantar canciones navide\u00f1os con la esperanza de incrementar sus fondos para las fiestas&#8230; \u2018Y ahora puedes cantar un villancico?\u2019 pregunte a unos ayer. Me contestaron que no conoc\u00edan ninguno&#8230; La palabra Inglesa para villancico es carol y viene de una baile Griego llamado Choraulein, el cual fue acompa\u00f1ado por m\u00fasica de flauta. Mas tarde el baile fue conocido en el resto de Europa y fue especialmente popular","og_url":"https:\/\/www.euroresidentes.com\/entretenimiento\/musica-clasica\/los-villancicos-navidenos\/","og_site_name":"M\u00fasica cl\u00e1sica","article_published_time":"2007-12-16T19:19:00+00:00","author":"Euroresidentes","twitter_card":"summary_large_image","twitter_misc":{"Written by":"Euroresidentes","Est. reading time":"2 minutos"},"schema":{"@context":"https:\/\/schema.org","@graph":[{"@type":"WebPage","@id":"https:\/\/www.euroresidentes.com\/entretenimiento\/musica-clasica\/los-villancicos-navidenos\/","url":"https:\/\/www.euroresidentes.com\/entretenimiento\/musica-clasica\/los-villancicos-navidenos\/","name":"Los Villancicos Navide\u00f1os - M\u00fasica cl\u00e1sica","isPartOf":{"@id":"https:\/\/www.euroresidentes.com\/entretenimiento\/musica-clasica\/#website"},"datePublished":"2007-12-16T19:19:00+00:00","dateModified":"2007-12-16T19:19:00+00:00","author":{"@id":"https:\/\/www.euroresidentes.com\/entretenimiento\/musica-clasica\/#\/schema\/person\/e41441f91af6208631ba0be4ea9c5f01"},"breadcrumb":{"@id":"https:\/\/www.euroresidentes.com\/entretenimiento\/musica-clasica\/los-villancicos-navidenos\/#breadcrumb"},"inLanguage":"es","potentialAction":[{"@type":"ReadAction","target":["https:\/\/www.euroresidentes.com\/entretenimiento\/musica-clasica\/los-villancicos-navidenos\/"]}]},{"@type":"BreadcrumbList","@id":"https:\/\/www.euroresidentes.com\/entretenimiento\/musica-clasica\/los-villancicos-navidenos\/#breadcrumb","itemListElement":[{"@type":"ListItem","position":1,"name":"Portada","item":"https:\/\/www.euroresidentes.com\/entretenimiento\/musica-clasica\/"},{"@type":"ListItem","position":2,"name":"Los Villancicos Navide\u00f1os"}]},{"@type":"WebSite","@id":"https:\/\/www.euroresidentes.com\/entretenimiento\/musica-clasica\/#website","url":"https:\/\/www.euroresidentes.com\/entretenimiento\/musica-clasica\/","name":"M\u00fasica cl\u00e1sica","description":"Euroresidentes","potentialAction":[{"@type":"SearchAction","target":{"@type":"EntryPoint","urlTemplate":"https:\/\/www.euroresidentes.com\/entretenimiento\/musica-clasica\/?s={search_term_string}"},"query-input":{"@type":"PropertyValueSpecification","valueRequired":true,"valueName":"search_term_string"}}],"inLanguage":"es"},{"@type":"Person","@id":"https:\/\/www.euroresidentes.com\/entretenimiento\/musica-clasica\/#\/schema\/person\/e41441f91af6208631ba0be4ea9c5f01","name":"Euroresidentes","image":{"@type":"ImageObject","inLanguage":"es","@id":"https:\/\/www.euroresidentes.com\/entretenimiento\/musica-clasica\/#\/schema\/person\/image\/","url":"https:\/\/www.euroresidentes.com\/entretenimiento\/musica-clasica\/wp-content\/uploads\/sites\/20\/2016\/09\/logo-euroresidentes-150x150.jpg","contentUrl":"https:\/\/www.euroresidentes.com\/entretenimiento\/musica-clasica\/wp-content\/uploads\/sites\/20\/2016\/09\/logo-euroresidentes-150x150.jpg","caption":"Euroresidentes"},"description":"Euroresidentes","sameAs":["https:\/\/www.euroresidentes.com\/info.htm"],"url":"https:\/\/www.euroresidentes.com\/entretenimiento\/musica-clasica\/author\/euroresidentes\/"}]}},"_links":{"self":[{"href":"https:\/\/www.euroresidentes.com\/entretenimiento\/musica-clasica\/wp-json\/wp\/v2\/posts\/77","targetHints":{"allow":["GET"]}}],"collection":[{"href":"https:\/\/www.euroresidentes.com\/entretenimiento\/musica-clasica\/wp-json\/wp\/v2\/posts"}],"about":[{"href":"https:\/\/www.euroresidentes.com\/entretenimiento\/musica-clasica\/wp-json\/wp\/v2\/types\/post"}],"author":[{"embeddable":true,"href":"https:\/\/www.euroresidentes.com\/entretenimiento\/musica-clasica\/wp-json\/wp\/v2\/users\/1"}],"replies":[{"embeddable":true,"href":"https:\/\/www.euroresidentes.com\/entretenimiento\/musica-clasica\/wp-json\/wp\/v2\/comments?post=77"}],"version-history":[{"count":0,"href":"https:\/\/www.euroresidentes.com\/entretenimiento\/musica-clasica\/wp-json\/wp\/v2\/posts\/77\/revisions"}],"wp:attachment":[{"href":"https:\/\/www.euroresidentes.com\/entretenimiento\/musica-clasica\/wp-json\/wp\/v2\/media?parent=77"}],"wp:term":[{"taxonomy":"category","embeddable":true,"href":"https:\/\/www.euroresidentes.com\/entretenimiento\/musica-clasica\/wp-json\/wp\/v2\/categories?post=77"},{"taxonomy":"post_tag","embeddable":true,"href":"https:\/\/www.euroresidentes.com\/entretenimiento\/musica-clasica\/wp-json\/wp\/v2\/tags?post=77"}],"curies":[{"name":"wp","href":"https:\/\/api.w.org\/{rel}","templated":true}]}}