{"id":50,"date":"2009-06-02T11:44:00","date_gmt":"2009-06-02T11:44:00","guid":{"rendered":"https:\/\/www.euroresidentes.com\/entretenimiento\/musica-clasica\/2009\/06\/otra-temporada-de-los-conciertos-proms.html"},"modified":"2009-06-02T11:44:00","modified_gmt":"2009-06-02T11:44:00","slug":"otra-temporada-de-los-conciertos-proms","status":"publish","type":"post","link":"https:\/\/www.euroresidentes.com\/entretenimiento\/musica-clasica\/otra-temporada-de-los-conciertos-proms\/","title":{"rendered":"Otra temporada de los conciertos Proms"},"content":{"rendered":"<p>El programa para la nueva temporada de los conciertos Proms de Henry Wood en Londres ya esta disponible en tiendas y tambi\u00e9n puedes conseguir informaci\u00f3n en la p\u00e1gina web de la BBC (bbc.co.uk\/proms). Todos los a\u00f1os el estilo de m\u00fasica representada en los conciertos esta dise\u00f1ada para incluir mas g\u00e9neros y los conciertos tienen lugar en varios sitios que este a\u00f1o son mas numerosos. Pero el programa cl\u00e1sica es como siempre la mayor atracci\u00f3n de los conciertos y la mayor\u00eda de ellos \u2013 76 en total \u2013 tendr\u00e1n lugar en el espacioso y recientemente renovado Royal Albert Hall en Londres.Todos los conciertos estar\u00e1n emitidos por la radio y muchos son televisados. Este a\u00f1o he decidido disfrutar los conciertos desde el confort de mi casa, aunque echar\u00e9 de menos el ambiente especial que solo se puede experimentar en el auditorio en directo.<\/p>\n<p>Los organizadores de los Proms se esfuerzan mucho para que el programa de los conciertos siempre sea diferente a los a\u00f1os anteriores. La teor\u00eda que siguen es para que sobreviva una tradici\u00f3n es necesario renovarse. Una novedad este a\u00f1o son conciertos con piano o en algunos casos m\u00e1s de uno. Todas las obras de Tchaikovsky para el piano y orquestra estar\u00e1n representadas por Stephen Hough como el solista.<\/p>\n<p>Pero para muchos la experiencia mas inusual de los conciertos este a\u00f1o ser\u00e1 cuando \u2018A Grand, Grand Overture\u2019 compuesto por Malcolm Arnold comience la segunda parte de la ultima noche de los Proms el 12 de Septiembre. Tengo una grabaci\u00f3n de esta obra editado por Conifer Classics, la cual creo que ya no esta disponible. Es una obra loca que emplea una orquesta enorme, un \u00f3rgano, tres aspiradoras, una cepilladora de suelos y disparos de una pistola con uno de los puntos culminantes mas esperado jam\u00e1s compuesta para terminar la obra. Esta llena de referencias enga\u00f1osas a otros compositores como Mahler y Saint Saens. Ser\u00e1 interesante ver si el publico le guste o no.Yo apuesto a que se pedir\u00e1n una repetici\u00f3n.<\/p>\n<p>Originalmente esta obra fue compuesta para estar representada en uno de los 3 festivales en Londres organizados por el humorista y m\u00fasico Gerard Hoffnung (tocaba el tuba); un \u00e1lgido de los a\u00f1os 50. Hoffnung y Arnold eran amigos \u2013 el humor de Hoffnung era menos negro que el de Arnold. Escrib\u00ed un blog sobre Arnold en Octubre 2006. Todav\u00eda tengo la impresi\u00f3n de que era un compositor inconsistente. Tambi\u00e9n esta seriamente olvidado. As\u00ed que es un poco triste cuando aparezca en el programa solo como un comod\u00edn y no como un compositor serio.<\/p>\n<p>Pero recomiendo escucharle en la \u00faltima noche de los Proms el 12 de Septiembre si ten\u00e9is la oportunidad.<\/p>\n<p>Ser\u00e1 muy divertido.<br \/>B.R.<\/p>\n","protected":false},"excerpt":{"rendered":"<p>El programa para la nueva temporada de los conciertos Proms de Henry Wood en Londres ya esta disponible en tiendas y tambi\u00e9n puedes conseguir informaci\u00f3n en la p\u00e1gina web de la BBC (bbc.co.uk\/proms). Todos los a\u00f1os el estilo de m\u00fasica representada en los conciertos esta dise\u00f1ada para incluir mas g\u00e9neros y los conciertos tienen lugar en varios sitios que este a\u00f1o son mas numerosos. Pero el programa cl\u00e1sica es como siempre la mayor atracci\u00f3n de los conciertos y la mayor\u00eda de ellos \u2013 76 en total \u2013 tendr\u00e1n lugar en el espacioso y recientemente renovado Royal Albert Hall en Londres.Todos <\/p>\n","protected":false},"author":1,"featured_media":0,"comment_status":"open","ping_status":"open","sticky":false,"template":"","format":"standard","meta":{"footnotes":""},"categories":[1],"tags":[],"class_list":["post-50","post","type-post","status-publish","format-standard","hentry","category-sin-categoria"],"yoast_head":"<!-- This site is optimized with the Yoast SEO plugin v24.1 - https:\/\/yoast.com\/wordpress\/plugins\/seo\/ -->\n<title>Otra temporada de los conciertos Proms - M\u00fasica cl\u00e1sica<\/title>\n<meta name=\"robots\" content=\"index, follow, max-snippet:-1, max-image-preview:large, max-video-preview:-1\" \/>\n<link rel=\"canonical\" href=\"https:\/\/www.euroresidentes.com\/entretenimiento\/musica-clasica\/otra-temporada-de-los-conciertos-proms\/\" \/>\n<meta property=\"og:locale\" content=\"es_ES\" \/>\n<meta property=\"og:type\" content=\"article\" \/>\n<meta property=\"og:title\" content=\"Otra temporada de los conciertos Proms - M\u00fasica cl\u00e1sica\" \/>\n<meta property=\"og:description\" content=\"El programa para la nueva temporada de los conciertos Proms de Henry Wood en Londres ya esta disponible en tiendas y tambi\u00e9n puedes conseguir informaci\u00f3n en la p\u00e1gina web de la BBC (bbc.co.uk\/proms). Todos los a\u00f1os el estilo de m\u00fasica representada en los conciertos esta dise\u00f1ada para incluir mas g\u00e9neros y los conciertos tienen lugar en varios sitios que este a\u00f1o son mas numerosos. Pero el programa cl\u00e1sica es como siempre la mayor atracci\u00f3n de los conciertos y la mayor\u00eda de ellos \u2013 76 en total \u2013 tendr\u00e1n lugar en el espacioso y recientemente renovado Royal Albert Hall en Londres.Todos\" \/>\n<meta property=\"og:url\" content=\"https:\/\/www.euroresidentes.com\/entretenimiento\/musica-clasica\/otra-temporada-de-los-conciertos-proms\/\" \/>\n<meta property=\"og:site_name\" content=\"M\u00fasica cl\u00e1sica\" \/>\n<meta property=\"article:published_time\" content=\"2009-06-02T11:44:00+00:00\" \/>\n<meta name=\"author\" content=\"Euroresidentes\" \/>\n<meta name=\"twitter:card\" content=\"summary_large_image\" \/>\n<meta name=\"twitter:label1\" content=\"Written by\" \/>\n\t<meta name=\"twitter:data1\" content=\"Euroresidentes\" \/>\n\t<meta name=\"twitter:label2\" content=\"Est. reading time\" \/>\n\t<meta name=\"twitter:data2\" content=\"2 minutos\" \/>\n<script type=\"application\/ld+json\" class=\"yoast-schema-graph\">{\"@context\":\"https:\/\/schema.org\",\"@graph\":[{\"@type\":\"WebPage\",\"@id\":\"https:\/\/www.euroresidentes.com\/entretenimiento\/musica-clasica\/otra-temporada-de-los-conciertos-proms\/\",\"url\":\"https:\/\/www.euroresidentes.com\/entretenimiento\/musica-clasica\/otra-temporada-de-los-conciertos-proms\/\",\"name\":\"Otra temporada de los conciertos Proms - M\u00fasica cl\u00e1sica\",\"isPartOf\":{\"@id\":\"https:\/\/www.euroresidentes.com\/entretenimiento\/musica-clasica\/#website\"},\"datePublished\":\"2009-06-02T11:44:00+00:00\",\"dateModified\":\"2009-06-02T11:44:00+00:00\",\"author\":{\"@id\":\"https:\/\/www.euroresidentes.com\/entretenimiento\/musica-clasica\/#\/schema\/person\/e41441f91af6208631ba0be4ea9c5f01\"},\"breadcrumb\":{\"@id\":\"https:\/\/www.euroresidentes.com\/entretenimiento\/musica-clasica\/otra-temporada-de-los-conciertos-proms\/#breadcrumb\"},\"inLanguage\":\"es\",\"potentialAction\":[{\"@type\":\"ReadAction\",\"target\":[\"https:\/\/www.euroresidentes.com\/entretenimiento\/musica-clasica\/otra-temporada-de-los-conciertos-proms\/\"]}]},{\"@type\":\"BreadcrumbList\",\"@id\":\"https:\/\/www.euroresidentes.com\/entretenimiento\/musica-clasica\/otra-temporada-de-los-conciertos-proms\/#breadcrumb\",\"itemListElement\":[{\"@type\":\"ListItem\",\"position\":1,\"name\":\"Portada\",\"item\":\"https:\/\/www.euroresidentes.com\/entretenimiento\/musica-clasica\/\"},{\"@type\":\"ListItem\",\"position\":2,\"name\":\"Otra temporada de los conciertos Proms\"}]},{\"@type\":\"WebSite\",\"@id\":\"https:\/\/www.euroresidentes.com\/entretenimiento\/musica-clasica\/#website\",\"url\":\"https:\/\/www.euroresidentes.com\/entretenimiento\/musica-clasica\/\",\"name\":\"M\u00fasica cl\u00e1sica\",\"description\":\"Euroresidentes\",\"potentialAction\":[{\"@type\":\"SearchAction\",\"target\":{\"@type\":\"EntryPoint\",\"urlTemplate\":\"https:\/\/www.euroresidentes.com\/entretenimiento\/musica-clasica\/?s={search_term_string}\"},\"query-input\":{\"@type\":\"PropertyValueSpecification\",\"valueRequired\":true,\"valueName\":\"search_term_string\"}}],\"inLanguage\":\"es\"},{\"@type\":\"Person\",\"@id\":\"https:\/\/www.euroresidentes.com\/entretenimiento\/musica-clasica\/#\/schema\/person\/e41441f91af6208631ba0be4ea9c5f01\",\"name\":\"Euroresidentes\",\"image\":{\"@type\":\"ImageObject\",\"inLanguage\":\"es\",\"@id\":\"https:\/\/www.euroresidentes.com\/entretenimiento\/musica-clasica\/#\/schema\/person\/image\/\",\"url\":\"https:\/\/www.euroresidentes.com\/entretenimiento\/musica-clasica\/wp-content\/uploads\/sites\/20\/2016\/09\/logo-euroresidentes-150x150.jpg\",\"contentUrl\":\"https:\/\/www.euroresidentes.com\/entretenimiento\/musica-clasica\/wp-content\/uploads\/sites\/20\/2016\/09\/logo-euroresidentes-150x150.jpg\",\"caption\":\"Euroresidentes\"},\"description\":\"Euroresidentes\",\"sameAs\":[\"https:\/\/www.euroresidentes.com\/info.htm\"],\"url\":\"https:\/\/www.euroresidentes.com\/entretenimiento\/musica-clasica\/author\/euroresidentes\/\"}]}<\/script>\n<!-- \/ Yoast SEO plugin. -->","yoast_head_json":{"title":"Otra temporada de los conciertos Proms - M\u00fasica cl\u00e1sica","robots":{"index":"index","follow":"follow","max-snippet":"max-snippet:-1","max-image-preview":"max-image-preview:large","max-video-preview":"max-video-preview:-1"},"canonical":"https:\/\/www.euroresidentes.com\/entretenimiento\/musica-clasica\/otra-temporada-de-los-conciertos-proms\/","og_locale":"es_ES","og_type":"article","og_title":"Otra temporada de los conciertos Proms - M\u00fasica cl\u00e1sica","og_description":"El programa para la nueva temporada de los conciertos Proms de Henry Wood en Londres ya esta disponible en tiendas y tambi\u00e9n puedes conseguir informaci\u00f3n en la p\u00e1gina web de la BBC (bbc.co.uk\/proms). Todos los a\u00f1os el estilo de m\u00fasica representada en los conciertos esta dise\u00f1ada para incluir mas g\u00e9neros y los conciertos tienen lugar en varios sitios que este a\u00f1o son mas numerosos. Pero el programa cl\u00e1sica es como siempre la mayor atracci\u00f3n de los conciertos y la mayor\u00eda de ellos \u2013 76 en total \u2013 tendr\u00e1n lugar en el espacioso y recientemente renovado Royal Albert Hall en Londres.Todos","og_url":"https:\/\/www.euroresidentes.com\/entretenimiento\/musica-clasica\/otra-temporada-de-los-conciertos-proms\/","og_site_name":"M\u00fasica cl\u00e1sica","article_published_time":"2009-06-02T11:44:00+00:00","author":"Euroresidentes","twitter_card":"summary_large_image","twitter_misc":{"Written by":"Euroresidentes","Est. reading time":"2 minutos"},"schema":{"@context":"https:\/\/schema.org","@graph":[{"@type":"WebPage","@id":"https:\/\/www.euroresidentes.com\/entretenimiento\/musica-clasica\/otra-temporada-de-los-conciertos-proms\/","url":"https:\/\/www.euroresidentes.com\/entretenimiento\/musica-clasica\/otra-temporada-de-los-conciertos-proms\/","name":"Otra temporada de los conciertos Proms - M\u00fasica cl\u00e1sica","isPartOf":{"@id":"https:\/\/www.euroresidentes.com\/entretenimiento\/musica-clasica\/#website"},"datePublished":"2009-06-02T11:44:00+00:00","dateModified":"2009-06-02T11:44:00+00:00","author":{"@id":"https:\/\/www.euroresidentes.com\/entretenimiento\/musica-clasica\/#\/schema\/person\/e41441f91af6208631ba0be4ea9c5f01"},"breadcrumb":{"@id":"https:\/\/www.euroresidentes.com\/entretenimiento\/musica-clasica\/otra-temporada-de-los-conciertos-proms\/#breadcrumb"},"inLanguage":"es","potentialAction":[{"@type":"ReadAction","target":["https:\/\/www.euroresidentes.com\/entretenimiento\/musica-clasica\/otra-temporada-de-los-conciertos-proms\/"]}]},{"@type":"BreadcrumbList","@id":"https:\/\/www.euroresidentes.com\/entretenimiento\/musica-clasica\/otra-temporada-de-los-conciertos-proms\/#breadcrumb","itemListElement":[{"@type":"ListItem","position":1,"name":"Portada","item":"https:\/\/www.euroresidentes.com\/entretenimiento\/musica-clasica\/"},{"@type":"ListItem","position":2,"name":"Otra temporada de los conciertos Proms"}]},{"@type":"WebSite","@id":"https:\/\/www.euroresidentes.com\/entretenimiento\/musica-clasica\/#website","url":"https:\/\/www.euroresidentes.com\/entretenimiento\/musica-clasica\/","name":"M\u00fasica cl\u00e1sica","description":"Euroresidentes","potentialAction":[{"@type":"SearchAction","target":{"@type":"EntryPoint","urlTemplate":"https:\/\/www.euroresidentes.com\/entretenimiento\/musica-clasica\/?s={search_term_string}"},"query-input":{"@type":"PropertyValueSpecification","valueRequired":true,"valueName":"search_term_string"}}],"inLanguage":"es"},{"@type":"Person","@id":"https:\/\/www.euroresidentes.com\/entretenimiento\/musica-clasica\/#\/schema\/person\/e41441f91af6208631ba0be4ea9c5f01","name":"Euroresidentes","image":{"@type":"ImageObject","inLanguage":"es","@id":"https:\/\/www.euroresidentes.com\/entretenimiento\/musica-clasica\/#\/schema\/person\/image\/","url":"https:\/\/www.euroresidentes.com\/entretenimiento\/musica-clasica\/wp-content\/uploads\/sites\/20\/2016\/09\/logo-euroresidentes-150x150.jpg","contentUrl":"https:\/\/www.euroresidentes.com\/entretenimiento\/musica-clasica\/wp-content\/uploads\/sites\/20\/2016\/09\/logo-euroresidentes-150x150.jpg","caption":"Euroresidentes"},"description":"Euroresidentes","sameAs":["https:\/\/www.euroresidentes.com\/info.htm"],"url":"https:\/\/www.euroresidentes.com\/entretenimiento\/musica-clasica\/author\/euroresidentes\/"}]}},"_links":{"self":[{"href":"https:\/\/www.euroresidentes.com\/entretenimiento\/musica-clasica\/wp-json\/wp\/v2\/posts\/50","targetHints":{"allow":["GET"]}}],"collection":[{"href":"https:\/\/www.euroresidentes.com\/entretenimiento\/musica-clasica\/wp-json\/wp\/v2\/posts"}],"about":[{"href":"https:\/\/www.euroresidentes.com\/entretenimiento\/musica-clasica\/wp-json\/wp\/v2\/types\/post"}],"author":[{"embeddable":true,"href":"https:\/\/www.euroresidentes.com\/entretenimiento\/musica-clasica\/wp-json\/wp\/v2\/users\/1"}],"replies":[{"embeddable":true,"href":"https:\/\/www.euroresidentes.com\/entretenimiento\/musica-clasica\/wp-json\/wp\/v2\/comments?post=50"}],"version-history":[{"count":0,"href":"https:\/\/www.euroresidentes.com\/entretenimiento\/musica-clasica\/wp-json\/wp\/v2\/posts\/50\/revisions"}],"wp:attachment":[{"href":"https:\/\/www.euroresidentes.com\/entretenimiento\/musica-clasica\/wp-json\/wp\/v2\/media?parent=50"}],"wp:term":[{"taxonomy":"category","embeddable":true,"href":"https:\/\/www.euroresidentes.com\/entretenimiento\/musica-clasica\/wp-json\/wp\/v2\/categories?post=50"},{"taxonomy":"post_tag","embeddable":true,"href":"https:\/\/www.euroresidentes.com\/entretenimiento\/musica-clasica\/wp-json\/wp\/v2\/tags?post=50"}],"curies":[{"name":"wp","href":"https:\/\/api.w.org\/{rel}","templated":true}]}}