{"id":49,"date":"2009-06-22T11:18:00","date_gmt":"2009-06-22T11:18:00","guid":{"rendered":"https:\/\/www.euroresidentes.com\/entretenimiento\/musica-clasica\/2009\/06\/el-festival-de-musica-de-bath-2009.html"},"modified":"2009-06-22T11:18:00","modified_gmt":"2009-06-22T11:18:00","slug":"el-festival-de-musica-de-bath-2009","status":"publish","type":"post","link":"https:\/\/www.euroresidentes.com\/entretenimiento\/musica-clasica\/el-festival-de-musica-de-bath-2009\/","title":{"rendered":"El festival de m\u00fasica de Bath 2009"},"content":{"rendered":"<p>Otra vez es el festival de m\u00fasica de Bath. Se inauguro el \u00faltimo fin de semana de Mayo con unos fuegos artificiales fant\u00e1sticos. Tengo planeado ir a varios conciertos y el lunes pasado tuve la suerte de asistir a un concierto en los Assembley Rooms de Bath representado por Freddy Kemp un virtuoso del piano y un hombre modesto.  Antes del concierto hubo una entrevista con Kemp por la carism\u00e1tica directora del festival Joanna MacGregor.<\/p>\n<p>El padre de Kemp es Alem\u00e1n y su madre es Japonesa y Kemp esta casado con una Rusa. Vive en Inglaterra aunque su trabajo significa que tiene que viajar por todo el mundo. En este momento tiene mucho \u00e9xito internacionalmente. En la entrevista hablo de los muchos conciertos que hab\u00eda representado durante las dos semanas anteriores. \u00a1Y dijo que no le gusta ensayar mucho! Despu\u00e9s de su concierto la noche anterior en Perth, Escocia, hab\u00eda conducido toda la noche para llegar al concierto en Bath, pero no parec\u00eda cansado durante su representaci\u00f3n de dos sonatas de Beethoven, dos baladas de Chopin y el Mephisto Waltz No.1 de Liszt. El final fue sensacional y fue maravilloso poder estar all\u00ed.<\/p>\n<p>El festival de Bath es una mezcla ecl\u00e9ctica de m\u00fasica y ha llegado muy lejos de sus origines cuando empez\u00f3 en 1948. Mucho antes de que Bath se convirtiera en un destino popular para los ricos la ciudad fue conocido por su m\u00fasica. La Reina Elizabeth I de Inglaterra la visito en 1668 para escuchar los coristas de la catedral de Wells en concierto en Bath y durante los principios del siglo XVII Beau Nash atrajo a la alta sociedad a Bath para ba\u00f1arse en sus aguas termales. Nash fue responsable de introducir una orquesta a la ciudad.<\/p>\n<p>En 2008 Bath celebro su 60 aniversario con una representaci\u00f3n fant\u00e1stico de Bruckner por la Orquesta Filarm\u00f3nica de Londres bajo la direcci\u00f3n de Colin Davis.<\/p>\n<p>Joanne MacGregor no solo toca en algunos conciertos sino tambi\u00e9n asiste a muchos conciertos para hablar con el p\u00fablico durante los 17 d\u00edas del festival.<\/p>\n<p>Esta noche tengo ganas para ver el concierto del mezzo Sibongile Khumalo de Sur \u00c1frica en la abad\u00eda.<br \/>B.R.<\/p>\n","protected":false},"excerpt":{"rendered":"<p>Otra vez es el festival de m\u00fasica de Bath. Se inauguro el \u00faltimo fin de semana de Mayo con unos fuegos artificiales fant\u00e1sticos. Tengo planeado ir a varios conciertos y el lunes pasado tuve la suerte de asistir a un concierto en los Assembley Rooms de Bath representado por Freddy Kemp un virtuoso del piano y un hombre modesto. Antes del concierto hubo una entrevista con Kemp por la carism\u00e1tica directora del festival Joanna MacGregor. El padre de Kemp es Alem\u00e1n y su madre es Japonesa y Kemp esta casado con una Rusa. Vive en Inglaterra aunque su trabajo significa <\/p>\n","protected":false},"author":1,"featured_media":0,"comment_status":"open","ping_status":"open","sticky":false,"template":"","format":"standard","meta":{"footnotes":""},"categories":[1],"tags":[],"class_list":["post-49","post","type-post","status-publish","format-standard","hentry","category-sin-categoria"],"yoast_head":"<!-- This site is optimized with the Yoast SEO plugin v24.1 - https:\/\/yoast.com\/wordpress\/plugins\/seo\/ -->\n<title>El festival de m\u00fasica de Bath 2009 - M\u00fasica cl\u00e1sica<\/title>\n<meta name=\"robots\" content=\"index, follow, max-snippet:-1, max-image-preview:large, max-video-preview:-1\" \/>\n<link rel=\"canonical\" href=\"https:\/\/www.euroresidentes.com\/entretenimiento\/musica-clasica\/el-festival-de-musica-de-bath-2009\/\" \/>\n<meta property=\"og:locale\" content=\"es_ES\" \/>\n<meta property=\"og:type\" content=\"article\" \/>\n<meta property=\"og:title\" content=\"El festival de m\u00fasica de Bath 2009 - M\u00fasica cl\u00e1sica\" \/>\n<meta property=\"og:description\" content=\"Otra vez es el festival de m\u00fasica de Bath. Se inauguro el \u00faltimo fin de semana de Mayo con unos fuegos artificiales fant\u00e1sticos. Tengo planeado ir a varios conciertos y el lunes pasado tuve la suerte de asistir a un concierto en los Assembley Rooms de Bath representado por Freddy Kemp un virtuoso del piano y un hombre modesto. Antes del concierto hubo una entrevista con Kemp por la carism\u00e1tica directora del festival Joanna MacGregor. El padre de Kemp es Alem\u00e1n y su madre es Japonesa y Kemp esta casado con una Rusa. Vive en Inglaterra aunque su trabajo significa\" \/>\n<meta property=\"og:url\" content=\"https:\/\/www.euroresidentes.com\/entretenimiento\/musica-clasica\/el-festival-de-musica-de-bath-2009\/\" \/>\n<meta property=\"og:site_name\" content=\"M\u00fasica cl\u00e1sica\" \/>\n<meta property=\"article:published_time\" content=\"2009-06-22T11:18:00+00:00\" \/>\n<meta name=\"author\" content=\"Euroresidentes\" \/>\n<meta name=\"twitter:card\" content=\"summary_large_image\" \/>\n<meta name=\"twitter:label1\" content=\"Written by\" \/>\n\t<meta name=\"twitter:data1\" content=\"Euroresidentes\" \/>\n\t<meta name=\"twitter:label2\" content=\"Est. reading time\" \/>\n\t<meta name=\"twitter:data2\" content=\"2 minutos\" \/>\n<script type=\"application\/ld+json\" class=\"yoast-schema-graph\">{\"@context\":\"https:\/\/schema.org\",\"@graph\":[{\"@type\":\"WebPage\",\"@id\":\"https:\/\/www.euroresidentes.com\/entretenimiento\/musica-clasica\/el-festival-de-musica-de-bath-2009\/\",\"url\":\"https:\/\/www.euroresidentes.com\/entretenimiento\/musica-clasica\/el-festival-de-musica-de-bath-2009\/\",\"name\":\"El festival de m\u00fasica de Bath 2009 - M\u00fasica cl\u00e1sica\",\"isPartOf\":{\"@id\":\"https:\/\/www.euroresidentes.com\/entretenimiento\/musica-clasica\/#website\"},\"datePublished\":\"2009-06-22T11:18:00+00:00\",\"dateModified\":\"2009-06-22T11:18:00+00:00\",\"author\":{\"@id\":\"https:\/\/www.euroresidentes.com\/entretenimiento\/musica-clasica\/#\/schema\/person\/e41441f91af6208631ba0be4ea9c5f01\"},\"breadcrumb\":{\"@id\":\"https:\/\/www.euroresidentes.com\/entretenimiento\/musica-clasica\/el-festival-de-musica-de-bath-2009\/#breadcrumb\"},\"inLanguage\":\"es\",\"potentialAction\":[{\"@type\":\"ReadAction\",\"target\":[\"https:\/\/www.euroresidentes.com\/entretenimiento\/musica-clasica\/el-festival-de-musica-de-bath-2009\/\"]}]},{\"@type\":\"BreadcrumbList\",\"@id\":\"https:\/\/www.euroresidentes.com\/entretenimiento\/musica-clasica\/el-festival-de-musica-de-bath-2009\/#breadcrumb\",\"itemListElement\":[{\"@type\":\"ListItem\",\"position\":1,\"name\":\"Portada\",\"item\":\"https:\/\/www.euroresidentes.com\/entretenimiento\/musica-clasica\/\"},{\"@type\":\"ListItem\",\"position\":2,\"name\":\"El festival de m\u00fasica de Bath 2009\"}]},{\"@type\":\"WebSite\",\"@id\":\"https:\/\/www.euroresidentes.com\/entretenimiento\/musica-clasica\/#website\",\"url\":\"https:\/\/www.euroresidentes.com\/entretenimiento\/musica-clasica\/\",\"name\":\"M\u00fasica cl\u00e1sica\",\"description\":\"Euroresidentes\",\"potentialAction\":[{\"@type\":\"SearchAction\",\"target\":{\"@type\":\"EntryPoint\",\"urlTemplate\":\"https:\/\/www.euroresidentes.com\/entretenimiento\/musica-clasica\/?s={search_term_string}\"},\"query-input\":{\"@type\":\"PropertyValueSpecification\",\"valueRequired\":true,\"valueName\":\"search_term_string\"}}],\"inLanguage\":\"es\"},{\"@type\":\"Person\",\"@id\":\"https:\/\/www.euroresidentes.com\/entretenimiento\/musica-clasica\/#\/schema\/person\/e41441f91af6208631ba0be4ea9c5f01\",\"name\":\"Euroresidentes\",\"image\":{\"@type\":\"ImageObject\",\"inLanguage\":\"es\",\"@id\":\"https:\/\/www.euroresidentes.com\/entretenimiento\/musica-clasica\/#\/schema\/person\/image\/\",\"url\":\"https:\/\/www.euroresidentes.com\/entretenimiento\/musica-clasica\/wp-content\/uploads\/sites\/20\/2016\/09\/logo-euroresidentes-150x150.jpg\",\"contentUrl\":\"https:\/\/www.euroresidentes.com\/entretenimiento\/musica-clasica\/wp-content\/uploads\/sites\/20\/2016\/09\/logo-euroresidentes-150x150.jpg\",\"caption\":\"Euroresidentes\"},\"description\":\"Euroresidentes\",\"sameAs\":[\"https:\/\/www.euroresidentes.com\/info.htm\"],\"url\":\"https:\/\/www.euroresidentes.com\/entretenimiento\/musica-clasica\/author\/euroresidentes\/\"}]}<\/script>\n<!-- \/ Yoast SEO plugin. -->","yoast_head_json":{"title":"El festival de m\u00fasica de Bath 2009 - M\u00fasica cl\u00e1sica","robots":{"index":"index","follow":"follow","max-snippet":"max-snippet:-1","max-image-preview":"max-image-preview:large","max-video-preview":"max-video-preview:-1"},"canonical":"https:\/\/www.euroresidentes.com\/entretenimiento\/musica-clasica\/el-festival-de-musica-de-bath-2009\/","og_locale":"es_ES","og_type":"article","og_title":"El festival de m\u00fasica de Bath 2009 - M\u00fasica cl\u00e1sica","og_description":"Otra vez es el festival de m\u00fasica de Bath. Se inauguro el \u00faltimo fin de semana de Mayo con unos fuegos artificiales fant\u00e1sticos. Tengo planeado ir a varios conciertos y el lunes pasado tuve la suerte de asistir a un concierto en los Assembley Rooms de Bath representado por Freddy Kemp un virtuoso del piano y un hombre modesto. Antes del concierto hubo una entrevista con Kemp por la carism\u00e1tica directora del festival Joanna MacGregor. El padre de Kemp es Alem\u00e1n y su madre es Japonesa y Kemp esta casado con una Rusa. Vive en Inglaterra aunque su trabajo significa","og_url":"https:\/\/www.euroresidentes.com\/entretenimiento\/musica-clasica\/el-festival-de-musica-de-bath-2009\/","og_site_name":"M\u00fasica cl\u00e1sica","article_published_time":"2009-06-22T11:18:00+00:00","author":"Euroresidentes","twitter_card":"summary_large_image","twitter_misc":{"Written by":"Euroresidentes","Est. reading time":"2 minutos"},"schema":{"@context":"https:\/\/schema.org","@graph":[{"@type":"WebPage","@id":"https:\/\/www.euroresidentes.com\/entretenimiento\/musica-clasica\/el-festival-de-musica-de-bath-2009\/","url":"https:\/\/www.euroresidentes.com\/entretenimiento\/musica-clasica\/el-festival-de-musica-de-bath-2009\/","name":"El festival de m\u00fasica de Bath 2009 - M\u00fasica cl\u00e1sica","isPartOf":{"@id":"https:\/\/www.euroresidentes.com\/entretenimiento\/musica-clasica\/#website"},"datePublished":"2009-06-22T11:18:00+00:00","dateModified":"2009-06-22T11:18:00+00:00","author":{"@id":"https:\/\/www.euroresidentes.com\/entretenimiento\/musica-clasica\/#\/schema\/person\/e41441f91af6208631ba0be4ea9c5f01"},"breadcrumb":{"@id":"https:\/\/www.euroresidentes.com\/entretenimiento\/musica-clasica\/el-festival-de-musica-de-bath-2009\/#breadcrumb"},"inLanguage":"es","potentialAction":[{"@type":"ReadAction","target":["https:\/\/www.euroresidentes.com\/entretenimiento\/musica-clasica\/el-festival-de-musica-de-bath-2009\/"]}]},{"@type":"BreadcrumbList","@id":"https:\/\/www.euroresidentes.com\/entretenimiento\/musica-clasica\/el-festival-de-musica-de-bath-2009\/#breadcrumb","itemListElement":[{"@type":"ListItem","position":1,"name":"Portada","item":"https:\/\/www.euroresidentes.com\/entretenimiento\/musica-clasica\/"},{"@type":"ListItem","position":2,"name":"El festival de m\u00fasica de Bath 2009"}]},{"@type":"WebSite","@id":"https:\/\/www.euroresidentes.com\/entretenimiento\/musica-clasica\/#website","url":"https:\/\/www.euroresidentes.com\/entretenimiento\/musica-clasica\/","name":"M\u00fasica cl\u00e1sica","description":"Euroresidentes","potentialAction":[{"@type":"SearchAction","target":{"@type":"EntryPoint","urlTemplate":"https:\/\/www.euroresidentes.com\/entretenimiento\/musica-clasica\/?s={search_term_string}"},"query-input":{"@type":"PropertyValueSpecification","valueRequired":true,"valueName":"search_term_string"}}],"inLanguage":"es"},{"@type":"Person","@id":"https:\/\/www.euroresidentes.com\/entretenimiento\/musica-clasica\/#\/schema\/person\/e41441f91af6208631ba0be4ea9c5f01","name":"Euroresidentes","image":{"@type":"ImageObject","inLanguage":"es","@id":"https:\/\/www.euroresidentes.com\/entretenimiento\/musica-clasica\/#\/schema\/person\/image\/","url":"https:\/\/www.euroresidentes.com\/entretenimiento\/musica-clasica\/wp-content\/uploads\/sites\/20\/2016\/09\/logo-euroresidentes-150x150.jpg","contentUrl":"https:\/\/www.euroresidentes.com\/entretenimiento\/musica-clasica\/wp-content\/uploads\/sites\/20\/2016\/09\/logo-euroresidentes-150x150.jpg","caption":"Euroresidentes"},"description":"Euroresidentes","sameAs":["https:\/\/www.euroresidentes.com\/info.htm"],"url":"https:\/\/www.euroresidentes.com\/entretenimiento\/musica-clasica\/author\/euroresidentes\/"}]}},"_links":{"self":[{"href":"https:\/\/www.euroresidentes.com\/entretenimiento\/musica-clasica\/wp-json\/wp\/v2\/posts\/49","targetHints":{"allow":["GET"]}}],"collection":[{"href":"https:\/\/www.euroresidentes.com\/entretenimiento\/musica-clasica\/wp-json\/wp\/v2\/posts"}],"about":[{"href":"https:\/\/www.euroresidentes.com\/entretenimiento\/musica-clasica\/wp-json\/wp\/v2\/types\/post"}],"author":[{"embeddable":true,"href":"https:\/\/www.euroresidentes.com\/entretenimiento\/musica-clasica\/wp-json\/wp\/v2\/users\/1"}],"replies":[{"embeddable":true,"href":"https:\/\/www.euroresidentes.com\/entretenimiento\/musica-clasica\/wp-json\/wp\/v2\/comments?post=49"}],"version-history":[{"count":0,"href":"https:\/\/www.euroresidentes.com\/entretenimiento\/musica-clasica\/wp-json\/wp\/v2\/posts\/49\/revisions"}],"wp:attachment":[{"href":"https:\/\/www.euroresidentes.com\/entretenimiento\/musica-clasica\/wp-json\/wp\/v2\/media?parent=49"}],"wp:term":[{"taxonomy":"category","embeddable":true,"href":"https:\/\/www.euroresidentes.com\/entretenimiento\/musica-clasica\/wp-json\/wp\/v2\/categories?post=49"},{"taxonomy":"post_tag","embeddable":true,"href":"https:\/\/www.euroresidentes.com\/entretenimiento\/musica-clasica\/wp-json\/wp\/v2\/tags?post=49"}],"curies":[{"name":"wp","href":"https:\/\/api.w.org\/{rel}","templated":true}]}}