{"id":32,"date":"2010-11-08T19:54:00","date_gmt":"2010-11-08T19:54:00","guid":{"rendered":"https:\/\/www.euroresidentes.com\/entretenimiento\/musica-clasica\/2010\/11\/los-proms-2010.html"},"modified":"2010-11-08T19:54:00","modified_gmt":"2010-11-08T19:54:00","slug":"los-proms-2010","status":"publish","type":"post","link":"https:\/\/www.euroresidentes.com\/entretenimiento\/musica-clasica\/los-proms-2010\/","title":{"rendered":"Los Proms 2010"},"content":{"rendered":"<p>La temporada de los Proms 2010 ya ha pasado. Fui a mi primer concierto de los Proms en 1944 cuando era un adolescente. Fue el ultimo a\u00f1o que el fundador de los Proms, Sir Henry Wood, dirigi\u00f3 algunos conciertos y tambi\u00e9n el a\u00f1o en que muri\u00f3. Desafortunadamente no estaba dirigiendo la noche que estuve all\u00ed. Fue una noche de m\u00fasica de Beethoven como todos los viernes en aquella \u00e9poca. Esta costumbre ya ha pasado aunque cuando vi a Simon Rattle y la orquesta Filarm\u00f3nica de Berl\u00edn representar la cuarta sinfon\u00eda de Beethoven fue el viernes 3 de Septiembre. Sin embargo el enlace con Beethoven sigue porque Paul Lewis toco todos los conciertos de Beethoven para el piano en la ultima edici\u00f3n 2010 acompa\u00f1ado por tres orquestas diferentes (Recientemente ha grabado los cinco con la orquesta de la BBC bajo su director principal Jiri Belohlavek).<\/p>\n<p>Vi Lewis tocar el tercer concierto de Beethoven con la orquesta Halle dirigido por su director Sir Mark Elder, la relaci\u00f3n entre Lewis y la orquesta fue excelente y esta obra compuesta en 1800 conecta las tradiciones rom\u00e1nticas y cl\u00e1sicas y honra la pureza de Mozart pero al mismo tiempo contiene los elementos principales de Beethoven caracterizado por su genio robusto e inventivo.  Fue una representaci\u00f3n hermosa apreciada por el p\u00fablico y los presentadores de televisi\u00f3n (fue televisado por la BBC). <\/p>\n<p>Igual que los conciertos de Beethoven los Proms tiene programas en serie por ejemplo este a\u00f1o fue el 150 aniversario de la fecha de nacimiento de Mahler y por eso seis de sus sinfon\u00edas y tres de sus ciclos de canciones fueron incluidos en el programa. Algunos auditorios en el Reino Unido est\u00e1n celebrando el aniversario interpretando todas sus sinfon\u00edas. En una manera similar Schubert fue conmemorado este a\u00f1o porque es el bi-centenario de su nacimiento y por esa raz\u00f3n todas sus sinfon\u00edas fueron incluidas en el programa. Este costumbre crea una enlace interesante durante toda la temporada especialmente para aquellos que asistan a todas los conciertos.<\/p>\n<p>Hace muchos a\u00f1os cuando viv\u00eda en Londres sol\u00eda comprar un bono para toda la temporada de los Proms y asist\u00eda a casi todas los conciertos. Llegue a casa a medianoche y tenia que levantarme para trabajar a las 6. Ya no puedo hacer eso pero sigo teniendo el mismo entusiasmo y compromiso con la buena m\u00fasica y las representaciones en directo estupendas tanto como antes. <br \/>B.R<\/p>\n","protected":false},"excerpt":{"rendered":"<p>La temporada de los Proms 2010 ya ha pasado. Fui a mi primer concierto de los Proms en 1944 cuando era un adolescente. Fue el ultimo a\u00f1o que el fundador de los Proms, Sir Henry Wood, dirigi\u00f3 algunos conciertos y tambi\u00e9n el a\u00f1o en que muri\u00f3. Desafortunadamente no estaba dirigiendo la noche que estuve all\u00ed. Fue una noche de m\u00fasica de Beethoven como todos los viernes en aquella \u00e9poca. Esta costumbre ya ha pasado aunque cuando vi a Simon Rattle y la orquesta Filarm\u00f3nica de Berl\u00edn representar la cuarta sinfon\u00eda de Beethoven fue el viernes 3 de Septiembre. Sin embargo <\/p>\n","protected":false},"author":1,"featured_media":0,"comment_status":"open","ping_status":"open","sticky":false,"template":"","format":"standard","meta":{"footnotes":""},"categories":[1],"tags":[],"class_list":["post-32","post","type-post","status-publish","format-standard","hentry","category-sin-categoria"],"yoast_head":"<!-- This site is optimized with the Yoast SEO plugin v24.1 - https:\/\/yoast.com\/wordpress\/plugins\/seo\/ -->\n<title>Los Proms 2010 - M\u00fasica cl\u00e1sica<\/title>\n<meta name=\"robots\" content=\"index, follow, max-snippet:-1, max-image-preview:large, max-video-preview:-1\" \/>\n<link rel=\"canonical\" href=\"https:\/\/www.euroresidentes.com\/entretenimiento\/musica-clasica\/los-proms-2010\/\" \/>\n<meta property=\"og:locale\" content=\"es_ES\" \/>\n<meta property=\"og:type\" content=\"article\" \/>\n<meta property=\"og:title\" content=\"Los Proms 2010 - M\u00fasica cl\u00e1sica\" \/>\n<meta property=\"og:description\" content=\"La temporada de los Proms 2010 ya ha pasado. Fui a mi primer concierto de los Proms en 1944 cuando era un adolescente. Fue el ultimo a\u00f1o que el fundador de los Proms, Sir Henry Wood, dirigi\u00f3 algunos conciertos y tambi\u00e9n el a\u00f1o en que muri\u00f3. Desafortunadamente no estaba dirigiendo la noche que estuve all\u00ed. Fue una noche de m\u00fasica de Beethoven como todos los viernes en aquella \u00e9poca. Esta costumbre ya ha pasado aunque cuando vi a Simon Rattle y la orquesta Filarm\u00f3nica de Berl\u00edn representar la cuarta sinfon\u00eda de Beethoven fue el viernes 3 de Septiembre. Sin embargo\" \/>\n<meta property=\"og:url\" content=\"https:\/\/www.euroresidentes.com\/entretenimiento\/musica-clasica\/los-proms-2010\/\" \/>\n<meta property=\"og:site_name\" content=\"M\u00fasica cl\u00e1sica\" \/>\n<meta property=\"article:published_time\" content=\"2010-11-08T19:54:00+00:00\" \/>\n<meta name=\"author\" content=\"Euroresidentes\" \/>\n<meta name=\"twitter:card\" content=\"summary_large_image\" \/>\n<meta name=\"twitter:label1\" content=\"Written by\" \/>\n\t<meta name=\"twitter:data1\" content=\"Euroresidentes\" \/>\n\t<meta name=\"twitter:label2\" content=\"Est. reading time\" \/>\n\t<meta name=\"twitter:data2\" content=\"2 minutos\" \/>\n<script type=\"application\/ld+json\" class=\"yoast-schema-graph\">{\"@context\":\"https:\/\/schema.org\",\"@graph\":[{\"@type\":\"WebPage\",\"@id\":\"https:\/\/www.euroresidentes.com\/entretenimiento\/musica-clasica\/los-proms-2010\/\",\"url\":\"https:\/\/www.euroresidentes.com\/entretenimiento\/musica-clasica\/los-proms-2010\/\",\"name\":\"Los Proms 2010 - M\u00fasica cl\u00e1sica\",\"isPartOf\":{\"@id\":\"https:\/\/www.euroresidentes.com\/entretenimiento\/musica-clasica\/#website\"},\"datePublished\":\"2010-11-08T19:54:00+00:00\",\"dateModified\":\"2010-11-08T19:54:00+00:00\",\"author\":{\"@id\":\"https:\/\/www.euroresidentes.com\/entretenimiento\/musica-clasica\/#\/schema\/person\/e41441f91af6208631ba0be4ea9c5f01\"},\"breadcrumb\":{\"@id\":\"https:\/\/www.euroresidentes.com\/entretenimiento\/musica-clasica\/los-proms-2010\/#breadcrumb\"},\"inLanguage\":\"es\",\"potentialAction\":[{\"@type\":\"ReadAction\",\"target\":[\"https:\/\/www.euroresidentes.com\/entretenimiento\/musica-clasica\/los-proms-2010\/\"]}]},{\"@type\":\"BreadcrumbList\",\"@id\":\"https:\/\/www.euroresidentes.com\/entretenimiento\/musica-clasica\/los-proms-2010\/#breadcrumb\",\"itemListElement\":[{\"@type\":\"ListItem\",\"position\":1,\"name\":\"Portada\",\"item\":\"https:\/\/www.euroresidentes.com\/entretenimiento\/musica-clasica\/\"},{\"@type\":\"ListItem\",\"position\":2,\"name\":\"Los Proms 2010\"}]},{\"@type\":\"WebSite\",\"@id\":\"https:\/\/www.euroresidentes.com\/entretenimiento\/musica-clasica\/#website\",\"url\":\"https:\/\/www.euroresidentes.com\/entretenimiento\/musica-clasica\/\",\"name\":\"M\u00fasica cl\u00e1sica\",\"description\":\"Euroresidentes\",\"potentialAction\":[{\"@type\":\"SearchAction\",\"target\":{\"@type\":\"EntryPoint\",\"urlTemplate\":\"https:\/\/www.euroresidentes.com\/entretenimiento\/musica-clasica\/?s={search_term_string}\"},\"query-input\":{\"@type\":\"PropertyValueSpecification\",\"valueRequired\":true,\"valueName\":\"search_term_string\"}}],\"inLanguage\":\"es\"},{\"@type\":\"Person\",\"@id\":\"https:\/\/www.euroresidentes.com\/entretenimiento\/musica-clasica\/#\/schema\/person\/e41441f91af6208631ba0be4ea9c5f01\",\"name\":\"Euroresidentes\",\"image\":{\"@type\":\"ImageObject\",\"inLanguage\":\"es\",\"@id\":\"https:\/\/www.euroresidentes.com\/entretenimiento\/musica-clasica\/#\/schema\/person\/image\/\",\"url\":\"https:\/\/www.euroresidentes.com\/entretenimiento\/musica-clasica\/wp-content\/uploads\/sites\/20\/2016\/09\/logo-euroresidentes-150x150.jpg\",\"contentUrl\":\"https:\/\/www.euroresidentes.com\/entretenimiento\/musica-clasica\/wp-content\/uploads\/sites\/20\/2016\/09\/logo-euroresidentes-150x150.jpg\",\"caption\":\"Euroresidentes\"},\"description\":\"Euroresidentes\",\"sameAs\":[\"https:\/\/www.euroresidentes.com\/info.htm\"],\"url\":\"https:\/\/www.euroresidentes.com\/entretenimiento\/musica-clasica\/author\/euroresidentes\/\"}]}<\/script>\n<!-- \/ Yoast SEO plugin. -->","yoast_head_json":{"title":"Los Proms 2010 - M\u00fasica cl\u00e1sica","robots":{"index":"index","follow":"follow","max-snippet":"max-snippet:-1","max-image-preview":"max-image-preview:large","max-video-preview":"max-video-preview:-1"},"canonical":"https:\/\/www.euroresidentes.com\/entretenimiento\/musica-clasica\/los-proms-2010\/","og_locale":"es_ES","og_type":"article","og_title":"Los Proms 2010 - M\u00fasica cl\u00e1sica","og_description":"La temporada de los Proms 2010 ya ha pasado. Fui a mi primer concierto de los Proms en 1944 cuando era un adolescente. Fue el ultimo a\u00f1o que el fundador de los Proms, Sir Henry Wood, dirigi\u00f3 algunos conciertos y tambi\u00e9n el a\u00f1o en que muri\u00f3. Desafortunadamente no estaba dirigiendo la noche que estuve all\u00ed. Fue una noche de m\u00fasica de Beethoven como todos los viernes en aquella \u00e9poca. Esta costumbre ya ha pasado aunque cuando vi a Simon Rattle y la orquesta Filarm\u00f3nica de Berl\u00edn representar la cuarta sinfon\u00eda de Beethoven fue el viernes 3 de Septiembre. Sin embargo","og_url":"https:\/\/www.euroresidentes.com\/entretenimiento\/musica-clasica\/los-proms-2010\/","og_site_name":"M\u00fasica cl\u00e1sica","article_published_time":"2010-11-08T19:54:00+00:00","author":"Euroresidentes","twitter_card":"summary_large_image","twitter_misc":{"Written by":"Euroresidentes","Est. reading time":"2 minutos"},"schema":{"@context":"https:\/\/schema.org","@graph":[{"@type":"WebPage","@id":"https:\/\/www.euroresidentes.com\/entretenimiento\/musica-clasica\/los-proms-2010\/","url":"https:\/\/www.euroresidentes.com\/entretenimiento\/musica-clasica\/los-proms-2010\/","name":"Los Proms 2010 - M\u00fasica cl\u00e1sica","isPartOf":{"@id":"https:\/\/www.euroresidentes.com\/entretenimiento\/musica-clasica\/#website"},"datePublished":"2010-11-08T19:54:00+00:00","dateModified":"2010-11-08T19:54:00+00:00","author":{"@id":"https:\/\/www.euroresidentes.com\/entretenimiento\/musica-clasica\/#\/schema\/person\/e41441f91af6208631ba0be4ea9c5f01"},"breadcrumb":{"@id":"https:\/\/www.euroresidentes.com\/entretenimiento\/musica-clasica\/los-proms-2010\/#breadcrumb"},"inLanguage":"es","potentialAction":[{"@type":"ReadAction","target":["https:\/\/www.euroresidentes.com\/entretenimiento\/musica-clasica\/los-proms-2010\/"]}]},{"@type":"BreadcrumbList","@id":"https:\/\/www.euroresidentes.com\/entretenimiento\/musica-clasica\/los-proms-2010\/#breadcrumb","itemListElement":[{"@type":"ListItem","position":1,"name":"Portada","item":"https:\/\/www.euroresidentes.com\/entretenimiento\/musica-clasica\/"},{"@type":"ListItem","position":2,"name":"Los Proms 2010"}]},{"@type":"WebSite","@id":"https:\/\/www.euroresidentes.com\/entretenimiento\/musica-clasica\/#website","url":"https:\/\/www.euroresidentes.com\/entretenimiento\/musica-clasica\/","name":"M\u00fasica cl\u00e1sica","description":"Euroresidentes","potentialAction":[{"@type":"SearchAction","target":{"@type":"EntryPoint","urlTemplate":"https:\/\/www.euroresidentes.com\/entretenimiento\/musica-clasica\/?s={search_term_string}"},"query-input":{"@type":"PropertyValueSpecification","valueRequired":true,"valueName":"search_term_string"}}],"inLanguage":"es"},{"@type":"Person","@id":"https:\/\/www.euroresidentes.com\/entretenimiento\/musica-clasica\/#\/schema\/person\/e41441f91af6208631ba0be4ea9c5f01","name":"Euroresidentes","image":{"@type":"ImageObject","inLanguage":"es","@id":"https:\/\/www.euroresidentes.com\/entretenimiento\/musica-clasica\/#\/schema\/person\/image\/","url":"https:\/\/www.euroresidentes.com\/entretenimiento\/musica-clasica\/wp-content\/uploads\/sites\/20\/2016\/09\/logo-euroresidentes-150x150.jpg","contentUrl":"https:\/\/www.euroresidentes.com\/entretenimiento\/musica-clasica\/wp-content\/uploads\/sites\/20\/2016\/09\/logo-euroresidentes-150x150.jpg","caption":"Euroresidentes"},"description":"Euroresidentes","sameAs":["https:\/\/www.euroresidentes.com\/info.htm"],"url":"https:\/\/www.euroresidentes.com\/entretenimiento\/musica-clasica\/author\/euroresidentes\/"}]}},"_links":{"self":[{"href":"https:\/\/www.euroresidentes.com\/entretenimiento\/musica-clasica\/wp-json\/wp\/v2\/posts\/32","targetHints":{"allow":["GET"]}}],"collection":[{"href":"https:\/\/www.euroresidentes.com\/entretenimiento\/musica-clasica\/wp-json\/wp\/v2\/posts"}],"about":[{"href":"https:\/\/www.euroresidentes.com\/entretenimiento\/musica-clasica\/wp-json\/wp\/v2\/types\/post"}],"author":[{"embeddable":true,"href":"https:\/\/www.euroresidentes.com\/entretenimiento\/musica-clasica\/wp-json\/wp\/v2\/users\/1"}],"replies":[{"embeddable":true,"href":"https:\/\/www.euroresidentes.com\/entretenimiento\/musica-clasica\/wp-json\/wp\/v2\/comments?post=32"}],"version-history":[{"count":0,"href":"https:\/\/www.euroresidentes.com\/entretenimiento\/musica-clasica\/wp-json\/wp\/v2\/posts\/32\/revisions"}],"wp:attachment":[{"href":"https:\/\/www.euroresidentes.com\/entretenimiento\/musica-clasica\/wp-json\/wp\/v2\/media?parent=32"}],"wp:term":[{"taxonomy":"category","embeddable":true,"href":"https:\/\/www.euroresidentes.com\/entretenimiento\/musica-clasica\/wp-json\/wp\/v2\/categories?post=32"},{"taxonomy":"post_tag","embeddable":true,"href":"https:\/\/www.euroresidentes.com\/entretenimiento\/musica-clasica\/wp-json\/wp\/v2\/tags?post=32"}],"curies":[{"name":"wp","href":"https:\/\/api.w.org\/{rel}","templated":true}]}}