{"id":169,"date":"2005-09-05T13:55:00","date_gmt":"2005-09-05T13:55:00","guid":{"rendered":"https:\/\/www.euroresidentes.com\/entretenimiento\/musica-clasica\/2005\/09\/la-guitarra-espanola.html"},"modified":"2005-09-05T13:55:00","modified_gmt":"2005-09-05T13:55:00","slug":"la-guitarra-espanola","status":"publish","type":"post","link":"https:\/\/www.euroresidentes.com\/entretenimiento\/musica-clasica\/la-guitarra-espanola\/","title":{"rendered":"La guitarra espa\u00f1ola"},"content":{"rendered":"<p>Yo vivo en una ciudad en el Reino Unido que ha sido declarado Patrimonio de la Humanidad por UNESCO. La ciudad organiza constantemente festivales de un tipo u otro, tal vez porque recibe un flujo constante de visitantes y tal vez porque las autoridades perciben que deben ofrecerles constantemente nuevos motivos por venir. Nuestro Festival Internacional de la M\u00fasica es el festival de mayor prestigio, pero tambi\u00e9n hay un Festival de Bach, un Festival de Mozart, un Festival de la Alimentaci\u00f3n y ahora, mientras escribo estas l\u00edneas, un Festival Internacional de la Guitarra. Entre los que act\u00faan en el festival se encuentra el brillante guitarrista ac\u00fastica ingl\u00e9s, Martin Taylor, al quien he podido ver en concierto. <\/p>\n<p>Espa\u00f1a invent\u00f3 la guitarra. Tanto es as\u00ed, que los t\u00e9rminos \u00abguitarra cl\u00e1sica\u00bb y \u00abguitarra espa\u00f1ola\u00bb se han hecho inseparables e intercambiables entre s\u00ed. Los primeros instrumentos se datan desde el siglo XIV y pertenecen a una gran familia de \u00abcordofonos\u00bb; instrumentos que producen sonido a trav\u00e9s de la vibraci\u00f3n de unas cuerdas con los dedos. <\/p>\n<p>La primera guitarra ten\u00eda dos pares dobles de cuerdas y una sola cuerda (alta) y para la gente de clase media-baja representaba una alternativa a la \u00abVihuela\u00bb que se tocaba con arco o pluma. Hacia la mitad del siglo XVIII, se a\u00f1adi\u00f3 una sexta cuerda, y en el siglo XIX las clavijas de madera se cambiaron por una cabeza. M\u00e1s tarde todav\u00eda, se sustituyeron las cuerdas de tripa por las cuerdas de nylon. <\/p>\n<p>Fue Fernando Sor (1778-1839) quien le empuj\u00f3 a la guitarra hacia su puesto de importancia musical. Sor era m\u00fasico y compositor de muchas piezas musicales, la mayor\u00eda para una o dos guitarras. Cuando parti\u00f3 de Paris, despu\u00e9s de una estancia breve, para asentarse en Londres, escribi\u00f3 su obra extens\u00edssima \u00abVariaciones\u00bb basada en un tema de Mozart, que se convirti\u00f3 en una obra est\u00e1ndar para la guitarra. <\/p>\n<p>Despu\u00e9s otros m\u00fasicos (sobre todo Segovia quien edit\u00f3 gran parte de la obra de Fernando Sor), trabajar\u00edan sobre la base de su obra, y mas adelante, como ya hemos visto, otros compositores del Siglo XX (eg <a href=\"http:\/\/www.euroresidentes.com\/Blogs\/musica_clasica\/2005\/08\/el-maestro-joaquin-rodrigo.html\">el Maestro Rodrigo<\/a>) trabajar\u00edan para extender enormemente el repertorio y la reputaci\u00f3n de la guitarra. <\/p>\n<p>B.R.<\/p>\n","protected":false},"excerpt":{"rendered":"<p>Yo vivo en una ciudad en el Reino Unido que ha sido declarado Patrimonio de la Humanidad por UNESCO. La ciudad organiza constantemente festivales de un tipo u otro, tal vez porque recibe un flujo constante de visitantes y tal vez porque las autoridades perciben que deben ofrecerles constantemente nuevos motivos por venir. Nuestro Festival Internacional de la M\u00fasica es el festival de mayor prestigio, pero tambi\u00e9n hay un Festival de Bach, un Festival de Mozart, un Festival de la Alimentaci\u00f3n y ahora, mientras escribo estas l\u00edneas, un Festival Internacional de la Guitarra. Entre los que act\u00faan en el festival <\/p>\n","protected":false},"author":1,"featured_media":0,"comment_status":"open","ping_status":"open","sticky":false,"template":"","format":"standard","meta":{"footnotes":""},"categories":[1],"tags":[],"class_list":["post-169","post","type-post","status-publish","format-standard","hentry","category-sin-categoria"],"yoast_head":"<!-- This site is optimized with the Yoast SEO plugin v24.1 - https:\/\/yoast.com\/wordpress\/plugins\/seo\/ -->\n<title>La guitarra espa\u00f1ola - M\u00fasica cl\u00e1sica<\/title>\n<meta name=\"robots\" content=\"index, follow, max-snippet:-1, max-image-preview:large, max-video-preview:-1\" \/>\n<link rel=\"canonical\" href=\"https:\/\/www.euroresidentes.com\/entretenimiento\/musica-clasica\/la-guitarra-espanola\/\" \/>\n<meta property=\"og:locale\" content=\"es_ES\" \/>\n<meta property=\"og:type\" content=\"article\" \/>\n<meta property=\"og:title\" content=\"La guitarra espa\u00f1ola - M\u00fasica cl\u00e1sica\" \/>\n<meta property=\"og:description\" content=\"Yo vivo en una ciudad en el Reino Unido que ha sido declarado Patrimonio de la Humanidad por UNESCO. La ciudad organiza constantemente festivales de un tipo u otro, tal vez porque recibe un flujo constante de visitantes y tal vez porque las autoridades perciben que deben ofrecerles constantemente nuevos motivos por venir. Nuestro Festival Internacional de la M\u00fasica es el festival de mayor prestigio, pero tambi\u00e9n hay un Festival de Bach, un Festival de Mozart, un Festival de la Alimentaci\u00f3n y ahora, mientras escribo estas l\u00edneas, un Festival Internacional de la Guitarra. Entre los que act\u00faan en el festival\" \/>\n<meta property=\"og:url\" content=\"https:\/\/www.euroresidentes.com\/entretenimiento\/musica-clasica\/la-guitarra-espanola\/\" \/>\n<meta property=\"og:site_name\" content=\"M\u00fasica cl\u00e1sica\" \/>\n<meta property=\"article:published_time\" content=\"2005-09-05T13:55:00+00:00\" \/>\n<meta name=\"author\" content=\"Euroresidentes\" \/>\n<meta name=\"twitter:card\" content=\"summary_large_image\" \/>\n<meta name=\"twitter:label1\" content=\"Written by\" \/>\n\t<meta name=\"twitter:data1\" content=\"Euroresidentes\" \/>\n\t<meta name=\"twitter:label2\" content=\"Est. reading time\" \/>\n\t<meta name=\"twitter:data2\" content=\"2 minutos\" \/>\n<script type=\"application\/ld+json\" class=\"yoast-schema-graph\">{\"@context\":\"https:\/\/schema.org\",\"@graph\":[{\"@type\":\"WebPage\",\"@id\":\"https:\/\/www.euroresidentes.com\/entretenimiento\/musica-clasica\/la-guitarra-espanola\/\",\"url\":\"https:\/\/www.euroresidentes.com\/entretenimiento\/musica-clasica\/la-guitarra-espanola\/\",\"name\":\"La guitarra espa\u00f1ola - M\u00fasica cl\u00e1sica\",\"isPartOf\":{\"@id\":\"https:\/\/www.euroresidentes.com\/entretenimiento\/musica-clasica\/#website\"},\"datePublished\":\"2005-09-05T13:55:00+00:00\",\"dateModified\":\"2005-09-05T13:55:00+00:00\",\"author\":{\"@id\":\"https:\/\/www.euroresidentes.com\/entretenimiento\/musica-clasica\/#\/schema\/person\/e41441f91af6208631ba0be4ea9c5f01\"},\"breadcrumb\":{\"@id\":\"https:\/\/www.euroresidentes.com\/entretenimiento\/musica-clasica\/la-guitarra-espanola\/#breadcrumb\"},\"inLanguage\":\"es\",\"potentialAction\":[{\"@type\":\"ReadAction\",\"target\":[\"https:\/\/www.euroresidentes.com\/entretenimiento\/musica-clasica\/la-guitarra-espanola\/\"]}]},{\"@type\":\"BreadcrumbList\",\"@id\":\"https:\/\/www.euroresidentes.com\/entretenimiento\/musica-clasica\/la-guitarra-espanola\/#breadcrumb\",\"itemListElement\":[{\"@type\":\"ListItem\",\"position\":1,\"name\":\"Portada\",\"item\":\"https:\/\/www.euroresidentes.com\/entretenimiento\/musica-clasica\/\"},{\"@type\":\"ListItem\",\"position\":2,\"name\":\"La guitarra espa\u00f1ola\"}]},{\"@type\":\"WebSite\",\"@id\":\"https:\/\/www.euroresidentes.com\/entretenimiento\/musica-clasica\/#website\",\"url\":\"https:\/\/www.euroresidentes.com\/entretenimiento\/musica-clasica\/\",\"name\":\"M\u00fasica cl\u00e1sica\",\"description\":\"Euroresidentes\",\"potentialAction\":[{\"@type\":\"SearchAction\",\"target\":{\"@type\":\"EntryPoint\",\"urlTemplate\":\"https:\/\/www.euroresidentes.com\/entretenimiento\/musica-clasica\/?s={search_term_string}\"},\"query-input\":{\"@type\":\"PropertyValueSpecification\",\"valueRequired\":true,\"valueName\":\"search_term_string\"}}],\"inLanguage\":\"es\"},{\"@type\":\"Person\",\"@id\":\"https:\/\/www.euroresidentes.com\/entretenimiento\/musica-clasica\/#\/schema\/person\/e41441f91af6208631ba0be4ea9c5f01\",\"name\":\"Euroresidentes\",\"image\":{\"@type\":\"ImageObject\",\"inLanguage\":\"es\",\"@id\":\"https:\/\/www.euroresidentes.com\/entretenimiento\/musica-clasica\/#\/schema\/person\/image\/\",\"url\":\"https:\/\/www.euroresidentes.com\/entretenimiento\/musica-clasica\/wp-content\/uploads\/sites\/20\/2016\/09\/logo-euroresidentes-150x150.jpg\",\"contentUrl\":\"https:\/\/www.euroresidentes.com\/entretenimiento\/musica-clasica\/wp-content\/uploads\/sites\/20\/2016\/09\/logo-euroresidentes-150x150.jpg\",\"caption\":\"Euroresidentes\"},\"description\":\"Euroresidentes\",\"sameAs\":[\"https:\/\/www.euroresidentes.com\/info.htm\"],\"url\":\"https:\/\/www.euroresidentes.com\/entretenimiento\/musica-clasica\/author\/euroresidentes\/\"}]}<\/script>\n<!-- \/ Yoast SEO plugin. -->","yoast_head_json":{"title":"La guitarra espa\u00f1ola - M\u00fasica cl\u00e1sica","robots":{"index":"index","follow":"follow","max-snippet":"max-snippet:-1","max-image-preview":"max-image-preview:large","max-video-preview":"max-video-preview:-1"},"canonical":"https:\/\/www.euroresidentes.com\/entretenimiento\/musica-clasica\/la-guitarra-espanola\/","og_locale":"es_ES","og_type":"article","og_title":"La guitarra espa\u00f1ola - M\u00fasica cl\u00e1sica","og_description":"Yo vivo en una ciudad en el Reino Unido que ha sido declarado Patrimonio de la Humanidad por UNESCO. La ciudad organiza constantemente festivales de un tipo u otro, tal vez porque recibe un flujo constante de visitantes y tal vez porque las autoridades perciben que deben ofrecerles constantemente nuevos motivos por venir. Nuestro Festival Internacional de la M\u00fasica es el festival de mayor prestigio, pero tambi\u00e9n hay un Festival de Bach, un Festival de Mozart, un Festival de la Alimentaci\u00f3n y ahora, mientras escribo estas l\u00edneas, un Festival Internacional de la Guitarra. Entre los que act\u00faan en el festival","og_url":"https:\/\/www.euroresidentes.com\/entretenimiento\/musica-clasica\/la-guitarra-espanola\/","og_site_name":"M\u00fasica cl\u00e1sica","article_published_time":"2005-09-05T13:55:00+00:00","author":"Euroresidentes","twitter_card":"summary_large_image","twitter_misc":{"Written by":"Euroresidentes","Est. reading time":"2 minutos"},"schema":{"@context":"https:\/\/schema.org","@graph":[{"@type":"WebPage","@id":"https:\/\/www.euroresidentes.com\/entretenimiento\/musica-clasica\/la-guitarra-espanola\/","url":"https:\/\/www.euroresidentes.com\/entretenimiento\/musica-clasica\/la-guitarra-espanola\/","name":"La guitarra espa\u00f1ola - M\u00fasica cl\u00e1sica","isPartOf":{"@id":"https:\/\/www.euroresidentes.com\/entretenimiento\/musica-clasica\/#website"},"datePublished":"2005-09-05T13:55:00+00:00","dateModified":"2005-09-05T13:55:00+00:00","author":{"@id":"https:\/\/www.euroresidentes.com\/entretenimiento\/musica-clasica\/#\/schema\/person\/e41441f91af6208631ba0be4ea9c5f01"},"breadcrumb":{"@id":"https:\/\/www.euroresidentes.com\/entretenimiento\/musica-clasica\/la-guitarra-espanola\/#breadcrumb"},"inLanguage":"es","potentialAction":[{"@type":"ReadAction","target":["https:\/\/www.euroresidentes.com\/entretenimiento\/musica-clasica\/la-guitarra-espanola\/"]}]},{"@type":"BreadcrumbList","@id":"https:\/\/www.euroresidentes.com\/entretenimiento\/musica-clasica\/la-guitarra-espanola\/#breadcrumb","itemListElement":[{"@type":"ListItem","position":1,"name":"Portada","item":"https:\/\/www.euroresidentes.com\/entretenimiento\/musica-clasica\/"},{"@type":"ListItem","position":2,"name":"La guitarra espa\u00f1ola"}]},{"@type":"WebSite","@id":"https:\/\/www.euroresidentes.com\/entretenimiento\/musica-clasica\/#website","url":"https:\/\/www.euroresidentes.com\/entretenimiento\/musica-clasica\/","name":"M\u00fasica cl\u00e1sica","description":"Euroresidentes","potentialAction":[{"@type":"SearchAction","target":{"@type":"EntryPoint","urlTemplate":"https:\/\/www.euroresidentes.com\/entretenimiento\/musica-clasica\/?s={search_term_string}"},"query-input":{"@type":"PropertyValueSpecification","valueRequired":true,"valueName":"search_term_string"}}],"inLanguage":"es"},{"@type":"Person","@id":"https:\/\/www.euroresidentes.com\/entretenimiento\/musica-clasica\/#\/schema\/person\/e41441f91af6208631ba0be4ea9c5f01","name":"Euroresidentes","image":{"@type":"ImageObject","inLanguage":"es","@id":"https:\/\/www.euroresidentes.com\/entretenimiento\/musica-clasica\/#\/schema\/person\/image\/","url":"https:\/\/www.euroresidentes.com\/entretenimiento\/musica-clasica\/wp-content\/uploads\/sites\/20\/2016\/09\/logo-euroresidentes-150x150.jpg","contentUrl":"https:\/\/www.euroresidentes.com\/entretenimiento\/musica-clasica\/wp-content\/uploads\/sites\/20\/2016\/09\/logo-euroresidentes-150x150.jpg","caption":"Euroresidentes"},"description":"Euroresidentes","sameAs":["https:\/\/www.euroresidentes.com\/info.htm"],"url":"https:\/\/www.euroresidentes.com\/entretenimiento\/musica-clasica\/author\/euroresidentes\/"}]}},"_links":{"self":[{"href":"https:\/\/www.euroresidentes.com\/entretenimiento\/musica-clasica\/wp-json\/wp\/v2\/posts\/169","targetHints":{"allow":["GET"]}}],"collection":[{"href":"https:\/\/www.euroresidentes.com\/entretenimiento\/musica-clasica\/wp-json\/wp\/v2\/posts"}],"about":[{"href":"https:\/\/www.euroresidentes.com\/entretenimiento\/musica-clasica\/wp-json\/wp\/v2\/types\/post"}],"author":[{"embeddable":true,"href":"https:\/\/www.euroresidentes.com\/entretenimiento\/musica-clasica\/wp-json\/wp\/v2\/users\/1"}],"replies":[{"embeddable":true,"href":"https:\/\/www.euroresidentes.com\/entretenimiento\/musica-clasica\/wp-json\/wp\/v2\/comments?post=169"}],"version-history":[{"count":0,"href":"https:\/\/www.euroresidentes.com\/entretenimiento\/musica-clasica\/wp-json\/wp\/v2\/posts\/169\/revisions"}],"wp:attachment":[{"href":"https:\/\/www.euroresidentes.com\/entretenimiento\/musica-clasica\/wp-json\/wp\/v2\/media?parent=169"}],"wp:term":[{"taxonomy":"category","embeddable":true,"href":"https:\/\/www.euroresidentes.com\/entretenimiento\/musica-clasica\/wp-json\/wp\/v2\/categories?post=169"},{"taxonomy":"post_tag","embeddable":true,"href":"https:\/\/www.euroresidentes.com\/entretenimiento\/musica-clasica\/wp-json\/wp\/v2\/tags?post=169"}],"curies":[{"name":"wp","href":"https:\/\/api.w.org\/{rel}","templated":true}]}}