{"id":162,"date":"2005-10-10T11:25:00","date_gmt":"2005-10-10T11:25:00","guid":{"rendered":"https:\/\/www.euroresidentes.com\/entretenimiento\/musica-clasica\/2005\/10\/la-relacion-entre-la-musica-clasica-espanola-y-francesa.html"},"modified":"2005-10-10T11:25:00","modified_gmt":"2005-10-10T11:25:00","slug":"la-relacion-entre-la-musica-clasica-espanola-y-francesa","status":"publish","type":"post","link":"https:\/\/www.euroresidentes.com\/entretenimiento\/musica-clasica\/la-relacion-entre-la-musica-clasica-espanola-y-francesa\/","title":{"rendered":"La relaci\u00f3n entre la m\u00fasica cl\u00e1sica espa\u00f1ola y francesa"},"content":{"rendered":"<p>Varias veces en estos art\u00edculos hemos encontrado compositores espa\u00f1oles que estudiaron en Paris y fueron influidos por compositores franceses de su \u00e9poca. Tal es el caso de <a href=\"http:\/\/www.euroresidentes.com\/Blogs\/musica_clasica\/2005\/08\/isaac-albeniz.html\">Albeniz<\/a>, alumno y amigo de <a href=\"http:\/\/www.euroresidentes.com\/Blogs\/musica_clasica\/2005\/08\/influencia-francesa-en-la-msica.html\">Chausson<\/a>. <a href=\"http:\/\/www.euroresidentes.com\/Blogs\/musica_clasica\/2005\/08\/joaqun-rodrigo.html\">Joaquin Rodrigo<\/a> fue alumno de Dukas, mientras que <a href=\"http:\/\/www.euroresidentes.com\/Blogs\/musica_clasica\/2005\/08\/joaquin-turina.html\">Joaquin Turina<\/a> estudi\u00f3 con d&#8217;Indy y fue amigo de Debussy (1862-1918) y Ravel (1875-1937). <\/p>\n<p>Pero no se debe pensar que fuese un caso de tr\u00e1fico en un sentido \u00fanico. La forma y los ritmos tan caracter\u00edsticos de la m\u00fasica espa\u00f1ola influyeron a los compositores franceses ya citados, con la posible excepci\u00f3n de d&#8217;Indy, aunque la obra orquestal tan v\u00edvida de este compositor est\u00e1 marcada por una vena de melod\u00eda algo folcl\u00f3rica a la que tal vez contribuy\u00f3 los intereses de Turina por la m\u00fasica ind\u00edgena de Andaluc\u00eda. Por otra parte, <a href=\"http:\/\/www.euroresidentes.com\/Blogs\/musica_clasica\/2005\/09\/pablo-de-sarasate.html\">Pablo De Sarasate<\/a> sin duda inspir\u00f3 a algunas obras de Lalo (1823-1892), notablemente su Symphonie Espagnole para viol\u00edn y orquesta. Adem\u00e1s, Lalo ten\u00eda familia espa\u00f1ola. <\/p>\n<p>En los siglos XIX Y XX la vida art\u00edstica de Paris se convirti\u00f3 en la comadrona de compositores de muchos pa\u00edses. A Debussy le intrig\u00f3 durante muchos a\u00f1os la m\u00fasica de Wagner, y durante un verano toc\u00f3 piano con la patrona de Tchaikovsky, Mme von Meck. Conoc\u00eda a Liszt y Verdia, y fue influ\u00eddo por Javanese, pero al final se refiri\u00f3 a si mismo como un \u2018musicien francais\u2019. Tengo una grabaci\u00f3n de toda su m\u00fasica para piano y en estas piezas encuentro un v\u00ednculo fuerte con la m\u00fasica espa\u00f1ola de su \u00e9poca, sobre todo en Iberia de Albeniz que el mismo llam\u00f3 \u00abimpresiones\u00bb, una palabra tambi\u00e9n favorita del propio Debussy. La pieza \u2018Soirees dans Granada\u2019 <br \/>tiene una conexi\u00f3n obvia con Espa\u00f1a. <\/p>\n<p>Georges Bizet escribi\u00f3 diversas obras de \u00f3pera, algunas de las cuales no termin\u00f3 nunca. Fue un compositor frustrado e incluso la primera producci\u00f3n de su \u00f3pera m\u00e1s famosa, <em>Carmen<\/em>, no fue bien recibido y solo adquiri\u00f3 la aprobaci\u00f3n internacional del p\u00fablico cuando Bizet ya estaba muerto. Carmen est\u00e1 ambientado obviamente en Espa\u00f1a, y es tan evocativa como uno pueda desear de este pa\u00eds con muchos ritmos de baile t\u00edpicamente espa\u00f1oles. Se dice que Bizet bas\u00f3 su famoso <em>Habanera <\/em>en una canci\u00f3n folcl\u00f3rica espa\u00f1ola. En realidad hab\u00eda sido escrito por Sebastian Iradier (1809-1865), compositor y profesor de canto del Conservatorio de Madrid.<\/p>\n","protected":false},"excerpt":{"rendered":"<p>Varias veces en estos art\u00edculos hemos encontrado compositores espa\u00f1oles que estudiaron en Paris y fueron influidos por compositores franceses de su \u00e9poca. Tal es el caso de Albeniz, alumno y amigo de Chausson. Joaquin Rodrigo fue alumno de Dukas, mientras que Joaquin Turina estudi\u00f3 con d&#8217;Indy y fue amigo de Debussy (1862-1918) y Ravel (1875-1937). Pero no se debe pensar que fuese un caso de tr\u00e1fico en un sentido \u00fanico. La forma y los ritmos tan caracter\u00edsticos de la m\u00fasica espa\u00f1ola influyeron a los compositores franceses ya citados, con la posible excepci\u00f3n de d&#8217;Indy, aunque la obra orquestal tan v\u00edvida <\/p>\n","protected":false},"author":1,"featured_media":0,"comment_status":"open","ping_status":"open","sticky":false,"template":"","format":"standard","meta":{"footnotes":""},"categories":[1],"tags":[],"class_list":["post-162","post","type-post","status-publish","format-standard","hentry","category-sin-categoria"],"yoast_head":"<!-- This site is optimized with the Yoast SEO plugin v24.1 - https:\/\/yoast.com\/wordpress\/plugins\/seo\/ -->\n<title>La relaci\u00f3n entre la m\u00fasica cl\u00e1sica espa\u00f1ola y francesa - M\u00fasica cl\u00e1sica<\/title>\n<meta name=\"robots\" content=\"index, follow, max-snippet:-1, max-image-preview:large, max-video-preview:-1\" \/>\n<link rel=\"canonical\" href=\"https:\/\/www.euroresidentes.com\/entretenimiento\/musica-clasica\/la-relacion-entre-la-musica-clasica-espanola-y-francesa\/\" \/>\n<meta property=\"og:locale\" content=\"es_ES\" \/>\n<meta property=\"og:type\" content=\"article\" \/>\n<meta property=\"og:title\" content=\"La relaci\u00f3n entre la m\u00fasica cl\u00e1sica espa\u00f1ola y francesa - M\u00fasica cl\u00e1sica\" \/>\n<meta property=\"og:description\" content=\"Varias veces en estos art\u00edculos hemos encontrado compositores espa\u00f1oles que estudiaron en Paris y fueron influidos por compositores franceses de su \u00e9poca. Tal es el caso de Albeniz, alumno y amigo de Chausson. Joaquin Rodrigo fue alumno de Dukas, mientras que Joaquin Turina estudi\u00f3 con d&#8217;Indy y fue amigo de Debussy (1862-1918) y Ravel (1875-1937). Pero no se debe pensar que fuese un caso de tr\u00e1fico en un sentido \u00fanico. La forma y los ritmos tan caracter\u00edsticos de la m\u00fasica espa\u00f1ola influyeron a los compositores franceses ya citados, con la posible excepci\u00f3n de d&#8217;Indy, aunque la obra orquestal tan v\u00edvida\" \/>\n<meta property=\"og:url\" content=\"https:\/\/www.euroresidentes.com\/entretenimiento\/musica-clasica\/la-relacion-entre-la-musica-clasica-espanola-y-francesa\/\" \/>\n<meta property=\"og:site_name\" content=\"M\u00fasica cl\u00e1sica\" \/>\n<meta property=\"article:published_time\" content=\"2005-10-10T11:25:00+00:00\" \/>\n<meta name=\"author\" content=\"Euroresidentes\" \/>\n<meta name=\"twitter:card\" content=\"summary_large_image\" \/>\n<meta name=\"twitter:label1\" content=\"Written by\" \/>\n\t<meta name=\"twitter:data1\" content=\"Euroresidentes\" \/>\n\t<meta name=\"twitter:label2\" content=\"Est. reading time\" \/>\n\t<meta name=\"twitter:data2\" content=\"2 minutos\" \/>\n<script type=\"application\/ld+json\" class=\"yoast-schema-graph\">{\"@context\":\"https:\/\/schema.org\",\"@graph\":[{\"@type\":\"WebPage\",\"@id\":\"https:\/\/www.euroresidentes.com\/entretenimiento\/musica-clasica\/la-relacion-entre-la-musica-clasica-espanola-y-francesa\/\",\"url\":\"https:\/\/www.euroresidentes.com\/entretenimiento\/musica-clasica\/la-relacion-entre-la-musica-clasica-espanola-y-francesa\/\",\"name\":\"La relaci\u00f3n entre la m\u00fasica cl\u00e1sica espa\u00f1ola y francesa - M\u00fasica cl\u00e1sica\",\"isPartOf\":{\"@id\":\"https:\/\/www.euroresidentes.com\/entretenimiento\/musica-clasica\/#website\"},\"datePublished\":\"2005-10-10T11:25:00+00:00\",\"dateModified\":\"2005-10-10T11:25:00+00:00\",\"author\":{\"@id\":\"https:\/\/www.euroresidentes.com\/entretenimiento\/musica-clasica\/#\/schema\/person\/e41441f91af6208631ba0be4ea9c5f01\"},\"breadcrumb\":{\"@id\":\"https:\/\/www.euroresidentes.com\/entretenimiento\/musica-clasica\/la-relacion-entre-la-musica-clasica-espanola-y-francesa\/#breadcrumb\"},\"inLanguage\":\"es\",\"potentialAction\":[{\"@type\":\"ReadAction\",\"target\":[\"https:\/\/www.euroresidentes.com\/entretenimiento\/musica-clasica\/la-relacion-entre-la-musica-clasica-espanola-y-francesa\/\"]}]},{\"@type\":\"BreadcrumbList\",\"@id\":\"https:\/\/www.euroresidentes.com\/entretenimiento\/musica-clasica\/la-relacion-entre-la-musica-clasica-espanola-y-francesa\/#breadcrumb\",\"itemListElement\":[{\"@type\":\"ListItem\",\"position\":1,\"name\":\"Portada\",\"item\":\"https:\/\/www.euroresidentes.com\/entretenimiento\/musica-clasica\/\"},{\"@type\":\"ListItem\",\"position\":2,\"name\":\"La relaci\u00f3n entre la m\u00fasica cl\u00e1sica espa\u00f1ola y francesa\"}]},{\"@type\":\"WebSite\",\"@id\":\"https:\/\/www.euroresidentes.com\/entretenimiento\/musica-clasica\/#website\",\"url\":\"https:\/\/www.euroresidentes.com\/entretenimiento\/musica-clasica\/\",\"name\":\"M\u00fasica cl\u00e1sica\",\"description\":\"Euroresidentes\",\"potentialAction\":[{\"@type\":\"SearchAction\",\"target\":{\"@type\":\"EntryPoint\",\"urlTemplate\":\"https:\/\/www.euroresidentes.com\/entretenimiento\/musica-clasica\/?s={search_term_string}\"},\"query-input\":{\"@type\":\"PropertyValueSpecification\",\"valueRequired\":true,\"valueName\":\"search_term_string\"}}],\"inLanguage\":\"es\"},{\"@type\":\"Person\",\"@id\":\"https:\/\/www.euroresidentes.com\/entretenimiento\/musica-clasica\/#\/schema\/person\/e41441f91af6208631ba0be4ea9c5f01\",\"name\":\"Euroresidentes\",\"image\":{\"@type\":\"ImageObject\",\"inLanguage\":\"es\",\"@id\":\"https:\/\/www.euroresidentes.com\/entretenimiento\/musica-clasica\/#\/schema\/person\/image\/\",\"url\":\"https:\/\/www.euroresidentes.com\/entretenimiento\/musica-clasica\/wp-content\/uploads\/sites\/20\/2016\/09\/logo-euroresidentes-150x150.jpg\",\"contentUrl\":\"https:\/\/www.euroresidentes.com\/entretenimiento\/musica-clasica\/wp-content\/uploads\/sites\/20\/2016\/09\/logo-euroresidentes-150x150.jpg\",\"caption\":\"Euroresidentes\"},\"description\":\"Euroresidentes\",\"sameAs\":[\"https:\/\/www.euroresidentes.com\/info.htm\"],\"url\":\"https:\/\/www.euroresidentes.com\/entretenimiento\/musica-clasica\/author\/euroresidentes\/\"}]}<\/script>\n<!-- \/ Yoast SEO plugin. -->","yoast_head_json":{"title":"La relaci\u00f3n entre la m\u00fasica cl\u00e1sica espa\u00f1ola y francesa - M\u00fasica cl\u00e1sica","robots":{"index":"index","follow":"follow","max-snippet":"max-snippet:-1","max-image-preview":"max-image-preview:large","max-video-preview":"max-video-preview:-1"},"canonical":"https:\/\/www.euroresidentes.com\/entretenimiento\/musica-clasica\/la-relacion-entre-la-musica-clasica-espanola-y-francesa\/","og_locale":"es_ES","og_type":"article","og_title":"La relaci\u00f3n entre la m\u00fasica cl\u00e1sica espa\u00f1ola y francesa - M\u00fasica cl\u00e1sica","og_description":"Varias veces en estos art\u00edculos hemos encontrado compositores espa\u00f1oles que estudiaron en Paris y fueron influidos por compositores franceses de su \u00e9poca. Tal es el caso de Albeniz, alumno y amigo de Chausson. Joaquin Rodrigo fue alumno de Dukas, mientras que Joaquin Turina estudi\u00f3 con d&#8217;Indy y fue amigo de Debussy (1862-1918) y Ravel (1875-1937). Pero no se debe pensar que fuese un caso de tr\u00e1fico en un sentido \u00fanico. La forma y los ritmos tan caracter\u00edsticos de la m\u00fasica espa\u00f1ola influyeron a los compositores franceses ya citados, con la posible excepci\u00f3n de d&#8217;Indy, aunque la obra orquestal tan v\u00edvida","og_url":"https:\/\/www.euroresidentes.com\/entretenimiento\/musica-clasica\/la-relacion-entre-la-musica-clasica-espanola-y-francesa\/","og_site_name":"M\u00fasica cl\u00e1sica","article_published_time":"2005-10-10T11:25:00+00:00","author":"Euroresidentes","twitter_card":"summary_large_image","twitter_misc":{"Written by":"Euroresidentes","Est. reading time":"2 minutos"},"schema":{"@context":"https:\/\/schema.org","@graph":[{"@type":"WebPage","@id":"https:\/\/www.euroresidentes.com\/entretenimiento\/musica-clasica\/la-relacion-entre-la-musica-clasica-espanola-y-francesa\/","url":"https:\/\/www.euroresidentes.com\/entretenimiento\/musica-clasica\/la-relacion-entre-la-musica-clasica-espanola-y-francesa\/","name":"La relaci\u00f3n entre la m\u00fasica cl\u00e1sica espa\u00f1ola y francesa - M\u00fasica cl\u00e1sica","isPartOf":{"@id":"https:\/\/www.euroresidentes.com\/entretenimiento\/musica-clasica\/#website"},"datePublished":"2005-10-10T11:25:00+00:00","dateModified":"2005-10-10T11:25:00+00:00","author":{"@id":"https:\/\/www.euroresidentes.com\/entretenimiento\/musica-clasica\/#\/schema\/person\/e41441f91af6208631ba0be4ea9c5f01"},"breadcrumb":{"@id":"https:\/\/www.euroresidentes.com\/entretenimiento\/musica-clasica\/la-relacion-entre-la-musica-clasica-espanola-y-francesa\/#breadcrumb"},"inLanguage":"es","potentialAction":[{"@type":"ReadAction","target":["https:\/\/www.euroresidentes.com\/entretenimiento\/musica-clasica\/la-relacion-entre-la-musica-clasica-espanola-y-francesa\/"]}]},{"@type":"BreadcrumbList","@id":"https:\/\/www.euroresidentes.com\/entretenimiento\/musica-clasica\/la-relacion-entre-la-musica-clasica-espanola-y-francesa\/#breadcrumb","itemListElement":[{"@type":"ListItem","position":1,"name":"Portada","item":"https:\/\/www.euroresidentes.com\/entretenimiento\/musica-clasica\/"},{"@type":"ListItem","position":2,"name":"La relaci\u00f3n entre la m\u00fasica cl\u00e1sica espa\u00f1ola y francesa"}]},{"@type":"WebSite","@id":"https:\/\/www.euroresidentes.com\/entretenimiento\/musica-clasica\/#website","url":"https:\/\/www.euroresidentes.com\/entretenimiento\/musica-clasica\/","name":"M\u00fasica cl\u00e1sica","description":"Euroresidentes","potentialAction":[{"@type":"SearchAction","target":{"@type":"EntryPoint","urlTemplate":"https:\/\/www.euroresidentes.com\/entretenimiento\/musica-clasica\/?s={search_term_string}"},"query-input":{"@type":"PropertyValueSpecification","valueRequired":true,"valueName":"search_term_string"}}],"inLanguage":"es"},{"@type":"Person","@id":"https:\/\/www.euroresidentes.com\/entretenimiento\/musica-clasica\/#\/schema\/person\/e41441f91af6208631ba0be4ea9c5f01","name":"Euroresidentes","image":{"@type":"ImageObject","inLanguage":"es","@id":"https:\/\/www.euroresidentes.com\/entretenimiento\/musica-clasica\/#\/schema\/person\/image\/","url":"https:\/\/www.euroresidentes.com\/entretenimiento\/musica-clasica\/wp-content\/uploads\/sites\/20\/2016\/09\/logo-euroresidentes-150x150.jpg","contentUrl":"https:\/\/www.euroresidentes.com\/entretenimiento\/musica-clasica\/wp-content\/uploads\/sites\/20\/2016\/09\/logo-euroresidentes-150x150.jpg","caption":"Euroresidentes"},"description":"Euroresidentes","sameAs":["https:\/\/www.euroresidentes.com\/info.htm"],"url":"https:\/\/www.euroresidentes.com\/entretenimiento\/musica-clasica\/author\/euroresidentes\/"}]}},"_links":{"self":[{"href":"https:\/\/www.euroresidentes.com\/entretenimiento\/musica-clasica\/wp-json\/wp\/v2\/posts\/162","targetHints":{"allow":["GET"]}}],"collection":[{"href":"https:\/\/www.euroresidentes.com\/entretenimiento\/musica-clasica\/wp-json\/wp\/v2\/posts"}],"about":[{"href":"https:\/\/www.euroresidentes.com\/entretenimiento\/musica-clasica\/wp-json\/wp\/v2\/types\/post"}],"author":[{"embeddable":true,"href":"https:\/\/www.euroresidentes.com\/entretenimiento\/musica-clasica\/wp-json\/wp\/v2\/users\/1"}],"replies":[{"embeddable":true,"href":"https:\/\/www.euroresidentes.com\/entretenimiento\/musica-clasica\/wp-json\/wp\/v2\/comments?post=162"}],"version-history":[{"count":0,"href":"https:\/\/www.euroresidentes.com\/entretenimiento\/musica-clasica\/wp-json\/wp\/v2\/posts\/162\/revisions"}],"wp:attachment":[{"href":"https:\/\/www.euroresidentes.com\/entretenimiento\/musica-clasica\/wp-json\/wp\/v2\/media?parent=162"}],"wp:term":[{"taxonomy":"category","embeddable":true,"href":"https:\/\/www.euroresidentes.com\/entretenimiento\/musica-clasica\/wp-json\/wp\/v2\/categories?post=162"},{"taxonomy":"post_tag","embeddable":true,"href":"https:\/\/www.euroresidentes.com\/entretenimiento\/musica-clasica\/wp-json\/wp\/v2\/tags?post=162"}],"curies":[{"name":"wp","href":"https:\/\/api.w.org\/{rel}","templated":true}]}}